{"id":29797,"date":"2025-05-08T11:58:00","date_gmt":"2025-05-08T17:58:00","guid":{"rendered":"https:\/\/thepueblatimes.mx\/?p=29797"},"modified":"2025-05-08T11:58:00","modified_gmt":"2025-05-08T17:58:00","slug":"la-paz-este-con-ustedes-leon-xiv-inicia-su-pontificado-con-un-llamado-a-la-unidad-y-la-esperanza","status":"publish","type":"post","link":"https:\/\/thepueblatimes.mx\/index.php\/2025\/05\/08\/la-paz-este-con-ustedes-leon-xiv-inicia-su-pontificado-con-un-llamado-a-la-unidad-y-la-esperanza\/","title":{"rendered":"\u00abLa paz est\u00e9 con ustedes\u00bb: Le\u00f3n XIV inicia su pontificado con un llamado a la unidad y la esperanza"},"content":{"rendered":"<p class=\"\" data-start=\"208\" data-end=\"473\">Con un mensaje cargado de espiritualidad y esperanza, el reci\u00e9n elegido Papa Le\u00f3n XIV ofreci\u00f3 sus primeras palabras al mundo desde el balc\u00f3n central de la Bas\u00edlica de San Pedro, marcando el inicio de una nueva etapa para la Iglesia Cat\u00f3lica.<\/p>\n<p class=\"\" data-start=\"475\" data-end=\"901\">El humo blanco que emergi\u00f3 de la chimenea de la Capilla Sixtina, seguido por el repique de campanas que resonaron en todo el mundo cat\u00f3lico, confirm\u00f3 que el c\u00f3nclave ha elegido a su nuevo l\u00edder espiritual: el cardenal Robert Francis Prevost, quien se convierte en el 267\u00ba sucesor de San Pedro. El anuncio fue realizado por el cardenal Protodi\u00e1cono Dominique Mamberti, ante miles de fieles congregados en la Plaza de San Pedro.<\/p>\n<p class=\"\" data-start=\"903\" data-end=\"1190\">Bajo el nombre pontificio de Le\u00f3n XIV, el nuevo Papa se dirigi\u00f3 a los fieles con un tono sereno y fraterno. \u201cLa paz est\u00e9 con todos ustedes, hermanos y hermanas querid\u00edsimos\u201d, comenz\u00f3 diciendo, evocando el saludo de Cristo resucitado y destacando el papel del pastor que gu\u00eda a su reba\u00f1o.<\/p>\n<p class=\"\" data-start=\"1192\" data-end=\"1496\">En un discurso breve pero profundo, el pont\u00edfice centr\u00f3 su mensaje inaugural en la paz y la confianza en el amor divino: \u201cEsta es la paz de Cristo resucitado que viene de Dios, que nos ama a todos\u201d. Con palabras de aliento, a\u00f1adi\u00f3: \u201cEl mal no va a prevalecer\u2026 estamos todos en las manos de Dios, unidos\u201d.<\/p>\n<p class=\"\" data-start=\"1498\" data-end=\"1643\">Le\u00f3n XIV inicia as\u00ed su pontificado con una invitaci\u00f3n clara a la unidad y a la fe compartida, en un momento hist\u00f3rico para la Iglesia y el mundo.<\/p>\n","protected":false},"excerpt":{"rendered":"<p>Con un mensaje cargado de espiritualidad y esperanza, el reci\u00e9n elegido Papa Le\u00f3n XIV ofreci\u00f3 sus primeras palabras al mundo desde el balc\u00f3n central de la Bas\u00edlica de San Pedro, marcando el inicio de una nueva etapa para la Iglesia Cat\u00f3lica. El humo blanco que emergi\u00f3 de la chimenea de la Capilla Sixtina, seguido por&#8230;<\/p>\n","protected":false},"author":16,"featured_media":29798,"comment_status":"closed","ping_status":"closed","sticky":false,"template":"","format":"standard","meta":[],"categories":[6],"tags":[3612,3613,3595,1636,1635],"yoast_head":"<!-- This site is optimized with the Yoast SEO plugin v20.8 - https:\/\/yoast.com\/wordpress\/plugins\/seo\/ -->\n<title>&quot;La paz est\u00e9 con ustedes&quot;: Le\u00f3n XIV inicia su pontificado con un llamado a la unidad y la esperanza - The Puebla Times<\/title>\n<meta name=\"robots\" content=\"index, follow, max-snippet:-1, max-image-preview:large, max-video-preview:-1\" \/>\n<link rel=\"canonical\" href=\"https:\/\/thepueblatimes.mx\/index.php\/2025\/05\/08\/la-paz-este-con-ustedes-leon-xiv-inicia-su-pontificado-con-un-llamado-a-la-unidad-y-la-esperanza\/\" \/>\n<meta property=\"og:locale\" content=\"es_ES\" \/>\n<meta property=\"og:type\" content=\"article\" \/>\n<meta property=\"og:title\" content=\"&quot;La paz est\u00e9 con ustedes&quot;: Le\u00f3n XIV inicia su pontificado con un llamado a la unidad y la esperanza - The Puebla Times\" \/>\n<meta property=\"og:description\" content=\"Con un mensaje cargado de espiritualidad y esperanza, el reci\u00e9n elegido Papa Le\u00f3n XIV ofreci\u00f3 sus primeras palabras al mundo desde el balc\u00f3n central de la Bas\u00edlica de San Pedro, marcando el inicio de una nueva etapa para la Iglesia Cat\u00f3lica. El humo blanco que emergi\u00f3 de la chimenea de la Capilla Sixtina, seguido por...\" \/>\n<meta property=\"og:url\" content=\"https:\/\/thepueblatimes.mx\/index.php\/2025\/05\/08\/la-paz-este-con-ustedes-leon-xiv-inicia-su-pontificado-con-un-llamado-a-la-unidad-y-la-esperanza\/\" \/>\n<meta property=\"og:site_name\" content=\"The Puebla Times\" \/>\n<meta property=\"article:published_time\" content=\"2025-05-08T17:58:00+00:00\" \/>\n<meta property=\"og:image\" content=\"https:\/\/thepueblatimes.mx\/wp-content\/uploads\/2025\/05\/4a8e83d379aa-gettyimages-2213409508.webp\" \/>\n\t<meta property=\"og:image:width\" content=\"960\" \/>\n\t<meta property=\"og:image:height\" content=\"540\" \/>\n\t<meta property=\"og:image:type\" content=\"image\/webp\" \/>\n<meta name=\"author\" content=\"Sa\u00fal Hern\u00e1ndez\" \/>\n<meta name=\"twitter:card\" content=\"summary_large_image\" \/>\n<meta name=\"twitter:label1\" content=\"Escrito por\" \/>\n\t<meta name=\"twitter:data1\" content=\"Sa\u00fal Hern\u00e1ndez\" \/>\n\t<meta name=\"twitter:label2\" content=\"Tiempo de lectura\" \/>\n\t<meta name=\"twitter:data2\" content=\"2 minutos\" \/>\n<script type=\"application\/ld+json\" class=\"yoast-schema-graph\">{\"@context\":\"https:\/\/schema.org\",\"@graph\":[{\"@type\":\"WebPage\",\"@id\":\"https:\/\/thepueblatimes.mx\/index.php\/2025\/05\/08\/la-paz-este-con-ustedes-leon-xiv-inicia-su-pontificado-con-un-llamado-a-la-unidad-y-la-esperanza\/\",\"url\":\"https:\/\/thepueblatimes.mx\/index.php\/2025\/05\/08\/la-paz-este-con-ustedes-leon-xiv-inicia-su-pontificado-con-un-llamado-a-la-unidad-y-la-esperanza\/\",\"name\":\"\\\"La paz est\u00e9 con ustedes\\\": Le\u00f3n XIV inicia su pontificado con un llamado a la unidad y la esperanza - The Puebla Times\",\"isPartOf\":{\"@id\":\"https:\/\/thepueblatimes.mx\/#website\"},\"datePublished\":\"2025-05-08T17:58:00+00:00\",\"dateModified\":\"2025-05-08T17:58:00+00:00\",\"author\":{\"@id\":\"https:\/\/thepueblatimes.mx\/#\/schema\/person\/1664894c2f65ce2c7a08d8f5f905c13c\"},\"breadcrumb\":{\"@id\":\"https:\/\/thepueblatimes.mx\/index.php\/2025\/05\/08\/la-paz-este-con-ustedes-leon-xiv-inicia-su-pontificado-con-un-llamado-a-la-unidad-y-la-esperanza\/#breadcrumb\"},\"inLanguage\":\"es\",\"potentialAction\":[{\"@type\":\"ReadAction\",\"target\":[\"https:\/\/thepueblatimes.mx\/index.php\/2025\/05\/08\/la-paz-este-con-ustedes-leon-xiv-inicia-su-pontificado-con-un-llamado-a-la-unidad-y-la-esperanza\/\"]}]},{\"@type\":\"BreadcrumbList\",\"@id\":\"https:\/\/thepueblatimes.mx\/index.php\/2025\/05\/08\/la-paz-este-con-ustedes-leon-xiv-inicia-su-pontificado-con-un-llamado-a-la-unidad-y-la-esperanza\/#breadcrumb\",\"itemListElement\":[{\"@type\":\"ListItem\",\"position\":1,\"name\":\"Portada\",\"item\":\"https:\/\/thepueblatimes.mx\/\"},{\"@type\":\"ListItem\",\"position\":2,\"name\":\"\u00abLa paz est\u00e9 con ustedes\u00bb: Le\u00f3n XIV inicia su pontificado con un llamado a la unidad y la esperanza\"}]},{\"@type\":\"WebSite\",\"@id\":\"https:\/\/thepueblatimes.mx\/#website\",\"url\":\"https:\/\/thepueblatimes.mx\/\",\"name\":\"The Puebla Times\",\"description\":\"Noticias del Estado de Puebla\",\"potentialAction\":[{\"@type\":\"SearchAction\",\"target\":{\"@type\":\"EntryPoint\",\"urlTemplate\":\"https:\/\/thepueblatimes.mx\/?s={search_term_string}\"},\"query-input\":\"required name=search_term_string\"}],\"inLanguage\":\"es\"},{\"@type\":\"Person\",\"@id\":\"https:\/\/thepueblatimes.mx\/#\/schema\/person\/1664894c2f65ce2c7a08d8f5f905c13c\",\"name\":\"Sa\u00fal Hern\u00e1ndez\",\"image\":{\"@type\":\"ImageObject\",\"inLanguage\":\"es\",\"@id\":\"https:\/\/thepueblatimes.mx\/#\/schema\/person\/image\/\",\"url\":\"https:\/\/secure.gravatar.com\/avatar\/11be338693f243309532caad8f10c930?s=96&d=mm&r=g\",\"contentUrl\":\"https:\/\/secure.gravatar.com\/avatar\/11be338693f243309532caad8f10c930?s=96&d=mm&r=g\",\"caption\":\"Sa\u00fal Hern\u00e1ndez\"},\"url\":\"https:\/\/thepueblatimes.mx\/index.php\/author\/saulhernandez\/\"}]}<\/script>\n<!-- \/ Yoast SEO plugin. -->","yoast_head_json":{"title":"\"La paz est\u00e9 con ustedes\": Le\u00f3n XIV inicia su pontificado con un llamado a la unidad y la esperanza - The Puebla Times","robots":{"index":"index","follow":"follow","max-snippet":"max-snippet:-1","max-image-preview":"max-image-preview:large","max-video-preview":"max-video-preview:-1"},"canonical":"https:\/\/thepueblatimes.mx\/index.php\/2025\/05\/08\/la-paz-este-con-ustedes-leon-xiv-inicia-su-pontificado-con-un-llamado-a-la-unidad-y-la-esperanza\/","og_locale":"es_ES","og_type":"article","og_title":"\"La paz est\u00e9 con ustedes\": Le\u00f3n XIV inicia su pontificado con un llamado a la unidad y la esperanza - The Puebla Times","og_description":"Con un mensaje cargado de espiritualidad y esperanza, el reci\u00e9n elegido Papa Le\u00f3n XIV ofreci\u00f3 sus primeras palabras al mundo desde el balc\u00f3n central de la Bas\u00edlica de San Pedro, marcando el inicio de una nueva etapa para la Iglesia Cat\u00f3lica. El humo blanco que emergi\u00f3 de la chimenea de la Capilla Sixtina, seguido por...","og_url":"https:\/\/thepueblatimes.mx\/index.php\/2025\/05\/08\/la-paz-este-con-ustedes-leon-xiv-inicia-su-pontificado-con-un-llamado-a-la-unidad-y-la-esperanza\/","og_site_name":"The Puebla Times","article_published_time":"2025-05-08T17:58:00+00:00","og_image":[{"width":960,"height":540,"url":"https:\/\/thepueblatimes.mx\/wp-content\/uploads\/2025\/05\/4a8e83d379aa-gettyimages-2213409508.webp","type":"image\/webp"}],"author":"Sa\u00fal Hern\u00e1ndez","twitter_card":"summary_large_image","twitter_misc":{"Escrito por":"Sa\u00fal Hern\u00e1ndez","Tiempo de lectura":"2 minutos"},"schema":{"@context":"https:\/\/schema.org","@graph":[{"@type":"WebPage","@id":"https:\/\/thepueblatimes.mx\/index.php\/2025\/05\/08\/la-paz-este-con-ustedes-leon-xiv-inicia-su-pontificado-con-un-llamado-a-la-unidad-y-la-esperanza\/","url":"https:\/\/thepueblatimes.mx\/index.php\/2025\/05\/08\/la-paz-este-con-ustedes-leon-xiv-inicia-su-pontificado-con-un-llamado-a-la-unidad-y-la-esperanza\/","name":"\"La paz est\u00e9 con ustedes\": Le\u00f3n XIV inicia su pontificado con un llamado a la unidad y la esperanza - The Puebla Times","isPartOf":{"@id":"https:\/\/thepueblatimes.mx\/#website"},"datePublished":"2025-05-08T17:58:00+00:00","dateModified":"2025-05-08T17:58:00+00:00","author":{"@id":"https:\/\/thepueblatimes.mx\/#\/schema\/person\/1664894c2f65ce2c7a08d8f5f905c13c"},"breadcrumb":{"@id":"https:\/\/thepueblatimes.mx\/index.php\/2025\/05\/08\/la-paz-este-con-ustedes-leon-xiv-inicia-su-pontificado-con-un-llamado-a-la-unidad-y-la-esperanza\/#breadcrumb"},"inLanguage":"es","potentialAction":[{"@type":"ReadAction","target":["https:\/\/thepueblatimes.mx\/index.php\/2025\/05\/08\/la-paz-este-con-ustedes-leon-xiv-inicia-su-pontificado-con-un-llamado-a-la-unidad-y-la-esperanza\/"]}]},{"@type":"BreadcrumbList","@id":"https:\/\/thepueblatimes.mx\/index.php\/2025\/05\/08\/la-paz-este-con-ustedes-leon-xiv-inicia-su-pontificado-con-un-llamado-a-la-unidad-y-la-esperanza\/#breadcrumb","itemListElement":[{"@type":"ListItem","position":1,"name":"Portada","item":"https:\/\/thepueblatimes.mx\/"},{"@type":"ListItem","position":2,"name":"\u00abLa paz est\u00e9 con ustedes\u00bb: Le\u00f3n XIV inicia su pontificado con un llamado a la unidad y la esperanza"}]},{"@type":"WebSite","@id":"https:\/\/thepueblatimes.mx\/#website","url":"https:\/\/thepueblatimes.mx\/","name":"The Puebla Times","description":"Noticias del Estado de Puebla","potentialAction":[{"@type":"SearchAction","target":{"@type":"EntryPoint","urlTemplate":"https:\/\/thepueblatimes.mx\/?s={search_term_string}"},"query-input":"required name=search_term_string"}],"inLanguage":"es"},{"@type":"Person","@id":"https:\/\/thepueblatimes.mx\/#\/schema\/person\/1664894c2f65ce2c7a08d8f5f905c13c","name":"Sa\u00fal Hern\u00e1ndez","image":{"@type":"ImageObject","inLanguage":"es","@id":"https:\/\/thepueblatimes.mx\/#\/schema\/person\/image\/","url":"https:\/\/secure.gravatar.com\/avatar\/11be338693f243309532caad8f10c930?s=96&d=mm&r=g","contentUrl":"https:\/\/secure.gravatar.com\/avatar\/11be338693f243309532caad8f10c930?s=96&d=mm&r=g","caption":"Sa\u00fal Hern\u00e1ndez"},"url":"https:\/\/thepueblatimes.mx\/index.php\/author\/saulhernandez\/"}]}},"jetpack_featured_media_url":"https:\/\/thepueblatimes.mx\/wp-content\/uploads\/2025\/05\/4a8e83d379aa-gettyimages-2213409508.webp","_links":{"self":[{"href":"https:\/\/thepueblatimes.mx\/index.php\/wp-json\/wp\/v2\/posts\/29797"}],"collection":[{"href":"https:\/\/thepueblatimes.mx\/index.php\/wp-json\/wp\/v2\/posts"}],"about":[{"href":"https:\/\/thepueblatimes.mx\/index.php\/wp-json\/wp\/v2\/types\/post"}],"author":[{"embeddable":true,"href":"https:\/\/thepueblatimes.mx\/index.php\/wp-json\/wp\/v2\/users\/16"}],"replies":[{"embeddable":true,"href":"https:\/\/thepueblatimes.mx\/index.php\/wp-json\/wp\/v2\/comments?post=29797"}],"version-history":[{"count":1,"href":"https:\/\/thepueblatimes.mx\/index.php\/wp-json\/wp\/v2\/posts\/29797\/revisions"}],"predecessor-version":[{"id":29799,"href":"https:\/\/thepueblatimes.mx\/index.php\/wp-json\/wp\/v2\/posts\/29797\/revisions\/29799"}],"wp:featuredmedia":[{"embeddable":true,"href":"https:\/\/thepueblatimes.mx\/index.php\/wp-json\/wp\/v2\/media\/29798"}],"wp:attachment":[{"href":"https:\/\/thepueblatimes.mx\/index.php\/wp-json\/wp\/v2\/media?parent=29797"}],"wp:term":[{"taxonomy":"category","embeddable":true,"href":"https:\/\/thepueblatimes.mx\/index.php\/wp-json\/wp\/v2\/categories?post=29797"},{"taxonomy":"post_tag","embeddable":true,"href":"https:\/\/thepueblatimes.mx\/index.php\/wp-json\/wp\/v2\/tags?post=29797"}],"curies":[{"name":"wp","href":"https:\/\/api.w.org\/{rel}","templated":true}]}}