{"id":29794,"date":"2025-05-08T09:49:29","date_gmt":"2025-05-08T15:49:29","guid":{"rendered":"https:\/\/thepueblatimes.mx\/?p=29794"},"modified":"2025-05-08T09:49:29","modified_gmt":"2025-05-08T15:49:29","slug":"polemica-entre-periodistas-en-torno-a-cuenta-que-confronta-al-gobierno-estatal-de-puebla","status":"publish","type":"post","link":"https:\/\/thepueblatimes.mx\/index.php\/2025\/05\/08\/polemica-entre-periodistas-en-torno-a-cuenta-que-confronta-al-gobierno-estatal-de-puebla\/","title":{"rendered":"Pol\u00e9mica entre periodistas en torno a cuenta que confronta al gobierno estatal de Puebla"},"content":{"rendered":"<p>POR FRED ESTRADA<\/p>\n<p>&nbsp;<\/p>\n<p>Viridiana Lozano y Jes\u00fas Arroyo escenifican un diferendo, en el que de fondo se aprecia la necesidad de terminar en el ejercicio period\u00edstico y de la libertad de expresi\u00f3n de utilizar seud\u00f3nimos para fijar posiciones y emitir cuestionamientos.<\/p>\n<p>Adem\u00e1s de subrayar un ejercicio \u00e9tico de la profesi\u00f3n.<\/p>\n<p>Y en paralelo la necesidad de que las redes sociales obliguen a que todos los usuarios de una cuenta sean identificables plenamente.<\/p>\n<p>El diferendo en cuesti\u00f3n se basa en la operaci\u00f3n de la cuenta @LaAldeaPoblana que de decir de Viridiana Lozano es operada por Jes\u00fas Arroyo, directivo de Exclusivas Puebla, a quien se\u00f1al\u00f3 de manera directa.<\/p>\n<p>De inmediato, como era de esperarse Arroyo de desmarc\u00f3 y neg\u00f3 el hecho, y de inmediato de acuerdo a Viridiana Lozano fue atacada por bots.<\/p>\n<p>En los hechos, lo cierto es que La Aldea Poblana al igual que otras cuentas, han entocado su actividad principal en cuestionar a la administraci\u00f3n estatal, incluso con denuestos.<\/p>\n<p>Pero no son los \u00fanicos y lo evidente es que la autoridad estatal, en uso de sus facultades est\u00e1 en todo su derecho de ejercer acci\u00f3n legal en contra de ellos.<\/p>\n<p>En tanto que, en el gremio period\u00edstico, lo que cabe es un ejercicio de profundo an\u00e1lisis para que prevalezca la objetividad y la certeza, que el periodismo de investigaci\u00f3n prevalezca frente a las filtraciones, pero fundamentalmente para que todo se\u00f1alamiento tenga el respaldo de una autor\u00eda responsable.<\/p>\n<p>El diferendo entre Jes\u00fas Arroyo y Viridiana Lozano, al momento se encuentra en la esfera medi\u00e1tica, pero en su momento podr\u00eda llegar al plano legal.<\/p>\n<p>El escenario es claro, sin embargo al momento, la administraci\u00f3n estatal no ha fijado postura en torno a un diferendo en el que es parte activa-<\/p>\n","protected":false},"excerpt":{"rendered":"<p>POR FRED ESTRADA &nbsp; Viridiana Lozano y Jes\u00fas Arroyo escenifican un diferendo, en el que de fondo se aprecia la necesidad de terminar en el ejercicio period\u00edstico y de la libertad de expresi\u00f3n de utilizar seud\u00f3nimos para fijar posiciones y emitir cuestionamientos. Adem\u00e1s de subrayar un ejercicio \u00e9tico de la profesi\u00f3n. Y en paralelo la&#8230;<\/p>\n","protected":false},"author":16,"featured_media":29795,"comment_status":"closed","ping_status":"closed","sticky":false,"template":"","format":"standard","meta":[],"categories":[10],"tags":[3611,1958,49,3610],"yoast_head":"<!-- This site is optimized with the Yoast SEO plugin v20.8 - https:\/\/yoast.com\/wordpress\/plugins\/seo\/ -->\n<title>Pol\u00e9mica entre periodistas en torno a cuenta que confronta al gobierno estatal de Puebla - The Puebla Times<\/title>\n<meta name=\"robots\" content=\"index, follow, max-snippet:-1, max-image-preview:large, max-video-preview:-1\" \/>\n<link rel=\"canonical\" href=\"https:\/\/thepueblatimes.mx\/index.php\/2025\/05\/08\/polemica-entre-periodistas-en-torno-a-cuenta-que-confronta-al-gobierno-estatal-de-puebla\/\" \/>\n<meta property=\"og:locale\" content=\"es_ES\" \/>\n<meta property=\"og:type\" content=\"article\" \/>\n<meta property=\"og:title\" content=\"Pol\u00e9mica entre periodistas en torno a cuenta que confronta al gobierno estatal de Puebla - The Puebla Times\" \/>\n<meta property=\"og:description\" content=\"POR FRED ESTRADA &nbsp; Viridiana Lozano y Jes\u00fas Arroyo escenifican un diferendo, en el que de fondo se aprecia la necesidad de terminar en el ejercicio period\u00edstico y de la libertad de expresi\u00f3n de utilizar seud\u00f3nimos para fijar posiciones y emitir cuestionamientos. Adem\u00e1s de subrayar un ejercicio \u00e9tico de la profesi\u00f3n. Y en paralelo la...\" \/>\n<meta property=\"og:url\" content=\"https:\/\/thepueblatimes.mx\/index.php\/2025\/05\/08\/polemica-entre-periodistas-en-torno-a-cuenta-que-confronta-al-gobierno-estatal-de-puebla\/\" \/>\n<meta property=\"og:site_name\" content=\"The Puebla Times\" \/>\n<meta property=\"article:published_time\" content=\"2025-05-08T15:49:29+00:00\" \/>\n<meta property=\"og:image\" content=\"https:\/\/thepueblatimes.mx\/wp-content\/uploads\/2025\/05\/Diseno-sin-titulo-2025-05-08T094829.540-1024x443.png\" \/>\n\t<meta property=\"og:image:width\" content=\"1024\" \/>\n\t<meta property=\"og:image:height\" content=\"443\" \/>\n\t<meta property=\"og:image:type\" content=\"image\/png\" \/>\n<meta name=\"author\" content=\"Sa\u00fal Hern\u00e1ndez\" \/>\n<meta name=\"twitter:card\" content=\"summary_large_image\" \/>\n<meta name=\"twitter:label1\" content=\"Escrito por\" \/>\n\t<meta name=\"twitter:data1\" content=\"Sa\u00fal Hern\u00e1ndez\" \/>\n\t<meta name=\"twitter:label2\" content=\"Tiempo de lectura\" \/>\n\t<meta name=\"twitter:data2\" content=\"2 minutos\" \/>\n<script type=\"application\/ld+json\" class=\"yoast-schema-graph\">{\"@context\":\"https:\/\/schema.org\",\"@graph\":[{\"@type\":\"WebPage\",\"@id\":\"https:\/\/thepueblatimes.mx\/index.php\/2025\/05\/08\/polemica-entre-periodistas-en-torno-a-cuenta-que-confronta-al-gobierno-estatal-de-puebla\/\",\"url\":\"https:\/\/thepueblatimes.mx\/index.php\/2025\/05\/08\/polemica-entre-periodistas-en-torno-a-cuenta-que-confronta-al-gobierno-estatal-de-puebla\/\",\"name\":\"Pol\u00e9mica entre periodistas en torno a cuenta que confronta al gobierno estatal de Puebla - The Puebla Times\",\"isPartOf\":{\"@id\":\"https:\/\/thepueblatimes.mx\/#website\"},\"datePublished\":\"2025-05-08T15:49:29+00:00\",\"dateModified\":\"2025-05-08T15:49:29+00:00\",\"author\":{\"@id\":\"https:\/\/thepueblatimes.mx\/#\/schema\/person\/1664894c2f65ce2c7a08d8f5f905c13c\"},\"breadcrumb\":{\"@id\":\"https:\/\/thepueblatimes.mx\/index.php\/2025\/05\/08\/polemica-entre-periodistas-en-torno-a-cuenta-que-confronta-al-gobierno-estatal-de-puebla\/#breadcrumb\"},\"inLanguage\":\"es\",\"potentialAction\":[{\"@type\":\"ReadAction\",\"target\":[\"https:\/\/thepueblatimes.mx\/index.php\/2025\/05\/08\/polemica-entre-periodistas-en-torno-a-cuenta-que-confronta-al-gobierno-estatal-de-puebla\/\"]}]},{\"@type\":\"BreadcrumbList\",\"@id\":\"https:\/\/thepueblatimes.mx\/index.php\/2025\/05\/08\/polemica-entre-periodistas-en-torno-a-cuenta-que-confronta-al-gobierno-estatal-de-puebla\/#breadcrumb\",\"itemListElement\":[{\"@type\":\"ListItem\",\"position\":1,\"name\":\"Portada\",\"item\":\"https:\/\/thepueblatimes.mx\/\"},{\"@type\":\"ListItem\",\"position\":2,\"name\":\"Pol\u00e9mica entre periodistas en torno a cuenta que confronta al gobierno estatal de Puebla\"}]},{\"@type\":\"WebSite\",\"@id\":\"https:\/\/thepueblatimes.mx\/#website\",\"url\":\"https:\/\/thepueblatimes.mx\/\",\"name\":\"The Puebla Times\",\"description\":\"Noticias del Estado de Puebla\",\"potentialAction\":[{\"@type\":\"SearchAction\",\"target\":{\"@type\":\"EntryPoint\",\"urlTemplate\":\"https:\/\/thepueblatimes.mx\/?s={search_term_string}\"},\"query-input\":\"required name=search_term_string\"}],\"inLanguage\":\"es\"},{\"@type\":\"Person\",\"@id\":\"https:\/\/thepueblatimes.mx\/#\/schema\/person\/1664894c2f65ce2c7a08d8f5f905c13c\",\"name\":\"Sa\u00fal Hern\u00e1ndez\",\"image\":{\"@type\":\"ImageObject\",\"inLanguage\":\"es\",\"@id\":\"https:\/\/thepueblatimes.mx\/#\/schema\/person\/image\/\",\"url\":\"https:\/\/secure.gravatar.com\/avatar\/11be338693f243309532caad8f10c930?s=96&d=mm&r=g\",\"contentUrl\":\"https:\/\/secure.gravatar.com\/avatar\/11be338693f243309532caad8f10c930?s=96&d=mm&r=g\",\"caption\":\"Sa\u00fal Hern\u00e1ndez\"},\"url\":\"https:\/\/thepueblatimes.mx\/index.php\/author\/saulhernandez\/\"}]}<\/script>\n<!-- \/ Yoast SEO plugin. -->","yoast_head_json":{"title":"Pol\u00e9mica entre periodistas en torno a cuenta que confronta al gobierno estatal de Puebla - The Puebla Times","robots":{"index":"index","follow":"follow","max-snippet":"max-snippet:-1","max-image-preview":"max-image-preview:large","max-video-preview":"max-video-preview:-1"},"canonical":"https:\/\/thepueblatimes.mx\/index.php\/2025\/05\/08\/polemica-entre-periodistas-en-torno-a-cuenta-que-confronta-al-gobierno-estatal-de-puebla\/","og_locale":"es_ES","og_type":"article","og_title":"Pol\u00e9mica entre periodistas en torno a cuenta que confronta al gobierno estatal de Puebla - The Puebla Times","og_description":"POR FRED ESTRADA &nbsp; Viridiana Lozano y Jes\u00fas Arroyo escenifican un diferendo, en el que de fondo se aprecia la necesidad de terminar en el ejercicio period\u00edstico y de la libertad de expresi\u00f3n de utilizar seud\u00f3nimos para fijar posiciones y emitir cuestionamientos. Adem\u00e1s de subrayar un ejercicio \u00e9tico de la profesi\u00f3n. Y en paralelo la...","og_url":"https:\/\/thepueblatimes.mx\/index.php\/2025\/05\/08\/polemica-entre-periodistas-en-torno-a-cuenta-que-confronta-al-gobierno-estatal-de-puebla\/","og_site_name":"The Puebla Times","article_published_time":"2025-05-08T15:49:29+00:00","og_image":[{"width":1024,"height":443,"url":"https:\/\/thepueblatimes.mx\/wp-content\/uploads\/2025\/05\/Diseno-sin-titulo-2025-05-08T094829.540-1024x443.png","type":"image\/png"}],"author":"Sa\u00fal Hern\u00e1ndez","twitter_card":"summary_large_image","twitter_misc":{"Escrito por":"Sa\u00fal Hern\u00e1ndez","Tiempo de lectura":"2 minutos"},"schema":{"@context":"https:\/\/schema.org","@graph":[{"@type":"WebPage","@id":"https:\/\/thepueblatimes.mx\/index.php\/2025\/05\/08\/polemica-entre-periodistas-en-torno-a-cuenta-que-confronta-al-gobierno-estatal-de-puebla\/","url":"https:\/\/thepueblatimes.mx\/index.php\/2025\/05\/08\/polemica-entre-periodistas-en-torno-a-cuenta-que-confronta-al-gobierno-estatal-de-puebla\/","name":"Pol\u00e9mica entre periodistas en torno a cuenta que confronta al gobierno estatal de Puebla - The Puebla Times","isPartOf":{"@id":"https:\/\/thepueblatimes.mx\/#website"},"datePublished":"2025-05-08T15:49:29+00:00","dateModified":"2025-05-08T15:49:29+00:00","author":{"@id":"https:\/\/thepueblatimes.mx\/#\/schema\/person\/1664894c2f65ce2c7a08d8f5f905c13c"},"breadcrumb":{"@id":"https:\/\/thepueblatimes.mx\/index.php\/2025\/05\/08\/polemica-entre-periodistas-en-torno-a-cuenta-que-confronta-al-gobierno-estatal-de-puebla\/#breadcrumb"},"inLanguage":"es","potentialAction":[{"@type":"ReadAction","target":["https:\/\/thepueblatimes.mx\/index.php\/2025\/05\/08\/polemica-entre-periodistas-en-torno-a-cuenta-que-confronta-al-gobierno-estatal-de-puebla\/"]}]},{"@type":"BreadcrumbList","@id":"https:\/\/thepueblatimes.mx\/index.php\/2025\/05\/08\/polemica-entre-periodistas-en-torno-a-cuenta-que-confronta-al-gobierno-estatal-de-puebla\/#breadcrumb","itemListElement":[{"@type":"ListItem","position":1,"name":"Portada","item":"https:\/\/thepueblatimes.mx\/"},{"@type":"ListItem","position":2,"name":"Pol\u00e9mica entre periodistas en torno a cuenta que confronta al gobierno estatal de Puebla"}]},{"@type":"WebSite","@id":"https:\/\/thepueblatimes.mx\/#website","url":"https:\/\/thepueblatimes.mx\/","name":"The Puebla Times","description":"Noticias del Estado de Puebla","potentialAction":[{"@type":"SearchAction","target":{"@type":"EntryPoint","urlTemplate":"https:\/\/thepueblatimes.mx\/?s={search_term_string}"},"query-input":"required name=search_term_string"}],"inLanguage":"es"},{"@type":"Person","@id":"https:\/\/thepueblatimes.mx\/#\/schema\/person\/1664894c2f65ce2c7a08d8f5f905c13c","name":"Sa\u00fal Hern\u00e1ndez","image":{"@type":"ImageObject","inLanguage":"es","@id":"https:\/\/thepueblatimes.mx\/#\/schema\/person\/image\/","url":"https:\/\/secure.gravatar.com\/avatar\/11be338693f243309532caad8f10c930?s=96&d=mm&r=g","contentUrl":"https:\/\/secure.gravatar.com\/avatar\/11be338693f243309532caad8f10c930?s=96&d=mm&r=g","caption":"Sa\u00fal Hern\u00e1ndez"},"url":"https:\/\/thepueblatimes.mx\/index.php\/author\/saulhernandez\/"}]}},"jetpack_featured_media_url":"https:\/\/thepueblatimes.mx\/wp-content\/uploads\/2025\/05\/Diseno-sin-titulo-2025-05-08T094829.540.png","_links":{"self":[{"href":"https:\/\/thepueblatimes.mx\/index.php\/wp-json\/wp\/v2\/posts\/29794"}],"collection":[{"href":"https:\/\/thepueblatimes.mx\/index.php\/wp-json\/wp\/v2\/posts"}],"about":[{"href":"https:\/\/thepueblatimes.mx\/index.php\/wp-json\/wp\/v2\/types\/post"}],"author":[{"embeddable":true,"href":"https:\/\/thepueblatimes.mx\/index.php\/wp-json\/wp\/v2\/users\/16"}],"replies":[{"embeddable":true,"href":"https:\/\/thepueblatimes.mx\/index.php\/wp-json\/wp\/v2\/comments?post=29794"}],"version-history":[{"count":1,"href":"https:\/\/thepueblatimes.mx\/index.php\/wp-json\/wp\/v2\/posts\/29794\/revisions"}],"predecessor-version":[{"id":29796,"href":"https:\/\/thepueblatimes.mx\/index.php\/wp-json\/wp\/v2\/posts\/29794\/revisions\/29796"}],"wp:featuredmedia":[{"embeddable":true,"href":"https:\/\/thepueblatimes.mx\/index.php\/wp-json\/wp\/v2\/media\/29795"}],"wp:attachment":[{"href":"https:\/\/thepueblatimes.mx\/index.php\/wp-json\/wp\/v2\/media?parent=29794"}],"wp:term":[{"taxonomy":"category","embeddable":true,"href":"https:\/\/thepueblatimes.mx\/index.php\/wp-json\/wp\/v2\/categories?post=29794"},{"taxonomy":"post_tag","embeddable":true,"href":"https:\/\/thepueblatimes.mx\/index.php\/wp-json\/wp\/v2\/tags?post=29794"}],"curies":[{"name":"wp","href":"https:\/\/api.w.org\/{rel}","templated":true}]}}