{"id":29789,"date":"2025-05-08T08:37:52","date_gmt":"2025-05-08T14:37:52","guid":{"rendered":"https:\/\/thepueblatimes.mx\/?p=29789"},"modified":"2025-05-08T08:37:52","modified_gmt":"2025-05-08T14:37:52","slug":"reconocen-con-doctorado-honoris-causa-a-jose-luis-castillo-padre-de-joven-desaparecida-en-ciudad-juarez","status":"publish","type":"post","link":"https:\/\/thepueblatimes.mx\/index.php\/2025\/05\/08\/reconocen-con-doctorado-honoris-causa-a-jose-luis-castillo-padre-de-joven-desaparecida-en-ciudad-juarez\/","title":{"rendered":"Reconocen con Doctorado Honoris Causa a Jos\u00e9 Luis Castillo, padre de joven desaparecida en Ciudad Ju\u00e1rez"},"content":{"rendered":"<p class=\"\" data-start=\"231\" data-end=\"624\">En un emotivo acto, la Escuela de Estudios Superiores de Chihuahua otorg\u00f3 el Doctorado Honoris Causa a Jos\u00e9 Luis Castillo, padre de Esmeralda Castillo, joven desaparecida en 2009 en Ciudad Ju\u00e1rez. La distinci\u00f3n reconoce su incansable labor en defensa de los derechos humanos y su lucha constante contra la desaparici\u00f3n de personas en M\u00e9xico.<\/p>\n<p class=\"\" data-start=\"626\" data-end=\"1066\">Jos\u00e9 Luis Castillo ha transformado el dolor por la ausencia de su hija en una causa que ha inspirado a muchas familias. A lo largo de los a\u00f1os, ha acompa\u00f1ado a decenas de madres y padres en la b\u00fasqueda de sus seres queridos, organizando marchas, manifestaciones y acciones colectivas. Su activismo lo ha llevado a capacitarse en derecho penal y en perspectiva de g\u00e9nero, as\u00ed como a impulsar campa\u00f1as de prevenci\u00f3n en escuelas y comunidades.<\/p>\n<p class=\"\" data-start=\"1068\" data-end=\"1308\">Entre las iniciativas que ha liderado destaca el <em data-start=\"1117\" data-end=\"1128\">Esmerat\u00f3n<\/em>, un esfuerzo enfocado en visibilizar y combatir la trata de personas, en memoria de Esmeralda, quien desapareci\u00f3 en la zona centro de Ciudad Ju\u00e1rez cuando se dirig\u00eda a la escuela.<\/p>\n<p class=\"\" data-start=\"1310\" data-end=\"1642\">Durante la ceremonia, Castillo dedic\u00f3 el reconocimiento a todas las familias que viven la ausencia de un ser querido. \u00abEste doctorado no es solo m\u00edo, es de todas y todos los buscadores. Es un s\u00edmbolo de la fortaleza colectiva que nos impulsa a seguir trabajando para que ninguna familia m\u00e1s tenga que pasar por este dolor\u00bb, expres\u00f3.<\/p>\n<p class=\"\" data-start=\"1644\" data-end=\"1830\">La instituci\u00f3n acad\u00e9mica resalt\u00f3 que el homenaje tambi\u00e9n busca visibilizar el papel de los familiares de desaparecidos como actores clave en la construcci\u00f3n de paz y justicia en el pa\u00eds.<\/p>\n","protected":false},"excerpt":{"rendered":"<p>En un emotivo acto, la Escuela de Estudios Superiores de Chihuahua otorg\u00f3 el Doctorado Honoris Causa a Jos\u00e9 Luis Castillo, padre de Esmeralda Castillo, joven desaparecida en 2009 en Ciudad Ju\u00e1rez. La distinci\u00f3n reconoce su incansable labor en defensa de los derechos humanos y su lucha constante contra la desaparici\u00f3n de personas en M\u00e9xico. Jos\u00e9&#8230;<\/p>\n","protected":false},"author":16,"featured_media":29790,"comment_status":"closed","ping_status":"closed","sticky":false,"template":"","format":"standard","meta":[],"categories":[2],"tags":[3609,3607,3608,191],"yoast_head":"<!-- This site is optimized with the Yoast SEO plugin v20.8 - https:\/\/yoast.com\/wordpress\/plugins\/seo\/ -->\n<title>Reconocen con Doctorado Honoris Causa a Jos\u00e9 Luis Castillo, padre de joven desaparecida en Ciudad Ju\u00e1rez - The Puebla Times<\/title>\n<meta name=\"robots\" content=\"index, follow, max-snippet:-1, max-image-preview:large, max-video-preview:-1\" \/>\n<link rel=\"canonical\" href=\"https:\/\/thepueblatimes.mx\/index.php\/2025\/05\/08\/reconocen-con-doctorado-honoris-causa-a-jose-luis-castillo-padre-de-joven-desaparecida-en-ciudad-juarez\/\" \/>\n<meta property=\"og:locale\" content=\"es_ES\" \/>\n<meta property=\"og:type\" content=\"article\" \/>\n<meta property=\"og:title\" content=\"Reconocen con Doctorado Honoris Causa a Jos\u00e9 Luis Castillo, padre de joven desaparecida en Ciudad Ju\u00e1rez - The Puebla Times\" \/>\n<meta property=\"og:description\" content=\"En un emotivo acto, la Escuela de Estudios Superiores de Chihuahua otorg\u00f3 el Doctorado Honoris Causa a Jos\u00e9 Luis Castillo, padre de Esmeralda Castillo, joven desaparecida en 2009 en Ciudad Ju\u00e1rez. La distinci\u00f3n reconoce su incansable labor en defensa de los derechos humanos y su lucha constante contra la desaparici\u00f3n de personas en M\u00e9xico. Jos\u00e9...\" \/>\n<meta property=\"og:url\" content=\"https:\/\/thepueblatimes.mx\/index.php\/2025\/05\/08\/reconocen-con-doctorado-honoris-causa-a-jose-luis-castillo-padre-de-joven-desaparecida-en-ciudad-juarez\/\" \/>\n<meta property=\"og:site_name\" content=\"The Puebla Times\" \/>\n<meta property=\"article:published_time\" content=\"2025-05-08T14:37:52+00:00\" \/>\n<meta property=\"og:image\" content=\"https:\/\/thepueblatimes.mx\/wp-content\/uploads\/2025\/05\/papa-esmeralda.jpg_466078407.webp\" \/>\n\t<meta property=\"og:image:width\" content=\"640\" \/>\n\t<meta property=\"og:image:height\" content=\"366\" \/>\n\t<meta property=\"og:image:type\" content=\"image\/webp\" \/>\n<meta name=\"author\" content=\"Sa\u00fal Hern\u00e1ndez\" \/>\n<meta name=\"twitter:card\" content=\"summary_large_image\" \/>\n<meta name=\"twitter:label1\" content=\"Escrito por\" \/>\n\t<meta name=\"twitter:data1\" content=\"Sa\u00fal Hern\u00e1ndez\" \/>\n\t<meta name=\"twitter:label2\" content=\"Tiempo de lectura\" \/>\n\t<meta name=\"twitter:data2\" content=\"2 minutos\" \/>\n<script type=\"application\/ld+json\" class=\"yoast-schema-graph\">{\"@context\":\"https:\/\/schema.org\",\"@graph\":[{\"@type\":\"WebPage\",\"@id\":\"https:\/\/thepueblatimes.mx\/index.php\/2025\/05\/08\/reconocen-con-doctorado-honoris-causa-a-jose-luis-castillo-padre-de-joven-desaparecida-en-ciudad-juarez\/\",\"url\":\"https:\/\/thepueblatimes.mx\/index.php\/2025\/05\/08\/reconocen-con-doctorado-honoris-causa-a-jose-luis-castillo-padre-de-joven-desaparecida-en-ciudad-juarez\/\",\"name\":\"Reconocen con Doctorado Honoris Causa a Jos\u00e9 Luis Castillo, padre de joven desaparecida en Ciudad Ju\u00e1rez - The Puebla Times\",\"isPartOf\":{\"@id\":\"https:\/\/thepueblatimes.mx\/#website\"},\"datePublished\":\"2025-05-08T14:37:52+00:00\",\"dateModified\":\"2025-05-08T14:37:52+00:00\",\"author\":{\"@id\":\"https:\/\/thepueblatimes.mx\/#\/schema\/person\/1664894c2f65ce2c7a08d8f5f905c13c\"},\"breadcrumb\":{\"@id\":\"https:\/\/thepueblatimes.mx\/index.php\/2025\/05\/08\/reconocen-con-doctorado-honoris-causa-a-jose-luis-castillo-padre-de-joven-desaparecida-en-ciudad-juarez\/#breadcrumb\"},\"inLanguage\":\"es\",\"potentialAction\":[{\"@type\":\"ReadAction\",\"target\":[\"https:\/\/thepueblatimes.mx\/index.php\/2025\/05\/08\/reconocen-con-doctorado-honoris-causa-a-jose-luis-castillo-padre-de-joven-desaparecida-en-ciudad-juarez\/\"]}]},{\"@type\":\"BreadcrumbList\",\"@id\":\"https:\/\/thepueblatimes.mx\/index.php\/2025\/05\/08\/reconocen-con-doctorado-honoris-causa-a-jose-luis-castillo-padre-de-joven-desaparecida-en-ciudad-juarez\/#breadcrumb\",\"itemListElement\":[{\"@type\":\"ListItem\",\"position\":1,\"name\":\"Portada\",\"item\":\"https:\/\/thepueblatimes.mx\/\"},{\"@type\":\"ListItem\",\"position\":2,\"name\":\"Reconocen con Doctorado Honoris Causa a Jos\u00e9 Luis Castillo, padre de joven desaparecida en Ciudad Ju\u00e1rez\"}]},{\"@type\":\"WebSite\",\"@id\":\"https:\/\/thepueblatimes.mx\/#website\",\"url\":\"https:\/\/thepueblatimes.mx\/\",\"name\":\"The Puebla Times\",\"description\":\"Noticias del Estado de Puebla\",\"potentialAction\":[{\"@type\":\"SearchAction\",\"target\":{\"@type\":\"EntryPoint\",\"urlTemplate\":\"https:\/\/thepueblatimes.mx\/?s={search_term_string}\"},\"query-input\":\"required name=search_term_string\"}],\"inLanguage\":\"es\"},{\"@type\":\"Person\",\"@id\":\"https:\/\/thepueblatimes.mx\/#\/schema\/person\/1664894c2f65ce2c7a08d8f5f905c13c\",\"name\":\"Sa\u00fal Hern\u00e1ndez\",\"image\":{\"@type\":\"ImageObject\",\"inLanguage\":\"es\",\"@id\":\"https:\/\/thepueblatimes.mx\/#\/schema\/person\/image\/\",\"url\":\"https:\/\/secure.gravatar.com\/avatar\/11be338693f243309532caad8f10c930?s=96&d=mm&r=g\",\"contentUrl\":\"https:\/\/secure.gravatar.com\/avatar\/11be338693f243309532caad8f10c930?s=96&d=mm&r=g\",\"caption\":\"Sa\u00fal Hern\u00e1ndez\"},\"url\":\"https:\/\/thepueblatimes.mx\/index.php\/author\/saulhernandez\/\"}]}<\/script>\n<!-- \/ Yoast SEO plugin. -->","yoast_head_json":{"title":"Reconocen con Doctorado Honoris Causa a Jos\u00e9 Luis Castillo, padre de joven desaparecida en Ciudad Ju\u00e1rez - The Puebla Times","robots":{"index":"index","follow":"follow","max-snippet":"max-snippet:-1","max-image-preview":"max-image-preview:large","max-video-preview":"max-video-preview:-1"},"canonical":"https:\/\/thepueblatimes.mx\/index.php\/2025\/05\/08\/reconocen-con-doctorado-honoris-causa-a-jose-luis-castillo-padre-de-joven-desaparecida-en-ciudad-juarez\/","og_locale":"es_ES","og_type":"article","og_title":"Reconocen con Doctorado Honoris Causa a Jos\u00e9 Luis Castillo, padre de joven desaparecida en Ciudad Ju\u00e1rez - The Puebla Times","og_description":"En un emotivo acto, la Escuela de Estudios Superiores de Chihuahua otorg\u00f3 el Doctorado Honoris Causa a Jos\u00e9 Luis Castillo, padre de Esmeralda Castillo, joven desaparecida en 2009 en Ciudad Ju\u00e1rez. La distinci\u00f3n reconoce su incansable labor en defensa de los derechos humanos y su lucha constante contra la desaparici\u00f3n de personas en M\u00e9xico. Jos\u00e9...","og_url":"https:\/\/thepueblatimes.mx\/index.php\/2025\/05\/08\/reconocen-con-doctorado-honoris-causa-a-jose-luis-castillo-padre-de-joven-desaparecida-en-ciudad-juarez\/","og_site_name":"The Puebla Times","article_published_time":"2025-05-08T14:37:52+00:00","og_image":[{"width":640,"height":366,"url":"https:\/\/thepueblatimes.mx\/wp-content\/uploads\/2025\/05\/papa-esmeralda.jpg_466078407.webp","type":"image\/webp"}],"author":"Sa\u00fal Hern\u00e1ndez","twitter_card":"summary_large_image","twitter_misc":{"Escrito por":"Sa\u00fal Hern\u00e1ndez","Tiempo de lectura":"2 minutos"},"schema":{"@context":"https:\/\/schema.org","@graph":[{"@type":"WebPage","@id":"https:\/\/thepueblatimes.mx\/index.php\/2025\/05\/08\/reconocen-con-doctorado-honoris-causa-a-jose-luis-castillo-padre-de-joven-desaparecida-en-ciudad-juarez\/","url":"https:\/\/thepueblatimes.mx\/index.php\/2025\/05\/08\/reconocen-con-doctorado-honoris-causa-a-jose-luis-castillo-padre-de-joven-desaparecida-en-ciudad-juarez\/","name":"Reconocen con Doctorado Honoris Causa a Jos\u00e9 Luis Castillo, padre de joven desaparecida en Ciudad Ju\u00e1rez - The Puebla Times","isPartOf":{"@id":"https:\/\/thepueblatimes.mx\/#website"},"datePublished":"2025-05-08T14:37:52+00:00","dateModified":"2025-05-08T14:37:52+00:00","author":{"@id":"https:\/\/thepueblatimes.mx\/#\/schema\/person\/1664894c2f65ce2c7a08d8f5f905c13c"},"breadcrumb":{"@id":"https:\/\/thepueblatimes.mx\/index.php\/2025\/05\/08\/reconocen-con-doctorado-honoris-causa-a-jose-luis-castillo-padre-de-joven-desaparecida-en-ciudad-juarez\/#breadcrumb"},"inLanguage":"es","potentialAction":[{"@type":"ReadAction","target":["https:\/\/thepueblatimes.mx\/index.php\/2025\/05\/08\/reconocen-con-doctorado-honoris-causa-a-jose-luis-castillo-padre-de-joven-desaparecida-en-ciudad-juarez\/"]}]},{"@type":"BreadcrumbList","@id":"https:\/\/thepueblatimes.mx\/index.php\/2025\/05\/08\/reconocen-con-doctorado-honoris-causa-a-jose-luis-castillo-padre-de-joven-desaparecida-en-ciudad-juarez\/#breadcrumb","itemListElement":[{"@type":"ListItem","position":1,"name":"Portada","item":"https:\/\/thepueblatimes.mx\/"},{"@type":"ListItem","position":2,"name":"Reconocen con Doctorado Honoris Causa a Jos\u00e9 Luis Castillo, padre de joven desaparecida en Ciudad Ju\u00e1rez"}]},{"@type":"WebSite","@id":"https:\/\/thepueblatimes.mx\/#website","url":"https:\/\/thepueblatimes.mx\/","name":"The Puebla Times","description":"Noticias del Estado de Puebla","potentialAction":[{"@type":"SearchAction","target":{"@type":"EntryPoint","urlTemplate":"https:\/\/thepueblatimes.mx\/?s={search_term_string}"},"query-input":"required name=search_term_string"}],"inLanguage":"es"},{"@type":"Person","@id":"https:\/\/thepueblatimes.mx\/#\/schema\/person\/1664894c2f65ce2c7a08d8f5f905c13c","name":"Sa\u00fal Hern\u00e1ndez","image":{"@type":"ImageObject","inLanguage":"es","@id":"https:\/\/thepueblatimes.mx\/#\/schema\/person\/image\/","url":"https:\/\/secure.gravatar.com\/avatar\/11be338693f243309532caad8f10c930?s=96&d=mm&r=g","contentUrl":"https:\/\/secure.gravatar.com\/avatar\/11be338693f243309532caad8f10c930?s=96&d=mm&r=g","caption":"Sa\u00fal Hern\u00e1ndez"},"url":"https:\/\/thepueblatimes.mx\/index.php\/author\/saulhernandez\/"}]}},"jetpack_featured_media_url":"https:\/\/thepueblatimes.mx\/wp-content\/uploads\/2025\/05\/papa-esmeralda.jpg_466078407.webp","_links":{"self":[{"href":"https:\/\/thepueblatimes.mx\/index.php\/wp-json\/wp\/v2\/posts\/29789"}],"collection":[{"href":"https:\/\/thepueblatimes.mx\/index.php\/wp-json\/wp\/v2\/posts"}],"about":[{"href":"https:\/\/thepueblatimes.mx\/index.php\/wp-json\/wp\/v2\/types\/post"}],"author":[{"embeddable":true,"href":"https:\/\/thepueblatimes.mx\/index.php\/wp-json\/wp\/v2\/users\/16"}],"replies":[{"embeddable":true,"href":"https:\/\/thepueblatimes.mx\/index.php\/wp-json\/wp\/v2\/comments?post=29789"}],"version-history":[{"count":1,"href":"https:\/\/thepueblatimes.mx\/index.php\/wp-json\/wp\/v2\/posts\/29789\/revisions"}],"predecessor-version":[{"id":29791,"href":"https:\/\/thepueblatimes.mx\/index.php\/wp-json\/wp\/v2\/posts\/29789\/revisions\/29791"}],"wp:featuredmedia":[{"embeddable":true,"href":"https:\/\/thepueblatimes.mx\/index.php\/wp-json\/wp\/v2\/media\/29790"}],"wp:attachment":[{"href":"https:\/\/thepueblatimes.mx\/index.php\/wp-json\/wp\/v2\/media?parent=29789"}],"wp:term":[{"taxonomy":"category","embeddable":true,"href":"https:\/\/thepueblatimes.mx\/index.php\/wp-json\/wp\/v2\/categories?post=29789"},{"taxonomy":"post_tag","embeddable":true,"href":"https:\/\/thepueblatimes.mx\/index.php\/wp-json\/wp\/v2\/tags?post=29789"}],"curies":[{"name":"wp","href":"https:\/\/api.w.org\/{rel}","templated":true}]}}