{"id":29770,"date":"2025-05-07T13:51:58","date_gmt":"2025-05-07T19:51:58","guid":{"rendered":"https:\/\/thepueblatimes.mx\/?p=29770"},"modified":"2025-05-07T13:51:58","modified_gmt":"2025-05-07T19:51:58","slug":"ssp-asegura-que-continuara-firme-tras-amenazas-del-crimen-organizado","status":"publish","type":"post","link":"https:\/\/thepueblatimes.mx\/index.php\/2025\/05\/07\/ssp-asegura-que-continuara-firme-tras-amenazas-del-crimen-organizado\/","title":{"rendered":"SSP asegura que continuar\u00e1 firme tras amenazas del crimen organizado"},"content":{"rendered":"<p class=\"\" data-start=\"258\" data-end=\"671\">El secretario de Seguridad P\u00fablica del estado, Francisco S\u00e1nchez Gonz\u00e1lez, asegur\u00f3 que la instituci\u00f3n no ceder\u00e1 ante amenazas provenientes presuntamente de grupos del crimen organizado. \u201cNo daremos ni un paso atr\u00e1s, seguiremos trabajando con la misma determinaci\u00f3n\u201d, afirm\u00f3 durante una rueda de prensa posterior a la difusi\u00f3n de un video en el que sujetos armados lanzan advertencias contra autoridades estatales.<\/p>\n<p class=\"\" data-start=\"673\" data-end=\"989\">El vicealmirante rest\u00f3 importancia al material difundido y se\u00f1al\u00f3 que este tipo de mensajes no son nuevos. Asegur\u00f3 que, lejos de intimidarlos, estos actos refuerzan la determinaci\u00f3n de las fuerzas de seguridad. \u201cEstamos tranquilos, enfocados en nuestras tareas, y esto solo nos motiva a redoblar esfuerzos\u201d, declar\u00f3.<\/p>\n<p class=\"\" data-start=\"991\" data-end=\"1288\">S\u00e1nchez Gonz\u00e1lez destac\u00f3 que la colaboraci\u00f3n entre las autoridades municipales, estatales y federales se mantendr\u00e1, al considerar que esta coordinaci\u00f3n ha sido clave para lograr avances en materia de seguridad. Reiter\u00f3 adem\u00e1s el compromiso del gobierno estatal con la protecci\u00f3n de los ciudadanos.<\/p>\n<p class=\"\" data-start=\"1290\" data-end=\"1488\">Respecto al contenido del video, consider\u00f3 l\u00f3gico que se generen reacciones tras las acciones emprendidas contra grupos delictivos. Sin embargo, subray\u00f3 que eso no detendr\u00e1 las operaciones en curso.<\/p>\n<p class=\"\" data-start=\"1490\" data-end=\"1716\">Finalmente, indic\u00f3 que tras conocer el video, recibi\u00f3 respaldo de altos mandos de la Sedena, Marina y Guardia Nacional, as\u00ed como del diputado Andr\u00e9s Villegas Mendoza, con quien se comunic\u00f3 para ofrecerle medidas de protecci\u00f3n.<\/p>\n","protected":false},"excerpt":{"rendered":"<p>El secretario de Seguridad P\u00fablica del estado, Francisco S\u00e1nchez Gonz\u00e1lez, asegur\u00f3 que la instituci\u00f3n no ceder\u00e1 ante amenazas provenientes presuntamente de grupos del crimen organizado. \u201cNo daremos ni un paso atr\u00e1s, seguiremos trabajando con la misma determinaci\u00f3n\u201d, afirm\u00f3 durante una rueda de prensa posterior a la difusi\u00f3n de un video en el que sujetos armados&#8230;<\/p>\n","protected":false},"author":16,"featured_media":29771,"comment_status":"closed","ping_status":"closed","sticky":false,"template":"","format":"standard","meta":[],"categories":[121],"tags":[1273,2562,25],"yoast_head":"<!-- This site is optimized with the Yoast SEO plugin v20.8 - https:\/\/yoast.com\/wordpress\/plugins\/seo\/ -->\n<title>SSP asegura que continuar\u00e1 firme tras amenazas del crimen organizado - The Puebla Times<\/title>\n<meta name=\"robots\" content=\"index, follow, max-snippet:-1, max-image-preview:large, max-video-preview:-1\" \/>\n<link rel=\"canonical\" href=\"https:\/\/thepueblatimes.mx\/index.php\/2025\/05\/07\/ssp-asegura-que-continuara-firme-tras-amenazas-del-crimen-organizado\/\" \/>\n<meta property=\"og:locale\" content=\"es_ES\" \/>\n<meta property=\"og:type\" content=\"article\" \/>\n<meta property=\"og:title\" content=\"SSP asegura que continuar\u00e1 firme tras amenazas del crimen organizado - The Puebla Times\" \/>\n<meta property=\"og:description\" content=\"El secretario de Seguridad P\u00fablica del estado, Francisco S\u00e1nchez Gonz\u00e1lez, asegur\u00f3 que la instituci\u00f3n no ceder\u00e1 ante amenazas provenientes presuntamente de grupos del crimen organizado. \u201cNo daremos ni un paso atr\u00e1s, seguiremos trabajando con la misma determinaci\u00f3n\u201d, afirm\u00f3 durante una rueda de prensa posterior a la difusi\u00f3n de un video en el que sujetos armados...\" \/>\n<meta property=\"og:url\" content=\"https:\/\/thepueblatimes.mx\/index.php\/2025\/05\/07\/ssp-asegura-que-continuara-firme-tras-amenazas-del-crimen-organizado\/\" \/>\n<meta property=\"og:site_name\" content=\"The Puebla Times\" \/>\n<meta property=\"article:published_time\" content=\"2025-05-07T19:51:58+00:00\" \/>\n<meta property=\"og:image\" content=\"https:\/\/thepueblatimes.mx\/wp-content\/uploads\/2025\/05\/6ec0cdd5-reporte-ssc_pue-3-9_feb_01-scaled-1.jpeg\" \/>\n\t<meta property=\"og:image:width\" content=\"2560\" \/>\n\t<meta property=\"og:image:height\" content=\"1707\" \/>\n\t<meta property=\"og:image:type\" content=\"image\/jpeg\" \/>\n<meta name=\"author\" content=\"Sa\u00fal Hern\u00e1ndez\" \/>\n<meta name=\"twitter:card\" content=\"summary_large_image\" \/>\n<meta name=\"twitter:label1\" content=\"Escrito por\" \/>\n\t<meta name=\"twitter:data1\" content=\"Sa\u00fal Hern\u00e1ndez\" \/>\n\t<meta name=\"twitter:label2\" content=\"Tiempo de lectura\" \/>\n\t<meta name=\"twitter:data2\" content=\"1 minuto\" \/>\n<script type=\"application\/ld+json\" class=\"yoast-schema-graph\">{\"@context\":\"https:\/\/schema.org\",\"@graph\":[{\"@type\":\"WebPage\",\"@id\":\"https:\/\/thepueblatimes.mx\/index.php\/2025\/05\/07\/ssp-asegura-que-continuara-firme-tras-amenazas-del-crimen-organizado\/\",\"url\":\"https:\/\/thepueblatimes.mx\/index.php\/2025\/05\/07\/ssp-asegura-que-continuara-firme-tras-amenazas-del-crimen-organizado\/\",\"name\":\"SSP asegura que continuar\u00e1 firme tras amenazas del crimen organizado - The Puebla Times\",\"isPartOf\":{\"@id\":\"https:\/\/thepueblatimes.mx\/#website\"},\"datePublished\":\"2025-05-07T19:51:58+00:00\",\"dateModified\":\"2025-05-07T19:51:58+00:00\",\"author\":{\"@id\":\"https:\/\/thepueblatimes.mx\/#\/schema\/person\/1664894c2f65ce2c7a08d8f5f905c13c\"},\"breadcrumb\":{\"@id\":\"https:\/\/thepueblatimes.mx\/index.php\/2025\/05\/07\/ssp-asegura-que-continuara-firme-tras-amenazas-del-crimen-organizado\/#breadcrumb\"},\"inLanguage\":\"es\",\"potentialAction\":[{\"@type\":\"ReadAction\",\"target\":[\"https:\/\/thepueblatimes.mx\/index.php\/2025\/05\/07\/ssp-asegura-que-continuara-firme-tras-amenazas-del-crimen-organizado\/\"]}]},{\"@type\":\"BreadcrumbList\",\"@id\":\"https:\/\/thepueblatimes.mx\/index.php\/2025\/05\/07\/ssp-asegura-que-continuara-firme-tras-amenazas-del-crimen-organizado\/#breadcrumb\",\"itemListElement\":[{\"@type\":\"ListItem\",\"position\":1,\"name\":\"Portada\",\"item\":\"https:\/\/thepueblatimes.mx\/\"},{\"@type\":\"ListItem\",\"position\":2,\"name\":\"SSP asegura que continuar\u00e1 firme tras amenazas del crimen organizado\"}]},{\"@type\":\"WebSite\",\"@id\":\"https:\/\/thepueblatimes.mx\/#website\",\"url\":\"https:\/\/thepueblatimes.mx\/\",\"name\":\"The Puebla Times\",\"description\":\"Noticias del Estado de Puebla\",\"potentialAction\":[{\"@type\":\"SearchAction\",\"target\":{\"@type\":\"EntryPoint\",\"urlTemplate\":\"https:\/\/thepueblatimes.mx\/?s={search_term_string}\"},\"query-input\":\"required name=search_term_string\"}],\"inLanguage\":\"es\"},{\"@type\":\"Person\",\"@id\":\"https:\/\/thepueblatimes.mx\/#\/schema\/person\/1664894c2f65ce2c7a08d8f5f905c13c\",\"name\":\"Sa\u00fal Hern\u00e1ndez\",\"image\":{\"@type\":\"ImageObject\",\"inLanguage\":\"es\",\"@id\":\"https:\/\/thepueblatimes.mx\/#\/schema\/person\/image\/\",\"url\":\"https:\/\/secure.gravatar.com\/avatar\/11be338693f243309532caad8f10c930?s=96&d=mm&r=g\",\"contentUrl\":\"https:\/\/secure.gravatar.com\/avatar\/11be338693f243309532caad8f10c930?s=96&d=mm&r=g\",\"caption\":\"Sa\u00fal Hern\u00e1ndez\"},\"url\":\"https:\/\/thepueblatimes.mx\/index.php\/author\/saulhernandez\/\"}]}<\/script>\n<!-- \/ Yoast SEO plugin. -->","yoast_head_json":{"title":"SSP asegura que continuar\u00e1 firme tras amenazas del crimen organizado - The Puebla Times","robots":{"index":"index","follow":"follow","max-snippet":"max-snippet:-1","max-image-preview":"max-image-preview:large","max-video-preview":"max-video-preview:-1"},"canonical":"https:\/\/thepueblatimes.mx\/index.php\/2025\/05\/07\/ssp-asegura-que-continuara-firme-tras-amenazas-del-crimen-organizado\/","og_locale":"es_ES","og_type":"article","og_title":"SSP asegura que continuar\u00e1 firme tras amenazas del crimen organizado - The Puebla Times","og_description":"El secretario de Seguridad P\u00fablica del estado, Francisco S\u00e1nchez Gonz\u00e1lez, asegur\u00f3 que la instituci\u00f3n no ceder\u00e1 ante amenazas provenientes presuntamente de grupos del crimen organizado. \u201cNo daremos ni un paso atr\u00e1s, seguiremos trabajando con la misma determinaci\u00f3n\u201d, afirm\u00f3 durante una rueda de prensa posterior a la difusi\u00f3n de un video en el que sujetos armados...","og_url":"https:\/\/thepueblatimes.mx\/index.php\/2025\/05\/07\/ssp-asegura-que-continuara-firme-tras-amenazas-del-crimen-organizado\/","og_site_name":"The Puebla Times","article_published_time":"2025-05-07T19:51:58+00:00","og_image":[{"width":2560,"height":1707,"url":"https:\/\/thepueblatimes.mx\/wp-content\/uploads\/2025\/05\/6ec0cdd5-reporte-ssc_pue-3-9_feb_01-scaled-1.jpeg","type":"image\/jpeg"}],"author":"Sa\u00fal Hern\u00e1ndez","twitter_card":"summary_large_image","twitter_misc":{"Escrito por":"Sa\u00fal Hern\u00e1ndez","Tiempo de lectura":"1 minuto"},"schema":{"@context":"https:\/\/schema.org","@graph":[{"@type":"WebPage","@id":"https:\/\/thepueblatimes.mx\/index.php\/2025\/05\/07\/ssp-asegura-que-continuara-firme-tras-amenazas-del-crimen-organizado\/","url":"https:\/\/thepueblatimes.mx\/index.php\/2025\/05\/07\/ssp-asegura-que-continuara-firme-tras-amenazas-del-crimen-organizado\/","name":"SSP asegura que continuar\u00e1 firme tras amenazas del crimen organizado - The Puebla Times","isPartOf":{"@id":"https:\/\/thepueblatimes.mx\/#website"},"datePublished":"2025-05-07T19:51:58+00:00","dateModified":"2025-05-07T19:51:58+00:00","author":{"@id":"https:\/\/thepueblatimes.mx\/#\/schema\/person\/1664894c2f65ce2c7a08d8f5f905c13c"},"breadcrumb":{"@id":"https:\/\/thepueblatimes.mx\/index.php\/2025\/05\/07\/ssp-asegura-que-continuara-firme-tras-amenazas-del-crimen-organizado\/#breadcrumb"},"inLanguage":"es","potentialAction":[{"@type":"ReadAction","target":["https:\/\/thepueblatimes.mx\/index.php\/2025\/05\/07\/ssp-asegura-que-continuara-firme-tras-amenazas-del-crimen-organizado\/"]}]},{"@type":"BreadcrumbList","@id":"https:\/\/thepueblatimes.mx\/index.php\/2025\/05\/07\/ssp-asegura-que-continuara-firme-tras-amenazas-del-crimen-organizado\/#breadcrumb","itemListElement":[{"@type":"ListItem","position":1,"name":"Portada","item":"https:\/\/thepueblatimes.mx\/"},{"@type":"ListItem","position":2,"name":"SSP asegura que continuar\u00e1 firme tras amenazas del crimen organizado"}]},{"@type":"WebSite","@id":"https:\/\/thepueblatimes.mx\/#website","url":"https:\/\/thepueblatimes.mx\/","name":"The Puebla Times","description":"Noticias del Estado de Puebla","potentialAction":[{"@type":"SearchAction","target":{"@type":"EntryPoint","urlTemplate":"https:\/\/thepueblatimes.mx\/?s={search_term_string}"},"query-input":"required name=search_term_string"}],"inLanguage":"es"},{"@type":"Person","@id":"https:\/\/thepueblatimes.mx\/#\/schema\/person\/1664894c2f65ce2c7a08d8f5f905c13c","name":"Sa\u00fal Hern\u00e1ndez","image":{"@type":"ImageObject","inLanguage":"es","@id":"https:\/\/thepueblatimes.mx\/#\/schema\/person\/image\/","url":"https:\/\/secure.gravatar.com\/avatar\/11be338693f243309532caad8f10c930?s=96&d=mm&r=g","contentUrl":"https:\/\/secure.gravatar.com\/avatar\/11be338693f243309532caad8f10c930?s=96&d=mm&r=g","caption":"Sa\u00fal Hern\u00e1ndez"},"url":"https:\/\/thepueblatimes.mx\/index.php\/author\/saulhernandez\/"}]}},"jetpack_featured_media_url":"https:\/\/thepueblatimes.mx\/wp-content\/uploads\/2025\/05\/6ec0cdd5-reporte-ssc_pue-3-9_feb_01-scaled-1.jpeg","_links":{"self":[{"href":"https:\/\/thepueblatimes.mx\/index.php\/wp-json\/wp\/v2\/posts\/29770"}],"collection":[{"href":"https:\/\/thepueblatimes.mx\/index.php\/wp-json\/wp\/v2\/posts"}],"about":[{"href":"https:\/\/thepueblatimes.mx\/index.php\/wp-json\/wp\/v2\/types\/post"}],"author":[{"embeddable":true,"href":"https:\/\/thepueblatimes.mx\/index.php\/wp-json\/wp\/v2\/users\/16"}],"replies":[{"embeddable":true,"href":"https:\/\/thepueblatimes.mx\/index.php\/wp-json\/wp\/v2\/comments?post=29770"}],"version-history":[{"count":1,"href":"https:\/\/thepueblatimes.mx\/index.php\/wp-json\/wp\/v2\/posts\/29770\/revisions"}],"predecessor-version":[{"id":29772,"href":"https:\/\/thepueblatimes.mx\/index.php\/wp-json\/wp\/v2\/posts\/29770\/revisions\/29772"}],"wp:featuredmedia":[{"embeddable":true,"href":"https:\/\/thepueblatimes.mx\/index.php\/wp-json\/wp\/v2\/media\/29771"}],"wp:attachment":[{"href":"https:\/\/thepueblatimes.mx\/index.php\/wp-json\/wp\/v2\/media?parent=29770"}],"wp:term":[{"taxonomy":"category","embeddable":true,"href":"https:\/\/thepueblatimes.mx\/index.php\/wp-json\/wp\/v2\/categories?post=29770"},{"taxonomy":"post_tag","embeddable":true,"href":"https:\/\/thepueblatimes.mx\/index.php\/wp-json\/wp\/v2\/tags?post=29770"}],"curies":[{"name":"wp","href":"https:\/\/api.w.org\/{rel}","templated":true}]}}