{"id":29732,"date":"2025-05-07T08:57:33","date_gmt":"2025-05-07T14:57:33","guid":{"rendered":"https:\/\/thepueblatimes.mx\/?p=29732"},"modified":"2025-05-07T09:03:45","modified_gmt":"2025-05-07T15:03:45","slug":"ssp-fija-postura-ante-difusion-de-video-amenazante-atribuido-a-la-barredora","status":"publish","type":"post","link":"https:\/\/thepueblatimes.mx\/index.php\/2025\/05\/07\/ssp-fija-postura-ante-difusion-de-video-amenazante-atribuido-a-la-barredora\/","title":{"rendered":"SSP fija postura ante difusi\u00f3n de video amenazante atribuido a La Barredora"},"content":{"rendered":"<p>POR FRED ESTRADA<\/p>\n<p>Exhorta a la ciudadan\u00eda a abstenerse de compartir o replicar contenidos que puedan alterar el orden p\u00fablico.<\/p>\n<p>La Secretar\u00eda de Seguridad P\u00fablica fij\u00f3 postura ante la difusi\u00f3n de un video con un mensaje amenazante, atribuido a La Barredora, con un comunicado, en el que exhorta a la ciudadan\u00eda a abstenerse de compartir o replicar contenidos que puedan alterar el orden p\u00fablico.<\/p>\n<p>Ante la difusi\u00f3n de un video en redes sociales y medios digitales, en el que sujetos armados, presuntamente vinculados a la delincuencia organizada, vierten amenazas, la Secretar\u00eda de Seguridad P\u00fablica (SSP) informa:<\/p>\n<p>A trav\u00e9s de la Polic\u00eda Estatal Cibern\u00e9tica, se realiza un an\u00e1lisis minucioso del contenido emitido en el material difundido, para verificar la veracidad y procedencia del mismo.<\/p>\n<p>En Puebla, el Gobierno del Estado, encabezado por Alejandro Armenta, trabaja con firmeza, determinaci\u00f3n y en estrecha coordinaci\u00f3n con las autoridades federales y municipales, en el combate a la delincuencia y condena cualquier acto de intimidaci\u00f3n o violencia que atente contra la seguridad y la paz de las poblanas y los poblanos.<\/p>\n<p>Las instituciones de seguridad act\u00faan con profesionalismo y estricto apego a la legalidad para salvaguardar el estado de derecho. Este tipo de mensajes tienen el claro prop\u00f3sito de generar miedo e inestabilidad en la sociedad, sin embargo, en la lucha contra la delincuencia, no habr\u00e1 ni un paso atr\u00e1s. La SSP contin\u00faa con su labor de construir entornos m\u00e1s seguros mediante la reducci\u00f3n de la incidencia delictiva.<\/p>\n<p>El gobierno estatal exhorta a la ciudadan\u00eda a abstenerse de compartir o replicar contenidos que puedan alterar el orden p\u00fablico. Asimismo, expresa su agradecimiento por la confianza y el respaldo recibidos, y reitera su firme e irrestricto compromiso de trabajar por una Puebla segura.<\/p>\n","protected":false},"excerpt":{"rendered":"<p>POR FRED ESTRADA Exhorta a la ciudadan\u00eda a abstenerse de compartir o replicar contenidos que puedan alterar el orden p\u00fablico. La Secretar\u00eda de Seguridad P\u00fablica fij\u00f3 postura ante la difusi\u00f3n de un video con un mensaje amenazante, atribuido a La Barredora, con un comunicado, en el que exhorta a la ciudadan\u00eda a abstenerse de compartir&#8230;<\/p>\n","protected":false},"author":16,"featured_media":29733,"comment_status":"closed","ping_status":"closed","sticky":false,"template":"","format":"standard","meta":[],"categories":[121],"tags":[2792,2993,1309,3592],"yoast_head":"<!-- This site is optimized with the Yoast SEO plugin v20.8 - https:\/\/yoast.com\/wordpress\/plugins\/seo\/ -->\n<title>SSP fija postura ante difusi\u00f3n de video amenazante atribuido a La Barredora - The Puebla Times<\/title>\n<meta name=\"robots\" content=\"index, follow, max-snippet:-1, max-image-preview:large, max-video-preview:-1\" \/>\n<link rel=\"canonical\" href=\"https:\/\/thepueblatimes.mx\/index.php\/2025\/05\/07\/ssp-fija-postura-ante-difusion-de-video-amenazante-atribuido-a-la-barredora\/\" \/>\n<meta property=\"og:locale\" content=\"es_ES\" \/>\n<meta property=\"og:type\" content=\"article\" \/>\n<meta property=\"og:title\" content=\"SSP fija postura ante difusi\u00f3n de video amenazante atribuido a La Barredora - The Puebla Times\" \/>\n<meta property=\"og:description\" content=\"POR FRED ESTRADA Exhorta a la ciudadan\u00eda a abstenerse de compartir o replicar contenidos que puedan alterar el orden p\u00fablico. La Secretar\u00eda de Seguridad P\u00fablica fij\u00f3 postura ante la difusi\u00f3n de un video con un mensaje amenazante, atribuido a La Barredora, con un comunicado, en el que exhorta a la ciudadan\u00eda a abstenerse de compartir...\" \/>\n<meta property=\"og:url\" content=\"https:\/\/thepueblatimes.mx\/index.php\/2025\/05\/07\/ssp-fija-postura-ante-difusion-de-video-amenazante-atribuido-a-la-barredora\/\" \/>\n<meta property=\"og:site_name\" content=\"The Puebla Times\" \/>\n<meta property=\"article:published_time\" content=\"2025-05-07T14:57:33+00:00\" \/>\n<meta property=\"article:modified_time\" content=\"2025-05-07T15:03:45+00:00\" \/>\n<meta property=\"og:image\" content=\"https:\/\/thepueblatimes.mx\/wp-content\/uploads\/2025\/05\/240909SEGURIDAD-1068x712-1.jpg\" \/>\n\t<meta property=\"og:image:width\" content=\"1068\" \/>\n\t<meta property=\"og:image:height\" content=\"712\" \/>\n\t<meta property=\"og:image:type\" content=\"image\/jpeg\" \/>\n<meta name=\"author\" content=\"Sa\u00fal Hern\u00e1ndez\" \/>\n<meta name=\"twitter:card\" content=\"summary_large_image\" \/>\n<meta name=\"twitter:label1\" content=\"Escrito por\" \/>\n\t<meta name=\"twitter:data1\" content=\"Sa\u00fal Hern\u00e1ndez\" \/>\n\t<meta name=\"twitter:label2\" content=\"Tiempo de lectura\" \/>\n\t<meta name=\"twitter:data2\" content=\"2 minutos\" \/>\n<script type=\"application\/ld+json\" class=\"yoast-schema-graph\">{\"@context\":\"https:\/\/schema.org\",\"@graph\":[{\"@type\":\"WebPage\",\"@id\":\"https:\/\/thepueblatimes.mx\/index.php\/2025\/05\/07\/ssp-fija-postura-ante-difusion-de-video-amenazante-atribuido-a-la-barredora\/\",\"url\":\"https:\/\/thepueblatimes.mx\/index.php\/2025\/05\/07\/ssp-fija-postura-ante-difusion-de-video-amenazante-atribuido-a-la-barredora\/\",\"name\":\"SSP fija postura ante difusi\u00f3n de video amenazante atribuido a La Barredora - The Puebla Times\",\"isPartOf\":{\"@id\":\"https:\/\/thepueblatimes.mx\/#website\"},\"datePublished\":\"2025-05-07T14:57:33+00:00\",\"dateModified\":\"2025-05-07T15:03:45+00:00\",\"author\":{\"@id\":\"https:\/\/thepueblatimes.mx\/#\/schema\/person\/1664894c2f65ce2c7a08d8f5f905c13c\"},\"breadcrumb\":{\"@id\":\"https:\/\/thepueblatimes.mx\/index.php\/2025\/05\/07\/ssp-fija-postura-ante-difusion-de-video-amenazante-atribuido-a-la-barredora\/#breadcrumb\"},\"inLanguage\":\"es\",\"potentialAction\":[{\"@type\":\"ReadAction\",\"target\":[\"https:\/\/thepueblatimes.mx\/index.php\/2025\/05\/07\/ssp-fija-postura-ante-difusion-de-video-amenazante-atribuido-a-la-barredora\/\"]}]},{\"@type\":\"BreadcrumbList\",\"@id\":\"https:\/\/thepueblatimes.mx\/index.php\/2025\/05\/07\/ssp-fija-postura-ante-difusion-de-video-amenazante-atribuido-a-la-barredora\/#breadcrumb\",\"itemListElement\":[{\"@type\":\"ListItem\",\"position\":1,\"name\":\"Portada\",\"item\":\"https:\/\/thepueblatimes.mx\/\"},{\"@type\":\"ListItem\",\"position\":2,\"name\":\"SSP fija postura ante difusi\u00f3n de video amenazante atribuido a La Barredora\"}]},{\"@type\":\"WebSite\",\"@id\":\"https:\/\/thepueblatimes.mx\/#website\",\"url\":\"https:\/\/thepueblatimes.mx\/\",\"name\":\"The Puebla Times\",\"description\":\"Noticias del Estado de Puebla\",\"potentialAction\":[{\"@type\":\"SearchAction\",\"target\":{\"@type\":\"EntryPoint\",\"urlTemplate\":\"https:\/\/thepueblatimes.mx\/?s={search_term_string}\"},\"query-input\":\"required name=search_term_string\"}],\"inLanguage\":\"es\"},{\"@type\":\"Person\",\"@id\":\"https:\/\/thepueblatimes.mx\/#\/schema\/person\/1664894c2f65ce2c7a08d8f5f905c13c\",\"name\":\"Sa\u00fal Hern\u00e1ndez\",\"image\":{\"@type\":\"ImageObject\",\"inLanguage\":\"es\",\"@id\":\"https:\/\/thepueblatimes.mx\/#\/schema\/person\/image\/\",\"url\":\"https:\/\/secure.gravatar.com\/avatar\/11be338693f243309532caad8f10c930?s=96&d=mm&r=g\",\"contentUrl\":\"https:\/\/secure.gravatar.com\/avatar\/11be338693f243309532caad8f10c930?s=96&d=mm&r=g\",\"caption\":\"Sa\u00fal Hern\u00e1ndez\"},\"url\":\"https:\/\/thepueblatimes.mx\/index.php\/author\/saulhernandez\/\"}]}<\/script>\n<!-- \/ Yoast SEO plugin. -->","yoast_head_json":{"title":"SSP fija postura ante difusi\u00f3n de video amenazante atribuido a La Barredora - The Puebla Times","robots":{"index":"index","follow":"follow","max-snippet":"max-snippet:-1","max-image-preview":"max-image-preview:large","max-video-preview":"max-video-preview:-1"},"canonical":"https:\/\/thepueblatimes.mx\/index.php\/2025\/05\/07\/ssp-fija-postura-ante-difusion-de-video-amenazante-atribuido-a-la-barredora\/","og_locale":"es_ES","og_type":"article","og_title":"SSP fija postura ante difusi\u00f3n de video amenazante atribuido a La Barredora - The Puebla Times","og_description":"POR FRED ESTRADA Exhorta a la ciudadan\u00eda a abstenerse de compartir o replicar contenidos que puedan alterar el orden p\u00fablico. La Secretar\u00eda de Seguridad P\u00fablica fij\u00f3 postura ante la difusi\u00f3n de un video con un mensaje amenazante, atribuido a La Barredora, con un comunicado, en el que exhorta a la ciudadan\u00eda a abstenerse de compartir...","og_url":"https:\/\/thepueblatimes.mx\/index.php\/2025\/05\/07\/ssp-fija-postura-ante-difusion-de-video-amenazante-atribuido-a-la-barredora\/","og_site_name":"The Puebla Times","article_published_time":"2025-05-07T14:57:33+00:00","article_modified_time":"2025-05-07T15:03:45+00:00","og_image":[{"width":1068,"height":712,"url":"https:\/\/thepueblatimes.mx\/wp-content\/uploads\/2025\/05\/240909SEGURIDAD-1068x712-1.jpg","type":"image\/jpeg"}],"author":"Sa\u00fal Hern\u00e1ndez","twitter_card":"summary_large_image","twitter_misc":{"Escrito por":"Sa\u00fal Hern\u00e1ndez","Tiempo de lectura":"2 minutos"},"schema":{"@context":"https:\/\/schema.org","@graph":[{"@type":"WebPage","@id":"https:\/\/thepueblatimes.mx\/index.php\/2025\/05\/07\/ssp-fija-postura-ante-difusion-de-video-amenazante-atribuido-a-la-barredora\/","url":"https:\/\/thepueblatimes.mx\/index.php\/2025\/05\/07\/ssp-fija-postura-ante-difusion-de-video-amenazante-atribuido-a-la-barredora\/","name":"SSP fija postura ante difusi\u00f3n de video amenazante atribuido a La Barredora - The Puebla Times","isPartOf":{"@id":"https:\/\/thepueblatimes.mx\/#website"},"datePublished":"2025-05-07T14:57:33+00:00","dateModified":"2025-05-07T15:03:45+00:00","author":{"@id":"https:\/\/thepueblatimes.mx\/#\/schema\/person\/1664894c2f65ce2c7a08d8f5f905c13c"},"breadcrumb":{"@id":"https:\/\/thepueblatimes.mx\/index.php\/2025\/05\/07\/ssp-fija-postura-ante-difusion-de-video-amenazante-atribuido-a-la-barredora\/#breadcrumb"},"inLanguage":"es","potentialAction":[{"@type":"ReadAction","target":["https:\/\/thepueblatimes.mx\/index.php\/2025\/05\/07\/ssp-fija-postura-ante-difusion-de-video-amenazante-atribuido-a-la-barredora\/"]}]},{"@type":"BreadcrumbList","@id":"https:\/\/thepueblatimes.mx\/index.php\/2025\/05\/07\/ssp-fija-postura-ante-difusion-de-video-amenazante-atribuido-a-la-barredora\/#breadcrumb","itemListElement":[{"@type":"ListItem","position":1,"name":"Portada","item":"https:\/\/thepueblatimes.mx\/"},{"@type":"ListItem","position":2,"name":"SSP fija postura ante difusi\u00f3n de video amenazante atribuido a La Barredora"}]},{"@type":"WebSite","@id":"https:\/\/thepueblatimes.mx\/#website","url":"https:\/\/thepueblatimes.mx\/","name":"The Puebla Times","description":"Noticias del Estado de Puebla","potentialAction":[{"@type":"SearchAction","target":{"@type":"EntryPoint","urlTemplate":"https:\/\/thepueblatimes.mx\/?s={search_term_string}"},"query-input":"required name=search_term_string"}],"inLanguage":"es"},{"@type":"Person","@id":"https:\/\/thepueblatimes.mx\/#\/schema\/person\/1664894c2f65ce2c7a08d8f5f905c13c","name":"Sa\u00fal Hern\u00e1ndez","image":{"@type":"ImageObject","inLanguage":"es","@id":"https:\/\/thepueblatimes.mx\/#\/schema\/person\/image\/","url":"https:\/\/secure.gravatar.com\/avatar\/11be338693f243309532caad8f10c930?s=96&d=mm&r=g","contentUrl":"https:\/\/secure.gravatar.com\/avatar\/11be338693f243309532caad8f10c930?s=96&d=mm&r=g","caption":"Sa\u00fal Hern\u00e1ndez"},"url":"https:\/\/thepueblatimes.mx\/index.php\/author\/saulhernandez\/"}]}},"jetpack_featured_media_url":"https:\/\/thepueblatimes.mx\/wp-content\/uploads\/2025\/05\/240909SEGURIDAD-1068x712-1.jpg","_links":{"self":[{"href":"https:\/\/thepueblatimes.mx\/index.php\/wp-json\/wp\/v2\/posts\/29732"}],"collection":[{"href":"https:\/\/thepueblatimes.mx\/index.php\/wp-json\/wp\/v2\/posts"}],"about":[{"href":"https:\/\/thepueblatimes.mx\/index.php\/wp-json\/wp\/v2\/types\/post"}],"author":[{"embeddable":true,"href":"https:\/\/thepueblatimes.mx\/index.php\/wp-json\/wp\/v2\/users\/16"}],"replies":[{"embeddable":true,"href":"https:\/\/thepueblatimes.mx\/index.php\/wp-json\/wp\/v2\/comments?post=29732"}],"version-history":[{"count":2,"href":"https:\/\/thepueblatimes.mx\/index.php\/wp-json\/wp\/v2\/posts\/29732\/revisions"}],"predecessor-version":[{"id":29735,"href":"https:\/\/thepueblatimes.mx\/index.php\/wp-json\/wp\/v2\/posts\/29732\/revisions\/29735"}],"wp:featuredmedia":[{"embeddable":true,"href":"https:\/\/thepueblatimes.mx\/index.php\/wp-json\/wp\/v2\/media\/29733"}],"wp:attachment":[{"href":"https:\/\/thepueblatimes.mx\/index.php\/wp-json\/wp\/v2\/media?parent=29732"}],"wp:term":[{"taxonomy":"category","embeddable":true,"href":"https:\/\/thepueblatimes.mx\/index.php\/wp-json\/wp\/v2\/categories?post=29732"},{"taxonomy":"post_tag","embeddable":true,"href":"https:\/\/thepueblatimes.mx\/index.php\/wp-json\/wp\/v2\/tags?post=29732"}],"curies":[{"name":"wp","href":"https:\/\/api.w.org\/{rel}","templated":true}]}}