{"id":29620,"date":"2025-05-01T16:16:08","date_gmt":"2025-05-01T22:16:08","guid":{"rendered":"https:\/\/thepueblatimes.mx\/?p=29620"},"modified":"2025-05-01T16:16:08","modified_gmt":"2025-05-01T22:16:08","slug":"ase-emite-observaciones-a-la-cuenta-publica-2023-del-municipio-de-puebla","status":"publish","type":"post","link":"https:\/\/thepueblatimes.mx\/index.php\/2025\/05\/01\/ase-emite-observaciones-a-la-cuenta-publica-2023-del-municipio-de-puebla\/","title":{"rendered":"ASE emite observaciones a la cuenta p\u00fablica 2023 del municipio de Puebla"},"content":{"rendered":"<p>POR FRED ESTRADA<\/p>\n<p>La administraci\u00f3n de Eduardo Rivera P\u00e9rez de nueva cuenta est\u00e1 en el foco de atenci\u00f3n de Auditoria Superior del Estado (ASE), en este caso la cuenta p\u00fablica 2023.<\/p>\n<p>La ASE report\u00f3 que existe un probable da\u00f1o patrimonial de 261.2 millones de pesos.<\/p>\n<p>En general, se emitieron 58 observaciones, de las cuales 13 fueron aclaradas y las restantes generaron: seis recomendaciones, 26 solicitudes de aclaraci\u00f3n y 15 pliegos de observaciones.<\/p>\n<p>En concreto, los 15 pliegos de observaciones suman 261 millones 290 mil 675 pesos, que la ASE presume como un probable da\u00f1o o perjuicio, o ambos, a la hacienda p\u00fablica municipal.<\/p>\n<p>Las 15 observaciones<\/p>\n<p>Uno.- El primer posible da\u00f1o patrimonial es por 67 contratos que en total suman $101,739,240.00. Los contratos son por servicios profesionales, cient\u00edficos y t\u00e9cnicos integrales, difusi\u00f3n por radio, televisi\u00f3n y otros medios, servicio de creaci\u00f3n y difusi\u00f3n de contenido exclusivamente a trav\u00e9s de internet.<\/p>\n<p>Dos.- por un monto de $365,400.00, con el proveedor Remedios Producciones y Asociados S.A. de C.V., cuyo objeto es \u00abServicios de Arrendamientos para la Secretar\u00eda de Seguridad Ciudadana\u00bb.<\/p>\n<p>Tres.- por un monto de $5,950,000.00 que corresponde contrato con el proveedor Arky Joman, S. de R.L. de C.V., cuyo objeto es \u00abServicio de mantenimiento integral, preventivo, correctivo e iluminaci\u00f3n de las 74 fuentes\u00bb.<\/p>\n<p>Cuatro.- por un monto de $10,440,000.00 que corresponde al contrato sin n\u00famero de fecha 23 de mayo de 2023, formalizado con el proveedor Arky Joman, S. de R.L. de C.V., cuyo objeto es \u00abServicio de mantenimiento integral de las \u00e1reas permeables de Puebla\u00bb.<\/p>\n<p>Cinco.- por un monto de $11,802,747.42, formalizado con el proveedor Arky Joman, S. de R.L. de C.V., cuyo objeto es \u00abServicio de mantenimiento integral de las \u00e1reas permeables de Puebla\u00bb.<\/p>\n<p>Seis.- por un monto de $8,399,998.48, que corresponde a \u00abAdquisici\u00f3n de materiales, \u00fatiles y equipos menores de oficina para las diversas dependencias del Honorable Ayuntamiento del Municipio de Puebla\u00bb.<\/p>\n<p>Siete.- por un monto de $2,395,687.22 que corresponde al proveedor Construcciones y Soluciones Ambientales Madeisa, S.A. de C.V., cuyo objeto es \u201cServicio de arrendamiento de maquinaria pesada para la Secretar\u00eda de Movilidad e Infraestructura\u201d.<\/p>\n<p>Ocho.- por un monto de $243,509.71, que corresponde al proveedor Exterminio Integral de Plagas e Higiene Ambiental, S.A. de C.V., cuyo objeto es \u00abServicio de fumigaci\u00f3n a los diferentes inmuebles y mercados a cargo del Honorable Ayuntamiento del Municipio de Puebla\u00bb.<\/p>\n<p>Nueve.- por un monto de $23,488,510.40, que corresponde al monto no comprobado del convenio de colaboraci\u00f3n multianual sin n\u00famero, de fecha 17 de mayo de 2023, formalizado con la Universidad Aut\u00f3noma de Chapingo, cuyo objeto es \u00abSuministro y colocaci\u00f3n de \u00e1rboles y plantas para el Municipio de Puebla\u00bb.<\/p>\n<p>Diez.- por un monto de $21,210,948.00, que corresponde al proveedor Sistemas de Informaci\u00f3n Geogr\u00e1fica, S.A. de C.V., cuyo objeto es \u00abServicio de asistencia t\u00e9cnica especializada y servicio de respaldo en la nube contra perdida de datos a trav\u00e9s de la plataforma ServerBox Sie hasta 100 Tb para la Direcci\u00f3n de Catastro 2023-2024\u00bb.<\/p>\n<p>Once.- por un monto de $10,731,000.00 que corresponde al contrato con el proveedor Alta Tecnolog\u00eda Precitool, S.A. de C.V., cuyo objeto es \u00abServicio de renovaci\u00f3n de licenciamiento de la arquitectura h\u00edbrida virtualizada para el Honorable Ayuntamiento del Municipio de Puebla\u00bb.<\/p>\n<p>Doce.- por un monto de $11,456,825.60 que corresponde contrato con el proveedor Magrett la Cocina del Chef, S.A. de C.V., cuyo objeto es \u00abServicio integral de fiestas decembrinas para el personal del H. Ayuntamiento del Municipio de Puebla\u00bb.<\/p>\n<p>Trece.- por un monto de $13,054,999.99 que corresponde al contrato formalizado con el proveedor Aura Comunidad, S. de R.L. de C.V., cuyo objeto es \u00abServicio de desarrollo e implementaci\u00f3n del sistema institucional de administraci\u00f3n de archivos y consulta p\u00fablica para el Archivo General municipal del Honorable Ayuntamiento de Puebla\u00bb.<\/p>\n<p>Catorce.- por un monto de $13,065,312.00 que corresponde al contrato formalizado con el proveedor PSV Sistemas, S.A. de C.V., cuyo objeto es \u00abAdquisici\u00f3n de dispositivos de mano inteligentes de banda ancha, para la Secretar\u00eda de Seguridad Ciudadana\u00bb.<\/p>\n<p>Quince.- por un monto de $26,946,500.00 que corresponde al programa \u201cCr\u00e9ditos Contigo para el otorgamiento de microcr\u00e9ditos a Mipyme del municipio de Puebla 2023\u201d.<\/p>\n","protected":false},"excerpt":{"rendered":"<p>POR FRED ESTRADA La administraci\u00f3n de Eduardo Rivera P\u00e9rez de nueva cuenta est\u00e1 en el foco de atenci\u00f3n de Auditoria Superior del Estado (ASE), en este caso la cuenta p\u00fablica 2023. La ASE report\u00f3 que existe un probable da\u00f1o patrimonial de 261.2 millones de pesos. En general, se emitieron 58 observaciones, de las cuales 13&#8230;<\/p>\n","protected":false},"author":16,"featured_media":29621,"comment_status":"closed","ping_status":"closed","sticky":false,"template":"","format":"standard","meta":[],"categories":[20],"tags":[2071,1287,3560,605],"yoast_head":"<!-- This site is optimized with the Yoast SEO plugin v20.8 - https:\/\/yoast.com\/wordpress\/plugins\/seo\/ -->\n<title>ASE emite observaciones a la cuenta p\u00fablica 2023 del municipio de Puebla - The Puebla Times<\/title>\n<meta name=\"robots\" content=\"index, follow, max-snippet:-1, max-image-preview:large, max-video-preview:-1\" \/>\n<link rel=\"canonical\" href=\"https:\/\/thepueblatimes.mx\/index.php\/2025\/05\/01\/ase-emite-observaciones-a-la-cuenta-publica-2023-del-municipio-de-puebla\/\" \/>\n<meta property=\"og:locale\" content=\"es_ES\" \/>\n<meta property=\"og:type\" content=\"article\" \/>\n<meta property=\"og:title\" content=\"ASE emite observaciones a la cuenta p\u00fablica 2023 del municipio de Puebla - The Puebla Times\" \/>\n<meta property=\"og:description\" content=\"POR FRED ESTRADA La administraci\u00f3n de Eduardo Rivera P\u00e9rez de nueva cuenta est\u00e1 en el foco de atenci\u00f3n de Auditoria Superior del Estado (ASE), en este caso la cuenta p\u00fablica 2023. La ASE report\u00f3 que existe un probable da\u00f1o patrimonial de 261.2 millones de pesos. En general, se emitieron 58 observaciones, de las cuales 13...\" \/>\n<meta property=\"og:url\" content=\"https:\/\/thepueblatimes.mx\/index.php\/2025\/05\/01\/ase-emite-observaciones-a-la-cuenta-publica-2023-del-municipio-de-puebla\/\" \/>\n<meta property=\"og:site_name\" content=\"The Puebla Times\" \/>\n<meta property=\"article:published_time\" content=\"2025-05-01T22:16:08+00:00\" \/>\n<meta property=\"og:image\" content=\"https:\/\/thepueblatimes.mx\/wp-content\/uploads\/2025\/05\/eduardo-rivera-608629.webp\" \/>\n\t<meta property=\"og:image:width\" content=\"1200\" \/>\n\t<meta property=\"og:image:height\" content=\"675\" \/>\n\t<meta property=\"og:image:type\" content=\"image\/webp\" \/>\n<meta name=\"author\" content=\"Sa\u00fal Hern\u00e1ndez\" \/>\n<meta name=\"twitter:card\" content=\"summary_large_image\" \/>\n<meta name=\"twitter:label1\" content=\"Escrito por\" \/>\n\t<meta name=\"twitter:data1\" content=\"Sa\u00fal Hern\u00e1ndez\" \/>\n\t<meta name=\"twitter:label2\" content=\"Tiempo de lectura\" \/>\n\t<meta name=\"twitter:data2\" content=\"4 minutos\" \/>\n<script type=\"application\/ld+json\" class=\"yoast-schema-graph\">{\"@context\":\"https:\/\/schema.org\",\"@graph\":[{\"@type\":\"WebPage\",\"@id\":\"https:\/\/thepueblatimes.mx\/index.php\/2025\/05\/01\/ase-emite-observaciones-a-la-cuenta-publica-2023-del-municipio-de-puebla\/\",\"url\":\"https:\/\/thepueblatimes.mx\/index.php\/2025\/05\/01\/ase-emite-observaciones-a-la-cuenta-publica-2023-del-municipio-de-puebla\/\",\"name\":\"ASE emite observaciones a la cuenta p\u00fablica 2023 del municipio de Puebla - The Puebla Times\",\"isPartOf\":{\"@id\":\"https:\/\/thepueblatimes.mx\/#website\"},\"datePublished\":\"2025-05-01T22:16:08+00:00\",\"dateModified\":\"2025-05-01T22:16:08+00:00\",\"author\":{\"@id\":\"https:\/\/thepueblatimes.mx\/#\/schema\/person\/1664894c2f65ce2c7a08d8f5f905c13c\"},\"breadcrumb\":{\"@id\":\"https:\/\/thepueblatimes.mx\/index.php\/2025\/05\/01\/ase-emite-observaciones-a-la-cuenta-publica-2023-del-municipio-de-puebla\/#breadcrumb\"},\"inLanguage\":\"es\",\"potentialAction\":[{\"@type\":\"ReadAction\",\"target\":[\"https:\/\/thepueblatimes.mx\/index.php\/2025\/05\/01\/ase-emite-observaciones-a-la-cuenta-publica-2023-del-municipio-de-puebla\/\"]}]},{\"@type\":\"BreadcrumbList\",\"@id\":\"https:\/\/thepueblatimes.mx\/index.php\/2025\/05\/01\/ase-emite-observaciones-a-la-cuenta-publica-2023-del-municipio-de-puebla\/#breadcrumb\",\"itemListElement\":[{\"@type\":\"ListItem\",\"position\":1,\"name\":\"Portada\",\"item\":\"https:\/\/thepueblatimes.mx\/\"},{\"@type\":\"ListItem\",\"position\":2,\"name\":\"ASE emite observaciones a la cuenta p\u00fablica 2023 del municipio de Puebla\"}]},{\"@type\":\"WebSite\",\"@id\":\"https:\/\/thepueblatimes.mx\/#website\",\"url\":\"https:\/\/thepueblatimes.mx\/\",\"name\":\"The Puebla Times\",\"description\":\"Noticias del Estado de Puebla\",\"potentialAction\":[{\"@type\":\"SearchAction\",\"target\":{\"@type\":\"EntryPoint\",\"urlTemplate\":\"https:\/\/thepueblatimes.mx\/?s={search_term_string}\"},\"query-input\":\"required name=search_term_string\"}],\"inLanguage\":\"es\"},{\"@type\":\"Person\",\"@id\":\"https:\/\/thepueblatimes.mx\/#\/schema\/person\/1664894c2f65ce2c7a08d8f5f905c13c\",\"name\":\"Sa\u00fal Hern\u00e1ndez\",\"image\":{\"@type\":\"ImageObject\",\"inLanguage\":\"es\",\"@id\":\"https:\/\/thepueblatimes.mx\/#\/schema\/person\/image\/\",\"url\":\"https:\/\/secure.gravatar.com\/avatar\/11be338693f243309532caad8f10c930?s=96&d=mm&r=g\",\"contentUrl\":\"https:\/\/secure.gravatar.com\/avatar\/11be338693f243309532caad8f10c930?s=96&d=mm&r=g\",\"caption\":\"Sa\u00fal Hern\u00e1ndez\"},\"url\":\"https:\/\/thepueblatimes.mx\/index.php\/author\/saulhernandez\/\"}]}<\/script>\n<!-- \/ Yoast SEO plugin. -->","yoast_head_json":{"title":"ASE emite observaciones a la cuenta p\u00fablica 2023 del municipio de Puebla - The Puebla Times","robots":{"index":"index","follow":"follow","max-snippet":"max-snippet:-1","max-image-preview":"max-image-preview:large","max-video-preview":"max-video-preview:-1"},"canonical":"https:\/\/thepueblatimes.mx\/index.php\/2025\/05\/01\/ase-emite-observaciones-a-la-cuenta-publica-2023-del-municipio-de-puebla\/","og_locale":"es_ES","og_type":"article","og_title":"ASE emite observaciones a la cuenta p\u00fablica 2023 del municipio de Puebla - The Puebla Times","og_description":"POR FRED ESTRADA La administraci\u00f3n de Eduardo Rivera P\u00e9rez de nueva cuenta est\u00e1 en el foco de atenci\u00f3n de Auditoria Superior del Estado (ASE), en este caso la cuenta p\u00fablica 2023. La ASE report\u00f3 que existe un probable da\u00f1o patrimonial de 261.2 millones de pesos. En general, se emitieron 58 observaciones, de las cuales 13...","og_url":"https:\/\/thepueblatimes.mx\/index.php\/2025\/05\/01\/ase-emite-observaciones-a-la-cuenta-publica-2023-del-municipio-de-puebla\/","og_site_name":"The Puebla Times","article_published_time":"2025-05-01T22:16:08+00:00","og_image":[{"width":1200,"height":675,"url":"https:\/\/thepueblatimes.mx\/wp-content\/uploads\/2025\/05\/eduardo-rivera-608629.webp","type":"image\/webp"}],"author":"Sa\u00fal Hern\u00e1ndez","twitter_card":"summary_large_image","twitter_misc":{"Escrito por":"Sa\u00fal Hern\u00e1ndez","Tiempo de lectura":"4 minutos"},"schema":{"@context":"https:\/\/schema.org","@graph":[{"@type":"WebPage","@id":"https:\/\/thepueblatimes.mx\/index.php\/2025\/05\/01\/ase-emite-observaciones-a-la-cuenta-publica-2023-del-municipio-de-puebla\/","url":"https:\/\/thepueblatimes.mx\/index.php\/2025\/05\/01\/ase-emite-observaciones-a-la-cuenta-publica-2023-del-municipio-de-puebla\/","name":"ASE emite observaciones a la cuenta p\u00fablica 2023 del municipio de Puebla - The Puebla Times","isPartOf":{"@id":"https:\/\/thepueblatimes.mx\/#website"},"datePublished":"2025-05-01T22:16:08+00:00","dateModified":"2025-05-01T22:16:08+00:00","author":{"@id":"https:\/\/thepueblatimes.mx\/#\/schema\/person\/1664894c2f65ce2c7a08d8f5f905c13c"},"breadcrumb":{"@id":"https:\/\/thepueblatimes.mx\/index.php\/2025\/05\/01\/ase-emite-observaciones-a-la-cuenta-publica-2023-del-municipio-de-puebla\/#breadcrumb"},"inLanguage":"es","potentialAction":[{"@type":"ReadAction","target":["https:\/\/thepueblatimes.mx\/index.php\/2025\/05\/01\/ase-emite-observaciones-a-la-cuenta-publica-2023-del-municipio-de-puebla\/"]}]},{"@type":"BreadcrumbList","@id":"https:\/\/thepueblatimes.mx\/index.php\/2025\/05\/01\/ase-emite-observaciones-a-la-cuenta-publica-2023-del-municipio-de-puebla\/#breadcrumb","itemListElement":[{"@type":"ListItem","position":1,"name":"Portada","item":"https:\/\/thepueblatimes.mx\/"},{"@type":"ListItem","position":2,"name":"ASE emite observaciones a la cuenta p\u00fablica 2023 del municipio de Puebla"}]},{"@type":"WebSite","@id":"https:\/\/thepueblatimes.mx\/#website","url":"https:\/\/thepueblatimes.mx\/","name":"The Puebla Times","description":"Noticias del Estado de Puebla","potentialAction":[{"@type":"SearchAction","target":{"@type":"EntryPoint","urlTemplate":"https:\/\/thepueblatimes.mx\/?s={search_term_string}"},"query-input":"required name=search_term_string"}],"inLanguage":"es"},{"@type":"Person","@id":"https:\/\/thepueblatimes.mx\/#\/schema\/person\/1664894c2f65ce2c7a08d8f5f905c13c","name":"Sa\u00fal Hern\u00e1ndez","image":{"@type":"ImageObject","inLanguage":"es","@id":"https:\/\/thepueblatimes.mx\/#\/schema\/person\/image\/","url":"https:\/\/secure.gravatar.com\/avatar\/11be338693f243309532caad8f10c930?s=96&d=mm&r=g","contentUrl":"https:\/\/secure.gravatar.com\/avatar\/11be338693f243309532caad8f10c930?s=96&d=mm&r=g","caption":"Sa\u00fal Hern\u00e1ndez"},"url":"https:\/\/thepueblatimes.mx\/index.php\/author\/saulhernandez\/"}]}},"jetpack_featured_media_url":"https:\/\/thepueblatimes.mx\/wp-content\/uploads\/2025\/05\/eduardo-rivera-608629.webp","_links":{"self":[{"href":"https:\/\/thepueblatimes.mx\/index.php\/wp-json\/wp\/v2\/posts\/29620"}],"collection":[{"href":"https:\/\/thepueblatimes.mx\/index.php\/wp-json\/wp\/v2\/posts"}],"about":[{"href":"https:\/\/thepueblatimes.mx\/index.php\/wp-json\/wp\/v2\/types\/post"}],"author":[{"embeddable":true,"href":"https:\/\/thepueblatimes.mx\/index.php\/wp-json\/wp\/v2\/users\/16"}],"replies":[{"embeddable":true,"href":"https:\/\/thepueblatimes.mx\/index.php\/wp-json\/wp\/v2\/comments?post=29620"}],"version-history":[{"count":1,"href":"https:\/\/thepueblatimes.mx\/index.php\/wp-json\/wp\/v2\/posts\/29620\/revisions"}],"predecessor-version":[{"id":29622,"href":"https:\/\/thepueblatimes.mx\/index.php\/wp-json\/wp\/v2\/posts\/29620\/revisions\/29622"}],"wp:featuredmedia":[{"embeddable":true,"href":"https:\/\/thepueblatimes.mx\/index.php\/wp-json\/wp\/v2\/media\/29621"}],"wp:attachment":[{"href":"https:\/\/thepueblatimes.mx\/index.php\/wp-json\/wp\/v2\/media?parent=29620"}],"wp:term":[{"taxonomy":"category","embeddable":true,"href":"https:\/\/thepueblatimes.mx\/index.php\/wp-json\/wp\/v2\/categories?post=29620"},{"taxonomy":"post_tag","embeddable":true,"href":"https:\/\/thepueblatimes.mx\/index.php\/wp-json\/wp\/v2\/tags?post=29620"}],"curies":[{"name":"wp","href":"https:\/\/api.w.org\/{rel}","templated":true}]}}