{"id":29617,"date":"2025-05-01T15:25:06","date_gmt":"2025-05-01T21:25:06","guid":{"rendered":"https:\/\/thepueblatimes.mx\/?p=29617"},"modified":"2025-05-01T15:25:06","modified_gmt":"2025-05-01T21:25:06","slug":"guadalupe-cuautle-senala-que-acudio-a-la-feria-de-puebla-en-su-tiempo-libre","status":"publish","type":"post","link":"https:\/\/thepueblatimes.mx\/index.php\/2025\/05\/01\/guadalupe-cuautle-senala-que-acudio-a-la-feria-de-puebla-en-su-tiempo-libre\/","title":{"rendered":"Guadalupe Cuautle se\u00f1ala que acudi\u00f3 a la Feria de Puebla, en su tiempo libre"},"content":{"rendered":"<p>POR FRED ESTRADA<\/p>\n<p>La presidenta municipal de San Andr\u00e9s Cholula, Guadalupe Cuautle, argument\u00f3 que acudi\u00f3 a la Feria de Puebla el 29 de abril, en su tiempo libre; una estrategia que han utilizado otros pol\u00edticos para enfrentar se\u00f1alamientos adversos, sin considerar que en t\u00e9rminos generales el ejercicio del cargo, no tiene horario establecido, sino m\u00e1s bien es permanente.<\/p>\n<p>Esta es, sin duda, una valiosa oportunidad para recordar que un presidente municipal no cuenta con un horario que limite el desempe\u00f1o de su funciones, aunque pueden en ocasiones solicitar licencia.<\/p>\n<p>Sin duda, si existe un horario laboral para los presidentes municipales ser\u00eda conveniente que se hiciera del conocimiento p\u00fablico, para que en el resto del tiempo fueran tratados como un ciudadano normal, que ha terminado su jornada de trabajo.<\/p>\n<p>En los hechos, Guadalupe Cuautle Torres, acudi\u00f3 a la Feria de Puebla, en concreto al concierto de Juli\u00f3n \u00c1lvarez, donde fue captada en una actitud de franca euforia.<\/p>\n<p>Un comportamiento que corresponde a su vida privada y que debe ser respetado, pero al tratarse de una figura p\u00fablica, result\u00f3 llamativo.<br \/>\nEn entrevista, Guadalupe Cuautle dijo que fue invitada a la presentaci\u00f3n de Juli\u00f3n \u00c1lvarez a la que asisti\u00f3 con su esposo, Edmundo Tlateui.<\/p>\n<p>Expres\u00f3 \u201crecibimos la invitaci\u00f3n para ir a ver a Juli\u00f3n, la verdad me la pas\u00e9 muy bien, estuve con mi esposo, estuvimos un ratito bailando, es parte de lo que me gusta hacer\u201d.<\/p>\n<p>\u201cYo siempre he escuchado todas las voces. De mi parte me gusta la m\u00fasica, me gusta bailar, no es algo que est\u00e9 ocultando en esos videos que se han compartido en redes sociales. Es una forma de expresi\u00f3n\u201d, a\u00f1adi\u00f3.<\/p>\n<p>&nbsp;<\/p>\n<p>Sin embargo, ante los cuestionamientos en medios, apunt\u00f3 que respeta la libertad de expresi\u00f3n.<\/p>\n","protected":false},"excerpt":{"rendered":"<p>POR FRED ESTRADA La presidenta municipal de San Andr\u00e9s Cholula, Guadalupe Cuautle, argument\u00f3 que acudi\u00f3 a la Feria de Puebla el 29 de abril, en su tiempo libre; una estrategia que han utilizado otros pol\u00edticos para enfrentar se\u00f1alamientos adversos, sin considerar que en t\u00e9rminos generales el ejercicio del cargo, no tiene horario establecido, sino m\u00e1s&#8230;<\/p>\n","protected":false},"author":16,"featured_media":29618,"comment_status":"closed","ping_status":"closed","sticky":false,"template":"","format":"standard","meta":[],"categories":[15,11],"tags":[1276,1683,228],"yoast_head":"<!-- This site is optimized with the Yoast SEO plugin v20.8 - https:\/\/yoast.com\/wordpress\/plugins\/seo\/ -->\n<title>Guadalupe Cuautle se\u00f1ala que acudi\u00f3 a la Feria de Puebla, en su tiempo libre - The Puebla Times<\/title>\n<meta name=\"robots\" content=\"index, follow, max-snippet:-1, max-image-preview:large, max-video-preview:-1\" \/>\n<link rel=\"canonical\" href=\"https:\/\/thepueblatimes.mx\/index.php\/2025\/05\/01\/guadalupe-cuautle-senala-que-acudio-a-la-feria-de-puebla-en-su-tiempo-libre\/\" \/>\n<meta property=\"og:locale\" content=\"es_ES\" \/>\n<meta property=\"og:type\" content=\"article\" \/>\n<meta property=\"og:title\" content=\"Guadalupe Cuautle se\u00f1ala que acudi\u00f3 a la Feria de Puebla, en su tiempo libre - The Puebla Times\" \/>\n<meta property=\"og:description\" content=\"POR FRED ESTRADA La presidenta municipal de San Andr\u00e9s Cholula, Guadalupe Cuautle, argument\u00f3 que acudi\u00f3 a la Feria de Puebla el 29 de abril, en su tiempo libre; una estrategia que han utilizado otros pol\u00edticos para enfrentar se\u00f1alamientos adversos, sin considerar que en t\u00e9rminos generales el ejercicio del cargo, no tiene horario establecido, sino m\u00e1s...\" \/>\n<meta property=\"og:url\" content=\"https:\/\/thepueblatimes.mx\/index.php\/2025\/05\/01\/guadalupe-cuautle-senala-que-acudio-a-la-feria-de-puebla-en-su-tiempo-libre\/\" \/>\n<meta property=\"og:site_name\" content=\"The Puebla Times\" \/>\n<meta property=\"article:published_time\" content=\"2025-05-01T21:25:06+00:00\" \/>\n<meta property=\"og:image\" content=\"https:\/\/thepueblatimes.mx\/wp-content\/uploads\/2025\/05\/guadalupe-cuautle-649820-1024x1536-1.jpg\" \/>\n\t<meta property=\"og:image:width\" content=\"1024\" \/>\n\t<meta property=\"og:image:height\" content=\"1536\" \/>\n\t<meta property=\"og:image:type\" content=\"image\/jpeg\" \/>\n<meta name=\"author\" content=\"Sa\u00fal Hern\u00e1ndez\" \/>\n<meta name=\"twitter:card\" content=\"summary_large_image\" \/>\n<meta name=\"twitter:label1\" content=\"Escrito por\" \/>\n\t<meta name=\"twitter:data1\" content=\"Sa\u00fal Hern\u00e1ndez\" \/>\n\t<meta name=\"twitter:label2\" content=\"Tiempo de lectura\" \/>\n\t<meta name=\"twitter:data2\" content=\"2 minutos\" \/>\n<script type=\"application\/ld+json\" class=\"yoast-schema-graph\">{\"@context\":\"https:\/\/schema.org\",\"@graph\":[{\"@type\":\"WebPage\",\"@id\":\"https:\/\/thepueblatimes.mx\/index.php\/2025\/05\/01\/guadalupe-cuautle-senala-que-acudio-a-la-feria-de-puebla-en-su-tiempo-libre\/\",\"url\":\"https:\/\/thepueblatimes.mx\/index.php\/2025\/05\/01\/guadalupe-cuautle-senala-que-acudio-a-la-feria-de-puebla-en-su-tiempo-libre\/\",\"name\":\"Guadalupe Cuautle se\u00f1ala que acudi\u00f3 a la Feria de Puebla, en su tiempo libre - The Puebla Times\",\"isPartOf\":{\"@id\":\"https:\/\/thepueblatimes.mx\/#website\"},\"datePublished\":\"2025-05-01T21:25:06+00:00\",\"dateModified\":\"2025-05-01T21:25:06+00:00\",\"author\":{\"@id\":\"https:\/\/thepueblatimes.mx\/#\/schema\/person\/1664894c2f65ce2c7a08d8f5f905c13c\"},\"breadcrumb\":{\"@id\":\"https:\/\/thepueblatimes.mx\/index.php\/2025\/05\/01\/guadalupe-cuautle-senala-que-acudio-a-la-feria-de-puebla-en-su-tiempo-libre\/#breadcrumb\"},\"inLanguage\":\"es\",\"potentialAction\":[{\"@type\":\"ReadAction\",\"target\":[\"https:\/\/thepueblatimes.mx\/index.php\/2025\/05\/01\/guadalupe-cuautle-senala-que-acudio-a-la-feria-de-puebla-en-su-tiempo-libre\/\"]}]},{\"@type\":\"BreadcrumbList\",\"@id\":\"https:\/\/thepueblatimes.mx\/index.php\/2025\/05\/01\/guadalupe-cuautle-senala-que-acudio-a-la-feria-de-puebla-en-su-tiempo-libre\/#breadcrumb\",\"itemListElement\":[{\"@type\":\"ListItem\",\"position\":1,\"name\":\"Portada\",\"item\":\"https:\/\/thepueblatimes.mx\/\"},{\"@type\":\"ListItem\",\"position\":2,\"name\":\"Guadalupe Cuautle se\u00f1ala que acudi\u00f3 a la Feria de Puebla, en su tiempo libre\"}]},{\"@type\":\"WebSite\",\"@id\":\"https:\/\/thepueblatimes.mx\/#website\",\"url\":\"https:\/\/thepueblatimes.mx\/\",\"name\":\"The Puebla Times\",\"description\":\"Noticias del Estado de Puebla\",\"potentialAction\":[{\"@type\":\"SearchAction\",\"target\":{\"@type\":\"EntryPoint\",\"urlTemplate\":\"https:\/\/thepueblatimes.mx\/?s={search_term_string}\"},\"query-input\":\"required name=search_term_string\"}],\"inLanguage\":\"es\"},{\"@type\":\"Person\",\"@id\":\"https:\/\/thepueblatimes.mx\/#\/schema\/person\/1664894c2f65ce2c7a08d8f5f905c13c\",\"name\":\"Sa\u00fal Hern\u00e1ndez\",\"image\":{\"@type\":\"ImageObject\",\"inLanguage\":\"es\",\"@id\":\"https:\/\/thepueblatimes.mx\/#\/schema\/person\/image\/\",\"url\":\"https:\/\/secure.gravatar.com\/avatar\/11be338693f243309532caad8f10c930?s=96&d=mm&r=g\",\"contentUrl\":\"https:\/\/secure.gravatar.com\/avatar\/11be338693f243309532caad8f10c930?s=96&d=mm&r=g\",\"caption\":\"Sa\u00fal Hern\u00e1ndez\"},\"url\":\"https:\/\/thepueblatimes.mx\/index.php\/author\/saulhernandez\/\"}]}<\/script>\n<!-- \/ Yoast SEO plugin. -->","yoast_head_json":{"title":"Guadalupe Cuautle se\u00f1ala que acudi\u00f3 a la Feria de Puebla, en su tiempo libre - The Puebla Times","robots":{"index":"index","follow":"follow","max-snippet":"max-snippet:-1","max-image-preview":"max-image-preview:large","max-video-preview":"max-video-preview:-1"},"canonical":"https:\/\/thepueblatimes.mx\/index.php\/2025\/05\/01\/guadalupe-cuautle-senala-que-acudio-a-la-feria-de-puebla-en-su-tiempo-libre\/","og_locale":"es_ES","og_type":"article","og_title":"Guadalupe Cuautle se\u00f1ala que acudi\u00f3 a la Feria de Puebla, en su tiempo libre - The Puebla Times","og_description":"POR FRED ESTRADA La presidenta municipal de San Andr\u00e9s Cholula, Guadalupe Cuautle, argument\u00f3 que acudi\u00f3 a la Feria de Puebla el 29 de abril, en su tiempo libre; una estrategia que han utilizado otros pol\u00edticos para enfrentar se\u00f1alamientos adversos, sin considerar que en t\u00e9rminos generales el ejercicio del cargo, no tiene horario establecido, sino m\u00e1s...","og_url":"https:\/\/thepueblatimes.mx\/index.php\/2025\/05\/01\/guadalupe-cuautle-senala-que-acudio-a-la-feria-de-puebla-en-su-tiempo-libre\/","og_site_name":"The Puebla Times","article_published_time":"2025-05-01T21:25:06+00:00","og_image":[{"width":1024,"height":1536,"url":"https:\/\/thepueblatimes.mx\/wp-content\/uploads\/2025\/05\/guadalupe-cuautle-649820-1024x1536-1.jpg","type":"image\/jpeg"}],"author":"Sa\u00fal Hern\u00e1ndez","twitter_card":"summary_large_image","twitter_misc":{"Escrito por":"Sa\u00fal Hern\u00e1ndez","Tiempo de lectura":"2 minutos"},"schema":{"@context":"https:\/\/schema.org","@graph":[{"@type":"WebPage","@id":"https:\/\/thepueblatimes.mx\/index.php\/2025\/05\/01\/guadalupe-cuautle-senala-que-acudio-a-la-feria-de-puebla-en-su-tiempo-libre\/","url":"https:\/\/thepueblatimes.mx\/index.php\/2025\/05\/01\/guadalupe-cuautle-senala-que-acudio-a-la-feria-de-puebla-en-su-tiempo-libre\/","name":"Guadalupe Cuautle se\u00f1ala que acudi\u00f3 a la Feria de Puebla, en su tiempo libre - The Puebla Times","isPartOf":{"@id":"https:\/\/thepueblatimes.mx\/#website"},"datePublished":"2025-05-01T21:25:06+00:00","dateModified":"2025-05-01T21:25:06+00:00","author":{"@id":"https:\/\/thepueblatimes.mx\/#\/schema\/person\/1664894c2f65ce2c7a08d8f5f905c13c"},"breadcrumb":{"@id":"https:\/\/thepueblatimes.mx\/index.php\/2025\/05\/01\/guadalupe-cuautle-senala-que-acudio-a-la-feria-de-puebla-en-su-tiempo-libre\/#breadcrumb"},"inLanguage":"es","potentialAction":[{"@type":"ReadAction","target":["https:\/\/thepueblatimes.mx\/index.php\/2025\/05\/01\/guadalupe-cuautle-senala-que-acudio-a-la-feria-de-puebla-en-su-tiempo-libre\/"]}]},{"@type":"BreadcrumbList","@id":"https:\/\/thepueblatimes.mx\/index.php\/2025\/05\/01\/guadalupe-cuautle-senala-que-acudio-a-la-feria-de-puebla-en-su-tiempo-libre\/#breadcrumb","itemListElement":[{"@type":"ListItem","position":1,"name":"Portada","item":"https:\/\/thepueblatimes.mx\/"},{"@type":"ListItem","position":2,"name":"Guadalupe Cuautle se\u00f1ala que acudi\u00f3 a la Feria de Puebla, en su tiempo libre"}]},{"@type":"WebSite","@id":"https:\/\/thepueblatimes.mx\/#website","url":"https:\/\/thepueblatimes.mx\/","name":"The Puebla Times","description":"Noticias del Estado de Puebla","potentialAction":[{"@type":"SearchAction","target":{"@type":"EntryPoint","urlTemplate":"https:\/\/thepueblatimes.mx\/?s={search_term_string}"},"query-input":"required name=search_term_string"}],"inLanguage":"es"},{"@type":"Person","@id":"https:\/\/thepueblatimes.mx\/#\/schema\/person\/1664894c2f65ce2c7a08d8f5f905c13c","name":"Sa\u00fal Hern\u00e1ndez","image":{"@type":"ImageObject","inLanguage":"es","@id":"https:\/\/thepueblatimes.mx\/#\/schema\/person\/image\/","url":"https:\/\/secure.gravatar.com\/avatar\/11be338693f243309532caad8f10c930?s=96&d=mm&r=g","contentUrl":"https:\/\/secure.gravatar.com\/avatar\/11be338693f243309532caad8f10c930?s=96&d=mm&r=g","caption":"Sa\u00fal Hern\u00e1ndez"},"url":"https:\/\/thepueblatimes.mx\/index.php\/author\/saulhernandez\/"}]}},"jetpack_featured_media_url":"https:\/\/thepueblatimes.mx\/wp-content\/uploads\/2025\/05\/guadalupe-cuautle-649820-1024x1536-1.jpg","_links":{"self":[{"href":"https:\/\/thepueblatimes.mx\/index.php\/wp-json\/wp\/v2\/posts\/29617"}],"collection":[{"href":"https:\/\/thepueblatimes.mx\/index.php\/wp-json\/wp\/v2\/posts"}],"about":[{"href":"https:\/\/thepueblatimes.mx\/index.php\/wp-json\/wp\/v2\/types\/post"}],"author":[{"embeddable":true,"href":"https:\/\/thepueblatimes.mx\/index.php\/wp-json\/wp\/v2\/users\/16"}],"replies":[{"embeddable":true,"href":"https:\/\/thepueblatimes.mx\/index.php\/wp-json\/wp\/v2\/comments?post=29617"}],"version-history":[{"count":1,"href":"https:\/\/thepueblatimes.mx\/index.php\/wp-json\/wp\/v2\/posts\/29617\/revisions"}],"predecessor-version":[{"id":29619,"href":"https:\/\/thepueblatimes.mx\/index.php\/wp-json\/wp\/v2\/posts\/29617\/revisions\/29619"}],"wp:featuredmedia":[{"embeddable":true,"href":"https:\/\/thepueblatimes.mx\/index.php\/wp-json\/wp\/v2\/media\/29618"}],"wp:attachment":[{"href":"https:\/\/thepueblatimes.mx\/index.php\/wp-json\/wp\/v2\/media?parent=29617"}],"wp:term":[{"taxonomy":"category","embeddable":true,"href":"https:\/\/thepueblatimes.mx\/index.php\/wp-json\/wp\/v2\/categories?post=29617"},{"taxonomy":"post_tag","embeddable":true,"href":"https:\/\/thepueblatimes.mx\/index.php\/wp-json\/wp\/v2\/tags?post=29617"}],"curies":[{"name":"wp","href":"https:\/\/api.w.org\/{rel}","templated":true}]}}