{"id":29614,"date":"2025-05-01T13:36:02","date_gmt":"2025-05-01T19:36:02","guid":{"rendered":"https:\/\/thepueblatimes.mx\/?p=29614"},"modified":"2025-05-01T13:36:02","modified_gmt":"2025-05-01T19:36:02","slug":"impulsan-en-el-congreso-iniciativa-para-sancionar-a-quien-exalte-imagenes-de-narcotraficantes-en-eventos-masivos","status":"publish","type":"post","link":"https:\/\/thepueblatimes.mx\/index.php\/2025\/05\/01\/impulsan-en-el-congreso-iniciativa-para-sancionar-a-quien-exalte-imagenes-de-narcotraficantes-en-eventos-masivos\/","title":{"rendered":"Impulsan en el Congreso iniciativa para sancionar a quien exalte im\u00e1genes de narcotraficantes en eventos masivos"},"content":{"rendered":"<h3><em>-En sesi\u00f3n de la Comisi\u00f3n Permanente se presentaron propuestas legislativas en materia de salud, trabajo, educaci\u00f3n y desarrollo rural<\/em><\/h3>\n<p>&nbsp;<\/p>\n<p>&nbsp;<\/p>\n<p>En sesi\u00f3n de la Comisi\u00f3n Permanente del Congreso del Estado, el diputado Julio Miguel Huerta G\u00f3mez present\u00f3 una iniciativa para adicionar diversas disposiciones al C\u00f3digo Penal del Estado a fin de establecer que, al que durante alguna funci\u00f3n de m\u00fasica o espect\u00e1culo masivo presente im\u00e1genes de personas que fueron encontradas culpables de la comisi\u00f3n de delitos de lesa humanidad y narcotr\u00e1fico, dando lugar a su admiraci\u00f3n, homenaje o sugerencia de ejemplo a seguir, ser\u00e1 sancionado con prisi\u00f3n de 30 d\u00edas a 9 meses y multa de 2 mil a 5 mil Unidades de Medida y Actualizaci\u00f3n.<\/p>\n<p>&nbsp;<\/p>\n<p>La propuesta legislativa tambi\u00e9n establece que quien materialice la conducta mencionada, aun cuando sea una agrupaci\u00f3n, ser\u00e1 responsable la persona que haya firmado el contrato de la presentaci\u00f3n del espect\u00e1culo ante el promotor del evento.<\/p>\n<p>&nbsp;<\/p>\n<p>La iniciativa, que propone adicionar dos p\u00e1rrafos al art\u00edculo 229 del C\u00f3digo Penal del Estado de Puebla, fue turnada a la Comisi\u00f3n de Procuraci\u00f3n y Administraci\u00f3n de Justicia, para su estudio y resoluci\u00f3n correspondiente.<\/p>\n<p>&nbsp;<\/p>\n<p>Por otra parte, el diputado Jaime Alejandro Aurioles Barroeta present\u00f3 una iniciativa de reforma a la Ley de los Derechos de las Ni\u00f1as, Ni\u00f1os y Adolescentes del Estado de Puebla, con la finalidad de estipular que le corresponde a las autoridades estatales y municipales establecer medidas para prevenir, erradicar y atender embarazos tempranos y enfermedades de transmisi\u00f3n sexual, as\u00ed como proporcionar asesor\u00eda y orientaci\u00f3n sobre planificaci\u00f3n familiar.<\/p>\n<p>&nbsp;<\/p>\n<p>La propuesta legislativa fue turnada a la Comisi\u00f3n de Salud, para su an\u00e1lisis procedente.<\/p>\n<p>&nbsp;<\/p>\n<p>Durante la sesi\u00f3n, la diputada Fedrha Isabel Suriano Corrales present\u00f3 un punto de acuerdo por el que se exhorta al Gobierno del Estado de Puebla y a los 217 Ayuntamientos, a establecer espacios recreativos, adecuados y seguros para ni\u00f1as y ni\u00f1os, a fin de garantizar su derecho al descanso y esparcimiento.<\/p>\n<p>&nbsp;<\/p>\n<p>El punto de acuerdo fue dirigido a la Comisi\u00f3n de la Familia y los Derechos de la Ni\u00f1ez.<\/p>\n<p>&nbsp;<\/p>\n<p>Durante la Sesi\u00f3n de la Comisi\u00f3n Permanente se dio cuenta de las siguientes iniciativas:<\/p>\n<p>&nbsp;<\/p>\n<p>-Iniciativas de la diputada Norma Estela Pimentel M\u00e9ndez para modificar la Ley de los Trabajadores al Servicio del Estado y la Ley de Adquisiciones, Arrendamientos y Servicios del Sector P\u00fablico Estatal y Municipal, con la finalidad de considerar t\u00e9rminos neutros e incluyentes, a fin de contar con un marco normativo con perspectiva de g\u00e9nero.<\/p>\n<p>&nbsp;<\/p>\n<p>Las iniciativas fueron turnadas a la Comisi\u00f3n de Trabajo, Competitividad y Previsi\u00f3n Social, as\u00ed como a la Comisi\u00f3n de Hacienda y Patrimonio Municipal, para su an\u00e1lisis procedente.<\/p>\n<p>&nbsp;<\/p>\n<p>-Iniciativa del diputado Julio Miguel Huerta G\u00f3mez para adicionar diversas disposiciones a la Ley de Educaci\u00f3n, con la finalidad de establecer mecanismos electr\u00f3nicos, aplicaciones o inhabilitadores que garanticen que las ni\u00f1as, ni\u00f1os y adolescentes \u00fanicamente tengan acceso a las Tecnolog\u00edas de la Informaci\u00f3n y las Comunicaciones, de acuerdo con las necesidades educativas indispensables, propias de su edad y horarios determinados.<\/p>\n<p>&nbsp;<\/p>\n<p>La propuesta legislativa fue turnada a la Comisi\u00f3n de Educaci\u00f3n, para su an\u00e1lisis correspondiente.<\/p>\n<p>&nbsp;<\/p>\n<p>-Punto de acuerdo de la diputada Delfina Pozos Vergara para exhortar a la Titular de la Secretar\u00eda de Agricultura y Desarrollo Social del Estado y a los Ayuntamientos para que de manera coordinada difundan las Reglas de Operaci\u00f3n del Programa para la Prevenci\u00f3n y Atenci\u00f3n de Contingencias Agropecuarias, para conocimiento de las personas que se dedican a actividades productivas que lleguen a tener afectaciones en sus cultivos por alg\u00fan siniestro.<\/p>\n<p>&nbsp;<\/p>\n<p>El exhorto fue turnado a la Comisi\u00f3n de Desarrollo Rural, para su estudio y resoluci\u00f3n procedente.<\/p>\n","protected":false},"excerpt":{"rendered":"<p>-En sesi\u00f3n de la Comisi\u00f3n Permanente se presentaron propuestas legislativas en materia de salud, trabajo, educaci\u00f3n y desarrollo rural &nbsp; &nbsp; En sesi\u00f3n de la Comisi\u00f3n Permanente del Congreso del Estado, el diputado Julio Miguel Huerta G\u00f3mez present\u00f3 una iniciativa para adicionar diversas disposiciones al C\u00f3digo Penal del Estado a fin de establecer que, al&#8230;<\/p>\n","protected":false},"author":16,"featured_media":29615,"comment_status":"closed","ping_status":"closed","sticky":false,"template":"","format":"standard","meta":[],"categories":[3],"tags":[1480,1271],"yoast_head":"<!-- This site is optimized with the Yoast SEO plugin v20.8 - https:\/\/yoast.com\/wordpress\/plugins\/seo\/ -->\n<title>Impulsan en el Congreso iniciativa para sancionar a quien exalte im\u00e1genes de narcotraficantes en eventos masivos - The Puebla Times<\/title>\n<meta name=\"robots\" content=\"index, follow, max-snippet:-1, max-image-preview:large, max-video-preview:-1\" \/>\n<link rel=\"canonical\" href=\"https:\/\/thepueblatimes.mx\/index.php\/2025\/05\/01\/impulsan-en-el-congreso-iniciativa-para-sancionar-a-quien-exalte-imagenes-de-narcotraficantes-en-eventos-masivos\/\" \/>\n<meta property=\"og:locale\" content=\"es_ES\" \/>\n<meta property=\"og:type\" content=\"article\" \/>\n<meta property=\"og:title\" content=\"Impulsan en el Congreso iniciativa para sancionar a quien exalte im\u00e1genes de narcotraficantes en eventos masivos - The Puebla Times\" \/>\n<meta property=\"og:description\" content=\"-En sesi\u00f3n de la Comisi\u00f3n Permanente se presentaron propuestas legislativas en materia de salud, trabajo, educaci\u00f3n y desarrollo rural &nbsp; &nbsp; En sesi\u00f3n de la Comisi\u00f3n Permanente del Congreso del Estado, el diputado Julio Miguel Huerta G\u00f3mez present\u00f3 una iniciativa para adicionar diversas disposiciones al C\u00f3digo Penal del Estado a fin de establecer que, al...\" \/>\n<meta property=\"og:url\" content=\"https:\/\/thepueblatimes.mx\/index.php\/2025\/05\/01\/impulsan-en-el-congreso-iniciativa-para-sancionar-a-quien-exalte-imagenes-de-narcotraficantes-en-eventos-masivos\/\" \/>\n<meta property=\"og:site_name\" content=\"The Puebla Times\" \/>\n<meta property=\"article:published_time\" content=\"2025-05-01T19:36:02+00:00\" \/>\n<meta property=\"og:image\" content=\"https:\/\/thepueblatimes.mx\/wp-content\/uploads\/2025\/05\/aa07b9ea-03f0-47be-9398-c63ca36db6dc-scaled.jpg\" \/>\n\t<meta property=\"og:image:width\" content=\"2560\" \/>\n\t<meta property=\"og:image:height\" content=\"1706\" \/>\n\t<meta property=\"og:image:type\" content=\"image\/jpeg\" \/>\n<meta name=\"author\" content=\"Sa\u00fal Hern\u00e1ndez\" \/>\n<meta name=\"twitter:card\" content=\"summary_large_image\" \/>\n<meta name=\"twitter:label1\" content=\"Escrito por\" \/>\n\t<meta name=\"twitter:data1\" content=\"Sa\u00fal Hern\u00e1ndez\" \/>\n\t<meta name=\"twitter:label2\" content=\"Tiempo de lectura\" \/>\n\t<meta name=\"twitter:data2\" content=\"3 minutos\" \/>\n<script type=\"application\/ld+json\" class=\"yoast-schema-graph\">{\"@context\":\"https:\/\/schema.org\",\"@graph\":[{\"@type\":\"WebPage\",\"@id\":\"https:\/\/thepueblatimes.mx\/index.php\/2025\/05\/01\/impulsan-en-el-congreso-iniciativa-para-sancionar-a-quien-exalte-imagenes-de-narcotraficantes-en-eventos-masivos\/\",\"url\":\"https:\/\/thepueblatimes.mx\/index.php\/2025\/05\/01\/impulsan-en-el-congreso-iniciativa-para-sancionar-a-quien-exalte-imagenes-de-narcotraficantes-en-eventos-masivos\/\",\"name\":\"Impulsan en el Congreso iniciativa para sancionar a quien exalte im\u00e1genes de narcotraficantes en eventos masivos - The Puebla Times\",\"isPartOf\":{\"@id\":\"https:\/\/thepueblatimes.mx\/#website\"},\"datePublished\":\"2025-05-01T19:36:02+00:00\",\"dateModified\":\"2025-05-01T19:36:02+00:00\",\"author\":{\"@id\":\"https:\/\/thepueblatimes.mx\/#\/schema\/person\/1664894c2f65ce2c7a08d8f5f905c13c\"},\"breadcrumb\":{\"@id\":\"https:\/\/thepueblatimes.mx\/index.php\/2025\/05\/01\/impulsan-en-el-congreso-iniciativa-para-sancionar-a-quien-exalte-imagenes-de-narcotraficantes-en-eventos-masivos\/#breadcrumb\"},\"inLanguage\":\"es\",\"potentialAction\":[{\"@type\":\"ReadAction\",\"target\":[\"https:\/\/thepueblatimes.mx\/index.php\/2025\/05\/01\/impulsan-en-el-congreso-iniciativa-para-sancionar-a-quien-exalte-imagenes-de-narcotraficantes-en-eventos-masivos\/\"]}]},{\"@type\":\"BreadcrumbList\",\"@id\":\"https:\/\/thepueblatimes.mx\/index.php\/2025\/05\/01\/impulsan-en-el-congreso-iniciativa-para-sancionar-a-quien-exalte-imagenes-de-narcotraficantes-en-eventos-masivos\/#breadcrumb\",\"itemListElement\":[{\"@type\":\"ListItem\",\"position\":1,\"name\":\"Portada\",\"item\":\"https:\/\/thepueblatimes.mx\/\"},{\"@type\":\"ListItem\",\"position\":2,\"name\":\"Impulsan en el Congreso iniciativa para sancionar a quien exalte im\u00e1genes de narcotraficantes en eventos masivos\"}]},{\"@type\":\"WebSite\",\"@id\":\"https:\/\/thepueblatimes.mx\/#website\",\"url\":\"https:\/\/thepueblatimes.mx\/\",\"name\":\"The Puebla Times\",\"description\":\"Noticias del Estado de Puebla\",\"potentialAction\":[{\"@type\":\"SearchAction\",\"target\":{\"@type\":\"EntryPoint\",\"urlTemplate\":\"https:\/\/thepueblatimes.mx\/?s={search_term_string}\"},\"query-input\":\"required name=search_term_string\"}],\"inLanguage\":\"es\"},{\"@type\":\"Person\",\"@id\":\"https:\/\/thepueblatimes.mx\/#\/schema\/person\/1664894c2f65ce2c7a08d8f5f905c13c\",\"name\":\"Sa\u00fal Hern\u00e1ndez\",\"image\":{\"@type\":\"ImageObject\",\"inLanguage\":\"es\",\"@id\":\"https:\/\/thepueblatimes.mx\/#\/schema\/person\/image\/\",\"url\":\"https:\/\/secure.gravatar.com\/avatar\/11be338693f243309532caad8f10c930?s=96&d=mm&r=g\",\"contentUrl\":\"https:\/\/secure.gravatar.com\/avatar\/11be338693f243309532caad8f10c930?s=96&d=mm&r=g\",\"caption\":\"Sa\u00fal Hern\u00e1ndez\"},\"url\":\"https:\/\/thepueblatimes.mx\/index.php\/author\/saulhernandez\/\"}]}<\/script>\n<!-- \/ Yoast SEO plugin. -->","yoast_head_json":{"title":"Impulsan en el Congreso iniciativa para sancionar a quien exalte im\u00e1genes de narcotraficantes en eventos masivos - The Puebla Times","robots":{"index":"index","follow":"follow","max-snippet":"max-snippet:-1","max-image-preview":"max-image-preview:large","max-video-preview":"max-video-preview:-1"},"canonical":"https:\/\/thepueblatimes.mx\/index.php\/2025\/05\/01\/impulsan-en-el-congreso-iniciativa-para-sancionar-a-quien-exalte-imagenes-de-narcotraficantes-en-eventos-masivos\/","og_locale":"es_ES","og_type":"article","og_title":"Impulsan en el Congreso iniciativa para sancionar a quien exalte im\u00e1genes de narcotraficantes en eventos masivos - The Puebla Times","og_description":"-En sesi\u00f3n de la Comisi\u00f3n Permanente se presentaron propuestas legislativas en materia de salud, trabajo, educaci\u00f3n y desarrollo rural &nbsp; &nbsp; En sesi\u00f3n de la Comisi\u00f3n Permanente del Congreso del Estado, el diputado Julio Miguel Huerta G\u00f3mez present\u00f3 una iniciativa para adicionar diversas disposiciones al C\u00f3digo Penal del Estado a fin de establecer que, al...","og_url":"https:\/\/thepueblatimes.mx\/index.php\/2025\/05\/01\/impulsan-en-el-congreso-iniciativa-para-sancionar-a-quien-exalte-imagenes-de-narcotraficantes-en-eventos-masivos\/","og_site_name":"The Puebla Times","article_published_time":"2025-05-01T19:36:02+00:00","og_image":[{"width":2560,"height":1706,"url":"https:\/\/thepueblatimes.mx\/wp-content\/uploads\/2025\/05\/aa07b9ea-03f0-47be-9398-c63ca36db6dc-scaled.jpg","type":"image\/jpeg"}],"author":"Sa\u00fal Hern\u00e1ndez","twitter_card":"summary_large_image","twitter_misc":{"Escrito por":"Sa\u00fal Hern\u00e1ndez","Tiempo de lectura":"3 minutos"},"schema":{"@context":"https:\/\/schema.org","@graph":[{"@type":"WebPage","@id":"https:\/\/thepueblatimes.mx\/index.php\/2025\/05\/01\/impulsan-en-el-congreso-iniciativa-para-sancionar-a-quien-exalte-imagenes-de-narcotraficantes-en-eventos-masivos\/","url":"https:\/\/thepueblatimes.mx\/index.php\/2025\/05\/01\/impulsan-en-el-congreso-iniciativa-para-sancionar-a-quien-exalte-imagenes-de-narcotraficantes-en-eventos-masivos\/","name":"Impulsan en el Congreso iniciativa para sancionar a quien exalte im\u00e1genes de narcotraficantes en eventos masivos - The Puebla Times","isPartOf":{"@id":"https:\/\/thepueblatimes.mx\/#website"},"datePublished":"2025-05-01T19:36:02+00:00","dateModified":"2025-05-01T19:36:02+00:00","author":{"@id":"https:\/\/thepueblatimes.mx\/#\/schema\/person\/1664894c2f65ce2c7a08d8f5f905c13c"},"breadcrumb":{"@id":"https:\/\/thepueblatimes.mx\/index.php\/2025\/05\/01\/impulsan-en-el-congreso-iniciativa-para-sancionar-a-quien-exalte-imagenes-de-narcotraficantes-en-eventos-masivos\/#breadcrumb"},"inLanguage":"es","potentialAction":[{"@type":"ReadAction","target":["https:\/\/thepueblatimes.mx\/index.php\/2025\/05\/01\/impulsan-en-el-congreso-iniciativa-para-sancionar-a-quien-exalte-imagenes-de-narcotraficantes-en-eventos-masivos\/"]}]},{"@type":"BreadcrumbList","@id":"https:\/\/thepueblatimes.mx\/index.php\/2025\/05\/01\/impulsan-en-el-congreso-iniciativa-para-sancionar-a-quien-exalte-imagenes-de-narcotraficantes-en-eventos-masivos\/#breadcrumb","itemListElement":[{"@type":"ListItem","position":1,"name":"Portada","item":"https:\/\/thepueblatimes.mx\/"},{"@type":"ListItem","position":2,"name":"Impulsan en el Congreso iniciativa para sancionar a quien exalte im\u00e1genes de narcotraficantes en eventos masivos"}]},{"@type":"WebSite","@id":"https:\/\/thepueblatimes.mx\/#website","url":"https:\/\/thepueblatimes.mx\/","name":"The Puebla Times","description":"Noticias del Estado de Puebla","potentialAction":[{"@type":"SearchAction","target":{"@type":"EntryPoint","urlTemplate":"https:\/\/thepueblatimes.mx\/?s={search_term_string}"},"query-input":"required name=search_term_string"}],"inLanguage":"es"},{"@type":"Person","@id":"https:\/\/thepueblatimes.mx\/#\/schema\/person\/1664894c2f65ce2c7a08d8f5f905c13c","name":"Sa\u00fal Hern\u00e1ndez","image":{"@type":"ImageObject","inLanguage":"es","@id":"https:\/\/thepueblatimes.mx\/#\/schema\/person\/image\/","url":"https:\/\/secure.gravatar.com\/avatar\/11be338693f243309532caad8f10c930?s=96&d=mm&r=g","contentUrl":"https:\/\/secure.gravatar.com\/avatar\/11be338693f243309532caad8f10c930?s=96&d=mm&r=g","caption":"Sa\u00fal Hern\u00e1ndez"},"url":"https:\/\/thepueblatimes.mx\/index.php\/author\/saulhernandez\/"}]}},"jetpack_featured_media_url":"https:\/\/thepueblatimes.mx\/wp-content\/uploads\/2025\/05\/aa07b9ea-03f0-47be-9398-c63ca36db6dc-scaled.jpg","_links":{"self":[{"href":"https:\/\/thepueblatimes.mx\/index.php\/wp-json\/wp\/v2\/posts\/29614"}],"collection":[{"href":"https:\/\/thepueblatimes.mx\/index.php\/wp-json\/wp\/v2\/posts"}],"about":[{"href":"https:\/\/thepueblatimes.mx\/index.php\/wp-json\/wp\/v2\/types\/post"}],"author":[{"embeddable":true,"href":"https:\/\/thepueblatimes.mx\/index.php\/wp-json\/wp\/v2\/users\/16"}],"replies":[{"embeddable":true,"href":"https:\/\/thepueblatimes.mx\/index.php\/wp-json\/wp\/v2\/comments?post=29614"}],"version-history":[{"count":1,"href":"https:\/\/thepueblatimes.mx\/index.php\/wp-json\/wp\/v2\/posts\/29614\/revisions"}],"predecessor-version":[{"id":29616,"href":"https:\/\/thepueblatimes.mx\/index.php\/wp-json\/wp\/v2\/posts\/29614\/revisions\/29616"}],"wp:featuredmedia":[{"embeddable":true,"href":"https:\/\/thepueblatimes.mx\/index.php\/wp-json\/wp\/v2\/media\/29615"}],"wp:attachment":[{"href":"https:\/\/thepueblatimes.mx\/index.php\/wp-json\/wp\/v2\/media?parent=29614"}],"wp:term":[{"taxonomy":"category","embeddable":true,"href":"https:\/\/thepueblatimes.mx\/index.php\/wp-json\/wp\/v2\/categories?post=29614"},{"taxonomy":"post_tag","embeddable":true,"href":"https:\/\/thepueblatimes.mx\/index.php\/wp-json\/wp\/v2\/tags?post=29614"}],"curies":[{"name":"wp","href":"https:\/\/api.w.org\/{rel}","templated":true}]}}