{"id":29586,"date":"2025-05-01T12:52:19","date_gmt":"2025-05-01T18:52:19","guid":{"rendered":"https:\/\/thepueblatimes.mx\/?p=29586"},"modified":"2025-05-01T12:52:19","modified_gmt":"2025-05-01T18:52:19","slug":"impulsa-gobierno-de-la-ciudad-union-de-los-tres-niveles-de-gobierno-para-combatir-la-pobreza-carlos-gomez","status":"publish","type":"post","link":"https:\/\/thepueblatimes.mx\/index.php\/2025\/05\/01\/impulsa-gobierno-de-la-ciudad-union-de-los-tres-niveles-de-gobierno-para-combatir-la-pobreza-carlos-gomez\/","title":{"rendered":"Impulsa Gobierno de la Ciudad uni\u00f3n de los tres niveles de gobierno para combatir la pobreza: Carlos G\u00f3mez"},"content":{"rendered":"<h3><em tabindex=\"0\">&#8211; Se llev\u00f3 a cabo la Jornada Imparable de Servicios Ciudadanos en Santa Mar\u00eda Guadalupe Tecola<\/em><\/h3>\n<p tabindex=\"0\">Puebla, Pue., 25 de abril de 2024.- Con el objetivo de reducir el rezago social y acercar beneficios directamente a las zonas m\u00e1s vulnerables, el Gobierno de la Ciudad, encabezado por el alcalde Pepe Chedraui Budib, ha puesto en marcha una estrategia integral de combate a la pobreza, sumando los esfuerzos de los tres niveles de gobierno mediante las Jornadas Imparables de Servicios Ciudadanos.<\/p>\n<p tabindex=\"0\">Durante la jornada realizada en la explanada principal de Santa Mar\u00eda Guadalupe Tecola, el secretario de Bienestar y Participaci\u00f3n Ciudadana, Carlos G\u00f3mez Tepoz, destac\u00f3 la sensibilidad y compromiso de los nuevos gobiernos para atender a quienes m\u00e1s lo necesitan. Subray\u00f3 que el alcalde Pepe Chedraui ha reiterado su prioridad de atender con especial \u00e9nfasis a las juntas auxiliares y las inspector\u00edas, en sinton\u00eda con la bio\u00e9tica social promovida por el gobernador Alejandro Armenta y el humanismo mexicano que impulsa la presidenta Claudia Sheinbaum.<\/p>\n<p tabindex=\"0\">En esta edici\u00f3n se ofreci\u00f3 una amplia gama de servicios municipales, estatales y federales, gracias a la coordinaci\u00f3n entre los distintos niveles de gobierno. Por primera vez, la Universidad Popular Aut\u00f3noma del Estado de Puebla (UPAEP), en conjunto con la Secretar\u00eda de Salud, brind\u00f3 consultas m\u00e9dicas generales, atenci\u00f3n odontol\u00f3gica y otros servicios para beneficio directo de la poblaci\u00f3n.<\/p>\n<p tabindex=\"0\">Tambi\u00e9n particip\u00f3 por primera vez la Secretar\u00eda de Arte y Cultura del Estado, a trav\u00e9s de la Direcci\u00f3n de Artesan\u00edas, ofreciendo credencializaci\u00f3n a artesanos para facilitar la promoci\u00f3n de sus productos en foros tur\u00edsticos. Adem\u00e1s, academias de estilismo se sumaron a la jornada con servicios como cortes de cabello y aplicaci\u00f3n de gelish, entre otros.<\/p>\n<p tabindex=\"0\">Durante el evento se instalaron m\u00f3dulos de asesor\u00eda jur\u00eddica, notarial y orientaci\u00f3n laboral, as\u00ed como espacios con actividades art\u00edsticas, recreativas y talleres de formaci\u00f3n sobre reciclaje y prevenci\u00f3n de la violencia. Se habilit\u00f3 adem\u00e1s un m\u00f3dulo de la Secretar\u00eda de Movilidad y Transporte para la expedici\u00f3n de licencias y se ofrecieron productos b\u00e1sicos a bajo costo mediante las Tiendas del Bienestar.<\/p>\n<p tabindex=\"0\">Actualmente, esta estrategia cuenta con la participaci\u00f3n de 14 dependencias municipales, 4 estatales, 4 federales, as\u00ed como con colaboraciones acad\u00e9micas de educativas como la BUAP y la UPAEP, y de organismos aut\u00f3nomos y sectores de la iniciativa privada, conformando una red s\u00f3lida de atenci\u00f3n ciudadana.<\/p>\n<p tabindex=\"0\">Entre las autoridades presentes destacaron Jos\u00e9 Manuel Dur\u00e1n G\u00f3mez, Regidor de la Comisi\u00f3n de Vigilancia; Jos\u00e9 Iv\u00e1n Herrera Villag\u00f3mez, Secretario de Medio Ambiente del Municipio; Mar\u00eda del Roc\u00edo Rodr\u00edguez Ju\u00e1rez, Subsecretaria de Salud Zona B del Gobierno del Estado; Juan Carlos Ram\u00edrez Espinoza, Presidente de la Junta Auxiliar de Santa Mar\u00eda Guadalupe Tecola; Julio C\u00e1rdenas, del Instituto Poblano de Asistencia al Migrante; Carlos Flores Pereda, Coordinador de Sociomedicina de la UPAEP; Lizbeth Guadalupe Sierra Francisco, representante de la Direcci\u00f3n de Artesan\u00edas del Estado; y Eduardo Estefanoni Verd\u00edn, Director de la Secretar\u00eda de Gobernaci\u00f3n Municipal.<\/p>\n","protected":false},"excerpt":{"rendered":"<p>&#8211; Se llev\u00f3 a cabo la Jornada Imparable de Servicios Ciudadanos en Santa Mar\u00eda Guadalupe Tecola Puebla, Pue., 25 de abril de 2024.- Con el objetivo de reducir el rezago social y acercar beneficios directamente a las zonas m\u00e1s vulnerables, el Gobierno de la Ciudad, encabezado por el alcalde Pepe Chedraui Budib, ha puesto en&#8230;<\/p>\n","protected":false},"author":16,"featured_media":29587,"comment_status":"closed","ping_status":"closed","sticky":false,"template":"","format":"standard","meta":[],"categories":[20],"tags":[3074],"yoast_head":"<!-- This site is optimized with the Yoast SEO plugin v20.8 - https:\/\/yoast.com\/wordpress\/plugins\/seo\/ -->\n<title>Impulsa Gobierno de la Ciudad uni\u00f3n de los tres niveles de gobierno para combatir la pobreza: Carlos G\u00f3mez - The Puebla Times<\/title>\n<meta name=\"robots\" content=\"index, follow, max-snippet:-1, max-image-preview:large, max-video-preview:-1\" \/>\n<link rel=\"canonical\" href=\"https:\/\/thepueblatimes.mx\/index.php\/2025\/05\/01\/impulsa-gobierno-de-la-ciudad-union-de-los-tres-niveles-de-gobierno-para-combatir-la-pobreza-carlos-gomez\/\" \/>\n<meta property=\"og:locale\" content=\"es_ES\" \/>\n<meta property=\"og:type\" content=\"article\" \/>\n<meta property=\"og:title\" content=\"Impulsa Gobierno de la Ciudad uni\u00f3n de los tres niveles de gobierno para combatir la pobreza: Carlos G\u00f3mez - The Puebla Times\" \/>\n<meta property=\"og:description\" content=\"&#8211; Se llev\u00f3 a cabo la Jornada Imparable de Servicios Ciudadanos en Santa Mar\u00eda Guadalupe Tecola Puebla, Pue., 25 de abril de 2024.- Con el objetivo de reducir el rezago social y acercar beneficios directamente a las zonas m\u00e1s vulnerables, el Gobierno de la Ciudad, encabezado por el alcalde Pepe Chedraui Budib, ha puesto en...\" \/>\n<meta property=\"og:url\" content=\"https:\/\/thepueblatimes.mx\/index.php\/2025\/05\/01\/impulsa-gobierno-de-la-ciudad-union-de-los-tres-niveles-de-gobierno-para-combatir-la-pobreza-carlos-gomez\/\" \/>\n<meta property=\"og:site_name\" content=\"The Puebla Times\" \/>\n<meta property=\"article:published_time\" content=\"2025-05-01T18:52:19+00:00\" \/>\n<meta property=\"og:image\" content=\"https:\/\/thepueblatimes.mx\/wp-content\/uploads\/2025\/05\/WhatsApp-Image-2025-04-25-at-11.05.29-AM.jpeg\" \/>\n\t<meta property=\"og:image:width\" content=\"1600\" \/>\n\t<meta property=\"og:image:height\" content=\"1066\" \/>\n\t<meta property=\"og:image:type\" content=\"image\/jpeg\" \/>\n<meta name=\"author\" content=\"Sa\u00fal Hern\u00e1ndez\" \/>\n<meta name=\"twitter:card\" content=\"summary_large_image\" \/>\n<meta name=\"twitter:label1\" content=\"Escrito por\" \/>\n\t<meta name=\"twitter:data1\" content=\"Sa\u00fal Hern\u00e1ndez\" \/>\n\t<meta name=\"twitter:label2\" content=\"Tiempo de lectura\" \/>\n\t<meta name=\"twitter:data2\" content=\"3 minutos\" \/>\n<script type=\"application\/ld+json\" class=\"yoast-schema-graph\">{\"@context\":\"https:\/\/schema.org\",\"@graph\":[{\"@type\":\"WebPage\",\"@id\":\"https:\/\/thepueblatimes.mx\/index.php\/2025\/05\/01\/impulsa-gobierno-de-la-ciudad-union-de-los-tres-niveles-de-gobierno-para-combatir-la-pobreza-carlos-gomez\/\",\"url\":\"https:\/\/thepueblatimes.mx\/index.php\/2025\/05\/01\/impulsa-gobierno-de-la-ciudad-union-de-los-tres-niveles-de-gobierno-para-combatir-la-pobreza-carlos-gomez\/\",\"name\":\"Impulsa Gobierno de la Ciudad uni\u00f3n de los tres niveles de gobierno para combatir la pobreza: Carlos G\u00f3mez - The Puebla Times\",\"isPartOf\":{\"@id\":\"https:\/\/thepueblatimes.mx\/#website\"},\"datePublished\":\"2025-05-01T18:52:19+00:00\",\"dateModified\":\"2025-05-01T18:52:19+00:00\",\"author\":{\"@id\":\"https:\/\/thepueblatimes.mx\/#\/schema\/person\/1664894c2f65ce2c7a08d8f5f905c13c\"},\"breadcrumb\":{\"@id\":\"https:\/\/thepueblatimes.mx\/index.php\/2025\/05\/01\/impulsa-gobierno-de-la-ciudad-union-de-los-tres-niveles-de-gobierno-para-combatir-la-pobreza-carlos-gomez\/#breadcrumb\"},\"inLanguage\":\"es\",\"potentialAction\":[{\"@type\":\"ReadAction\",\"target\":[\"https:\/\/thepueblatimes.mx\/index.php\/2025\/05\/01\/impulsa-gobierno-de-la-ciudad-union-de-los-tres-niveles-de-gobierno-para-combatir-la-pobreza-carlos-gomez\/\"]}]},{\"@type\":\"BreadcrumbList\",\"@id\":\"https:\/\/thepueblatimes.mx\/index.php\/2025\/05\/01\/impulsa-gobierno-de-la-ciudad-union-de-los-tres-niveles-de-gobierno-para-combatir-la-pobreza-carlos-gomez\/#breadcrumb\",\"itemListElement\":[{\"@type\":\"ListItem\",\"position\":1,\"name\":\"Portada\",\"item\":\"https:\/\/thepueblatimes.mx\/\"},{\"@type\":\"ListItem\",\"position\":2,\"name\":\"Impulsa Gobierno de la Ciudad uni\u00f3n de los tres niveles de gobierno para combatir la pobreza: Carlos G\u00f3mez\"}]},{\"@type\":\"WebSite\",\"@id\":\"https:\/\/thepueblatimes.mx\/#website\",\"url\":\"https:\/\/thepueblatimes.mx\/\",\"name\":\"The Puebla Times\",\"description\":\"Noticias del Estado de Puebla\",\"potentialAction\":[{\"@type\":\"SearchAction\",\"target\":{\"@type\":\"EntryPoint\",\"urlTemplate\":\"https:\/\/thepueblatimes.mx\/?s={search_term_string}\"},\"query-input\":\"required name=search_term_string\"}],\"inLanguage\":\"es\"},{\"@type\":\"Person\",\"@id\":\"https:\/\/thepueblatimes.mx\/#\/schema\/person\/1664894c2f65ce2c7a08d8f5f905c13c\",\"name\":\"Sa\u00fal Hern\u00e1ndez\",\"image\":{\"@type\":\"ImageObject\",\"inLanguage\":\"es\",\"@id\":\"https:\/\/thepueblatimes.mx\/#\/schema\/person\/image\/\",\"url\":\"https:\/\/secure.gravatar.com\/avatar\/11be338693f243309532caad8f10c930?s=96&d=mm&r=g\",\"contentUrl\":\"https:\/\/secure.gravatar.com\/avatar\/11be338693f243309532caad8f10c930?s=96&d=mm&r=g\",\"caption\":\"Sa\u00fal Hern\u00e1ndez\"},\"url\":\"https:\/\/thepueblatimes.mx\/index.php\/author\/saulhernandez\/\"}]}<\/script>\n<!-- \/ Yoast SEO plugin. -->","yoast_head_json":{"title":"Impulsa Gobierno de la Ciudad uni\u00f3n de los tres niveles de gobierno para combatir la pobreza: Carlos G\u00f3mez - The Puebla Times","robots":{"index":"index","follow":"follow","max-snippet":"max-snippet:-1","max-image-preview":"max-image-preview:large","max-video-preview":"max-video-preview:-1"},"canonical":"https:\/\/thepueblatimes.mx\/index.php\/2025\/05\/01\/impulsa-gobierno-de-la-ciudad-union-de-los-tres-niveles-de-gobierno-para-combatir-la-pobreza-carlos-gomez\/","og_locale":"es_ES","og_type":"article","og_title":"Impulsa Gobierno de la Ciudad uni\u00f3n de los tres niveles de gobierno para combatir la pobreza: Carlos G\u00f3mez - The Puebla Times","og_description":"&#8211; Se llev\u00f3 a cabo la Jornada Imparable de Servicios Ciudadanos en Santa Mar\u00eda Guadalupe Tecola Puebla, Pue., 25 de abril de 2024.- Con el objetivo de reducir el rezago social y acercar beneficios directamente a las zonas m\u00e1s vulnerables, el Gobierno de la Ciudad, encabezado por el alcalde Pepe Chedraui Budib, ha puesto en...","og_url":"https:\/\/thepueblatimes.mx\/index.php\/2025\/05\/01\/impulsa-gobierno-de-la-ciudad-union-de-los-tres-niveles-de-gobierno-para-combatir-la-pobreza-carlos-gomez\/","og_site_name":"The Puebla Times","article_published_time":"2025-05-01T18:52:19+00:00","og_image":[{"width":1600,"height":1066,"url":"https:\/\/thepueblatimes.mx\/wp-content\/uploads\/2025\/05\/WhatsApp-Image-2025-04-25-at-11.05.29-AM.jpeg","type":"image\/jpeg"}],"author":"Sa\u00fal Hern\u00e1ndez","twitter_card":"summary_large_image","twitter_misc":{"Escrito por":"Sa\u00fal Hern\u00e1ndez","Tiempo de lectura":"3 minutos"},"schema":{"@context":"https:\/\/schema.org","@graph":[{"@type":"WebPage","@id":"https:\/\/thepueblatimes.mx\/index.php\/2025\/05\/01\/impulsa-gobierno-de-la-ciudad-union-de-los-tres-niveles-de-gobierno-para-combatir-la-pobreza-carlos-gomez\/","url":"https:\/\/thepueblatimes.mx\/index.php\/2025\/05\/01\/impulsa-gobierno-de-la-ciudad-union-de-los-tres-niveles-de-gobierno-para-combatir-la-pobreza-carlos-gomez\/","name":"Impulsa Gobierno de la Ciudad uni\u00f3n de los tres niveles de gobierno para combatir la pobreza: Carlos G\u00f3mez - The Puebla Times","isPartOf":{"@id":"https:\/\/thepueblatimes.mx\/#website"},"datePublished":"2025-05-01T18:52:19+00:00","dateModified":"2025-05-01T18:52:19+00:00","author":{"@id":"https:\/\/thepueblatimes.mx\/#\/schema\/person\/1664894c2f65ce2c7a08d8f5f905c13c"},"breadcrumb":{"@id":"https:\/\/thepueblatimes.mx\/index.php\/2025\/05\/01\/impulsa-gobierno-de-la-ciudad-union-de-los-tres-niveles-de-gobierno-para-combatir-la-pobreza-carlos-gomez\/#breadcrumb"},"inLanguage":"es","potentialAction":[{"@type":"ReadAction","target":["https:\/\/thepueblatimes.mx\/index.php\/2025\/05\/01\/impulsa-gobierno-de-la-ciudad-union-de-los-tres-niveles-de-gobierno-para-combatir-la-pobreza-carlos-gomez\/"]}]},{"@type":"BreadcrumbList","@id":"https:\/\/thepueblatimes.mx\/index.php\/2025\/05\/01\/impulsa-gobierno-de-la-ciudad-union-de-los-tres-niveles-de-gobierno-para-combatir-la-pobreza-carlos-gomez\/#breadcrumb","itemListElement":[{"@type":"ListItem","position":1,"name":"Portada","item":"https:\/\/thepueblatimes.mx\/"},{"@type":"ListItem","position":2,"name":"Impulsa Gobierno de la Ciudad uni\u00f3n de los tres niveles de gobierno para combatir la pobreza: Carlos G\u00f3mez"}]},{"@type":"WebSite","@id":"https:\/\/thepueblatimes.mx\/#website","url":"https:\/\/thepueblatimes.mx\/","name":"The Puebla Times","description":"Noticias del Estado de Puebla","potentialAction":[{"@type":"SearchAction","target":{"@type":"EntryPoint","urlTemplate":"https:\/\/thepueblatimes.mx\/?s={search_term_string}"},"query-input":"required name=search_term_string"}],"inLanguage":"es"},{"@type":"Person","@id":"https:\/\/thepueblatimes.mx\/#\/schema\/person\/1664894c2f65ce2c7a08d8f5f905c13c","name":"Sa\u00fal Hern\u00e1ndez","image":{"@type":"ImageObject","inLanguage":"es","@id":"https:\/\/thepueblatimes.mx\/#\/schema\/person\/image\/","url":"https:\/\/secure.gravatar.com\/avatar\/11be338693f243309532caad8f10c930?s=96&d=mm&r=g","contentUrl":"https:\/\/secure.gravatar.com\/avatar\/11be338693f243309532caad8f10c930?s=96&d=mm&r=g","caption":"Sa\u00fal Hern\u00e1ndez"},"url":"https:\/\/thepueblatimes.mx\/index.php\/author\/saulhernandez\/"}]}},"jetpack_featured_media_url":"https:\/\/thepueblatimes.mx\/wp-content\/uploads\/2025\/05\/WhatsApp-Image-2025-04-25-at-11.05.29-AM.jpeg","_links":{"self":[{"href":"https:\/\/thepueblatimes.mx\/index.php\/wp-json\/wp\/v2\/posts\/29586"}],"collection":[{"href":"https:\/\/thepueblatimes.mx\/index.php\/wp-json\/wp\/v2\/posts"}],"about":[{"href":"https:\/\/thepueblatimes.mx\/index.php\/wp-json\/wp\/v2\/types\/post"}],"author":[{"embeddable":true,"href":"https:\/\/thepueblatimes.mx\/index.php\/wp-json\/wp\/v2\/users\/16"}],"replies":[{"embeddable":true,"href":"https:\/\/thepueblatimes.mx\/index.php\/wp-json\/wp\/v2\/comments?post=29586"}],"version-history":[{"count":1,"href":"https:\/\/thepueblatimes.mx\/index.php\/wp-json\/wp\/v2\/posts\/29586\/revisions"}],"predecessor-version":[{"id":29588,"href":"https:\/\/thepueblatimes.mx\/index.php\/wp-json\/wp\/v2\/posts\/29586\/revisions\/29588"}],"wp:featuredmedia":[{"embeddable":true,"href":"https:\/\/thepueblatimes.mx\/index.php\/wp-json\/wp\/v2\/media\/29587"}],"wp:attachment":[{"href":"https:\/\/thepueblatimes.mx\/index.php\/wp-json\/wp\/v2\/media?parent=29586"}],"wp:term":[{"taxonomy":"category","embeddable":true,"href":"https:\/\/thepueblatimes.mx\/index.php\/wp-json\/wp\/v2\/categories?post=29586"},{"taxonomy":"post_tag","embeddable":true,"href":"https:\/\/thepueblatimes.mx\/index.php\/wp-json\/wp\/v2\/tags?post=29586"}],"curies":[{"name":"wp","href":"https:\/\/api.w.org\/{rel}","templated":true}]}}