{"id":29498,"date":"2025-05-01T11:27:52","date_gmt":"2025-05-01T17:27:52","guid":{"rendered":"https:\/\/thepueblatimes.mx\/?p=29498"},"modified":"2025-05-01T11:27:52","modified_gmt":"2025-05-01T17:27:52","slug":"universidad-del-deporte-nueva-opcion-educativa-en-el-estado","status":"publish","type":"post","link":"https:\/\/thepueblatimes.mx\/index.php\/2025\/05\/01\/universidad-del-deporte-nueva-opcion-educativa-en-el-estado\/","title":{"rendered":"Universidad del Deporte, nueva opci\u00f3n educativa en el Estado"},"content":{"rendered":"<h3><em>&#8211; Cuatro licenciaturas en: Gesti\u00f3n y Administraci\u00f3n de Instituciones Deportivas, Psicolog\u00eda del Deporte, Comunicaci\u00f3n Deportiva, Preparaci\u00f3n F\u00edsica en Futbol, Box y B\u00e9isbol.<\/em><\/h3>\n<p><strong>CIUDAD DE PUEBLA, Pue.-<\/strong>\u00a0Con el objetivo de crear opciones educativas para las y los j\u00f3venes poblanos, el gobierno estatal, a trav\u00e9s del secretario de Educaci\u00f3n, Manuel Viveros Narciso, tom\u00f3 protesta a Jos\u00e9 Luis S\u00e1nchez Sola como rector de la Universidad del Deporte del Estado de Puebla, que entra en funciones a partir del 31 de marzo del presente a\u00f1o.<\/p>\n<p>En la Junta de Gobierno de la nueva instituci\u00f3n, se cont\u00f3 con la participaron del subsecretario de Educaci\u00f3n Superior, Gonzalo Amador Ju\u00e1rez Uribe; del director general Jur\u00eddico y de Transparencia, Iv\u00e1n Garc\u00eda P\u00e9rez, as\u00ed como del secretario Anticorrupci\u00f3n y Buen Gobierno, Alejandro Espidio Reyes.<\/p>\n<p>La Universidad del Deporte contar\u00e1 con cuatro licenciaturas que son: Gesti\u00f3n y Administraci\u00f3n de Instituciones Deportivas, Psicolog\u00eda del Deporte, Comunicaci\u00f3n Deportiva, Preparaci\u00f3n F\u00edsica en Futbol, Box y B\u00e9isbol.<\/p>\n<p>Esta nueva opci\u00f3n busca formar profesionales de alta calidad en la materia, brindar programas con un modelo acad\u00e9mico propio, con mayor cobertura y diversificaci\u00f3n de la oferta educativa, adem\u00e1s, de otorgar becas para las y los j\u00f3venes que ingresen a las licenciaturas o posgrados.<\/p>\n<p>La instituci\u00f3n estar\u00e1 ubicada en el Estadio Ignacio Zaragoza de la capital poblana y es uno de los proyectos estructurales de la pol\u00edtica social del gobernador Alejandro Armenta, quien apoya a la educaci\u00f3n para Pensar en Grande.<\/p>\n","protected":false},"excerpt":{"rendered":"<p>&#8211; Cuatro licenciaturas en: Gesti\u00f3n y Administraci\u00f3n de Instituciones Deportivas, Psicolog\u00eda del Deporte, Comunicaci\u00f3n Deportiva, Preparaci\u00f3n F\u00edsica en Futbol, Box y B\u00e9isbol. CIUDAD DE PUEBLA, Pue.-\u00a0Con el objetivo de crear opciones educativas para las y los j\u00f3venes poblanos, el gobierno estatal, a trav\u00e9s del secretario de Educaci\u00f3n, Manuel Viveros Narciso, tom\u00f3 protesta a Jos\u00e9 Luis&#8230;<\/p>\n","protected":false},"author":16,"featured_media":29499,"comment_status":"closed","ping_status":"closed","sticky":false,"template":"","format":"standard","meta":[],"categories":[3],"tags":[3556,1273],"yoast_head":"<!-- This site is optimized with the Yoast SEO plugin v20.8 - https:\/\/yoast.com\/wordpress\/plugins\/seo\/ -->\n<title>Universidad del Deporte, nueva opci\u00f3n educativa en el Estado - The Puebla Times<\/title>\n<meta name=\"robots\" content=\"index, follow, max-snippet:-1, max-image-preview:large, max-video-preview:-1\" \/>\n<link rel=\"canonical\" href=\"https:\/\/thepueblatimes.mx\/index.php\/2025\/05\/01\/universidad-del-deporte-nueva-opcion-educativa-en-el-estado\/\" \/>\n<meta property=\"og:locale\" content=\"es_ES\" \/>\n<meta property=\"og:type\" content=\"article\" \/>\n<meta property=\"og:title\" content=\"Universidad del Deporte, nueva opci\u00f3n educativa en el Estado - The Puebla Times\" \/>\n<meta property=\"og:description\" content=\"&#8211; Cuatro licenciaturas en: Gesti\u00f3n y Administraci\u00f3n de Instituciones Deportivas, Psicolog\u00eda del Deporte, Comunicaci\u00f3n Deportiva, Preparaci\u00f3n F\u00edsica en Futbol, Box y B\u00e9isbol. CIUDAD DE PUEBLA, Pue.-\u00a0Con el objetivo de crear opciones educativas para las y los j\u00f3venes poblanos, el gobierno estatal, a trav\u00e9s del secretario de Educaci\u00f3n, Manuel Viveros Narciso, tom\u00f3 protesta a Jos\u00e9 Luis...\" \/>\n<meta property=\"og:url\" content=\"https:\/\/thepueblatimes.mx\/index.php\/2025\/05\/01\/universidad-del-deporte-nueva-opcion-educativa-en-el-estado\/\" \/>\n<meta property=\"og:site_name\" content=\"The Puebla Times\" \/>\n<meta property=\"article:published_time\" content=\"2025-05-01T17:27:52+00:00\" \/>\n<meta property=\"og:image\" content=\"https:\/\/thepueblatimes.mx\/wp-content\/uploads\/2025\/05\/b8c9759e1fc2bdf4be1ed835417088fb_L.jpg\" \/>\n\t<meta property=\"og:image:width\" content=\"600\" \/>\n\t<meta property=\"og:image:height\" content=\"450\" \/>\n\t<meta property=\"og:image:type\" content=\"image\/jpeg\" \/>\n<meta name=\"author\" content=\"Sa\u00fal Hern\u00e1ndez\" \/>\n<meta name=\"twitter:card\" content=\"summary_large_image\" \/>\n<meta name=\"twitter:label1\" content=\"Escrito por\" \/>\n\t<meta name=\"twitter:data1\" content=\"Sa\u00fal Hern\u00e1ndez\" \/>\n\t<meta name=\"twitter:label2\" content=\"Tiempo de lectura\" \/>\n\t<meta name=\"twitter:data2\" content=\"2 minutos\" \/>\n<script type=\"application\/ld+json\" class=\"yoast-schema-graph\">{\"@context\":\"https:\/\/schema.org\",\"@graph\":[{\"@type\":\"WebPage\",\"@id\":\"https:\/\/thepueblatimes.mx\/index.php\/2025\/05\/01\/universidad-del-deporte-nueva-opcion-educativa-en-el-estado\/\",\"url\":\"https:\/\/thepueblatimes.mx\/index.php\/2025\/05\/01\/universidad-del-deporte-nueva-opcion-educativa-en-el-estado\/\",\"name\":\"Universidad del Deporte, nueva opci\u00f3n educativa en el Estado - The Puebla Times\",\"isPartOf\":{\"@id\":\"https:\/\/thepueblatimes.mx\/#website\"},\"datePublished\":\"2025-05-01T17:27:52+00:00\",\"dateModified\":\"2025-05-01T17:27:52+00:00\",\"author\":{\"@id\":\"https:\/\/thepueblatimes.mx\/#\/schema\/person\/1664894c2f65ce2c7a08d8f5f905c13c\"},\"breadcrumb\":{\"@id\":\"https:\/\/thepueblatimes.mx\/index.php\/2025\/05\/01\/universidad-del-deporte-nueva-opcion-educativa-en-el-estado\/#breadcrumb\"},\"inLanguage\":\"es\",\"potentialAction\":[{\"@type\":\"ReadAction\",\"target\":[\"https:\/\/thepueblatimes.mx\/index.php\/2025\/05\/01\/universidad-del-deporte-nueva-opcion-educativa-en-el-estado\/\"]}]},{\"@type\":\"BreadcrumbList\",\"@id\":\"https:\/\/thepueblatimes.mx\/index.php\/2025\/05\/01\/universidad-del-deporte-nueva-opcion-educativa-en-el-estado\/#breadcrumb\",\"itemListElement\":[{\"@type\":\"ListItem\",\"position\":1,\"name\":\"Portada\",\"item\":\"https:\/\/thepueblatimes.mx\/\"},{\"@type\":\"ListItem\",\"position\":2,\"name\":\"Universidad del Deporte, nueva opci\u00f3n educativa en el Estado\"}]},{\"@type\":\"WebSite\",\"@id\":\"https:\/\/thepueblatimes.mx\/#website\",\"url\":\"https:\/\/thepueblatimes.mx\/\",\"name\":\"The Puebla Times\",\"description\":\"Noticias del Estado de Puebla\",\"potentialAction\":[{\"@type\":\"SearchAction\",\"target\":{\"@type\":\"EntryPoint\",\"urlTemplate\":\"https:\/\/thepueblatimes.mx\/?s={search_term_string}\"},\"query-input\":\"required name=search_term_string\"}],\"inLanguage\":\"es\"},{\"@type\":\"Person\",\"@id\":\"https:\/\/thepueblatimes.mx\/#\/schema\/person\/1664894c2f65ce2c7a08d8f5f905c13c\",\"name\":\"Sa\u00fal Hern\u00e1ndez\",\"image\":{\"@type\":\"ImageObject\",\"inLanguage\":\"es\",\"@id\":\"https:\/\/thepueblatimes.mx\/#\/schema\/person\/image\/\",\"url\":\"https:\/\/secure.gravatar.com\/avatar\/11be338693f243309532caad8f10c930?s=96&d=mm&r=g\",\"contentUrl\":\"https:\/\/secure.gravatar.com\/avatar\/11be338693f243309532caad8f10c930?s=96&d=mm&r=g\",\"caption\":\"Sa\u00fal Hern\u00e1ndez\"},\"url\":\"https:\/\/thepueblatimes.mx\/index.php\/author\/saulhernandez\/\"}]}<\/script>\n<!-- \/ Yoast SEO plugin. -->","yoast_head_json":{"title":"Universidad del Deporte, nueva opci\u00f3n educativa en el Estado - The Puebla Times","robots":{"index":"index","follow":"follow","max-snippet":"max-snippet:-1","max-image-preview":"max-image-preview:large","max-video-preview":"max-video-preview:-1"},"canonical":"https:\/\/thepueblatimes.mx\/index.php\/2025\/05\/01\/universidad-del-deporte-nueva-opcion-educativa-en-el-estado\/","og_locale":"es_ES","og_type":"article","og_title":"Universidad del Deporte, nueva opci\u00f3n educativa en el Estado - The Puebla Times","og_description":"&#8211; Cuatro licenciaturas en: Gesti\u00f3n y Administraci\u00f3n de Instituciones Deportivas, Psicolog\u00eda del Deporte, Comunicaci\u00f3n Deportiva, Preparaci\u00f3n F\u00edsica en Futbol, Box y B\u00e9isbol. CIUDAD DE PUEBLA, Pue.-\u00a0Con el objetivo de crear opciones educativas para las y los j\u00f3venes poblanos, el gobierno estatal, a trav\u00e9s del secretario de Educaci\u00f3n, Manuel Viveros Narciso, tom\u00f3 protesta a Jos\u00e9 Luis...","og_url":"https:\/\/thepueblatimes.mx\/index.php\/2025\/05\/01\/universidad-del-deporte-nueva-opcion-educativa-en-el-estado\/","og_site_name":"The Puebla Times","article_published_time":"2025-05-01T17:27:52+00:00","og_image":[{"width":600,"height":450,"url":"https:\/\/thepueblatimes.mx\/wp-content\/uploads\/2025\/05\/b8c9759e1fc2bdf4be1ed835417088fb_L.jpg","type":"image\/jpeg"}],"author":"Sa\u00fal Hern\u00e1ndez","twitter_card":"summary_large_image","twitter_misc":{"Escrito por":"Sa\u00fal Hern\u00e1ndez","Tiempo de lectura":"2 minutos"},"schema":{"@context":"https:\/\/schema.org","@graph":[{"@type":"WebPage","@id":"https:\/\/thepueblatimes.mx\/index.php\/2025\/05\/01\/universidad-del-deporte-nueva-opcion-educativa-en-el-estado\/","url":"https:\/\/thepueblatimes.mx\/index.php\/2025\/05\/01\/universidad-del-deporte-nueva-opcion-educativa-en-el-estado\/","name":"Universidad del Deporte, nueva opci\u00f3n educativa en el Estado - The Puebla Times","isPartOf":{"@id":"https:\/\/thepueblatimes.mx\/#website"},"datePublished":"2025-05-01T17:27:52+00:00","dateModified":"2025-05-01T17:27:52+00:00","author":{"@id":"https:\/\/thepueblatimes.mx\/#\/schema\/person\/1664894c2f65ce2c7a08d8f5f905c13c"},"breadcrumb":{"@id":"https:\/\/thepueblatimes.mx\/index.php\/2025\/05\/01\/universidad-del-deporte-nueva-opcion-educativa-en-el-estado\/#breadcrumb"},"inLanguage":"es","potentialAction":[{"@type":"ReadAction","target":["https:\/\/thepueblatimes.mx\/index.php\/2025\/05\/01\/universidad-del-deporte-nueva-opcion-educativa-en-el-estado\/"]}]},{"@type":"BreadcrumbList","@id":"https:\/\/thepueblatimes.mx\/index.php\/2025\/05\/01\/universidad-del-deporte-nueva-opcion-educativa-en-el-estado\/#breadcrumb","itemListElement":[{"@type":"ListItem","position":1,"name":"Portada","item":"https:\/\/thepueblatimes.mx\/"},{"@type":"ListItem","position":2,"name":"Universidad del Deporte, nueva opci\u00f3n educativa en el Estado"}]},{"@type":"WebSite","@id":"https:\/\/thepueblatimes.mx\/#website","url":"https:\/\/thepueblatimes.mx\/","name":"The Puebla Times","description":"Noticias del Estado de Puebla","potentialAction":[{"@type":"SearchAction","target":{"@type":"EntryPoint","urlTemplate":"https:\/\/thepueblatimes.mx\/?s={search_term_string}"},"query-input":"required name=search_term_string"}],"inLanguage":"es"},{"@type":"Person","@id":"https:\/\/thepueblatimes.mx\/#\/schema\/person\/1664894c2f65ce2c7a08d8f5f905c13c","name":"Sa\u00fal Hern\u00e1ndez","image":{"@type":"ImageObject","inLanguage":"es","@id":"https:\/\/thepueblatimes.mx\/#\/schema\/person\/image\/","url":"https:\/\/secure.gravatar.com\/avatar\/11be338693f243309532caad8f10c930?s=96&d=mm&r=g","contentUrl":"https:\/\/secure.gravatar.com\/avatar\/11be338693f243309532caad8f10c930?s=96&d=mm&r=g","caption":"Sa\u00fal Hern\u00e1ndez"},"url":"https:\/\/thepueblatimes.mx\/index.php\/author\/saulhernandez\/"}]}},"jetpack_featured_media_url":"https:\/\/thepueblatimes.mx\/wp-content\/uploads\/2025\/05\/b8c9759e1fc2bdf4be1ed835417088fb_L.jpg","_links":{"self":[{"href":"https:\/\/thepueblatimes.mx\/index.php\/wp-json\/wp\/v2\/posts\/29498"}],"collection":[{"href":"https:\/\/thepueblatimes.mx\/index.php\/wp-json\/wp\/v2\/posts"}],"about":[{"href":"https:\/\/thepueblatimes.mx\/index.php\/wp-json\/wp\/v2\/types\/post"}],"author":[{"embeddable":true,"href":"https:\/\/thepueblatimes.mx\/index.php\/wp-json\/wp\/v2\/users\/16"}],"replies":[{"embeddable":true,"href":"https:\/\/thepueblatimes.mx\/index.php\/wp-json\/wp\/v2\/comments?post=29498"}],"version-history":[{"count":1,"href":"https:\/\/thepueblatimes.mx\/index.php\/wp-json\/wp\/v2\/posts\/29498\/revisions"}],"predecessor-version":[{"id":29500,"href":"https:\/\/thepueblatimes.mx\/index.php\/wp-json\/wp\/v2\/posts\/29498\/revisions\/29500"}],"wp:featuredmedia":[{"embeddable":true,"href":"https:\/\/thepueblatimes.mx\/index.php\/wp-json\/wp\/v2\/media\/29499"}],"wp:attachment":[{"href":"https:\/\/thepueblatimes.mx\/index.php\/wp-json\/wp\/v2\/media?parent=29498"}],"wp:term":[{"taxonomy":"category","embeddable":true,"href":"https:\/\/thepueblatimes.mx\/index.php\/wp-json\/wp\/v2\/categories?post=29498"},{"taxonomy":"post_tag","embeddable":true,"href":"https:\/\/thepueblatimes.mx\/index.php\/wp-json\/wp\/v2\/tags?post=29498"}],"curies":[{"name":"wp","href":"https:\/\/api.w.org\/{rel}","templated":true}]}}