{"id":29472,"date":"2025-04-30T17:14:35","date_gmt":"2025-04-30T23:14:35","guid":{"rendered":"https:\/\/thepueblatimes.mx\/?p=29472"},"modified":"2025-04-30T17:14:35","modified_gmt":"2025-04-30T23:14:35","slug":"festeja-gobierno-de-la-ciudad-dia-de-la-ninez-en-el-centros-de-desarrollo-comunitario-y-parque-biblioteca","status":"publish","type":"post","link":"https:\/\/thepueblatimes.mx\/index.php\/2025\/04\/30\/festeja-gobierno-de-la-ciudad-dia-de-la-ninez-en-el-centros-de-desarrollo-comunitario-y-parque-biblioteca\/","title":{"rendered":"Festeja Gobierno de la Ciudad D\u00eda de la Ni\u00f1ez en el Centros de Desarrollo Comunitario y Parque Biblioteca"},"content":{"rendered":"<h3><em tabindex=\"0\">&#8211; Fortalecen el tejido social, promueven valores como la convivencia y el respeto<\/em><\/h3>\n<p tabindex=\"0\">En el marco de la celebraci\u00f3n del D\u00eda del Ni\u00f1o y de la Ni\u00f1a, el pr\u00f3ximo 30 de abril, el Gobierno de la Ciudad, encabezado por Pepe Chedraui Budib, celebr\u00f3 a las y los peques en los Centros de Desarrollo Comunitario (CDC) y el Parque Biblioteca.<\/p>\n<p tabindex=\"0\">El secretario de Bienestar y Participaci\u00f3n Ciudadana, Carlos G\u00f3mez Tepoz, en representaci\u00f3n del presidente municipal, Pepe Chedraui, destac\u00f3 que estas actividades fortalecen el tejido social, promueven valores como la convivencia y el respeto, y ofrecen a las ni\u00f1as y ni\u00f1os espacios de alegr\u00eda, aprendizaje y desarrollo integral.<\/p>\n<p tabindex=\"0\">Los festivales se realizaron en el Parque Biblioteca y en el Centro de Desarrollo Comunitario de Santo Tom\u00e1s Chautla, donde ni\u00f1as y ni\u00f1os vivieron una jornada llena de alegr\u00eda. Durante el evento, disfrutaron de presentaciones art\u00edsticas de baile y gimnasia, participaron en talleres de pinta caritas y dibujo, se divirtieron en inflables y rieron con un animado espect\u00e1culo de payasos.<\/p>\n<p tabindex=\"0\">Adem\u00e1s, se entregaron postres y juguetes, haciendo de esta celebraci\u00f3n un momento inolvidable para todas y todos.<\/p>\n<p tabindex=\"0\">Durante los festejos participaron las regidoras Bertha Mar\u00eda de Lourdes Villavicencio Ramos, Lupita Vanesa L\u00f3pez Silva, Alondra M\u00e9ndez Luis y Mar\u00eda Esther Ortiz P\u00e9rez, as\u00ed como funcionarios de la Secretar\u00eda de Bienestar y Participaci\u00f3n Ciudadana.<\/p>\n<p tabindex=\"0\">Como parte de este esfuerzo, contin\u00faan los festivales en otros Centros de Desarrollo Comunitario, ubicados en Solidaridad, San Aparicio, SNTE, Tres Cruces, Guadalupe Hidalgo y San Ram\u00f3n.<\/p>\n<p tabindex=\"0\">Con estas acciones, el Gobierno de la Ciudad reafirma su compromiso de construir una ciudad m\u00e1s incluyente, donde ni\u00f1as y ni\u00f1os sean protagonistas de su presente y forjadores de un mejor futuro.<\/p>\n","protected":false},"excerpt":{"rendered":"<p>&#8211; Fortalecen el tejido social, promueven valores como la convivencia y el respeto En el marco de la celebraci\u00f3n del D\u00eda del Ni\u00f1o y de la Ni\u00f1a, el pr\u00f3ximo 30 de abril, el Gobierno de la Ciudad, encabezado por Pepe Chedraui Budib, celebr\u00f3 a las y los peques en los Centros de Desarrollo Comunitario (CDC)&#8230;<\/p>\n","protected":false},"author":16,"featured_media":29473,"comment_status":"closed","ping_status":"closed","sticky":false,"template":"","format":"standard","meta":[],"categories":[20],"tags":[3549,3074,1301],"yoast_head":"<!-- This site is optimized with the Yoast SEO plugin v20.8 - https:\/\/yoast.com\/wordpress\/plugins\/seo\/ -->\n<title>Festeja Gobierno de la Ciudad D\u00eda de la Ni\u00f1ez en el Centros de Desarrollo Comunitario y Parque Biblioteca - The Puebla Times<\/title>\n<meta name=\"robots\" content=\"index, follow, max-snippet:-1, max-image-preview:large, max-video-preview:-1\" \/>\n<link rel=\"canonical\" href=\"https:\/\/thepueblatimes.mx\/index.php\/2025\/04\/30\/festeja-gobierno-de-la-ciudad-dia-de-la-ninez-en-el-centros-de-desarrollo-comunitario-y-parque-biblioteca\/\" \/>\n<meta property=\"og:locale\" content=\"es_ES\" \/>\n<meta property=\"og:type\" content=\"article\" \/>\n<meta property=\"og:title\" content=\"Festeja Gobierno de la Ciudad D\u00eda de la Ni\u00f1ez en el Centros de Desarrollo Comunitario y Parque Biblioteca - The Puebla Times\" \/>\n<meta property=\"og:description\" content=\"&#8211; Fortalecen el tejido social, promueven valores como la convivencia y el respeto En el marco de la celebraci\u00f3n del D\u00eda del Ni\u00f1o y de la Ni\u00f1a, el pr\u00f3ximo 30 de abril, el Gobierno de la Ciudad, encabezado por Pepe Chedraui Budib, celebr\u00f3 a las y los peques en los Centros de Desarrollo Comunitario (CDC)...\" \/>\n<meta property=\"og:url\" content=\"https:\/\/thepueblatimes.mx\/index.php\/2025\/04\/30\/festeja-gobierno-de-la-ciudad-dia-de-la-ninez-en-el-centros-de-desarrollo-comunitario-y-parque-biblioteca\/\" \/>\n<meta property=\"og:site_name\" content=\"The Puebla Times\" \/>\n<meta property=\"article:published_time\" content=\"2025-04-30T23:14:35+00:00\" \/>\n<meta property=\"og:image\" content=\"https:\/\/thepueblatimes.mx\/wp-content\/uploads\/2025\/04\/WhatsApp-Image-2025-04-30-at-10.46.45-AM.jpeg\" \/>\n\t<meta property=\"og:image:width\" content=\"1600\" \/>\n\t<meta property=\"og:image:height\" content=\"1066\" \/>\n\t<meta property=\"og:image:type\" content=\"image\/jpeg\" \/>\n<meta name=\"author\" content=\"Sa\u00fal Hern\u00e1ndez\" \/>\n<meta name=\"twitter:card\" content=\"summary_large_image\" \/>\n<meta name=\"twitter:label1\" content=\"Escrito por\" \/>\n\t<meta name=\"twitter:data1\" content=\"Sa\u00fal Hern\u00e1ndez\" \/>\n\t<meta name=\"twitter:label2\" content=\"Tiempo de lectura\" \/>\n\t<meta name=\"twitter:data2\" content=\"2 minutos\" \/>\n<script type=\"application\/ld+json\" class=\"yoast-schema-graph\">{\"@context\":\"https:\/\/schema.org\",\"@graph\":[{\"@type\":\"WebPage\",\"@id\":\"https:\/\/thepueblatimes.mx\/index.php\/2025\/04\/30\/festeja-gobierno-de-la-ciudad-dia-de-la-ninez-en-el-centros-de-desarrollo-comunitario-y-parque-biblioteca\/\",\"url\":\"https:\/\/thepueblatimes.mx\/index.php\/2025\/04\/30\/festeja-gobierno-de-la-ciudad-dia-de-la-ninez-en-el-centros-de-desarrollo-comunitario-y-parque-biblioteca\/\",\"name\":\"Festeja Gobierno de la Ciudad D\u00eda de la Ni\u00f1ez en el Centros de Desarrollo Comunitario y Parque Biblioteca - The Puebla Times\",\"isPartOf\":{\"@id\":\"https:\/\/thepueblatimes.mx\/#website\"},\"datePublished\":\"2025-04-30T23:14:35+00:00\",\"dateModified\":\"2025-04-30T23:14:35+00:00\",\"author\":{\"@id\":\"https:\/\/thepueblatimes.mx\/#\/schema\/person\/1664894c2f65ce2c7a08d8f5f905c13c\"},\"breadcrumb\":{\"@id\":\"https:\/\/thepueblatimes.mx\/index.php\/2025\/04\/30\/festeja-gobierno-de-la-ciudad-dia-de-la-ninez-en-el-centros-de-desarrollo-comunitario-y-parque-biblioteca\/#breadcrumb\"},\"inLanguage\":\"es\",\"potentialAction\":[{\"@type\":\"ReadAction\",\"target\":[\"https:\/\/thepueblatimes.mx\/index.php\/2025\/04\/30\/festeja-gobierno-de-la-ciudad-dia-de-la-ninez-en-el-centros-de-desarrollo-comunitario-y-parque-biblioteca\/\"]}]},{\"@type\":\"BreadcrumbList\",\"@id\":\"https:\/\/thepueblatimes.mx\/index.php\/2025\/04\/30\/festeja-gobierno-de-la-ciudad-dia-de-la-ninez-en-el-centros-de-desarrollo-comunitario-y-parque-biblioteca\/#breadcrumb\",\"itemListElement\":[{\"@type\":\"ListItem\",\"position\":1,\"name\":\"Portada\",\"item\":\"https:\/\/thepueblatimes.mx\/\"},{\"@type\":\"ListItem\",\"position\":2,\"name\":\"Festeja Gobierno de la Ciudad D\u00eda de la Ni\u00f1ez en el Centros de Desarrollo Comunitario y Parque Biblioteca\"}]},{\"@type\":\"WebSite\",\"@id\":\"https:\/\/thepueblatimes.mx\/#website\",\"url\":\"https:\/\/thepueblatimes.mx\/\",\"name\":\"The Puebla Times\",\"description\":\"Noticias del Estado de Puebla\",\"potentialAction\":[{\"@type\":\"SearchAction\",\"target\":{\"@type\":\"EntryPoint\",\"urlTemplate\":\"https:\/\/thepueblatimes.mx\/?s={search_term_string}\"},\"query-input\":\"required name=search_term_string\"}],\"inLanguage\":\"es\"},{\"@type\":\"Person\",\"@id\":\"https:\/\/thepueblatimes.mx\/#\/schema\/person\/1664894c2f65ce2c7a08d8f5f905c13c\",\"name\":\"Sa\u00fal Hern\u00e1ndez\",\"image\":{\"@type\":\"ImageObject\",\"inLanguage\":\"es\",\"@id\":\"https:\/\/thepueblatimes.mx\/#\/schema\/person\/image\/\",\"url\":\"https:\/\/secure.gravatar.com\/avatar\/11be338693f243309532caad8f10c930?s=96&d=mm&r=g\",\"contentUrl\":\"https:\/\/secure.gravatar.com\/avatar\/11be338693f243309532caad8f10c930?s=96&d=mm&r=g\",\"caption\":\"Sa\u00fal Hern\u00e1ndez\"},\"url\":\"https:\/\/thepueblatimes.mx\/index.php\/author\/saulhernandez\/\"}]}<\/script>\n<!-- \/ Yoast SEO plugin. -->","yoast_head_json":{"title":"Festeja Gobierno de la Ciudad D\u00eda de la Ni\u00f1ez en el Centros de Desarrollo Comunitario y Parque Biblioteca - The Puebla Times","robots":{"index":"index","follow":"follow","max-snippet":"max-snippet:-1","max-image-preview":"max-image-preview:large","max-video-preview":"max-video-preview:-1"},"canonical":"https:\/\/thepueblatimes.mx\/index.php\/2025\/04\/30\/festeja-gobierno-de-la-ciudad-dia-de-la-ninez-en-el-centros-de-desarrollo-comunitario-y-parque-biblioteca\/","og_locale":"es_ES","og_type":"article","og_title":"Festeja Gobierno de la Ciudad D\u00eda de la Ni\u00f1ez en el Centros de Desarrollo Comunitario y Parque Biblioteca - The Puebla Times","og_description":"&#8211; Fortalecen el tejido social, promueven valores como la convivencia y el respeto En el marco de la celebraci\u00f3n del D\u00eda del Ni\u00f1o y de la Ni\u00f1a, el pr\u00f3ximo 30 de abril, el Gobierno de la Ciudad, encabezado por Pepe Chedraui Budib, celebr\u00f3 a las y los peques en los Centros de Desarrollo Comunitario (CDC)...","og_url":"https:\/\/thepueblatimes.mx\/index.php\/2025\/04\/30\/festeja-gobierno-de-la-ciudad-dia-de-la-ninez-en-el-centros-de-desarrollo-comunitario-y-parque-biblioteca\/","og_site_name":"The Puebla Times","article_published_time":"2025-04-30T23:14:35+00:00","og_image":[{"width":1600,"height":1066,"url":"https:\/\/thepueblatimes.mx\/wp-content\/uploads\/2025\/04\/WhatsApp-Image-2025-04-30-at-10.46.45-AM.jpeg","type":"image\/jpeg"}],"author":"Sa\u00fal Hern\u00e1ndez","twitter_card":"summary_large_image","twitter_misc":{"Escrito por":"Sa\u00fal Hern\u00e1ndez","Tiempo de lectura":"2 minutos"},"schema":{"@context":"https:\/\/schema.org","@graph":[{"@type":"WebPage","@id":"https:\/\/thepueblatimes.mx\/index.php\/2025\/04\/30\/festeja-gobierno-de-la-ciudad-dia-de-la-ninez-en-el-centros-de-desarrollo-comunitario-y-parque-biblioteca\/","url":"https:\/\/thepueblatimes.mx\/index.php\/2025\/04\/30\/festeja-gobierno-de-la-ciudad-dia-de-la-ninez-en-el-centros-de-desarrollo-comunitario-y-parque-biblioteca\/","name":"Festeja Gobierno de la Ciudad D\u00eda de la Ni\u00f1ez en el Centros de Desarrollo Comunitario y Parque Biblioteca - The Puebla Times","isPartOf":{"@id":"https:\/\/thepueblatimes.mx\/#website"},"datePublished":"2025-04-30T23:14:35+00:00","dateModified":"2025-04-30T23:14:35+00:00","author":{"@id":"https:\/\/thepueblatimes.mx\/#\/schema\/person\/1664894c2f65ce2c7a08d8f5f905c13c"},"breadcrumb":{"@id":"https:\/\/thepueblatimes.mx\/index.php\/2025\/04\/30\/festeja-gobierno-de-la-ciudad-dia-de-la-ninez-en-el-centros-de-desarrollo-comunitario-y-parque-biblioteca\/#breadcrumb"},"inLanguage":"es","potentialAction":[{"@type":"ReadAction","target":["https:\/\/thepueblatimes.mx\/index.php\/2025\/04\/30\/festeja-gobierno-de-la-ciudad-dia-de-la-ninez-en-el-centros-de-desarrollo-comunitario-y-parque-biblioteca\/"]}]},{"@type":"BreadcrumbList","@id":"https:\/\/thepueblatimes.mx\/index.php\/2025\/04\/30\/festeja-gobierno-de-la-ciudad-dia-de-la-ninez-en-el-centros-de-desarrollo-comunitario-y-parque-biblioteca\/#breadcrumb","itemListElement":[{"@type":"ListItem","position":1,"name":"Portada","item":"https:\/\/thepueblatimes.mx\/"},{"@type":"ListItem","position":2,"name":"Festeja Gobierno de la Ciudad D\u00eda de la Ni\u00f1ez en el Centros de Desarrollo Comunitario y Parque Biblioteca"}]},{"@type":"WebSite","@id":"https:\/\/thepueblatimes.mx\/#website","url":"https:\/\/thepueblatimes.mx\/","name":"The Puebla Times","description":"Noticias del Estado de Puebla","potentialAction":[{"@type":"SearchAction","target":{"@type":"EntryPoint","urlTemplate":"https:\/\/thepueblatimes.mx\/?s={search_term_string}"},"query-input":"required name=search_term_string"}],"inLanguage":"es"},{"@type":"Person","@id":"https:\/\/thepueblatimes.mx\/#\/schema\/person\/1664894c2f65ce2c7a08d8f5f905c13c","name":"Sa\u00fal Hern\u00e1ndez","image":{"@type":"ImageObject","inLanguage":"es","@id":"https:\/\/thepueblatimes.mx\/#\/schema\/person\/image\/","url":"https:\/\/secure.gravatar.com\/avatar\/11be338693f243309532caad8f10c930?s=96&d=mm&r=g","contentUrl":"https:\/\/secure.gravatar.com\/avatar\/11be338693f243309532caad8f10c930?s=96&d=mm&r=g","caption":"Sa\u00fal Hern\u00e1ndez"},"url":"https:\/\/thepueblatimes.mx\/index.php\/author\/saulhernandez\/"}]}},"jetpack_featured_media_url":"https:\/\/thepueblatimes.mx\/wp-content\/uploads\/2025\/04\/WhatsApp-Image-2025-04-30-at-10.46.45-AM.jpeg","_links":{"self":[{"href":"https:\/\/thepueblatimes.mx\/index.php\/wp-json\/wp\/v2\/posts\/29472"}],"collection":[{"href":"https:\/\/thepueblatimes.mx\/index.php\/wp-json\/wp\/v2\/posts"}],"about":[{"href":"https:\/\/thepueblatimes.mx\/index.php\/wp-json\/wp\/v2\/types\/post"}],"author":[{"embeddable":true,"href":"https:\/\/thepueblatimes.mx\/index.php\/wp-json\/wp\/v2\/users\/16"}],"replies":[{"embeddable":true,"href":"https:\/\/thepueblatimes.mx\/index.php\/wp-json\/wp\/v2\/comments?post=29472"}],"version-history":[{"count":1,"href":"https:\/\/thepueblatimes.mx\/index.php\/wp-json\/wp\/v2\/posts\/29472\/revisions"}],"predecessor-version":[{"id":29474,"href":"https:\/\/thepueblatimes.mx\/index.php\/wp-json\/wp\/v2\/posts\/29472\/revisions\/29474"}],"wp:featuredmedia":[{"embeddable":true,"href":"https:\/\/thepueblatimes.mx\/index.php\/wp-json\/wp\/v2\/media\/29473"}],"wp:attachment":[{"href":"https:\/\/thepueblatimes.mx\/index.php\/wp-json\/wp\/v2\/media?parent=29472"}],"wp:term":[{"taxonomy":"category","embeddable":true,"href":"https:\/\/thepueblatimes.mx\/index.php\/wp-json\/wp\/v2\/categories?post=29472"},{"taxonomy":"post_tag","embeddable":true,"href":"https:\/\/thepueblatimes.mx\/index.php\/wp-json\/wp\/v2\/tags?post=29472"}],"curies":[{"name":"wp","href":"https:\/\/api.w.org\/{rel}","templated":true}]}}