{"id":29469,"date":"2025-04-30T17:13:10","date_gmt":"2025-04-30T23:13:10","guid":{"rendered":"https:\/\/thepueblatimes.mx\/?p=29469"},"modified":"2025-04-30T17:13:10","modified_gmt":"2025-04-30T23:13:10","slug":"con-exito-participo-el-gobierno-de-la-ciudad-en-el-primer-simulacro-nacional-2025","status":"publish","type":"post","link":"https:\/\/thepueblatimes.mx\/index.php\/2025\/04\/30\/con-exito-participo-el-gobierno-de-la-ciudad-en-el-primer-simulacro-nacional-2025\/","title":{"rendered":"Con \u00e9xito particip\u00f3 el Gobierno de la Ciudad en el Primer Simulacro Nacional 2025"},"content":{"rendered":"<h3><em tabindex=\"0\">&#8211; El secretario General de Gobierno, Franco Rodr\u00edguez, encabez\u00f3 este ejercicio que permiti\u00f3 la evacuaci\u00f3n de 9 mil 500 personas<\/em><\/h3>\n<h3><em tabindex=\"0\">&#8211; En Palacio Municipal, se evacuaron 215 personas, con un tiempo de respuesta de 1:45 minutos<\/em><\/h3>\n<p tabindex=\"0\">Para fomentar la cultura de la protecci\u00f3n civil y fortalecer las capacidades de reacci\u00f3n de poblanas y poblanos, as\u00ed como de las autoridades, el Gobierno de la Ciudad, presidido por Pepe Chedraui Budib, particip\u00f3 con \u00e9xito en el Primer Simulacro Nacional 2025 mediante la hip\u00f3tesis de un sismo de magnitud 8.1, con epicentro en Tehuantepec, Oaxaca.<\/p>\n<p tabindex=\"0\">El ejercicio estuvo encabezado por el secretario General de Gobierno, Franco Rodr\u00edguez, en representaci\u00f3n del alcalde, quien destac\u00f3 la importancia de estas actividades para generar conciencia en la sociedad de c\u00f3mo actuar ante una emergencia.<\/p>\n<p tabindex=\"0\">El simulacro inici\u00f3 a las 11:30 horas con la activaci\u00f3n del alertamiento s\u00edsmico en edificios municipales, unidades habitacionales, hospitales, escuelas y mercados, siguiendo el protocolo establecido. Como parte del ejercicio, fueron evacuadas de manera ordenada un total de 9 mil 500 personas, sin incidentes de los edificios oficiales, establecimientos y restaurantes del primer cuadro de la ciudad.<\/p>\n<p tabindex=\"0\">En Palacio Municipal, se evacuaron 215 personas, con un tiempo de respuesta de 1:45 minutos, finalizando con la revisi\u00f3n estructural de los inmuebles por parte del personal de la Direcci\u00f3n Municipal de Protecci\u00f3n Civil y de la Direcci\u00f3n de Gesti\u00f3n de Riesgos.<\/p>\n<p tabindex=\"0\">Durante el ejercicio, el Gobierno de la Ciudad escenificaron tres escenarios de emergencia: rescate vertical de un lesionado en Palacio Municipal; rescate vehicular con personas lesionadas, coordinado con Cruz Roja Mexicana; y el control de fuga de gas LP por incendio en cilindro, ejecutado por el personal de Protecci\u00f3n Civil.<\/p>\n<p tabindex=\"0\">Como parte de la simulaci\u00f3n del sismo, el Gobierno de la Ciudad habilit\u00f3 un Puesto de Mando, as\u00ed como una \u00c1rea de Concentraci\u00f3n de V\u00edctimas y el \u00c1rea de espera en el Z\u00f3calo de la ciudad. En este punto se concentraron las autoridades correspondientes para la atenci\u00f3n de cualquier incidente, adem\u00e1s se design\u00f3 este espacio para la recepci\u00f3n, clasificaci\u00f3n, atenci\u00f3n y transporte de v\u00edctimas.<\/p>\n<p tabindex=\"0\">El simulacro concluy\u00f3 sin contratiempos, destacando la participaci\u00f3n directa de todas las dependencias y la colaboraci\u00f3n de la ciudadan\u00eda. El Gobierno de Pepe Chedraui reitera su compromiso con la cultura de la prevenci\u00f3n y la gesti\u00f3n de riesgos, elementos esenciales para garantizar la seguridad de todas y todos.<\/p>\n<p tabindex=\"0\">En este ejercicio de prevenci\u00f3n y capacitaci\u00f3n tambi\u00e9n estuvieron presentes el coronel de Infanter\u00eda de Estado Mayor, F\u00e9lix Pallares Miranda, titular de la Secretar\u00eda de Seguridad Ciudadana (SSC); el director general de Protecci\u00f3n Civil Municipal, Salvador Bianchini Maldonado y el director de Gesti\u00f3n de Riesgos de la Secretar\u00eda de Gesti\u00f3n y Desarrollo Urbano, Rub\u00e9n Borau Garc\u00eda.<\/p>\n","protected":false},"excerpt":{"rendered":"<p>&#8211; El secretario General de Gobierno, Franco Rodr\u00edguez, encabez\u00f3 este ejercicio que permiti\u00f3 la evacuaci\u00f3n de 9 mil 500 personas &#8211; En Palacio Municipal, se evacuaron 215 personas, con un tiempo de respuesta de 1:45 minutos Para fomentar la cultura de la protecci\u00f3n civil y fortalecer las capacidades de reacci\u00f3n de poblanas y poblanos, as\u00ed&#8230;<\/p>\n","protected":false},"author":16,"featured_media":29470,"comment_status":"closed","ping_status":"closed","sticky":false,"template":"","format":"standard","meta":[],"categories":[20],"tags":[1287,1301,1473],"yoast_head":"<!-- This site is optimized with the Yoast SEO plugin v20.8 - https:\/\/yoast.com\/wordpress\/plugins\/seo\/ -->\n<title>Con \u00e9xito particip\u00f3 el Gobierno de la Ciudad en el Primer Simulacro Nacional 2025 - The Puebla Times<\/title>\n<meta name=\"robots\" content=\"index, follow, max-snippet:-1, max-image-preview:large, max-video-preview:-1\" \/>\n<link rel=\"canonical\" href=\"https:\/\/thepueblatimes.mx\/index.php\/2025\/04\/30\/con-exito-participo-el-gobierno-de-la-ciudad-en-el-primer-simulacro-nacional-2025\/\" \/>\n<meta property=\"og:locale\" content=\"es_ES\" \/>\n<meta property=\"og:type\" content=\"article\" \/>\n<meta property=\"og:title\" content=\"Con \u00e9xito particip\u00f3 el Gobierno de la Ciudad en el Primer Simulacro Nacional 2025 - The Puebla Times\" \/>\n<meta property=\"og:description\" content=\"&#8211; El secretario General de Gobierno, Franco Rodr\u00edguez, encabez\u00f3 este ejercicio que permiti\u00f3 la evacuaci\u00f3n de 9 mil 500 personas &#8211; En Palacio Municipal, se evacuaron 215 personas, con un tiempo de respuesta de 1:45 minutos Para fomentar la cultura de la protecci\u00f3n civil y fortalecer las capacidades de reacci\u00f3n de poblanas y poblanos, as\u00ed...\" \/>\n<meta property=\"og:url\" content=\"https:\/\/thepueblatimes.mx\/index.php\/2025\/04\/30\/con-exito-participo-el-gobierno-de-la-ciudad-en-el-primer-simulacro-nacional-2025\/\" \/>\n<meta property=\"og:site_name\" content=\"The Puebla Times\" \/>\n<meta property=\"article:published_time\" content=\"2025-04-30T23:13:10+00:00\" \/>\n<meta property=\"og:image\" content=\"https:\/\/thepueblatimes.mx\/wp-content\/uploads\/2025\/04\/WhatsApp-Image-2025-04-29-at-12.52.41-PM-1-scaled.jpeg\" \/>\n\t<meta property=\"og:image:width\" content=\"2560\" \/>\n\t<meta property=\"og:image:height\" content=\"1706\" \/>\n\t<meta property=\"og:image:type\" content=\"image\/jpeg\" \/>\n<meta name=\"author\" content=\"Sa\u00fal Hern\u00e1ndez\" \/>\n<meta name=\"twitter:card\" content=\"summary_large_image\" \/>\n<meta name=\"twitter:label1\" content=\"Escrito por\" \/>\n\t<meta name=\"twitter:data1\" content=\"Sa\u00fal Hern\u00e1ndez\" \/>\n\t<meta name=\"twitter:label2\" content=\"Tiempo de lectura\" \/>\n\t<meta name=\"twitter:data2\" content=\"3 minutos\" \/>\n<script type=\"application\/ld+json\" class=\"yoast-schema-graph\">{\"@context\":\"https:\/\/schema.org\",\"@graph\":[{\"@type\":\"WebPage\",\"@id\":\"https:\/\/thepueblatimes.mx\/index.php\/2025\/04\/30\/con-exito-participo-el-gobierno-de-la-ciudad-en-el-primer-simulacro-nacional-2025\/\",\"url\":\"https:\/\/thepueblatimes.mx\/index.php\/2025\/04\/30\/con-exito-participo-el-gobierno-de-la-ciudad-en-el-primer-simulacro-nacional-2025\/\",\"name\":\"Con \u00e9xito particip\u00f3 el Gobierno de la Ciudad en el Primer Simulacro Nacional 2025 - The Puebla Times\",\"isPartOf\":{\"@id\":\"https:\/\/thepueblatimes.mx\/#website\"},\"datePublished\":\"2025-04-30T23:13:10+00:00\",\"dateModified\":\"2025-04-30T23:13:10+00:00\",\"author\":{\"@id\":\"https:\/\/thepueblatimes.mx\/#\/schema\/person\/1664894c2f65ce2c7a08d8f5f905c13c\"},\"breadcrumb\":{\"@id\":\"https:\/\/thepueblatimes.mx\/index.php\/2025\/04\/30\/con-exito-participo-el-gobierno-de-la-ciudad-en-el-primer-simulacro-nacional-2025\/#breadcrumb\"},\"inLanguage\":\"es\",\"potentialAction\":[{\"@type\":\"ReadAction\",\"target\":[\"https:\/\/thepueblatimes.mx\/index.php\/2025\/04\/30\/con-exito-participo-el-gobierno-de-la-ciudad-en-el-primer-simulacro-nacional-2025\/\"]}]},{\"@type\":\"BreadcrumbList\",\"@id\":\"https:\/\/thepueblatimes.mx\/index.php\/2025\/04\/30\/con-exito-participo-el-gobierno-de-la-ciudad-en-el-primer-simulacro-nacional-2025\/#breadcrumb\",\"itemListElement\":[{\"@type\":\"ListItem\",\"position\":1,\"name\":\"Portada\",\"item\":\"https:\/\/thepueblatimes.mx\/\"},{\"@type\":\"ListItem\",\"position\":2,\"name\":\"Con \u00e9xito particip\u00f3 el Gobierno de la Ciudad en el Primer Simulacro Nacional 2025\"}]},{\"@type\":\"WebSite\",\"@id\":\"https:\/\/thepueblatimes.mx\/#website\",\"url\":\"https:\/\/thepueblatimes.mx\/\",\"name\":\"The Puebla Times\",\"description\":\"Noticias del Estado de Puebla\",\"potentialAction\":[{\"@type\":\"SearchAction\",\"target\":{\"@type\":\"EntryPoint\",\"urlTemplate\":\"https:\/\/thepueblatimes.mx\/?s={search_term_string}\"},\"query-input\":\"required name=search_term_string\"}],\"inLanguage\":\"es\"},{\"@type\":\"Person\",\"@id\":\"https:\/\/thepueblatimes.mx\/#\/schema\/person\/1664894c2f65ce2c7a08d8f5f905c13c\",\"name\":\"Sa\u00fal Hern\u00e1ndez\",\"image\":{\"@type\":\"ImageObject\",\"inLanguage\":\"es\",\"@id\":\"https:\/\/thepueblatimes.mx\/#\/schema\/person\/image\/\",\"url\":\"https:\/\/secure.gravatar.com\/avatar\/11be338693f243309532caad8f10c930?s=96&d=mm&r=g\",\"contentUrl\":\"https:\/\/secure.gravatar.com\/avatar\/11be338693f243309532caad8f10c930?s=96&d=mm&r=g\",\"caption\":\"Sa\u00fal Hern\u00e1ndez\"},\"url\":\"https:\/\/thepueblatimes.mx\/index.php\/author\/saulhernandez\/\"}]}<\/script>\n<!-- \/ Yoast SEO plugin. -->","yoast_head_json":{"title":"Con \u00e9xito particip\u00f3 el Gobierno de la Ciudad en el Primer Simulacro Nacional 2025 - The Puebla Times","robots":{"index":"index","follow":"follow","max-snippet":"max-snippet:-1","max-image-preview":"max-image-preview:large","max-video-preview":"max-video-preview:-1"},"canonical":"https:\/\/thepueblatimes.mx\/index.php\/2025\/04\/30\/con-exito-participo-el-gobierno-de-la-ciudad-en-el-primer-simulacro-nacional-2025\/","og_locale":"es_ES","og_type":"article","og_title":"Con \u00e9xito particip\u00f3 el Gobierno de la Ciudad en el Primer Simulacro Nacional 2025 - The Puebla Times","og_description":"&#8211; El secretario General de Gobierno, Franco Rodr\u00edguez, encabez\u00f3 este ejercicio que permiti\u00f3 la evacuaci\u00f3n de 9 mil 500 personas &#8211; En Palacio Municipal, se evacuaron 215 personas, con un tiempo de respuesta de 1:45 minutos Para fomentar la cultura de la protecci\u00f3n civil y fortalecer las capacidades de reacci\u00f3n de poblanas y poblanos, as\u00ed...","og_url":"https:\/\/thepueblatimes.mx\/index.php\/2025\/04\/30\/con-exito-participo-el-gobierno-de-la-ciudad-en-el-primer-simulacro-nacional-2025\/","og_site_name":"The Puebla Times","article_published_time":"2025-04-30T23:13:10+00:00","og_image":[{"width":2560,"height":1706,"url":"https:\/\/thepueblatimes.mx\/wp-content\/uploads\/2025\/04\/WhatsApp-Image-2025-04-29-at-12.52.41-PM-1-scaled.jpeg","type":"image\/jpeg"}],"author":"Sa\u00fal Hern\u00e1ndez","twitter_card":"summary_large_image","twitter_misc":{"Escrito por":"Sa\u00fal Hern\u00e1ndez","Tiempo de lectura":"3 minutos"},"schema":{"@context":"https:\/\/schema.org","@graph":[{"@type":"WebPage","@id":"https:\/\/thepueblatimes.mx\/index.php\/2025\/04\/30\/con-exito-participo-el-gobierno-de-la-ciudad-en-el-primer-simulacro-nacional-2025\/","url":"https:\/\/thepueblatimes.mx\/index.php\/2025\/04\/30\/con-exito-participo-el-gobierno-de-la-ciudad-en-el-primer-simulacro-nacional-2025\/","name":"Con \u00e9xito particip\u00f3 el Gobierno de la Ciudad en el Primer Simulacro Nacional 2025 - The Puebla Times","isPartOf":{"@id":"https:\/\/thepueblatimes.mx\/#website"},"datePublished":"2025-04-30T23:13:10+00:00","dateModified":"2025-04-30T23:13:10+00:00","author":{"@id":"https:\/\/thepueblatimes.mx\/#\/schema\/person\/1664894c2f65ce2c7a08d8f5f905c13c"},"breadcrumb":{"@id":"https:\/\/thepueblatimes.mx\/index.php\/2025\/04\/30\/con-exito-participo-el-gobierno-de-la-ciudad-en-el-primer-simulacro-nacional-2025\/#breadcrumb"},"inLanguage":"es","potentialAction":[{"@type":"ReadAction","target":["https:\/\/thepueblatimes.mx\/index.php\/2025\/04\/30\/con-exito-participo-el-gobierno-de-la-ciudad-en-el-primer-simulacro-nacional-2025\/"]}]},{"@type":"BreadcrumbList","@id":"https:\/\/thepueblatimes.mx\/index.php\/2025\/04\/30\/con-exito-participo-el-gobierno-de-la-ciudad-en-el-primer-simulacro-nacional-2025\/#breadcrumb","itemListElement":[{"@type":"ListItem","position":1,"name":"Portada","item":"https:\/\/thepueblatimes.mx\/"},{"@type":"ListItem","position":2,"name":"Con \u00e9xito particip\u00f3 el Gobierno de la Ciudad en el Primer Simulacro Nacional 2025"}]},{"@type":"WebSite","@id":"https:\/\/thepueblatimes.mx\/#website","url":"https:\/\/thepueblatimes.mx\/","name":"The Puebla Times","description":"Noticias del Estado de Puebla","potentialAction":[{"@type":"SearchAction","target":{"@type":"EntryPoint","urlTemplate":"https:\/\/thepueblatimes.mx\/?s={search_term_string}"},"query-input":"required name=search_term_string"}],"inLanguage":"es"},{"@type":"Person","@id":"https:\/\/thepueblatimes.mx\/#\/schema\/person\/1664894c2f65ce2c7a08d8f5f905c13c","name":"Sa\u00fal Hern\u00e1ndez","image":{"@type":"ImageObject","inLanguage":"es","@id":"https:\/\/thepueblatimes.mx\/#\/schema\/person\/image\/","url":"https:\/\/secure.gravatar.com\/avatar\/11be338693f243309532caad8f10c930?s=96&d=mm&r=g","contentUrl":"https:\/\/secure.gravatar.com\/avatar\/11be338693f243309532caad8f10c930?s=96&d=mm&r=g","caption":"Sa\u00fal Hern\u00e1ndez"},"url":"https:\/\/thepueblatimes.mx\/index.php\/author\/saulhernandez\/"}]}},"jetpack_featured_media_url":"https:\/\/thepueblatimes.mx\/wp-content\/uploads\/2025\/04\/WhatsApp-Image-2025-04-29-at-12.52.41-PM-1-scaled.jpeg","_links":{"self":[{"href":"https:\/\/thepueblatimes.mx\/index.php\/wp-json\/wp\/v2\/posts\/29469"}],"collection":[{"href":"https:\/\/thepueblatimes.mx\/index.php\/wp-json\/wp\/v2\/posts"}],"about":[{"href":"https:\/\/thepueblatimes.mx\/index.php\/wp-json\/wp\/v2\/types\/post"}],"author":[{"embeddable":true,"href":"https:\/\/thepueblatimes.mx\/index.php\/wp-json\/wp\/v2\/users\/16"}],"replies":[{"embeddable":true,"href":"https:\/\/thepueblatimes.mx\/index.php\/wp-json\/wp\/v2\/comments?post=29469"}],"version-history":[{"count":1,"href":"https:\/\/thepueblatimes.mx\/index.php\/wp-json\/wp\/v2\/posts\/29469\/revisions"}],"predecessor-version":[{"id":29471,"href":"https:\/\/thepueblatimes.mx\/index.php\/wp-json\/wp\/v2\/posts\/29469\/revisions\/29471"}],"wp:featuredmedia":[{"embeddable":true,"href":"https:\/\/thepueblatimes.mx\/index.php\/wp-json\/wp\/v2\/media\/29470"}],"wp:attachment":[{"href":"https:\/\/thepueblatimes.mx\/index.php\/wp-json\/wp\/v2\/media?parent=29469"}],"wp:term":[{"taxonomy":"category","embeddable":true,"href":"https:\/\/thepueblatimes.mx\/index.php\/wp-json\/wp\/v2\/categories?post=29469"},{"taxonomy":"post_tag","embeddable":true,"href":"https:\/\/thepueblatimes.mx\/index.php\/wp-json\/wp\/v2\/tags?post=29469"}],"curies":[{"name":"wp","href":"https:\/\/api.w.org\/{rel}","templated":true}]}}