{"id":29466,"date":"2025-04-30T17:09:33","date_gmt":"2025-04-30T23:09:33","guid":{"rendered":"https:\/\/thepueblatimes.mx\/?p=29466"},"modified":"2025-04-30T17:09:33","modified_gmt":"2025-04-30T23:09:33","slug":"visitaron-mas-de-1-4-millones-de-personas-la-ciudad-de-puebla-destaca-pepe-chedraui-en-tianguis-turistico-2025","status":"publish","type":"post","link":"https:\/\/thepueblatimes.mx\/index.php\/2025\/04\/30\/visitaron-mas-de-1-4-millones-de-personas-la-ciudad-de-puebla-destaca-pepe-chedraui-en-tianguis-turistico-2025\/","title":{"rendered":"Visitaron m\u00e1s de 1.4 millones de personas la Ciudad de Puebla, destaca Pepe Chedraui en Tianguis Tur\u00edstico 2025"},"content":{"rendered":"<h3><em tabindex=\"0\">&#8211; Esta cifra se alcanz\u00f3 tan solo en el periodo que lleva esta administraci\u00f3n de octubre de 2024 a marzo<\/em><\/h3>\n<p tabindex=\"0\">Playas de Rosarito, B.C., 29 de abril de 2025.- En el marco de la inauguraci\u00f3n del stand de Puebla en la 49 edici\u00f3n del Tianguis Tur\u00edstico M\u00e9xico 2025 el presidente municipal, Pepe Chedraui Budib, dio a conocer que de octubre del a\u00f1o pasado a marzo del presente m\u00e1s de 1 mill\u00f3n 400 mil turistas, nacionales y extranjeros, han disfrutado de la capital poblana.<\/p>\n<p tabindex=\"0\">En este corte de list\u00f3n donde acompa\u00f1\u00f3 al gobernador del estado, Alejandro Armenta Mier, el alcalde afirm\u00f3 que la capital es sin\u00f3nimo de cultura y tradici\u00f3n, lo que reconocen todas las personas que visitan la ciudad, por lo que reiter\u00f3 su compromiso de seguir posicionando a Puebla como un municipio abierto para el turismo y los negocios.<\/p>\n<p tabindex=\"0\">\u201cReconozco el impulso y la prioridad que ha dado el gobernador al fortalecimiento del turismo en toda la entidad. La inversi\u00f3n que anunci\u00f3 de 750 millones de pesos ser\u00e1 clave para consolidar y expandir este sector, tanto en la capital como en todo el estado\u201d, expres\u00f3.<\/p>\n<p tabindex=\"0\">De la misma forma, extendi\u00f3 la invitaci\u00f3n a las personas que se dieron cita en la edici\u00f3n de este evento de talla mundial para que conozcan Puebla, sus tradiciones, cultura, arquitectura, clima y gastronom\u00eda entre otros atractivos que hacen de la capital un lugar excepcional.<\/p>\n<p tabindex=\"0\">Finalmente, reiter\u00f3 el acompa\u00f1amiento del Gobierno de la Ciudad a todos los proyectos de la entidad en materia tur\u00edstica para que la capital sea un referente en este sentido.<\/p>\n","protected":false},"excerpt":{"rendered":"<p>&#8211; Esta cifra se alcanz\u00f3 tan solo en el periodo que lleva esta administraci\u00f3n de octubre de 2024 a marzo Playas de Rosarito, B.C., 29 de abril de 2025.- En el marco de la inauguraci\u00f3n del stand de Puebla en la 49 edici\u00f3n del Tianguis Tur\u00edstico M\u00e9xico 2025 el presidente municipal, Pepe Chedraui Budib, dio&#8230;<\/p>\n","protected":false},"author":16,"featured_media":29467,"comment_status":"closed","ping_status":"closed","sticky":false,"template":"","format":"standard","meta":[],"categories":[20],"tags":[1287,3081,1301],"yoast_head":"<!-- This site is optimized with the Yoast SEO plugin v20.8 - https:\/\/yoast.com\/wordpress\/plugins\/seo\/ -->\n<title>Visitaron m\u00e1s de 1.4 millones de personas la Ciudad de Puebla, destaca Pepe Chedraui en Tianguis Tur\u00edstico 2025 - The Puebla Times<\/title>\n<meta name=\"robots\" content=\"index, follow, max-snippet:-1, max-image-preview:large, max-video-preview:-1\" \/>\n<link rel=\"canonical\" href=\"https:\/\/thepueblatimes.mx\/index.php\/2025\/04\/30\/visitaron-mas-de-1-4-millones-de-personas-la-ciudad-de-puebla-destaca-pepe-chedraui-en-tianguis-turistico-2025\/\" \/>\n<meta property=\"og:locale\" content=\"es_ES\" \/>\n<meta property=\"og:type\" content=\"article\" \/>\n<meta property=\"og:title\" content=\"Visitaron m\u00e1s de 1.4 millones de personas la Ciudad de Puebla, destaca Pepe Chedraui en Tianguis Tur\u00edstico 2025 - The Puebla Times\" \/>\n<meta property=\"og:description\" content=\"&#8211; Esta cifra se alcanz\u00f3 tan solo en el periodo que lleva esta administraci\u00f3n de octubre de 2024 a marzo Playas de Rosarito, B.C., 29 de abril de 2025.- En el marco de la inauguraci\u00f3n del stand de Puebla en la 49 edici\u00f3n del Tianguis Tur\u00edstico M\u00e9xico 2025 el presidente municipal, Pepe Chedraui Budib, dio...\" \/>\n<meta property=\"og:url\" content=\"https:\/\/thepueblatimes.mx\/index.php\/2025\/04\/30\/visitaron-mas-de-1-4-millones-de-personas-la-ciudad-de-puebla-destaca-pepe-chedraui-en-tianguis-turistico-2025\/\" \/>\n<meta property=\"og:site_name\" content=\"The Puebla Times\" \/>\n<meta property=\"article:published_time\" content=\"2025-04-30T23:09:33+00:00\" \/>\n<meta property=\"og:image\" content=\"https:\/\/thepueblatimes.mx\/wp-content\/uploads\/2025\/04\/WhatsApp-Image-2025-04-29-at-2.38.32-PM.jpeg\" \/>\n\t<meta property=\"og:image:width\" content=\"965\" \/>\n\t<meta property=\"og:image:height\" content=\"655\" \/>\n\t<meta property=\"og:image:type\" content=\"image\/jpeg\" \/>\n<meta name=\"author\" content=\"Sa\u00fal Hern\u00e1ndez\" \/>\n<meta name=\"twitter:card\" content=\"summary_large_image\" \/>\n<meta name=\"twitter:label1\" content=\"Escrito por\" \/>\n\t<meta name=\"twitter:data1\" content=\"Sa\u00fal Hern\u00e1ndez\" \/>\n\t<meta name=\"twitter:label2\" content=\"Tiempo de lectura\" \/>\n\t<meta name=\"twitter:data2\" content=\"2 minutos\" \/>\n<script type=\"application\/ld+json\" class=\"yoast-schema-graph\">{\"@context\":\"https:\/\/schema.org\",\"@graph\":[{\"@type\":\"WebPage\",\"@id\":\"https:\/\/thepueblatimes.mx\/index.php\/2025\/04\/30\/visitaron-mas-de-1-4-millones-de-personas-la-ciudad-de-puebla-destaca-pepe-chedraui-en-tianguis-turistico-2025\/\",\"url\":\"https:\/\/thepueblatimes.mx\/index.php\/2025\/04\/30\/visitaron-mas-de-1-4-millones-de-personas-la-ciudad-de-puebla-destaca-pepe-chedraui-en-tianguis-turistico-2025\/\",\"name\":\"Visitaron m\u00e1s de 1.4 millones de personas la Ciudad de Puebla, destaca Pepe Chedraui en Tianguis Tur\u00edstico 2025 - The Puebla Times\",\"isPartOf\":{\"@id\":\"https:\/\/thepueblatimes.mx\/#website\"},\"datePublished\":\"2025-04-30T23:09:33+00:00\",\"dateModified\":\"2025-04-30T23:09:33+00:00\",\"author\":{\"@id\":\"https:\/\/thepueblatimes.mx\/#\/schema\/person\/1664894c2f65ce2c7a08d8f5f905c13c\"},\"breadcrumb\":{\"@id\":\"https:\/\/thepueblatimes.mx\/index.php\/2025\/04\/30\/visitaron-mas-de-1-4-millones-de-personas-la-ciudad-de-puebla-destaca-pepe-chedraui-en-tianguis-turistico-2025\/#breadcrumb\"},\"inLanguage\":\"es\",\"potentialAction\":[{\"@type\":\"ReadAction\",\"target\":[\"https:\/\/thepueblatimes.mx\/index.php\/2025\/04\/30\/visitaron-mas-de-1-4-millones-de-personas-la-ciudad-de-puebla-destaca-pepe-chedraui-en-tianguis-turistico-2025\/\"]}]},{\"@type\":\"BreadcrumbList\",\"@id\":\"https:\/\/thepueblatimes.mx\/index.php\/2025\/04\/30\/visitaron-mas-de-1-4-millones-de-personas-la-ciudad-de-puebla-destaca-pepe-chedraui-en-tianguis-turistico-2025\/#breadcrumb\",\"itemListElement\":[{\"@type\":\"ListItem\",\"position\":1,\"name\":\"Portada\",\"item\":\"https:\/\/thepueblatimes.mx\/\"},{\"@type\":\"ListItem\",\"position\":2,\"name\":\"Visitaron m\u00e1s de 1.4 millones de personas la Ciudad de Puebla, destaca Pepe Chedraui en Tianguis Tur\u00edstico 2025\"}]},{\"@type\":\"WebSite\",\"@id\":\"https:\/\/thepueblatimes.mx\/#website\",\"url\":\"https:\/\/thepueblatimes.mx\/\",\"name\":\"The Puebla Times\",\"description\":\"Noticias del Estado de Puebla\",\"potentialAction\":[{\"@type\":\"SearchAction\",\"target\":{\"@type\":\"EntryPoint\",\"urlTemplate\":\"https:\/\/thepueblatimes.mx\/?s={search_term_string}\"},\"query-input\":\"required name=search_term_string\"}],\"inLanguage\":\"es\"},{\"@type\":\"Person\",\"@id\":\"https:\/\/thepueblatimes.mx\/#\/schema\/person\/1664894c2f65ce2c7a08d8f5f905c13c\",\"name\":\"Sa\u00fal Hern\u00e1ndez\",\"image\":{\"@type\":\"ImageObject\",\"inLanguage\":\"es\",\"@id\":\"https:\/\/thepueblatimes.mx\/#\/schema\/person\/image\/\",\"url\":\"https:\/\/secure.gravatar.com\/avatar\/11be338693f243309532caad8f10c930?s=96&d=mm&r=g\",\"contentUrl\":\"https:\/\/secure.gravatar.com\/avatar\/11be338693f243309532caad8f10c930?s=96&d=mm&r=g\",\"caption\":\"Sa\u00fal Hern\u00e1ndez\"},\"url\":\"https:\/\/thepueblatimes.mx\/index.php\/author\/saulhernandez\/\"}]}<\/script>\n<!-- \/ Yoast SEO plugin. -->","yoast_head_json":{"title":"Visitaron m\u00e1s de 1.4 millones de personas la Ciudad de Puebla, destaca Pepe Chedraui en Tianguis Tur\u00edstico 2025 - The Puebla Times","robots":{"index":"index","follow":"follow","max-snippet":"max-snippet:-1","max-image-preview":"max-image-preview:large","max-video-preview":"max-video-preview:-1"},"canonical":"https:\/\/thepueblatimes.mx\/index.php\/2025\/04\/30\/visitaron-mas-de-1-4-millones-de-personas-la-ciudad-de-puebla-destaca-pepe-chedraui-en-tianguis-turistico-2025\/","og_locale":"es_ES","og_type":"article","og_title":"Visitaron m\u00e1s de 1.4 millones de personas la Ciudad de Puebla, destaca Pepe Chedraui en Tianguis Tur\u00edstico 2025 - The Puebla Times","og_description":"&#8211; Esta cifra se alcanz\u00f3 tan solo en el periodo que lleva esta administraci\u00f3n de octubre de 2024 a marzo Playas de Rosarito, B.C., 29 de abril de 2025.- En el marco de la inauguraci\u00f3n del stand de Puebla en la 49 edici\u00f3n del Tianguis Tur\u00edstico M\u00e9xico 2025 el presidente municipal, Pepe Chedraui Budib, dio...","og_url":"https:\/\/thepueblatimes.mx\/index.php\/2025\/04\/30\/visitaron-mas-de-1-4-millones-de-personas-la-ciudad-de-puebla-destaca-pepe-chedraui-en-tianguis-turistico-2025\/","og_site_name":"The Puebla Times","article_published_time":"2025-04-30T23:09:33+00:00","og_image":[{"width":965,"height":655,"url":"https:\/\/thepueblatimes.mx\/wp-content\/uploads\/2025\/04\/WhatsApp-Image-2025-04-29-at-2.38.32-PM.jpeg","type":"image\/jpeg"}],"author":"Sa\u00fal Hern\u00e1ndez","twitter_card":"summary_large_image","twitter_misc":{"Escrito por":"Sa\u00fal Hern\u00e1ndez","Tiempo de lectura":"2 minutos"},"schema":{"@context":"https:\/\/schema.org","@graph":[{"@type":"WebPage","@id":"https:\/\/thepueblatimes.mx\/index.php\/2025\/04\/30\/visitaron-mas-de-1-4-millones-de-personas-la-ciudad-de-puebla-destaca-pepe-chedraui-en-tianguis-turistico-2025\/","url":"https:\/\/thepueblatimes.mx\/index.php\/2025\/04\/30\/visitaron-mas-de-1-4-millones-de-personas-la-ciudad-de-puebla-destaca-pepe-chedraui-en-tianguis-turistico-2025\/","name":"Visitaron m\u00e1s de 1.4 millones de personas la Ciudad de Puebla, destaca Pepe Chedraui en Tianguis Tur\u00edstico 2025 - The Puebla Times","isPartOf":{"@id":"https:\/\/thepueblatimes.mx\/#website"},"datePublished":"2025-04-30T23:09:33+00:00","dateModified":"2025-04-30T23:09:33+00:00","author":{"@id":"https:\/\/thepueblatimes.mx\/#\/schema\/person\/1664894c2f65ce2c7a08d8f5f905c13c"},"breadcrumb":{"@id":"https:\/\/thepueblatimes.mx\/index.php\/2025\/04\/30\/visitaron-mas-de-1-4-millones-de-personas-la-ciudad-de-puebla-destaca-pepe-chedraui-en-tianguis-turistico-2025\/#breadcrumb"},"inLanguage":"es","potentialAction":[{"@type":"ReadAction","target":["https:\/\/thepueblatimes.mx\/index.php\/2025\/04\/30\/visitaron-mas-de-1-4-millones-de-personas-la-ciudad-de-puebla-destaca-pepe-chedraui-en-tianguis-turistico-2025\/"]}]},{"@type":"BreadcrumbList","@id":"https:\/\/thepueblatimes.mx\/index.php\/2025\/04\/30\/visitaron-mas-de-1-4-millones-de-personas-la-ciudad-de-puebla-destaca-pepe-chedraui-en-tianguis-turistico-2025\/#breadcrumb","itemListElement":[{"@type":"ListItem","position":1,"name":"Portada","item":"https:\/\/thepueblatimes.mx\/"},{"@type":"ListItem","position":2,"name":"Visitaron m\u00e1s de 1.4 millones de personas la Ciudad de Puebla, destaca Pepe Chedraui en Tianguis Tur\u00edstico 2025"}]},{"@type":"WebSite","@id":"https:\/\/thepueblatimes.mx\/#website","url":"https:\/\/thepueblatimes.mx\/","name":"The Puebla Times","description":"Noticias del Estado de Puebla","potentialAction":[{"@type":"SearchAction","target":{"@type":"EntryPoint","urlTemplate":"https:\/\/thepueblatimes.mx\/?s={search_term_string}"},"query-input":"required name=search_term_string"}],"inLanguage":"es"},{"@type":"Person","@id":"https:\/\/thepueblatimes.mx\/#\/schema\/person\/1664894c2f65ce2c7a08d8f5f905c13c","name":"Sa\u00fal Hern\u00e1ndez","image":{"@type":"ImageObject","inLanguage":"es","@id":"https:\/\/thepueblatimes.mx\/#\/schema\/person\/image\/","url":"https:\/\/secure.gravatar.com\/avatar\/11be338693f243309532caad8f10c930?s=96&d=mm&r=g","contentUrl":"https:\/\/secure.gravatar.com\/avatar\/11be338693f243309532caad8f10c930?s=96&d=mm&r=g","caption":"Sa\u00fal Hern\u00e1ndez"},"url":"https:\/\/thepueblatimes.mx\/index.php\/author\/saulhernandez\/"}]}},"jetpack_featured_media_url":"https:\/\/thepueblatimes.mx\/wp-content\/uploads\/2025\/04\/WhatsApp-Image-2025-04-29-at-2.38.32-PM.jpeg","_links":{"self":[{"href":"https:\/\/thepueblatimes.mx\/index.php\/wp-json\/wp\/v2\/posts\/29466"}],"collection":[{"href":"https:\/\/thepueblatimes.mx\/index.php\/wp-json\/wp\/v2\/posts"}],"about":[{"href":"https:\/\/thepueblatimes.mx\/index.php\/wp-json\/wp\/v2\/types\/post"}],"author":[{"embeddable":true,"href":"https:\/\/thepueblatimes.mx\/index.php\/wp-json\/wp\/v2\/users\/16"}],"replies":[{"embeddable":true,"href":"https:\/\/thepueblatimes.mx\/index.php\/wp-json\/wp\/v2\/comments?post=29466"}],"version-history":[{"count":1,"href":"https:\/\/thepueblatimes.mx\/index.php\/wp-json\/wp\/v2\/posts\/29466\/revisions"}],"predecessor-version":[{"id":29468,"href":"https:\/\/thepueblatimes.mx\/index.php\/wp-json\/wp\/v2\/posts\/29466\/revisions\/29468"}],"wp:featuredmedia":[{"embeddable":true,"href":"https:\/\/thepueblatimes.mx\/index.php\/wp-json\/wp\/v2\/media\/29467"}],"wp:attachment":[{"href":"https:\/\/thepueblatimes.mx\/index.php\/wp-json\/wp\/v2\/media?parent=29466"}],"wp:term":[{"taxonomy":"category","embeddable":true,"href":"https:\/\/thepueblatimes.mx\/index.php\/wp-json\/wp\/v2\/categories?post=29466"},{"taxonomy":"post_tag","embeddable":true,"href":"https:\/\/thepueblatimes.mx\/index.php\/wp-json\/wp\/v2\/tags?post=29466"}],"curies":[{"name":"wp","href":"https:\/\/api.w.org\/{rel}","templated":true}]}}