{"id":29346,"date":"2025-04-24T11:41:44","date_gmt":"2025-04-24T17:41:44","guid":{"rendered":"https:\/\/thepueblatimes.mx\/?p=29346"},"modified":"2025-04-24T11:41:44","modified_gmt":"2025-04-24T17:41:44","slug":"la-feria-de-puebla-epicentro-social-y-politico","status":"publish","type":"post","link":"https:\/\/thepueblatimes.mx\/index.php\/2025\/04\/24\/la-feria-de-puebla-epicentro-social-y-politico\/","title":{"rendered":"La Feria de Puebla: epicentro social y pol\u00edtico"},"content":{"rendered":"<p>LA PASARELA<\/p>\n<p>POR JORGE CASTILO<\/p>\n<p>La Feria de Puebla 2025, que arranca este 24 de abril, no es solo una celebraci\u00f3n; es un term\u00f3metro pol\u00edtico y social que define el pulso de la entidad.<br \/>\nEn su edici\u00f3n actual, el evento trasciende los juegos mec\u00e1nicos y el Teatro del Pueblo para convertirse en una vitrina donde el gobierno de Alejandro Armenta proyecta poder, cohesi\u00f3n y compromiso.<\/p>\n<p>Incluso ya hay quien la califica como \u201cla mejor de la historia\u201d, con artistas como Maroon 5 y una entrada de 50 pesos que democratiza el acceso.<br \/>\nSocialmente, la feria es un crisol: une a familias, exalta la identidad poblana con artesan\u00edas de Cuetzalan o talavera de Tecali, y genera una derrama econ\u00f3mica de 900 millones de pesos, seg\u00fan datos de 2024.<\/p>\n<p>Pol\u00edticamente, es un escaparate.<\/p>\n<p>Armenta, en sus primeros 131 d\u00edas, busca en la feria para consolidar su liderazgo, promoviendo turismo y orgullo local y posicionar a Puebla como referente nacional.<br \/>\nPero el verdadero desaf\u00edo es la seguridad.<\/p>\n<p>Tras el hallazgo de cuerpos cerca de Los Fuertes, el gobierno despleg\u00f3 mil 400 elementos, drones y helic\u00f3pteros.<\/p>\n<p>Incluso, el presidente municipal Pepe Chedraui, refuerza con 600 polic\u00edas.<\/p>\n<p>El operativo busca disipar el temor social.<\/p>\n<p>La feria no solo celebra; prueba que Puebla puede ser segura y vibrante.<\/p>\n<p>Tiempo al tiempo.<\/p>\n<p>Lupita Cuautle: tiempo de mujeres<\/p>\n<p>Lupita Cuautle present\u00f3 su informe de actividades en San Andr\u00e9s Cholula, y no pas\u00f3 desapercibido.<\/p>\n<p>Su Plan Municipal 2024-2027 brilla por su visi\u00f3n sustentable y de g\u00e9nero.<\/p>\n<p>Apenas con meses en el cargo, su presencia en foros como el Congreso de la Uni\u00f3n y la Cumbre H\u00e1bitat 2025 ya la proyecta como un activo clave del PAN en Puebla.<br \/>\nCuautle no solo administra; construye.<\/p>\n<p>Su agenda de seguridad, con detenciones y dignificaci\u00f3n policial, y su combate al crecimiento inmobiliario desordenado muestran m\u00fasculo pol\u00edtico.<\/p>\n<p>As\u00ed crece faro de liderazgo de la oposici\u00f3n.<\/p>\n<p>Su imagen figura aumenta m\u00e1s all\u00e1 de San Andr\u00e9s, con un estilo que combina cercan\u00eda y estrategia.<\/p>\n<p>Ojo, no es solo una alcaldesa m\u00e1s, sino pareciera ser un proyecto a largo plazo.<\/p>\n<p>Sobre todo en tiempos de mujeres.<\/p>\n<p>Tiempo al tiempo.<\/p>\n","protected":false},"excerpt":{"rendered":"<p>LA PASARELA POR JORGE CASTILO La Feria de Puebla 2025, que arranca este 24 de abril, no es solo una celebraci\u00f3n; es un term\u00f3metro pol\u00edtico y social que define el pulso de la entidad. En su edici\u00f3n actual, el evento trasciende los juegos mec\u00e1nicos y el Teatro del Pueblo para convertirse en una vitrina donde&#8230;<\/p>\n","protected":false},"author":16,"featured_media":29347,"comment_status":"closed","ping_status":"closed","sticky":false,"template":"","format":"standard","meta":[],"categories":[10],"tags":[1276],"yoast_head":"<!-- This site is optimized with the Yoast SEO plugin v20.8 - https:\/\/yoast.com\/wordpress\/plugins\/seo\/ -->\n<title>La Feria de Puebla: epicentro social y pol\u00edtico - The Puebla Times<\/title>\n<meta name=\"robots\" content=\"index, follow, max-snippet:-1, max-image-preview:large, max-video-preview:-1\" \/>\n<link rel=\"canonical\" href=\"https:\/\/thepueblatimes.mx\/index.php\/2025\/04\/24\/la-feria-de-puebla-epicentro-social-y-politico\/\" \/>\n<meta property=\"og:locale\" content=\"es_ES\" \/>\n<meta property=\"og:type\" content=\"article\" \/>\n<meta property=\"og:title\" content=\"La Feria de Puebla: epicentro social y pol\u00edtico - The Puebla Times\" \/>\n<meta property=\"og:description\" content=\"LA PASARELA POR JORGE CASTILO La Feria de Puebla 2025, que arranca este 24 de abril, no es solo una celebraci\u00f3n; es un term\u00f3metro pol\u00edtico y social que define el pulso de la entidad. En su edici\u00f3n actual, el evento trasciende los juegos mec\u00e1nicos y el Teatro del Pueblo para convertirse en una vitrina donde...\" \/>\n<meta property=\"og:url\" content=\"https:\/\/thepueblatimes.mx\/index.php\/2025\/04\/24\/la-feria-de-puebla-epicentro-social-y-politico\/\" \/>\n<meta property=\"og:site_name\" content=\"The Puebla Times\" \/>\n<meta property=\"article:published_time\" content=\"2025-04-24T17:41:44+00:00\" \/>\n<meta property=\"og:image\" content=\"https:\/\/thepueblatimes.mx\/wp-content\/uploads\/2025\/04\/feria-de-puebla-2025-25032025090402-dondehayferia.jpg.webp\" \/>\n\t<meta property=\"og:image:width\" content=\"600\" \/>\n\t<meta property=\"og:image:height\" content=\"600\" \/>\n\t<meta property=\"og:image:type\" content=\"image\/webp\" \/>\n<meta name=\"author\" content=\"Sa\u00fal Hern\u00e1ndez\" \/>\n<meta name=\"twitter:card\" content=\"summary_large_image\" \/>\n<meta name=\"twitter:label1\" content=\"Escrito por\" \/>\n\t<meta name=\"twitter:data1\" content=\"Sa\u00fal Hern\u00e1ndez\" \/>\n\t<meta name=\"twitter:label2\" content=\"Tiempo de lectura\" \/>\n\t<meta name=\"twitter:data2\" content=\"2 minutos\" \/>\n<script type=\"application\/ld+json\" class=\"yoast-schema-graph\">{\"@context\":\"https:\/\/schema.org\",\"@graph\":[{\"@type\":\"WebPage\",\"@id\":\"https:\/\/thepueblatimes.mx\/index.php\/2025\/04\/24\/la-feria-de-puebla-epicentro-social-y-politico\/\",\"url\":\"https:\/\/thepueblatimes.mx\/index.php\/2025\/04\/24\/la-feria-de-puebla-epicentro-social-y-politico\/\",\"name\":\"La Feria de Puebla: epicentro social y pol\u00edtico - The Puebla Times\",\"isPartOf\":{\"@id\":\"https:\/\/thepueblatimes.mx\/#website\"},\"datePublished\":\"2025-04-24T17:41:44+00:00\",\"dateModified\":\"2025-04-24T17:41:44+00:00\",\"author\":{\"@id\":\"https:\/\/thepueblatimes.mx\/#\/schema\/person\/1664894c2f65ce2c7a08d8f5f905c13c\"},\"breadcrumb\":{\"@id\":\"https:\/\/thepueblatimes.mx\/index.php\/2025\/04\/24\/la-feria-de-puebla-epicentro-social-y-politico\/#breadcrumb\"},\"inLanguage\":\"es\",\"potentialAction\":[{\"@type\":\"ReadAction\",\"target\":[\"https:\/\/thepueblatimes.mx\/index.php\/2025\/04\/24\/la-feria-de-puebla-epicentro-social-y-politico\/\"]}]},{\"@type\":\"BreadcrumbList\",\"@id\":\"https:\/\/thepueblatimes.mx\/index.php\/2025\/04\/24\/la-feria-de-puebla-epicentro-social-y-politico\/#breadcrumb\",\"itemListElement\":[{\"@type\":\"ListItem\",\"position\":1,\"name\":\"Portada\",\"item\":\"https:\/\/thepueblatimes.mx\/\"},{\"@type\":\"ListItem\",\"position\":2,\"name\":\"La Feria de Puebla: epicentro social y pol\u00edtico\"}]},{\"@type\":\"WebSite\",\"@id\":\"https:\/\/thepueblatimes.mx\/#website\",\"url\":\"https:\/\/thepueblatimes.mx\/\",\"name\":\"The Puebla Times\",\"description\":\"Noticias del Estado de Puebla\",\"potentialAction\":[{\"@type\":\"SearchAction\",\"target\":{\"@type\":\"EntryPoint\",\"urlTemplate\":\"https:\/\/thepueblatimes.mx\/?s={search_term_string}\"},\"query-input\":\"required name=search_term_string\"}],\"inLanguage\":\"es\"},{\"@type\":\"Person\",\"@id\":\"https:\/\/thepueblatimes.mx\/#\/schema\/person\/1664894c2f65ce2c7a08d8f5f905c13c\",\"name\":\"Sa\u00fal Hern\u00e1ndez\",\"image\":{\"@type\":\"ImageObject\",\"inLanguage\":\"es\",\"@id\":\"https:\/\/thepueblatimes.mx\/#\/schema\/person\/image\/\",\"url\":\"https:\/\/secure.gravatar.com\/avatar\/11be338693f243309532caad8f10c930?s=96&d=mm&r=g\",\"contentUrl\":\"https:\/\/secure.gravatar.com\/avatar\/11be338693f243309532caad8f10c930?s=96&d=mm&r=g\",\"caption\":\"Sa\u00fal Hern\u00e1ndez\"},\"url\":\"https:\/\/thepueblatimes.mx\/index.php\/author\/saulhernandez\/\"}]}<\/script>\n<!-- \/ Yoast SEO plugin. -->","yoast_head_json":{"title":"La Feria de Puebla: epicentro social y pol\u00edtico - The Puebla Times","robots":{"index":"index","follow":"follow","max-snippet":"max-snippet:-1","max-image-preview":"max-image-preview:large","max-video-preview":"max-video-preview:-1"},"canonical":"https:\/\/thepueblatimes.mx\/index.php\/2025\/04\/24\/la-feria-de-puebla-epicentro-social-y-politico\/","og_locale":"es_ES","og_type":"article","og_title":"La Feria de Puebla: epicentro social y pol\u00edtico - The Puebla Times","og_description":"LA PASARELA POR JORGE CASTILO La Feria de Puebla 2025, que arranca este 24 de abril, no es solo una celebraci\u00f3n; es un term\u00f3metro pol\u00edtico y social que define el pulso de la entidad. En su edici\u00f3n actual, el evento trasciende los juegos mec\u00e1nicos y el Teatro del Pueblo para convertirse en una vitrina donde...","og_url":"https:\/\/thepueblatimes.mx\/index.php\/2025\/04\/24\/la-feria-de-puebla-epicentro-social-y-politico\/","og_site_name":"The Puebla Times","article_published_time":"2025-04-24T17:41:44+00:00","og_image":[{"width":600,"height":600,"url":"https:\/\/thepueblatimes.mx\/wp-content\/uploads\/2025\/04\/feria-de-puebla-2025-25032025090402-dondehayferia.jpg.webp","type":"image\/webp"}],"author":"Sa\u00fal Hern\u00e1ndez","twitter_card":"summary_large_image","twitter_misc":{"Escrito por":"Sa\u00fal Hern\u00e1ndez","Tiempo de lectura":"2 minutos"},"schema":{"@context":"https:\/\/schema.org","@graph":[{"@type":"WebPage","@id":"https:\/\/thepueblatimes.mx\/index.php\/2025\/04\/24\/la-feria-de-puebla-epicentro-social-y-politico\/","url":"https:\/\/thepueblatimes.mx\/index.php\/2025\/04\/24\/la-feria-de-puebla-epicentro-social-y-politico\/","name":"La Feria de Puebla: epicentro social y pol\u00edtico - The Puebla Times","isPartOf":{"@id":"https:\/\/thepueblatimes.mx\/#website"},"datePublished":"2025-04-24T17:41:44+00:00","dateModified":"2025-04-24T17:41:44+00:00","author":{"@id":"https:\/\/thepueblatimes.mx\/#\/schema\/person\/1664894c2f65ce2c7a08d8f5f905c13c"},"breadcrumb":{"@id":"https:\/\/thepueblatimes.mx\/index.php\/2025\/04\/24\/la-feria-de-puebla-epicentro-social-y-politico\/#breadcrumb"},"inLanguage":"es","potentialAction":[{"@type":"ReadAction","target":["https:\/\/thepueblatimes.mx\/index.php\/2025\/04\/24\/la-feria-de-puebla-epicentro-social-y-politico\/"]}]},{"@type":"BreadcrumbList","@id":"https:\/\/thepueblatimes.mx\/index.php\/2025\/04\/24\/la-feria-de-puebla-epicentro-social-y-politico\/#breadcrumb","itemListElement":[{"@type":"ListItem","position":1,"name":"Portada","item":"https:\/\/thepueblatimes.mx\/"},{"@type":"ListItem","position":2,"name":"La Feria de Puebla: epicentro social y pol\u00edtico"}]},{"@type":"WebSite","@id":"https:\/\/thepueblatimes.mx\/#website","url":"https:\/\/thepueblatimes.mx\/","name":"The Puebla Times","description":"Noticias del Estado de Puebla","potentialAction":[{"@type":"SearchAction","target":{"@type":"EntryPoint","urlTemplate":"https:\/\/thepueblatimes.mx\/?s={search_term_string}"},"query-input":"required name=search_term_string"}],"inLanguage":"es"},{"@type":"Person","@id":"https:\/\/thepueblatimes.mx\/#\/schema\/person\/1664894c2f65ce2c7a08d8f5f905c13c","name":"Sa\u00fal Hern\u00e1ndez","image":{"@type":"ImageObject","inLanguage":"es","@id":"https:\/\/thepueblatimes.mx\/#\/schema\/person\/image\/","url":"https:\/\/secure.gravatar.com\/avatar\/11be338693f243309532caad8f10c930?s=96&d=mm&r=g","contentUrl":"https:\/\/secure.gravatar.com\/avatar\/11be338693f243309532caad8f10c930?s=96&d=mm&r=g","caption":"Sa\u00fal Hern\u00e1ndez"},"url":"https:\/\/thepueblatimes.mx\/index.php\/author\/saulhernandez\/"}]}},"jetpack_featured_media_url":"https:\/\/thepueblatimes.mx\/wp-content\/uploads\/2025\/04\/feria-de-puebla-2025-25032025090402-dondehayferia.jpg.webp","_links":{"self":[{"href":"https:\/\/thepueblatimes.mx\/index.php\/wp-json\/wp\/v2\/posts\/29346"}],"collection":[{"href":"https:\/\/thepueblatimes.mx\/index.php\/wp-json\/wp\/v2\/posts"}],"about":[{"href":"https:\/\/thepueblatimes.mx\/index.php\/wp-json\/wp\/v2\/types\/post"}],"author":[{"embeddable":true,"href":"https:\/\/thepueblatimes.mx\/index.php\/wp-json\/wp\/v2\/users\/16"}],"replies":[{"embeddable":true,"href":"https:\/\/thepueblatimes.mx\/index.php\/wp-json\/wp\/v2\/comments?post=29346"}],"version-history":[{"count":1,"href":"https:\/\/thepueblatimes.mx\/index.php\/wp-json\/wp\/v2\/posts\/29346\/revisions"}],"predecessor-version":[{"id":29348,"href":"https:\/\/thepueblatimes.mx\/index.php\/wp-json\/wp\/v2\/posts\/29346\/revisions\/29348"}],"wp:featuredmedia":[{"embeddable":true,"href":"https:\/\/thepueblatimes.mx\/index.php\/wp-json\/wp\/v2\/media\/29347"}],"wp:attachment":[{"href":"https:\/\/thepueblatimes.mx\/index.php\/wp-json\/wp\/v2\/media?parent=29346"}],"wp:term":[{"taxonomy":"category","embeddable":true,"href":"https:\/\/thepueblatimes.mx\/index.php\/wp-json\/wp\/v2\/categories?post=29346"},{"taxonomy":"post_tag","embeddable":true,"href":"https:\/\/thepueblatimes.mx\/index.php\/wp-json\/wp\/v2\/tags?post=29346"}],"curies":[{"name":"wp","href":"https:\/\/api.w.org\/{rel}","templated":true}]}}