{"id":29325,"date":"2025-04-23T12:48:00","date_gmt":"2025-04-23T18:48:00","guid":{"rendered":"https:\/\/thepueblatimes.mx\/?p=29325"},"modified":"2025-04-23T12:48:00","modified_gmt":"2025-04-23T18:48:00","slug":"documentan-en-video-privacion-ilegal-de-la-libertad-de-una-mujer-en-la-ciudad-de-puebla","status":"publish","type":"post","link":"https:\/\/thepueblatimes.mx\/index.php\/2025\/04\/23\/documentan-en-video-privacion-ilegal-de-la-libertad-de-una-mujer-en-la-ciudad-de-puebla\/","title":{"rendered":"Documentan, en video, privaci\u00f3n ilegal de la libertad de una mujer en la Ciudad de Puebla"},"content":{"rendered":"<p>POR FRED ESTRADA<\/p>\n<p>Una mujer fue privada de la libertad, de manera violenta, en la colonia Granjas San Isidro de la Ciudad de Puebla.<\/p>\n<p>Lo anterior qued\u00f3 documentado, en un video, donde se aprecia que la mujer es obligada a subir a una camioneta.<\/p>\n<p>Previamente, se observa a la mujer platicando con un sujeto mientras dos individuos se acercan.<\/p>\n<p>Los hechos tuvieron lugar alrededor de las 22:00 horas del 222 de abril, en la calle 103 Oriente de la colonia Granjas San Isidro.<\/p>\n<p>En el video se ve cuando dos hombres se acercan a la mujer y uno de ellos se oculta en la parte trasera de una camioneta cuando pasaba un veh\u00edculo.<\/p>\n<p>Despu\u00e9s, los individuos forcejean con la mujer y la cargan para secuestrarla y subirla a una camioneta que estaba estacionada.<\/p>\n<p>El sujeto con el que platicaba la mujer se retir\u00f3 sin impedir el secuestro.<\/p>\n","protected":false},"excerpt":{"rendered":"<p>POR FRED ESTRADA Una mujer fue privada de la libertad, de manera violenta, en la colonia Granjas San Isidro de la Ciudad de Puebla. Lo anterior qued\u00f3 documentado, en un video, donde se aprecia que la mujer es obligada a subir a una camioneta. Previamente, se observa a la mujer platicando con un sujeto mientras&#8230;<\/p>\n","protected":false},"author":16,"featured_media":29327,"comment_status":"closed","ping_status":"closed","sticky":false,"template":"","format":"standard","meta":[],"categories":[20],"tags":[2377,373,2965,199],"yoast_head":"<!-- This site is optimized with the Yoast SEO plugin v20.8 - https:\/\/yoast.com\/wordpress\/plugins\/seo\/ -->\n<title>Documentan, en video, privaci\u00f3n ilegal de la libertad de una mujer en la Ciudad de Puebla - The Puebla Times<\/title>\n<meta name=\"robots\" content=\"index, follow, max-snippet:-1, max-image-preview:large, max-video-preview:-1\" \/>\n<link rel=\"canonical\" href=\"https:\/\/thepueblatimes.mx\/index.php\/2025\/04\/23\/documentan-en-video-privacion-ilegal-de-la-libertad-de-una-mujer-en-la-ciudad-de-puebla\/\" \/>\n<meta property=\"og:locale\" content=\"es_ES\" \/>\n<meta property=\"og:type\" content=\"article\" \/>\n<meta property=\"og:title\" content=\"Documentan, en video, privaci\u00f3n ilegal de la libertad de una mujer en la Ciudad de Puebla - The Puebla Times\" \/>\n<meta property=\"og:description\" content=\"POR FRED ESTRADA Una mujer fue privada de la libertad, de manera violenta, en la colonia Granjas San Isidro de la Ciudad de Puebla. Lo anterior qued\u00f3 documentado, en un video, donde se aprecia que la mujer es obligada a subir a una camioneta. Previamente, se observa a la mujer platicando con un sujeto mientras...\" \/>\n<meta property=\"og:url\" content=\"https:\/\/thepueblatimes.mx\/index.php\/2025\/04\/23\/documentan-en-video-privacion-ilegal-de-la-libertad-de-una-mujer-en-la-ciudad-de-puebla\/\" \/>\n<meta property=\"og:site_name\" content=\"The Puebla Times\" \/>\n<meta property=\"article:published_time\" content=\"2025-04-23T18:48:00+00:00\" \/>\n<meta property=\"og:image\" content=\"https:\/\/thepueblatimes.mx\/wp-content\/uploads\/2025\/04\/snapshot-1.webp\" \/>\n\t<meta property=\"og:image:width\" content=\"1920\" \/>\n\t<meta property=\"og:image:height\" content=\"1080\" \/>\n\t<meta property=\"og:image:type\" content=\"image\/webp\" \/>\n<meta name=\"author\" content=\"Sa\u00fal Hern\u00e1ndez\" \/>\n<meta name=\"twitter:card\" content=\"summary_large_image\" \/>\n<meta name=\"twitter:label1\" content=\"Escrito por\" \/>\n\t<meta name=\"twitter:data1\" content=\"Sa\u00fal Hern\u00e1ndez\" \/>\n\t<meta name=\"twitter:label2\" content=\"Tiempo de lectura\" \/>\n\t<meta name=\"twitter:data2\" content=\"1 minuto\" \/>\n<script type=\"application\/ld+json\" class=\"yoast-schema-graph\">{\"@context\":\"https:\/\/schema.org\",\"@graph\":[{\"@type\":\"WebPage\",\"@id\":\"https:\/\/thepueblatimes.mx\/index.php\/2025\/04\/23\/documentan-en-video-privacion-ilegal-de-la-libertad-de-una-mujer-en-la-ciudad-de-puebla\/\",\"url\":\"https:\/\/thepueblatimes.mx\/index.php\/2025\/04\/23\/documentan-en-video-privacion-ilegal-de-la-libertad-de-una-mujer-en-la-ciudad-de-puebla\/\",\"name\":\"Documentan, en video, privaci\u00f3n ilegal de la libertad de una mujer en la Ciudad de Puebla - The Puebla Times\",\"isPartOf\":{\"@id\":\"https:\/\/thepueblatimes.mx\/#website\"},\"datePublished\":\"2025-04-23T18:48:00+00:00\",\"dateModified\":\"2025-04-23T18:48:00+00:00\",\"author\":{\"@id\":\"https:\/\/thepueblatimes.mx\/#\/schema\/person\/1664894c2f65ce2c7a08d8f5f905c13c\"},\"breadcrumb\":{\"@id\":\"https:\/\/thepueblatimes.mx\/index.php\/2025\/04\/23\/documentan-en-video-privacion-ilegal-de-la-libertad-de-una-mujer-en-la-ciudad-de-puebla\/#breadcrumb\"},\"inLanguage\":\"es\",\"potentialAction\":[{\"@type\":\"ReadAction\",\"target\":[\"https:\/\/thepueblatimes.mx\/index.php\/2025\/04\/23\/documentan-en-video-privacion-ilegal-de-la-libertad-de-una-mujer-en-la-ciudad-de-puebla\/\"]}]},{\"@type\":\"BreadcrumbList\",\"@id\":\"https:\/\/thepueblatimes.mx\/index.php\/2025\/04\/23\/documentan-en-video-privacion-ilegal-de-la-libertad-de-una-mujer-en-la-ciudad-de-puebla\/#breadcrumb\",\"itemListElement\":[{\"@type\":\"ListItem\",\"position\":1,\"name\":\"Portada\",\"item\":\"https:\/\/thepueblatimes.mx\/\"},{\"@type\":\"ListItem\",\"position\":2,\"name\":\"Documentan, en video, privaci\u00f3n ilegal de la libertad de una mujer en la Ciudad de Puebla\"}]},{\"@type\":\"WebSite\",\"@id\":\"https:\/\/thepueblatimes.mx\/#website\",\"url\":\"https:\/\/thepueblatimes.mx\/\",\"name\":\"The Puebla Times\",\"description\":\"Noticias del Estado de Puebla\",\"potentialAction\":[{\"@type\":\"SearchAction\",\"target\":{\"@type\":\"EntryPoint\",\"urlTemplate\":\"https:\/\/thepueblatimes.mx\/?s={search_term_string}\"},\"query-input\":\"required name=search_term_string\"}],\"inLanguage\":\"es\"},{\"@type\":\"Person\",\"@id\":\"https:\/\/thepueblatimes.mx\/#\/schema\/person\/1664894c2f65ce2c7a08d8f5f905c13c\",\"name\":\"Sa\u00fal Hern\u00e1ndez\",\"image\":{\"@type\":\"ImageObject\",\"inLanguage\":\"es\",\"@id\":\"https:\/\/thepueblatimes.mx\/#\/schema\/person\/image\/\",\"url\":\"https:\/\/secure.gravatar.com\/avatar\/11be338693f243309532caad8f10c930?s=96&d=mm&r=g\",\"contentUrl\":\"https:\/\/secure.gravatar.com\/avatar\/11be338693f243309532caad8f10c930?s=96&d=mm&r=g\",\"caption\":\"Sa\u00fal Hern\u00e1ndez\"},\"url\":\"https:\/\/thepueblatimes.mx\/index.php\/author\/saulhernandez\/\"}]}<\/script>\n<!-- \/ Yoast SEO plugin. -->","yoast_head_json":{"title":"Documentan, en video, privaci\u00f3n ilegal de la libertad de una mujer en la Ciudad de Puebla - The Puebla Times","robots":{"index":"index","follow":"follow","max-snippet":"max-snippet:-1","max-image-preview":"max-image-preview:large","max-video-preview":"max-video-preview:-1"},"canonical":"https:\/\/thepueblatimes.mx\/index.php\/2025\/04\/23\/documentan-en-video-privacion-ilegal-de-la-libertad-de-una-mujer-en-la-ciudad-de-puebla\/","og_locale":"es_ES","og_type":"article","og_title":"Documentan, en video, privaci\u00f3n ilegal de la libertad de una mujer en la Ciudad de Puebla - The Puebla Times","og_description":"POR FRED ESTRADA Una mujer fue privada de la libertad, de manera violenta, en la colonia Granjas San Isidro de la Ciudad de Puebla. Lo anterior qued\u00f3 documentado, en un video, donde se aprecia que la mujer es obligada a subir a una camioneta. Previamente, se observa a la mujer platicando con un sujeto mientras...","og_url":"https:\/\/thepueblatimes.mx\/index.php\/2025\/04\/23\/documentan-en-video-privacion-ilegal-de-la-libertad-de-una-mujer-en-la-ciudad-de-puebla\/","og_site_name":"The Puebla Times","article_published_time":"2025-04-23T18:48:00+00:00","og_image":[{"width":1920,"height":1080,"url":"https:\/\/thepueblatimes.mx\/wp-content\/uploads\/2025\/04\/snapshot-1.webp","type":"image\/webp"}],"author":"Sa\u00fal Hern\u00e1ndez","twitter_card":"summary_large_image","twitter_misc":{"Escrito por":"Sa\u00fal Hern\u00e1ndez","Tiempo de lectura":"1 minuto"},"schema":{"@context":"https:\/\/schema.org","@graph":[{"@type":"WebPage","@id":"https:\/\/thepueblatimes.mx\/index.php\/2025\/04\/23\/documentan-en-video-privacion-ilegal-de-la-libertad-de-una-mujer-en-la-ciudad-de-puebla\/","url":"https:\/\/thepueblatimes.mx\/index.php\/2025\/04\/23\/documentan-en-video-privacion-ilegal-de-la-libertad-de-una-mujer-en-la-ciudad-de-puebla\/","name":"Documentan, en video, privaci\u00f3n ilegal de la libertad de una mujer en la Ciudad de Puebla - The Puebla Times","isPartOf":{"@id":"https:\/\/thepueblatimes.mx\/#website"},"datePublished":"2025-04-23T18:48:00+00:00","dateModified":"2025-04-23T18:48:00+00:00","author":{"@id":"https:\/\/thepueblatimes.mx\/#\/schema\/person\/1664894c2f65ce2c7a08d8f5f905c13c"},"breadcrumb":{"@id":"https:\/\/thepueblatimes.mx\/index.php\/2025\/04\/23\/documentan-en-video-privacion-ilegal-de-la-libertad-de-una-mujer-en-la-ciudad-de-puebla\/#breadcrumb"},"inLanguage":"es","potentialAction":[{"@type":"ReadAction","target":["https:\/\/thepueblatimes.mx\/index.php\/2025\/04\/23\/documentan-en-video-privacion-ilegal-de-la-libertad-de-una-mujer-en-la-ciudad-de-puebla\/"]}]},{"@type":"BreadcrumbList","@id":"https:\/\/thepueblatimes.mx\/index.php\/2025\/04\/23\/documentan-en-video-privacion-ilegal-de-la-libertad-de-una-mujer-en-la-ciudad-de-puebla\/#breadcrumb","itemListElement":[{"@type":"ListItem","position":1,"name":"Portada","item":"https:\/\/thepueblatimes.mx\/"},{"@type":"ListItem","position":2,"name":"Documentan, en video, privaci\u00f3n ilegal de la libertad de una mujer en la Ciudad de Puebla"}]},{"@type":"WebSite","@id":"https:\/\/thepueblatimes.mx\/#website","url":"https:\/\/thepueblatimes.mx\/","name":"The Puebla Times","description":"Noticias del Estado de Puebla","potentialAction":[{"@type":"SearchAction","target":{"@type":"EntryPoint","urlTemplate":"https:\/\/thepueblatimes.mx\/?s={search_term_string}"},"query-input":"required name=search_term_string"}],"inLanguage":"es"},{"@type":"Person","@id":"https:\/\/thepueblatimes.mx\/#\/schema\/person\/1664894c2f65ce2c7a08d8f5f905c13c","name":"Sa\u00fal Hern\u00e1ndez","image":{"@type":"ImageObject","inLanguage":"es","@id":"https:\/\/thepueblatimes.mx\/#\/schema\/person\/image\/","url":"https:\/\/secure.gravatar.com\/avatar\/11be338693f243309532caad8f10c930?s=96&d=mm&r=g","contentUrl":"https:\/\/secure.gravatar.com\/avatar\/11be338693f243309532caad8f10c930?s=96&d=mm&r=g","caption":"Sa\u00fal Hern\u00e1ndez"},"url":"https:\/\/thepueblatimes.mx\/index.php\/author\/saulhernandez\/"}]}},"jetpack_featured_media_url":"https:\/\/thepueblatimes.mx\/wp-content\/uploads\/2025\/04\/snapshot-1.webp","_links":{"self":[{"href":"https:\/\/thepueblatimes.mx\/index.php\/wp-json\/wp\/v2\/posts\/29325"}],"collection":[{"href":"https:\/\/thepueblatimes.mx\/index.php\/wp-json\/wp\/v2\/posts"}],"about":[{"href":"https:\/\/thepueblatimes.mx\/index.php\/wp-json\/wp\/v2\/types\/post"}],"author":[{"embeddable":true,"href":"https:\/\/thepueblatimes.mx\/index.php\/wp-json\/wp\/v2\/users\/16"}],"replies":[{"embeddable":true,"href":"https:\/\/thepueblatimes.mx\/index.php\/wp-json\/wp\/v2\/comments?post=29325"}],"version-history":[{"count":1,"href":"https:\/\/thepueblatimes.mx\/index.php\/wp-json\/wp\/v2\/posts\/29325\/revisions"}],"predecessor-version":[{"id":29328,"href":"https:\/\/thepueblatimes.mx\/index.php\/wp-json\/wp\/v2\/posts\/29325\/revisions\/29328"}],"wp:featuredmedia":[{"embeddable":true,"href":"https:\/\/thepueblatimes.mx\/index.php\/wp-json\/wp\/v2\/media\/29327"}],"wp:attachment":[{"href":"https:\/\/thepueblatimes.mx\/index.php\/wp-json\/wp\/v2\/media?parent=29325"}],"wp:term":[{"taxonomy":"category","embeddable":true,"href":"https:\/\/thepueblatimes.mx\/index.php\/wp-json\/wp\/v2\/categories?post=29325"},{"taxonomy":"post_tag","embeddable":true,"href":"https:\/\/thepueblatimes.mx\/index.php\/wp-json\/wp\/v2\/tags?post=29325"}],"curies":[{"name":"wp","href":"https:\/\/api.w.org\/{rel}","templated":true}]}}