{"id":2918,"date":"2020-08-22T12:26:31","date_gmt":"2020-08-22T17:26:31","guid":{"rendered":"https:\/\/thepueblatimes.mx\/?p=2918"},"modified":"2020-08-22T12:26:31","modified_gmt":"2020-08-22T17:26:31","slug":"video-casual-vas-por-la-calle-pasa-el-presidente-y-le-invitas-una-rebana-de-pizza","status":"publish","type":"post","link":"https:\/\/thepueblatimes.mx\/index.php\/2020\/08\/22\/video-casual-vas-por-la-calle-pasa-el-presidente-y-le-invitas-una-rebana-de-pizza\/","title":{"rendered":"VIDEO | Casual, vas por la calle, pasa el presidente y le invitas una rebana de pizza"},"content":{"rendered":"<p>Lo que en gobiernos pasados del PRI y el PAN hubiera sido imposible, ahora el presidente Andr\u00e9s Manuel L\u00f3pez Obrador, demostr\u00f3 que eso qued\u00f3 en el pasado. Sentirse superiores y cerrar calles impidiendo el paso de los y las mexicanas, es una pr\u00e1ctica digna de un r\u00e9gimen antiguo.<\/p>\n<p>Lo anterior, debido a un video que se viraliz\u00f3 en el que se ve a AMLO saludar a un automovilista que, luego de saludarlo, le ofreci\u00f3 una rebanada de pizza.<\/p>\n<p>El video compartido en Twitter por Arturo \u00c1vila, muestra el momento en el cual la Chevrolet Suburban de color negro en la que viaja el pol\u00edtico tabasque\u00f1o se cruza con el ciudadano, momento que L\u00f3pez Obrador aprovecha para bajar el vidrio de su ventanilla y saludar al hombre que filma<\/p>\n<blockquote><p>\u201cSaludos presidente, \u00bfgusta una pizza?\u201d, se escucha decir al automovilista, mientras AMLO responde agitando la mano y rechazando el gesto: \u201cmuch\u00edsimo gusto, que la pasen muy bien, buen provecho\u201d, dice, antes de que la camioneta se retire.<\/p><\/blockquote>\n<blockquote class=\"twitter-tweet\" data-width=\"550\" data-dnt=\"true\">\n<p lang=\"es\" dir=\"ltr\">Con cari\u00f1o recibe el pueblo Aguascalientes a este gran hombre <a href=\"https:\/\/twitter.com\/lopezobrador_?ref_src=twsrc%5Etfw\">@lopezobrador_<\/a> ,en el pasado esto ser\u00eda imposible, las comitivas hubieran cerrado calles y cuadras completas,\u00bfBajar el vidrio para saludar?, Ufffff cu\u00e1nto est\u00e1 cambiando \ud83c\uddf2\ud83c\uddfd a pesar de la resistencia de los corruptos. <a href=\"https:\/\/t.co\/RbsnzBAPDL\">pic.twitter.com\/RbsnzBAPDL<\/a><\/p>\n<p>&mdash; Arturo \u00c1vila \ud83d\udd3b (@arturoavila_mx) <a href=\"https:\/\/twitter.com\/arturoavila_mx\/status\/1296668108904636421?ref_src=twsrc%5Etfw\">August 21, 2020<\/a><\/p><\/blockquote>\n<p><script async src=\"https:\/\/platform.twitter.com\/widgets.js\" charset=\"utf-8\"><\/script><\/p>\n","protected":false},"excerpt":{"rendered":"<p>Lo que en gobiernos pasados del PRI y el PAN hubiera sido imposible, ahora el presidente Andr\u00e9s Manuel L\u00f3pez Obrador, demostr\u00f3 que eso qued\u00f3 en el pasado. Sentirse superiores y cerrar calles impidiendo el paso de los y las mexicanas, es una pr\u00e1ctica digna de un r\u00e9gimen antiguo. Lo anterior, debido a un video que&#8230;<\/p>\n","protected":false},"author":4,"featured_media":2920,"comment_status":"open","ping_status":"open","sticky":false,"template":"","format":"standard","meta":[],"categories":[2,110],"tags":[],"yoast_head":"<!-- This site is optimized with the Yoast SEO plugin v20.8 - https:\/\/yoast.com\/wordpress\/plugins\/seo\/ -->\n<title>VIDEO | Casual, vas por la calle, pasa el presidente y le invitas una rebana de pizza - The Puebla Times<\/title>\n<meta name=\"robots\" content=\"index, follow, max-snippet:-1, max-image-preview:large, max-video-preview:-1\" \/>\n<link rel=\"canonical\" href=\"https:\/\/thepueblatimes.mx\/index.php\/2020\/08\/22\/video-casual-vas-por-la-calle-pasa-el-presidente-y-le-invitas-una-rebana-de-pizza\/\" \/>\n<meta property=\"og:locale\" content=\"es_ES\" \/>\n<meta property=\"og:type\" content=\"article\" \/>\n<meta property=\"og:title\" content=\"VIDEO | Casual, vas por la calle, pasa el presidente y le invitas una rebana de pizza - The Puebla Times\" \/>\n<meta property=\"og:description\" content=\"Lo que en gobiernos pasados del PRI y el PAN hubiera sido imposible, ahora el presidente Andr\u00e9s Manuel L\u00f3pez Obrador, demostr\u00f3 que eso qued\u00f3 en el pasado. Sentirse superiores y cerrar calles impidiendo el paso de los y las mexicanas, es una pr\u00e1ctica digna de un r\u00e9gimen antiguo. Lo anterior, debido a un video que...\" \/>\n<meta property=\"og:url\" content=\"https:\/\/thepueblatimes.mx\/index.php\/2020\/08\/22\/video-casual-vas-por-la-calle-pasa-el-presidente-y-le-invitas-una-rebana-de-pizza\/\" \/>\n<meta property=\"og:site_name\" content=\"The Puebla Times\" \/>\n<meta property=\"article:published_time\" content=\"2020-08-22T17:26:31+00:00\" \/>\n<meta property=\"og:image\" content=\"https:\/\/thepueblatimes.mx\/wp-content\/uploads\/2020\/08\/3ZS7IK5RUREI7DX4WUGGDAU4UY.jpg\" \/>\n\t<meta property=\"og:image:width\" content=\"900\" \/>\n\t<meta property=\"og:image:height\" content=\"600\" \/>\n\t<meta property=\"og:image:type\" content=\"image\/jpeg\" \/>\n<meta name=\"author\" content=\"Marcos Guevara\" \/>\n<meta name=\"twitter:card\" content=\"summary_large_image\" \/>\n<meta name=\"twitter:label1\" content=\"Escrito por\" \/>\n\t<meta name=\"twitter:data1\" content=\"Marcos Guevara\" \/>\n\t<meta name=\"twitter:label2\" content=\"Tiempo de lectura\" \/>\n\t<meta name=\"twitter:data2\" content=\"1 minuto\" \/>\n<script type=\"application\/ld+json\" class=\"yoast-schema-graph\">{\"@context\":\"https:\/\/schema.org\",\"@graph\":[{\"@type\":\"WebPage\",\"@id\":\"https:\/\/thepueblatimes.mx\/index.php\/2020\/08\/22\/video-casual-vas-por-la-calle-pasa-el-presidente-y-le-invitas-una-rebana-de-pizza\/\",\"url\":\"https:\/\/thepueblatimes.mx\/index.php\/2020\/08\/22\/video-casual-vas-por-la-calle-pasa-el-presidente-y-le-invitas-una-rebana-de-pizza\/\",\"name\":\"VIDEO | Casual, vas por la calle, pasa el presidente y le invitas una rebana de pizza - The Puebla Times\",\"isPartOf\":{\"@id\":\"https:\/\/thepueblatimes.mx\/#website\"},\"datePublished\":\"2020-08-22T17:26:31+00:00\",\"dateModified\":\"2020-08-22T17:26:31+00:00\",\"author\":{\"@id\":\"https:\/\/thepueblatimes.mx\/#\/schema\/person\/adbf065ee889f68194977e3499c4a51e\"},\"breadcrumb\":{\"@id\":\"https:\/\/thepueblatimes.mx\/index.php\/2020\/08\/22\/video-casual-vas-por-la-calle-pasa-el-presidente-y-le-invitas-una-rebana-de-pizza\/#breadcrumb\"},\"inLanguage\":\"es\",\"potentialAction\":[{\"@type\":\"ReadAction\",\"target\":[\"https:\/\/thepueblatimes.mx\/index.php\/2020\/08\/22\/video-casual-vas-por-la-calle-pasa-el-presidente-y-le-invitas-una-rebana-de-pizza\/\"]}]},{\"@type\":\"BreadcrumbList\",\"@id\":\"https:\/\/thepueblatimes.mx\/index.php\/2020\/08\/22\/video-casual-vas-por-la-calle-pasa-el-presidente-y-le-invitas-una-rebana-de-pizza\/#breadcrumb\",\"itemListElement\":[{\"@type\":\"ListItem\",\"position\":1,\"name\":\"Portada\",\"item\":\"https:\/\/thepueblatimes.mx\/\"},{\"@type\":\"ListItem\",\"position\":2,\"name\":\"VIDEO | Casual, vas por la calle, pasa el presidente y le invitas una rebana de pizza\"}]},{\"@type\":\"WebSite\",\"@id\":\"https:\/\/thepueblatimes.mx\/#website\",\"url\":\"https:\/\/thepueblatimes.mx\/\",\"name\":\"The Puebla Times\",\"description\":\"Noticias del Estado de Puebla\",\"potentialAction\":[{\"@type\":\"SearchAction\",\"target\":{\"@type\":\"EntryPoint\",\"urlTemplate\":\"https:\/\/thepueblatimes.mx\/?s={search_term_string}\"},\"query-input\":\"required name=search_term_string\"}],\"inLanguage\":\"es\"},{\"@type\":\"Person\",\"@id\":\"https:\/\/thepueblatimes.mx\/#\/schema\/person\/adbf065ee889f68194977e3499c4a51e\",\"name\":\"Marcos Guevara\",\"image\":{\"@type\":\"ImageObject\",\"inLanguage\":\"es\",\"@id\":\"https:\/\/thepueblatimes.mx\/#\/schema\/person\/image\/\",\"url\":\"https:\/\/secure.gravatar.com\/avatar\/c5d5853d70a8cf178bdfd28c1b8cdcdd?s=96&d=mm&r=g\",\"contentUrl\":\"https:\/\/secure.gravatar.com\/avatar\/c5d5853d70a8cf178bdfd28c1b8cdcdd?s=96&d=mm&r=g\",\"caption\":\"Marcos Guevara\"},\"url\":\"https:\/\/thepueblatimes.mx\/index.php\/author\/marcos-guevara\/\"}]}<\/script>\n<!-- \/ Yoast SEO plugin. -->","yoast_head_json":{"title":"VIDEO | Casual, vas por la calle, pasa el presidente y le invitas una rebana de pizza - The Puebla Times","robots":{"index":"index","follow":"follow","max-snippet":"max-snippet:-1","max-image-preview":"max-image-preview:large","max-video-preview":"max-video-preview:-1"},"canonical":"https:\/\/thepueblatimes.mx\/index.php\/2020\/08\/22\/video-casual-vas-por-la-calle-pasa-el-presidente-y-le-invitas-una-rebana-de-pizza\/","og_locale":"es_ES","og_type":"article","og_title":"VIDEO | Casual, vas por la calle, pasa el presidente y le invitas una rebana de pizza - The Puebla Times","og_description":"Lo que en gobiernos pasados del PRI y el PAN hubiera sido imposible, ahora el presidente Andr\u00e9s Manuel L\u00f3pez Obrador, demostr\u00f3 que eso qued\u00f3 en el pasado. Sentirse superiores y cerrar calles impidiendo el paso de los y las mexicanas, es una pr\u00e1ctica digna de un r\u00e9gimen antiguo. Lo anterior, debido a un video que...","og_url":"https:\/\/thepueblatimes.mx\/index.php\/2020\/08\/22\/video-casual-vas-por-la-calle-pasa-el-presidente-y-le-invitas-una-rebana-de-pizza\/","og_site_name":"The Puebla Times","article_published_time":"2020-08-22T17:26:31+00:00","og_image":[{"width":900,"height":600,"url":"https:\/\/thepueblatimes.mx\/wp-content\/uploads\/2020\/08\/3ZS7IK5RUREI7DX4WUGGDAU4UY.jpg","type":"image\/jpeg"}],"author":"Marcos Guevara","twitter_card":"summary_large_image","twitter_misc":{"Escrito por":"Marcos Guevara","Tiempo de lectura":"1 minuto"},"schema":{"@context":"https:\/\/schema.org","@graph":[{"@type":"WebPage","@id":"https:\/\/thepueblatimes.mx\/index.php\/2020\/08\/22\/video-casual-vas-por-la-calle-pasa-el-presidente-y-le-invitas-una-rebana-de-pizza\/","url":"https:\/\/thepueblatimes.mx\/index.php\/2020\/08\/22\/video-casual-vas-por-la-calle-pasa-el-presidente-y-le-invitas-una-rebana-de-pizza\/","name":"VIDEO | Casual, vas por la calle, pasa el presidente y le invitas una rebana de pizza - The Puebla Times","isPartOf":{"@id":"https:\/\/thepueblatimes.mx\/#website"},"datePublished":"2020-08-22T17:26:31+00:00","dateModified":"2020-08-22T17:26:31+00:00","author":{"@id":"https:\/\/thepueblatimes.mx\/#\/schema\/person\/adbf065ee889f68194977e3499c4a51e"},"breadcrumb":{"@id":"https:\/\/thepueblatimes.mx\/index.php\/2020\/08\/22\/video-casual-vas-por-la-calle-pasa-el-presidente-y-le-invitas-una-rebana-de-pizza\/#breadcrumb"},"inLanguage":"es","potentialAction":[{"@type":"ReadAction","target":["https:\/\/thepueblatimes.mx\/index.php\/2020\/08\/22\/video-casual-vas-por-la-calle-pasa-el-presidente-y-le-invitas-una-rebana-de-pizza\/"]}]},{"@type":"BreadcrumbList","@id":"https:\/\/thepueblatimes.mx\/index.php\/2020\/08\/22\/video-casual-vas-por-la-calle-pasa-el-presidente-y-le-invitas-una-rebana-de-pizza\/#breadcrumb","itemListElement":[{"@type":"ListItem","position":1,"name":"Portada","item":"https:\/\/thepueblatimes.mx\/"},{"@type":"ListItem","position":2,"name":"VIDEO | Casual, vas por la calle, pasa el presidente y le invitas una rebana de pizza"}]},{"@type":"WebSite","@id":"https:\/\/thepueblatimes.mx\/#website","url":"https:\/\/thepueblatimes.mx\/","name":"The Puebla Times","description":"Noticias del Estado de Puebla","potentialAction":[{"@type":"SearchAction","target":{"@type":"EntryPoint","urlTemplate":"https:\/\/thepueblatimes.mx\/?s={search_term_string}"},"query-input":"required name=search_term_string"}],"inLanguage":"es"},{"@type":"Person","@id":"https:\/\/thepueblatimes.mx\/#\/schema\/person\/adbf065ee889f68194977e3499c4a51e","name":"Marcos Guevara","image":{"@type":"ImageObject","inLanguage":"es","@id":"https:\/\/thepueblatimes.mx\/#\/schema\/person\/image\/","url":"https:\/\/secure.gravatar.com\/avatar\/c5d5853d70a8cf178bdfd28c1b8cdcdd?s=96&d=mm&r=g","contentUrl":"https:\/\/secure.gravatar.com\/avatar\/c5d5853d70a8cf178bdfd28c1b8cdcdd?s=96&d=mm&r=g","caption":"Marcos Guevara"},"url":"https:\/\/thepueblatimes.mx\/index.php\/author\/marcos-guevara\/"}]}},"jetpack_featured_media_url":"https:\/\/thepueblatimes.mx\/wp-content\/uploads\/2020\/08\/3ZS7IK5RUREI7DX4WUGGDAU4UY.jpg","_links":{"self":[{"href":"https:\/\/thepueblatimes.mx\/index.php\/wp-json\/wp\/v2\/posts\/2918"}],"collection":[{"href":"https:\/\/thepueblatimes.mx\/index.php\/wp-json\/wp\/v2\/posts"}],"about":[{"href":"https:\/\/thepueblatimes.mx\/index.php\/wp-json\/wp\/v2\/types\/post"}],"author":[{"embeddable":true,"href":"https:\/\/thepueblatimes.mx\/index.php\/wp-json\/wp\/v2\/users\/4"}],"replies":[{"embeddable":true,"href":"https:\/\/thepueblatimes.mx\/index.php\/wp-json\/wp\/v2\/comments?post=2918"}],"version-history":[{"count":1,"href":"https:\/\/thepueblatimes.mx\/index.php\/wp-json\/wp\/v2\/posts\/2918\/revisions"}],"predecessor-version":[{"id":2921,"href":"https:\/\/thepueblatimes.mx\/index.php\/wp-json\/wp\/v2\/posts\/2918\/revisions\/2921"}],"wp:featuredmedia":[{"embeddable":true,"href":"https:\/\/thepueblatimes.mx\/index.php\/wp-json\/wp\/v2\/media\/2920"}],"wp:attachment":[{"href":"https:\/\/thepueblatimes.mx\/index.php\/wp-json\/wp\/v2\/media?parent=2918"}],"wp:term":[{"taxonomy":"category","embeddable":true,"href":"https:\/\/thepueblatimes.mx\/index.php\/wp-json\/wp\/v2\/categories?post=2918"},{"taxonomy":"post_tag","embeddable":true,"href":"https:\/\/thepueblatimes.mx\/index.php\/wp-json\/wp\/v2\/tags?post=2918"}],"curies":[{"name":"wp","href":"https:\/\/api.w.org\/{rel}","templated":true}]}}