{"id":29040,"date":"2025-04-15T16:58:17","date_gmt":"2025-04-15T22:58:17","guid":{"rendered":"https:\/\/thepueblatimes.mx\/?p=29040"},"modified":"2025-04-15T16:58:17","modified_gmt":"2025-04-15T22:58:17","slug":"tercera-noche-de-museos-2025-este-sabado-en-la-ciudad-de-puebla","status":"publish","type":"post","link":"https:\/\/thepueblatimes.mx\/index.php\/2025\/04\/15\/tercera-noche-de-museos-2025-este-sabado-en-la-ciudad-de-puebla\/","title":{"rendered":"Tercera Noche de Museos 2025, este s\u00e1bado en la Ciudad de Puebla"},"content":{"rendered":"<h3><strong><em>&#8211; Un total de 26 recintos culturales participar\u00e1n este s\u00e1bado 19 de abril, con la novedad de que se incorpora el recinto de dise\u00f1o Plataforma x Comic<\/em><\/strong><\/h3>\n<p>Puebla, Pue., a 15 de abril de 2025. &#8211; La tercera edici\u00f3n de Noche de Museos con la participaci\u00f3n de 26 museos, recintos y parques ubicados en la ciudad de Puebla y municipios del estado como San Pedro Cholula, Teziutl\u00e1n y Zacatl\u00e1n, se celebrar\u00e1 este s\u00e1bado 19 de abril, en el marco del Festival Sacro que ofrece actividades culturales para los locales y visitantes que lleguen a la ciudad, resalt\u00f3 el secretario de Econom\u00eda y Turismo, Jaime Oropeza Casas.<\/p>\n<p>Con la incorporaci\u00f3n de Plataforma x Comic, recinto que promueve el dise\u00f1o y la innovaci\u00f3n, el secretario Oropeza Casas destac\u00f3 que la tercera edici\u00f3n ampl\u00eda su oferta con la recepci\u00f3n en este sitio, donde las y los interesados tendr\u00e1n informaci\u00f3n del sentido de este lugar, con 30 dise\u00f1adores locales y equipo de cinco universidades que ser\u00e1n los anfitriones para presentar el proyecto a los asistentes.<\/p>\n<p>Esta edici\u00f3n, agreg\u00f3, buscar\u00e1 llevar a miles de poblanas y poblanos a los recintos, para incrementar los 140 mil que se han registrado en las seis ediciones que ha organizado esta administraci\u00f3n.<\/p>\n<p>Tambi\u00e9n, agreg\u00f3 la recomendaci\u00f3n a visitantes y turistas, de aprovechar las actividades de Semana Santa que se han programado en el Festival Sacro, como el recorrido gratuito por el Viacrucis guiado en la zona de El Calvario, mediante el cual, la gente podr\u00e1 conocer 12 de las 14 capillas que integran el itinerario, y que estar\u00e1n abiertos de 18:00 a 19:30 horas, los d\u00edas martes 15 y mi\u00e9rcoles 16 de abril, partiendo del atrio del Templo de San Francisco, por mencionar algunas de estas actividades.<\/p>\n<p>Mientras que Luis Rodrigo Gonz\u00e1lez Delez\u00e9, coordinador Ejecutivo de Plataforma x COMIC, confi\u00f3 en que tras su visita, este sitio se convierta en un tema de conversaci\u00f3n en Puebla, que enriquezca la oferta cultural de la ciudad y de apreciaci\u00f3n del dise\u00f1o en toda su variedad de formas, en tanto que Jos\u00e9 Triana, vocal de CANIRAC Puebla invit\u00f3 a visitantes y turistas a degustar tambi\u00e9n la gastronom\u00eda de cuaresma que han impulsado los empresarios del sector en esta temporada, pues aunque no es una ciudad costera, el municipio de Puebla cuenta con mariscos frescos, recetas deliciosas y personal que prepara exquisitos platillos.<\/p>\n","protected":false},"excerpt":{"rendered":"<p>&#8211; Un total de 26 recintos culturales participar\u00e1n este s\u00e1bado 19 de abril, con la novedad de que se incorpora el recinto de dise\u00f1o Plataforma x Comic Puebla, Pue., a 15 de abril de 2025. &#8211; La tercera edici\u00f3n de Noche de Museos con la participaci\u00f3n de 26 museos, recintos y parques ubicados en la&#8230;<\/p>\n","protected":false},"author":16,"featured_media":29041,"comment_status":"closed","ping_status":"closed","sticky":false,"template":"","format":"standard","meta":[],"categories":[20],"tags":[1287,2377,1499,1374,3505],"yoast_head":"<!-- This site is optimized with the Yoast SEO plugin v20.8 - https:\/\/yoast.com\/wordpress\/plugins\/seo\/ -->\n<title>Tercera Noche de Museos 2025, este s\u00e1bado en la Ciudad de Puebla - The Puebla Times<\/title>\n<meta name=\"robots\" content=\"index, follow, max-snippet:-1, max-image-preview:large, max-video-preview:-1\" \/>\n<link rel=\"canonical\" href=\"https:\/\/thepueblatimes.mx\/index.php\/2025\/04\/15\/tercera-noche-de-museos-2025-este-sabado-en-la-ciudad-de-puebla\/\" \/>\n<meta property=\"og:locale\" content=\"es_ES\" \/>\n<meta property=\"og:type\" content=\"article\" \/>\n<meta property=\"og:title\" content=\"Tercera Noche de Museos 2025, este s\u00e1bado en la Ciudad de Puebla - The Puebla Times\" \/>\n<meta property=\"og:description\" content=\"&#8211; Un total de 26 recintos culturales participar\u00e1n este s\u00e1bado 19 de abril, con la novedad de que se incorpora el recinto de dise\u00f1o Plataforma x Comic Puebla, Pue., a 15 de abril de 2025. &#8211; La tercera edici\u00f3n de Noche de Museos con la participaci\u00f3n de 26 museos, recintos y parques ubicados en la...\" \/>\n<meta property=\"og:url\" content=\"https:\/\/thepueblatimes.mx\/index.php\/2025\/04\/15\/tercera-noche-de-museos-2025-este-sabado-en-la-ciudad-de-puebla\/\" \/>\n<meta property=\"og:site_name\" content=\"The Puebla Times\" \/>\n<meta property=\"article:published_time\" content=\"2025-04-15T22:58:17+00:00\" \/>\n<meta property=\"og:image\" content=\"https:\/\/thepueblatimes.mx\/wp-content\/uploads\/2025\/04\/bd52167e-e8b5-44ff-9d6b-685fc0561625.jpg\" \/>\n\t<meta property=\"og:image:width\" content=\"1080\" \/>\n\t<meta property=\"og:image:height\" content=\"1080\" \/>\n\t<meta property=\"og:image:type\" content=\"image\/jpeg\" \/>\n<meta name=\"author\" content=\"Sa\u00fal Hern\u00e1ndez\" \/>\n<meta name=\"twitter:card\" content=\"summary_large_image\" \/>\n<meta name=\"twitter:label1\" content=\"Escrito por\" \/>\n\t<meta name=\"twitter:data1\" content=\"Sa\u00fal Hern\u00e1ndez\" \/>\n\t<meta name=\"twitter:label2\" content=\"Tiempo de lectura\" \/>\n\t<meta name=\"twitter:data2\" content=\"2 minutos\" \/>\n<script type=\"application\/ld+json\" class=\"yoast-schema-graph\">{\"@context\":\"https:\/\/schema.org\",\"@graph\":[{\"@type\":\"WebPage\",\"@id\":\"https:\/\/thepueblatimes.mx\/index.php\/2025\/04\/15\/tercera-noche-de-museos-2025-este-sabado-en-la-ciudad-de-puebla\/\",\"url\":\"https:\/\/thepueblatimes.mx\/index.php\/2025\/04\/15\/tercera-noche-de-museos-2025-este-sabado-en-la-ciudad-de-puebla\/\",\"name\":\"Tercera Noche de Museos 2025, este s\u00e1bado en la Ciudad de Puebla - The Puebla Times\",\"isPartOf\":{\"@id\":\"https:\/\/thepueblatimes.mx\/#website\"},\"datePublished\":\"2025-04-15T22:58:17+00:00\",\"dateModified\":\"2025-04-15T22:58:17+00:00\",\"author\":{\"@id\":\"https:\/\/thepueblatimes.mx\/#\/schema\/person\/1664894c2f65ce2c7a08d8f5f905c13c\"},\"breadcrumb\":{\"@id\":\"https:\/\/thepueblatimes.mx\/index.php\/2025\/04\/15\/tercera-noche-de-museos-2025-este-sabado-en-la-ciudad-de-puebla\/#breadcrumb\"},\"inLanguage\":\"es\",\"potentialAction\":[{\"@type\":\"ReadAction\",\"target\":[\"https:\/\/thepueblatimes.mx\/index.php\/2025\/04\/15\/tercera-noche-de-museos-2025-este-sabado-en-la-ciudad-de-puebla\/\"]}]},{\"@type\":\"BreadcrumbList\",\"@id\":\"https:\/\/thepueblatimes.mx\/index.php\/2025\/04\/15\/tercera-noche-de-museos-2025-este-sabado-en-la-ciudad-de-puebla\/#breadcrumb\",\"itemListElement\":[{\"@type\":\"ListItem\",\"position\":1,\"name\":\"Portada\",\"item\":\"https:\/\/thepueblatimes.mx\/\"},{\"@type\":\"ListItem\",\"position\":2,\"name\":\"Tercera Noche de Museos 2025, este s\u00e1bado en la Ciudad de Puebla\"}]},{\"@type\":\"WebSite\",\"@id\":\"https:\/\/thepueblatimes.mx\/#website\",\"url\":\"https:\/\/thepueblatimes.mx\/\",\"name\":\"The Puebla Times\",\"description\":\"Noticias del Estado de Puebla\",\"potentialAction\":[{\"@type\":\"SearchAction\",\"target\":{\"@type\":\"EntryPoint\",\"urlTemplate\":\"https:\/\/thepueblatimes.mx\/?s={search_term_string}\"},\"query-input\":\"required name=search_term_string\"}],\"inLanguage\":\"es\"},{\"@type\":\"Person\",\"@id\":\"https:\/\/thepueblatimes.mx\/#\/schema\/person\/1664894c2f65ce2c7a08d8f5f905c13c\",\"name\":\"Sa\u00fal Hern\u00e1ndez\",\"image\":{\"@type\":\"ImageObject\",\"inLanguage\":\"es\",\"@id\":\"https:\/\/thepueblatimes.mx\/#\/schema\/person\/image\/\",\"url\":\"https:\/\/secure.gravatar.com\/avatar\/11be338693f243309532caad8f10c930?s=96&d=mm&r=g\",\"contentUrl\":\"https:\/\/secure.gravatar.com\/avatar\/11be338693f243309532caad8f10c930?s=96&d=mm&r=g\",\"caption\":\"Sa\u00fal Hern\u00e1ndez\"},\"url\":\"https:\/\/thepueblatimes.mx\/index.php\/author\/saulhernandez\/\"}]}<\/script>\n<!-- \/ Yoast SEO plugin. -->","yoast_head_json":{"title":"Tercera Noche de Museos 2025, este s\u00e1bado en la Ciudad de Puebla - The Puebla Times","robots":{"index":"index","follow":"follow","max-snippet":"max-snippet:-1","max-image-preview":"max-image-preview:large","max-video-preview":"max-video-preview:-1"},"canonical":"https:\/\/thepueblatimes.mx\/index.php\/2025\/04\/15\/tercera-noche-de-museos-2025-este-sabado-en-la-ciudad-de-puebla\/","og_locale":"es_ES","og_type":"article","og_title":"Tercera Noche de Museos 2025, este s\u00e1bado en la Ciudad de Puebla - The Puebla Times","og_description":"&#8211; Un total de 26 recintos culturales participar\u00e1n este s\u00e1bado 19 de abril, con la novedad de que se incorpora el recinto de dise\u00f1o Plataforma x Comic Puebla, Pue., a 15 de abril de 2025. &#8211; La tercera edici\u00f3n de Noche de Museos con la participaci\u00f3n de 26 museos, recintos y parques ubicados en la...","og_url":"https:\/\/thepueblatimes.mx\/index.php\/2025\/04\/15\/tercera-noche-de-museos-2025-este-sabado-en-la-ciudad-de-puebla\/","og_site_name":"The Puebla Times","article_published_time":"2025-04-15T22:58:17+00:00","og_image":[{"width":1080,"height":1080,"url":"https:\/\/thepueblatimes.mx\/wp-content\/uploads\/2025\/04\/bd52167e-e8b5-44ff-9d6b-685fc0561625.jpg","type":"image\/jpeg"}],"author":"Sa\u00fal Hern\u00e1ndez","twitter_card":"summary_large_image","twitter_misc":{"Escrito por":"Sa\u00fal Hern\u00e1ndez","Tiempo de lectura":"2 minutos"},"schema":{"@context":"https:\/\/schema.org","@graph":[{"@type":"WebPage","@id":"https:\/\/thepueblatimes.mx\/index.php\/2025\/04\/15\/tercera-noche-de-museos-2025-este-sabado-en-la-ciudad-de-puebla\/","url":"https:\/\/thepueblatimes.mx\/index.php\/2025\/04\/15\/tercera-noche-de-museos-2025-este-sabado-en-la-ciudad-de-puebla\/","name":"Tercera Noche de Museos 2025, este s\u00e1bado en la Ciudad de Puebla - The Puebla Times","isPartOf":{"@id":"https:\/\/thepueblatimes.mx\/#website"},"datePublished":"2025-04-15T22:58:17+00:00","dateModified":"2025-04-15T22:58:17+00:00","author":{"@id":"https:\/\/thepueblatimes.mx\/#\/schema\/person\/1664894c2f65ce2c7a08d8f5f905c13c"},"breadcrumb":{"@id":"https:\/\/thepueblatimes.mx\/index.php\/2025\/04\/15\/tercera-noche-de-museos-2025-este-sabado-en-la-ciudad-de-puebla\/#breadcrumb"},"inLanguage":"es","potentialAction":[{"@type":"ReadAction","target":["https:\/\/thepueblatimes.mx\/index.php\/2025\/04\/15\/tercera-noche-de-museos-2025-este-sabado-en-la-ciudad-de-puebla\/"]}]},{"@type":"BreadcrumbList","@id":"https:\/\/thepueblatimes.mx\/index.php\/2025\/04\/15\/tercera-noche-de-museos-2025-este-sabado-en-la-ciudad-de-puebla\/#breadcrumb","itemListElement":[{"@type":"ListItem","position":1,"name":"Portada","item":"https:\/\/thepueblatimes.mx\/"},{"@type":"ListItem","position":2,"name":"Tercera Noche de Museos 2025, este s\u00e1bado en la Ciudad de Puebla"}]},{"@type":"WebSite","@id":"https:\/\/thepueblatimes.mx\/#website","url":"https:\/\/thepueblatimes.mx\/","name":"The Puebla Times","description":"Noticias del Estado de Puebla","potentialAction":[{"@type":"SearchAction","target":{"@type":"EntryPoint","urlTemplate":"https:\/\/thepueblatimes.mx\/?s={search_term_string}"},"query-input":"required name=search_term_string"}],"inLanguage":"es"},{"@type":"Person","@id":"https:\/\/thepueblatimes.mx\/#\/schema\/person\/1664894c2f65ce2c7a08d8f5f905c13c","name":"Sa\u00fal Hern\u00e1ndez","image":{"@type":"ImageObject","inLanguage":"es","@id":"https:\/\/thepueblatimes.mx\/#\/schema\/person\/image\/","url":"https:\/\/secure.gravatar.com\/avatar\/11be338693f243309532caad8f10c930?s=96&d=mm&r=g","contentUrl":"https:\/\/secure.gravatar.com\/avatar\/11be338693f243309532caad8f10c930?s=96&d=mm&r=g","caption":"Sa\u00fal Hern\u00e1ndez"},"url":"https:\/\/thepueblatimes.mx\/index.php\/author\/saulhernandez\/"}]}},"jetpack_featured_media_url":"https:\/\/thepueblatimes.mx\/wp-content\/uploads\/2025\/04\/bd52167e-e8b5-44ff-9d6b-685fc0561625.jpg","_links":{"self":[{"href":"https:\/\/thepueblatimes.mx\/index.php\/wp-json\/wp\/v2\/posts\/29040"}],"collection":[{"href":"https:\/\/thepueblatimes.mx\/index.php\/wp-json\/wp\/v2\/posts"}],"about":[{"href":"https:\/\/thepueblatimes.mx\/index.php\/wp-json\/wp\/v2\/types\/post"}],"author":[{"embeddable":true,"href":"https:\/\/thepueblatimes.mx\/index.php\/wp-json\/wp\/v2\/users\/16"}],"replies":[{"embeddable":true,"href":"https:\/\/thepueblatimes.mx\/index.php\/wp-json\/wp\/v2\/comments?post=29040"}],"version-history":[{"count":1,"href":"https:\/\/thepueblatimes.mx\/index.php\/wp-json\/wp\/v2\/posts\/29040\/revisions"}],"predecessor-version":[{"id":29042,"href":"https:\/\/thepueblatimes.mx\/index.php\/wp-json\/wp\/v2\/posts\/29040\/revisions\/29042"}],"wp:featuredmedia":[{"embeddable":true,"href":"https:\/\/thepueblatimes.mx\/index.php\/wp-json\/wp\/v2\/media\/29041"}],"wp:attachment":[{"href":"https:\/\/thepueblatimes.mx\/index.php\/wp-json\/wp\/v2\/media?parent=29040"}],"wp:term":[{"taxonomy":"category","embeddable":true,"href":"https:\/\/thepueblatimes.mx\/index.php\/wp-json\/wp\/v2\/categories?post=29040"},{"taxonomy":"post_tag","embeddable":true,"href":"https:\/\/thepueblatimes.mx\/index.php\/wp-json\/wp\/v2\/tags?post=29040"}],"curies":[{"name":"wp","href":"https:\/\/api.w.org\/{rel}","templated":true}]}}