{"id":28884,"date":"2025-04-07T16:55:37","date_gmt":"2025-04-07T22:55:37","guid":{"rendered":"https:\/\/thepueblatimes.mx\/?p=28884"},"modified":"2025-04-07T16:55:37","modified_gmt":"2025-04-07T22:55:37","slug":"inicia-smdif-mes-de-la-ninez-viajando-al-parque-mundo-imayina","status":"publish","type":"post","link":"https:\/\/thepueblatimes.mx\/index.php\/2025\/04\/07\/inicia-smdif-mes-de-la-ninez-viajando-al-parque-mundo-imayina\/","title":{"rendered":"Inicia SMDIF Mes de la Ni\u00f1ez viajando al Parque Mundo Imayina"},"content":{"rendered":"<h3><strong><em>&#8211; Las y los asistentes fortalecieron su tejido familiar mediante las actividades de integraci\u00f3n que ofrece el parque inclusivo<\/em><\/strong><\/h3>\n<p>Puebla, Pue. \u2013 Comprometidos con las y los usuarios que reciben terapia y rehabilitaci\u00f3n en el Centro Municipal de Equinoterapia y Rehabilitaci\u00f3n Integral (CMERI) del Sistema Municipal DIF (SMDIF), el mes de abril dio inicio con el tradicional viaje a Mundo Imayina, el \u00fanico parque de diversiones inclusivo del pa\u00eds, en el que las y los ni\u00f1os con discapacidad son protagonistas.<\/p>\n<p>En esta ocasi\u00f3n, por instrucciones de la presidenta del patronato, MariElise Budib, ocho familias disfrutaron de un fin de semana lleno de magia y diversi\u00f3n en el parque ubicado en Jojutla, Morelos. Esta alianza ha brindado a las y los ni\u00f1os con discapacidad, as\u00ed como a sus padres, madres y familiares, una forma \u00fanica de salir de la rutina que implica el cuidado y atenci\u00f3n de una persona con discapacidad.<\/p>\n<p>\u00abEs salir de la monoton\u00eda de todos los d\u00edas, de ir a terapia, a la escuela, y para \u00e9l (su hijo) s\u00ed fue algo muy bonito y se divirti\u00f3 todo el tiempo que estuvo, igual que su hermanita que tuvo esa oportunidad de acompa\u00f1arlo tambi\u00e9n. y pues una experiencia muy bonita para toda la familia\u00bb, expres\u00f3 Adriana Gonz\u00e1lez, madre de un ni\u00f1o con autismo grado 2.<\/p>\n<p>Dentro de Mundo Imayina, las y los asistentes fortalecieron su tejido familiar a trav\u00e9s de actividades de integraci\u00f3n, como juegos mec\u00e1nicos, parque acu\u00e1tico, funciones de cine, espect\u00e1culos en vivo y \u00e1reas de manualidades. El parque tambi\u00e9n cuenta con hospedaje tem\u00e1tico, adaptado a las necesidades de cada ni\u00f1o o ni\u00f1a, as\u00ed como alimentos saludables para una dieta nutritiva.<\/p>\n<p>\u00ab(La experiencia de Mundo Im\u00e1yina) es algo que super\u00f3 mis expectativas, nos vamos con much\u00edsima m\u00e1s energ\u00eda y much\u00edsima m\u00e1s fuerza para seguir logrando muchos sue\u00f1os y muchas metas con ella (su hija)\u00bb, indic\u00f3 Judith Carvajal, madre de una paciente con par\u00e1lisis cerebral y esp\u00e1stica tetrapl\u00e9jica.<\/p>\n<p>Este fue el cuarto viaje realizado con ocho nuevas familias con ni\u00f1as y ni\u00f1os con diagn\u00f3stico de autismo, par\u00e1lisis cerebral, s\u00edndrome de Down y retraso global del desarrollo. Durante el viaje, los asistentes estuvieron acompa\u00f1ados en todo momento por dos m\u00e9dicos del Sistema Municipal DIF, encargados de brindar atenci\u00f3n y cuidado a las y los menores.<\/p>\n<p>De esta manera, el Gobierno de la Ciudad y el SMDIF contin\u00faan sumando a m\u00e1s familias para que vivan la experiencia de Mundo Imayina. El objetivo es que, al finalizar la actual administraci\u00f3n, se haya alcanzado la meta de beneficiar a 216 familias con la oportunidad de visitar este parque de diversiones \u00fanico en M\u00e9xico.<\/p>\n","protected":false},"excerpt":{"rendered":"<p>&#8211; Las y los asistentes fortalecieron su tejido familiar mediante las actividades de integraci\u00f3n que ofrece el parque inclusivo Puebla, Pue. \u2013 Comprometidos con las y los usuarios que reciben terapia y rehabilitaci\u00f3n en el Centro Municipal de Equinoterapia y Rehabilitaci\u00f3n Integral (CMERI) del Sistema Municipal DIF (SMDIF), el mes de abril dio inicio con&#8230;<\/p>\n","protected":false},"author":16,"featured_media":28885,"comment_status":"closed","ping_status":"closed","sticky":false,"template":"","format":"standard","meta":[],"categories":[20],"tags":[2425,3473,3474,1616],"yoast_head":"<!-- This site is optimized with the Yoast SEO plugin v20.8 - https:\/\/yoast.com\/wordpress\/plugins\/seo\/ -->\n<title>Inicia SMDIF Mes de la Ni\u00f1ez viajando al Parque Mundo Imayina - The Puebla Times<\/title>\n<meta name=\"robots\" content=\"index, follow, max-snippet:-1, max-image-preview:large, max-video-preview:-1\" \/>\n<link rel=\"canonical\" href=\"https:\/\/thepueblatimes.mx\/index.php\/2025\/04\/07\/inicia-smdif-mes-de-la-ninez-viajando-al-parque-mundo-imayina\/\" \/>\n<meta property=\"og:locale\" content=\"es_ES\" \/>\n<meta property=\"og:type\" content=\"article\" \/>\n<meta property=\"og:title\" content=\"Inicia SMDIF Mes de la Ni\u00f1ez viajando al Parque Mundo Imayina - The Puebla Times\" \/>\n<meta property=\"og:description\" content=\"&#8211; Las y los asistentes fortalecieron su tejido familiar mediante las actividades de integraci\u00f3n que ofrece el parque inclusivo Puebla, Pue. \u2013 Comprometidos con las y los usuarios que reciben terapia y rehabilitaci\u00f3n en el Centro Municipal de Equinoterapia y Rehabilitaci\u00f3n Integral (CMERI) del Sistema Municipal DIF (SMDIF), el mes de abril dio inicio con...\" \/>\n<meta property=\"og:url\" content=\"https:\/\/thepueblatimes.mx\/index.php\/2025\/04\/07\/inicia-smdif-mes-de-la-ninez-viajando-al-parque-mundo-imayina\/\" \/>\n<meta property=\"og:site_name\" content=\"The Puebla Times\" \/>\n<meta property=\"article:published_time\" content=\"2025-04-07T22:55:37+00:00\" \/>\n<meta property=\"og:image\" content=\"https:\/\/thepueblatimes.mx\/wp-content\/uploads\/2025\/04\/WhatsApp-Image-2025-04-07-at-16.29.36.jpeg\" \/>\n\t<meta property=\"og:image:width\" content=\"1280\" \/>\n\t<meta property=\"og:image:height\" content=\"852\" \/>\n\t<meta property=\"og:image:type\" content=\"image\/jpeg\" \/>\n<meta name=\"author\" content=\"Sa\u00fal Hern\u00e1ndez\" \/>\n<meta name=\"twitter:card\" content=\"summary_large_image\" \/>\n<meta name=\"twitter:label1\" content=\"Escrito por\" \/>\n\t<meta name=\"twitter:data1\" content=\"Sa\u00fal Hern\u00e1ndez\" \/>\n\t<meta name=\"twitter:label2\" content=\"Tiempo de lectura\" \/>\n\t<meta name=\"twitter:data2\" content=\"2 minutos\" \/>\n<script type=\"application\/ld+json\" class=\"yoast-schema-graph\">{\"@context\":\"https:\/\/schema.org\",\"@graph\":[{\"@type\":\"WebPage\",\"@id\":\"https:\/\/thepueblatimes.mx\/index.php\/2025\/04\/07\/inicia-smdif-mes-de-la-ninez-viajando-al-parque-mundo-imayina\/\",\"url\":\"https:\/\/thepueblatimes.mx\/index.php\/2025\/04\/07\/inicia-smdif-mes-de-la-ninez-viajando-al-parque-mundo-imayina\/\",\"name\":\"Inicia SMDIF Mes de la Ni\u00f1ez viajando al Parque Mundo Imayina - The Puebla Times\",\"isPartOf\":{\"@id\":\"https:\/\/thepueblatimes.mx\/#website\"},\"datePublished\":\"2025-04-07T22:55:37+00:00\",\"dateModified\":\"2025-04-07T22:55:37+00:00\",\"author\":{\"@id\":\"https:\/\/thepueblatimes.mx\/#\/schema\/person\/1664894c2f65ce2c7a08d8f5f905c13c\"},\"breadcrumb\":{\"@id\":\"https:\/\/thepueblatimes.mx\/index.php\/2025\/04\/07\/inicia-smdif-mes-de-la-ninez-viajando-al-parque-mundo-imayina\/#breadcrumb\"},\"inLanguage\":\"es\",\"potentialAction\":[{\"@type\":\"ReadAction\",\"target\":[\"https:\/\/thepueblatimes.mx\/index.php\/2025\/04\/07\/inicia-smdif-mes-de-la-ninez-viajando-al-parque-mundo-imayina\/\"]}]},{\"@type\":\"BreadcrumbList\",\"@id\":\"https:\/\/thepueblatimes.mx\/index.php\/2025\/04\/07\/inicia-smdif-mes-de-la-ninez-viajando-al-parque-mundo-imayina\/#breadcrumb\",\"itemListElement\":[{\"@type\":\"ListItem\",\"position\":1,\"name\":\"Portada\",\"item\":\"https:\/\/thepueblatimes.mx\/\"},{\"@type\":\"ListItem\",\"position\":2,\"name\":\"Inicia SMDIF Mes de la Ni\u00f1ez viajando al Parque Mundo Imayina\"}]},{\"@type\":\"WebSite\",\"@id\":\"https:\/\/thepueblatimes.mx\/#website\",\"url\":\"https:\/\/thepueblatimes.mx\/\",\"name\":\"The Puebla Times\",\"description\":\"Noticias del Estado de Puebla\",\"potentialAction\":[{\"@type\":\"SearchAction\",\"target\":{\"@type\":\"EntryPoint\",\"urlTemplate\":\"https:\/\/thepueblatimes.mx\/?s={search_term_string}\"},\"query-input\":\"required name=search_term_string\"}],\"inLanguage\":\"es\"},{\"@type\":\"Person\",\"@id\":\"https:\/\/thepueblatimes.mx\/#\/schema\/person\/1664894c2f65ce2c7a08d8f5f905c13c\",\"name\":\"Sa\u00fal Hern\u00e1ndez\",\"image\":{\"@type\":\"ImageObject\",\"inLanguage\":\"es\",\"@id\":\"https:\/\/thepueblatimes.mx\/#\/schema\/person\/image\/\",\"url\":\"https:\/\/secure.gravatar.com\/avatar\/11be338693f243309532caad8f10c930?s=96&d=mm&r=g\",\"contentUrl\":\"https:\/\/secure.gravatar.com\/avatar\/11be338693f243309532caad8f10c930?s=96&d=mm&r=g\",\"caption\":\"Sa\u00fal Hern\u00e1ndez\"},\"url\":\"https:\/\/thepueblatimes.mx\/index.php\/author\/saulhernandez\/\"}]}<\/script>\n<!-- \/ Yoast SEO plugin. -->","yoast_head_json":{"title":"Inicia SMDIF Mes de la Ni\u00f1ez viajando al Parque Mundo Imayina - The Puebla Times","robots":{"index":"index","follow":"follow","max-snippet":"max-snippet:-1","max-image-preview":"max-image-preview:large","max-video-preview":"max-video-preview:-1"},"canonical":"https:\/\/thepueblatimes.mx\/index.php\/2025\/04\/07\/inicia-smdif-mes-de-la-ninez-viajando-al-parque-mundo-imayina\/","og_locale":"es_ES","og_type":"article","og_title":"Inicia SMDIF Mes de la Ni\u00f1ez viajando al Parque Mundo Imayina - The Puebla Times","og_description":"&#8211; Las y los asistentes fortalecieron su tejido familiar mediante las actividades de integraci\u00f3n que ofrece el parque inclusivo Puebla, Pue. \u2013 Comprometidos con las y los usuarios que reciben terapia y rehabilitaci\u00f3n en el Centro Municipal de Equinoterapia y Rehabilitaci\u00f3n Integral (CMERI) del Sistema Municipal DIF (SMDIF), el mes de abril dio inicio con...","og_url":"https:\/\/thepueblatimes.mx\/index.php\/2025\/04\/07\/inicia-smdif-mes-de-la-ninez-viajando-al-parque-mundo-imayina\/","og_site_name":"The Puebla Times","article_published_time":"2025-04-07T22:55:37+00:00","og_image":[{"width":1280,"height":852,"url":"https:\/\/thepueblatimes.mx\/wp-content\/uploads\/2025\/04\/WhatsApp-Image-2025-04-07-at-16.29.36.jpeg","type":"image\/jpeg"}],"author":"Sa\u00fal Hern\u00e1ndez","twitter_card":"summary_large_image","twitter_misc":{"Escrito por":"Sa\u00fal Hern\u00e1ndez","Tiempo de lectura":"2 minutos"},"schema":{"@context":"https:\/\/schema.org","@graph":[{"@type":"WebPage","@id":"https:\/\/thepueblatimes.mx\/index.php\/2025\/04\/07\/inicia-smdif-mes-de-la-ninez-viajando-al-parque-mundo-imayina\/","url":"https:\/\/thepueblatimes.mx\/index.php\/2025\/04\/07\/inicia-smdif-mes-de-la-ninez-viajando-al-parque-mundo-imayina\/","name":"Inicia SMDIF Mes de la Ni\u00f1ez viajando al Parque Mundo Imayina - The Puebla Times","isPartOf":{"@id":"https:\/\/thepueblatimes.mx\/#website"},"datePublished":"2025-04-07T22:55:37+00:00","dateModified":"2025-04-07T22:55:37+00:00","author":{"@id":"https:\/\/thepueblatimes.mx\/#\/schema\/person\/1664894c2f65ce2c7a08d8f5f905c13c"},"breadcrumb":{"@id":"https:\/\/thepueblatimes.mx\/index.php\/2025\/04\/07\/inicia-smdif-mes-de-la-ninez-viajando-al-parque-mundo-imayina\/#breadcrumb"},"inLanguage":"es","potentialAction":[{"@type":"ReadAction","target":["https:\/\/thepueblatimes.mx\/index.php\/2025\/04\/07\/inicia-smdif-mes-de-la-ninez-viajando-al-parque-mundo-imayina\/"]}]},{"@type":"BreadcrumbList","@id":"https:\/\/thepueblatimes.mx\/index.php\/2025\/04\/07\/inicia-smdif-mes-de-la-ninez-viajando-al-parque-mundo-imayina\/#breadcrumb","itemListElement":[{"@type":"ListItem","position":1,"name":"Portada","item":"https:\/\/thepueblatimes.mx\/"},{"@type":"ListItem","position":2,"name":"Inicia SMDIF Mes de la Ni\u00f1ez viajando al Parque Mundo Imayina"}]},{"@type":"WebSite","@id":"https:\/\/thepueblatimes.mx\/#website","url":"https:\/\/thepueblatimes.mx\/","name":"The Puebla Times","description":"Noticias del Estado de Puebla","potentialAction":[{"@type":"SearchAction","target":{"@type":"EntryPoint","urlTemplate":"https:\/\/thepueblatimes.mx\/?s={search_term_string}"},"query-input":"required name=search_term_string"}],"inLanguage":"es"},{"@type":"Person","@id":"https:\/\/thepueblatimes.mx\/#\/schema\/person\/1664894c2f65ce2c7a08d8f5f905c13c","name":"Sa\u00fal Hern\u00e1ndez","image":{"@type":"ImageObject","inLanguage":"es","@id":"https:\/\/thepueblatimes.mx\/#\/schema\/person\/image\/","url":"https:\/\/secure.gravatar.com\/avatar\/11be338693f243309532caad8f10c930?s=96&d=mm&r=g","contentUrl":"https:\/\/secure.gravatar.com\/avatar\/11be338693f243309532caad8f10c930?s=96&d=mm&r=g","caption":"Sa\u00fal Hern\u00e1ndez"},"url":"https:\/\/thepueblatimes.mx\/index.php\/author\/saulhernandez\/"}]}},"jetpack_featured_media_url":"https:\/\/thepueblatimes.mx\/wp-content\/uploads\/2025\/04\/WhatsApp-Image-2025-04-07-at-16.29.36.jpeg","_links":{"self":[{"href":"https:\/\/thepueblatimes.mx\/index.php\/wp-json\/wp\/v2\/posts\/28884"}],"collection":[{"href":"https:\/\/thepueblatimes.mx\/index.php\/wp-json\/wp\/v2\/posts"}],"about":[{"href":"https:\/\/thepueblatimes.mx\/index.php\/wp-json\/wp\/v2\/types\/post"}],"author":[{"embeddable":true,"href":"https:\/\/thepueblatimes.mx\/index.php\/wp-json\/wp\/v2\/users\/16"}],"replies":[{"embeddable":true,"href":"https:\/\/thepueblatimes.mx\/index.php\/wp-json\/wp\/v2\/comments?post=28884"}],"version-history":[{"count":1,"href":"https:\/\/thepueblatimes.mx\/index.php\/wp-json\/wp\/v2\/posts\/28884\/revisions"}],"predecessor-version":[{"id":28886,"href":"https:\/\/thepueblatimes.mx\/index.php\/wp-json\/wp\/v2\/posts\/28884\/revisions\/28886"}],"wp:featuredmedia":[{"embeddable":true,"href":"https:\/\/thepueblatimes.mx\/index.php\/wp-json\/wp\/v2\/media\/28885"}],"wp:attachment":[{"href":"https:\/\/thepueblatimes.mx\/index.php\/wp-json\/wp\/v2\/media?parent=28884"}],"wp:term":[{"taxonomy":"category","embeddable":true,"href":"https:\/\/thepueblatimes.mx\/index.php\/wp-json\/wp\/v2\/categories?post=28884"},{"taxonomy":"post_tag","embeddable":true,"href":"https:\/\/thepueblatimes.mx\/index.php\/wp-json\/wp\/v2\/tags?post=28884"}],"curies":[{"name":"wp","href":"https:\/\/api.w.org\/{rel}","templated":true}]}}