{"id":28806,"date":"2025-04-03T22:02:52","date_gmt":"2025-04-04T04:02:52","guid":{"rendered":"https:\/\/thepueblatimes.mx\/?p=28806"},"modified":"2025-04-03T22:02:52","modified_gmt":"2025-04-04T04:02:52","slug":"en-cuautlancingo-la-delincuencia-rebasa-al-edil-omar-munoz","status":"publish","type":"post","link":"https:\/\/thepueblatimes.mx\/index.php\/2025\/04\/03\/en-cuautlancingo-la-delincuencia-rebasa-al-edil-omar-munoz\/","title":{"rendered":"En Cuautlancingo, la delincuencia rebasa al edil Omar Mu\u00f1oz"},"content":{"rendered":"<p>POR FRED ESTRADA<\/p>\n<p>En este municipio qued\u00f3 una vez m\u00e1s demostrado que la delincuencia no da tregua para los habitantes de Cuautlancingo, ya que eebas\u00f3 totalmente a las autoridades municipales.<\/p>\n<p>Y para nuestra basta un bot\u00f3n.<\/p>\n<p>Omar Mu\u00f1oz escogi\u00f3 un mal d\u00eda para reconocer la labor de los polic\u00edas de Cuautlancingo, porque mientras lo hac\u00eda dos mujeres fueron encerradas y asaltadas por ladrones, que sin ning\u00fan temor las dejaron en su consultorio y se llevaron un Jetta 2012.<\/p>\n<p>El atraco tuvo lugar en la Avenida San Lorenzo frente a la Unidad Deportiva Centenario, cuando las mujeres laboraban en un consultorio, un par de sujetos llegaron y encerraron a quienes estaban dentro.<\/p>\n<p>El asalto quedo documentado en un v\u00eddeo que comparti\u00f3 un familiar de las mujeres, donde exige mayor seguridad y la recuperaci\u00f3n de la unidad.<\/p>\n<p>En el video, se observa c\u00f3mo dos hombres ingresan de forma separada y meten a las mujeres al local, luego salen del sitio, y uno de ellos, todav\u00eda cierra la cortina. Roban la unidad y huyen.<\/p>\n","protected":false},"excerpt":{"rendered":"<p>POR FRED ESTRADA En este municipio qued\u00f3 una vez m\u00e1s demostrado que la delincuencia no da tregua para los habitantes de Cuautlancingo, ya que eebas\u00f3 totalmente a las autoridades municipales. Y para nuestra basta un bot\u00f3n. Omar Mu\u00f1oz escogi\u00f3 un mal d\u00eda para reconocer la labor de los polic\u00edas de Cuautlancingo, porque mientras lo hac\u00eda&#8230;<\/p>\n","protected":false},"author":16,"featured_media":28807,"comment_status":"closed","ping_status":"closed","sticky":false,"template":"","format":"standard","meta":[],"categories":[542],"tags":[467,260,2541],"yoast_head":"<!-- This site is optimized with the Yoast SEO plugin v20.8 - https:\/\/yoast.com\/wordpress\/plugins\/seo\/ -->\n<title>En Cuautlancingo, la delincuencia rebasa al edil Omar Mu\u00f1oz - The Puebla Times<\/title>\n<meta name=\"robots\" content=\"index, follow, max-snippet:-1, max-image-preview:large, max-video-preview:-1\" \/>\n<link rel=\"canonical\" href=\"https:\/\/thepueblatimes.mx\/index.php\/2025\/04\/03\/en-cuautlancingo-la-delincuencia-rebasa-al-edil-omar-munoz\/\" \/>\n<meta property=\"og:locale\" content=\"es_ES\" \/>\n<meta property=\"og:type\" content=\"article\" \/>\n<meta property=\"og:title\" content=\"En Cuautlancingo, la delincuencia rebasa al edil Omar Mu\u00f1oz - The Puebla Times\" \/>\n<meta property=\"og:description\" content=\"POR FRED ESTRADA En este municipio qued\u00f3 una vez m\u00e1s demostrado que la delincuencia no da tregua para los habitantes de Cuautlancingo, ya que eebas\u00f3 totalmente a las autoridades municipales. Y para nuestra basta un bot\u00f3n. Omar Mu\u00f1oz escogi\u00f3 un mal d\u00eda para reconocer la labor de los polic\u00edas de Cuautlancingo, porque mientras lo hac\u00eda...\" \/>\n<meta property=\"og:url\" content=\"https:\/\/thepueblatimes.mx\/index.php\/2025\/04\/03\/en-cuautlancingo-la-delincuencia-rebasa-al-edil-omar-munoz\/\" \/>\n<meta property=\"og:site_name\" content=\"The Puebla Times\" \/>\n<meta property=\"article:published_time\" content=\"2025-04-04T04:02:52+00:00\" \/>\n<meta property=\"og:image\" content=\"https:\/\/thepueblatimes.mx\/wp-content\/uploads\/2025\/04\/baja-delincuencia-cuautlancingo-4.jpg\" \/>\n\t<meta property=\"og:image:width\" content=\"1600\" \/>\n\t<meta property=\"og:image:height\" content=\"1114\" \/>\n\t<meta property=\"og:image:type\" content=\"image\/jpeg\" \/>\n<meta name=\"author\" content=\"Sa\u00fal Hern\u00e1ndez\" \/>\n<meta name=\"twitter:card\" content=\"summary_large_image\" \/>\n<meta name=\"twitter:label1\" content=\"Escrito por\" \/>\n\t<meta name=\"twitter:data1\" content=\"Sa\u00fal Hern\u00e1ndez\" \/>\n\t<meta name=\"twitter:label2\" content=\"Tiempo de lectura\" \/>\n\t<meta name=\"twitter:data2\" content=\"1 minuto\" \/>\n<script type=\"application\/ld+json\" class=\"yoast-schema-graph\">{\"@context\":\"https:\/\/schema.org\",\"@graph\":[{\"@type\":\"WebPage\",\"@id\":\"https:\/\/thepueblatimes.mx\/index.php\/2025\/04\/03\/en-cuautlancingo-la-delincuencia-rebasa-al-edil-omar-munoz\/\",\"url\":\"https:\/\/thepueblatimes.mx\/index.php\/2025\/04\/03\/en-cuautlancingo-la-delincuencia-rebasa-al-edil-omar-munoz\/\",\"name\":\"En Cuautlancingo, la delincuencia rebasa al edil Omar Mu\u00f1oz - The Puebla Times\",\"isPartOf\":{\"@id\":\"https:\/\/thepueblatimes.mx\/#website\"},\"datePublished\":\"2025-04-04T04:02:52+00:00\",\"dateModified\":\"2025-04-04T04:02:52+00:00\",\"author\":{\"@id\":\"https:\/\/thepueblatimes.mx\/#\/schema\/person\/1664894c2f65ce2c7a08d8f5f905c13c\"},\"breadcrumb\":{\"@id\":\"https:\/\/thepueblatimes.mx\/index.php\/2025\/04\/03\/en-cuautlancingo-la-delincuencia-rebasa-al-edil-omar-munoz\/#breadcrumb\"},\"inLanguage\":\"es\",\"potentialAction\":[{\"@type\":\"ReadAction\",\"target\":[\"https:\/\/thepueblatimes.mx\/index.php\/2025\/04\/03\/en-cuautlancingo-la-delincuencia-rebasa-al-edil-omar-munoz\/\"]}]},{\"@type\":\"BreadcrumbList\",\"@id\":\"https:\/\/thepueblatimes.mx\/index.php\/2025\/04\/03\/en-cuautlancingo-la-delincuencia-rebasa-al-edil-omar-munoz\/#breadcrumb\",\"itemListElement\":[{\"@type\":\"ListItem\",\"position\":1,\"name\":\"Portada\",\"item\":\"https:\/\/thepueblatimes.mx\/\"},{\"@type\":\"ListItem\",\"position\":2,\"name\":\"En Cuautlancingo, la delincuencia rebasa al edil Omar Mu\u00f1oz\"}]},{\"@type\":\"WebSite\",\"@id\":\"https:\/\/thepueblatimes.mx\/#website\",\"url\":\"https:\/\/thepueblatimes.mx\/\",\"name\":\"The Puebla Times\",\"description\":\"Noticias del Estado de Puebla\",\"potentialAction\":[{\"@type\":\"SearchAction\",\"target\":{\"@type\":\"EntryPoint\",\"urlTemplate\":\"https:\/\/thepueblatimes.mx\/?s={search_term_string}\"},\"query-input\":\"required name=search_term_string\"}],\"inLanguage\":\"es\"},{\"@type\":\"Person\",\"@id\":\"https:\/\/thepueblatimes.mx\/#\/schema\/person\/1664894c2f65ce2c7a08d8f5f905c13c\",\"name\":\"Sa\u00fal Hern\u00e1ndez\",\"image\":{\"@type\":\"ImageObject\",\"inLanguage\":\"es\",\"@id\":\"https:\/\/thepueblatimes.mx\/#\/schema\/person\/image\/\",\"url\":\"https:\/\/secure.gravatar.com\/avatar\/11be338693f243309532caad8f10c930?s=96&d=mm&r=g\",\"contentUrl\":\"https:\/\/secure.gravatar.com\/avatar\/11be338693f243309532caad8f10c930?s=96&d=mm&r=g\",\"caption\":\"Sa\u00fal Hern\u00e1ndez\"},\"url\":\"https:\/\/thepueblatimes.mx\/index.php\/author\/saulhernandez\/\"}]}<\/script>\n<!-- \/ Yoast SEO plugin. -->","yoast_head_json":{"title":"En Cuautlancingo, la delincuencia rebasa al edil Omar Mu\u00f1oz - The Puebla Times","robots":{"index":"index","follow":"follow","max-snippet":"max-snippet:-1","max-image-preview":"max-image-preview:large","max-video-preview":"max-video-preview:-1"},"canonical":"https:\/\/thepueblatimes.mx\/index.php\/2025\/04\/03\/en-cuautlancingo-la-delincuencia-rebasa-al-edil-omar-munoz\/","og_locale":"es_ES","og_type":"article","og_title":"En Cuautlancingo, la delincuencia rebasa al edil Omar Mu\u00f1oz - The Puebla Times","og_description":"POR FRED ESTRADA En este municipio qued\u00f3 una vez m\u00e1s demostrado que la delincuencia no da tregua para los habitantes de Cuautlancingo, ya que eebas\u00f3 totalmente a las autoridades municipales. Y para nuestra basta un bot\u00f3n. Omar Mu\u00f1oz escogi\u00f3 un mal d\u00eda para reconocer la labor de los polic\u00edas de Cuautlancingo, porque mientras lo hac\u00eda...","og_url":"https:\/\/thepueblatimes.mx\/index.php\/2025\/04\/03\/en-cuautlancingo-la-delincuencia-rebasa-al-edil-omar-munoz\/","og_site_name":"The Puebla Times","article_published_time":"2025-04-04T04:02:52+00:00","og_image":[{"width":1600,"height":1114,"url":"https:\/\/thepueblatimes.mx\/wp-content\/uploads\/2025\/04\/baja-delincuencia-cuautlancingo-4.jpg","type":"image\/jpeg"}],"author":"Sa\u00fal Hern\u00e1ndez","twitter_card":"summary_large_image","twitter_misc":{"Escrito por":"Sa\u00fal Hern\u00e1ndez","Tiempo de lectura":"1 minuto"},"schema":{"@context":"https:\/\/schema.org","@graph":[{"@type":"WebPage","@id":"https:\/\/thepueblatimes.mx\/index.php\/2025\/04\/03\/en-cuautlancingo-la-delincuencia-rebasa-al-edil-omar-munoz\/","url":"https:\/\/thepueblatimes.mx\/index.php\/2025\/04\/03\/en-cuautlancingo-la-delincuencia-rebasa-al-edil-omar-munoz\/","name":"En Cuautlancingo, la delincuencia rebasa al edil Omar Mu\u00f1oz - The Puebla Times","isPartOf":{"@id":"https:\/\/thepueblatimes.mx\/#website"},"datePublished":"2025-04-04T04:02:52+00:00","dateModified":"2025-04-04T04:02:52+00:00","author":{"@id":"https:\/\/thepueblatimes.mx\/#\/schema\/person\/1664894c2f65ce2c7a08d8f5f905c13c"},"breadcrumb":{"@id":"https:\/\/thepueblatimes.mx\/index.php\/2025\/04\/03\/en-cuautlancingo-la-delincuencia-rebasa-al-edil-omar-munoz\/#breadcrumb"},"inLanguage":"es","potentialAction":[{"@type":"ReadAction","target":["https:\/\/thepueblatimes.mx\/index.php\/2025\/04\/03\/en-cuautlancingo-la-delincuencia-rebasa-al-edil-omar-munoz\/"]}]},{"@type":"BreadcrumbList","@id":"https:\/\/thepueblatimes.mx\/index.php\/2025\/04\/03\/en-cuautlancingo-la-delincuencia-rebasa-al-edil-omar-munoz\/#breadcrumb","itemListElement":[{"@type":"ListItem","position":1,"name":"Portada","item":"https:\/\/thepueblatimes.mx\/"},{"@type":"ListItem","position":2,"name":"En Cuautlancingo, la delincuencia rebasa al edil Omar Mu\u00f1oz"}]},{"@type":"WebSite","@id":"https:\/\/thepueblatimes.mx\/#website","url":"https:\/\/thepueblatimes.mx\/","name":"The Puebla Times","description":"Noticias del Estado de Puebla","potentialAction":[{"@type":"SearchAction","target":{"@type":"EntryPoint","urlTemplate":"https:\/\/thepueblatimes.mx\/?s={search_term_string}"},"query-input":"required name=search_term_string"}],"inLanguage":"es"},{"@type":"Person","@id":"https:\/\/thepueblatimes.mx\/#\/schema\/person\/1664894c2f65ce2c7a08d8f5f905c13c","name":"Sa\u00fal Hern\u00e1ndez","image":{"@type":"ImageObject","inLanguage":"es","@id":"https:\/\/thepueblatimes.mx\/#\/schema\/person\/image\/","url":"https:\/\/secure.gravatar.com\/avatar\/11be338693f243309532caad8f10c930?s=96&d=mm&r=g","contentUrl":"https:\/\/secure.gravatar.com\/avatar\/11be338693f243309532caad8f10c930?s=96&d=mm&r=g","caption":"Sa\u00fal Hern\u00e1ndez"},"url":"https:\/\/thepueblatimes.mx\/index.php\/author\/saulhernandez\/"}]}},"jetpack_featured_media_url":"https:\/\/thepueblatimes.mx\/wp-content\/uploads\/2025\/04\/baja-delincuencia-cuautlancingo-4.jpg","_links":{"self":[{"href":"https:\/\/thepueblatimes.mx\/index.php\/wp-json\/wp\/v2\/posts\/28806"}],"collection":[{"href":"https:\/\/thepueblatimes.mx\/index.php\/wp-json\/wp\/v2\/posts"}],"about":[{"href":"https:\/\/thepueblatimes.mx\/index.php\/wp-json\/wp\/v2\/types\/post"}],"author":[{"embeddable":true,"href":"https:\/\/thepueblatimes.mx\/index.php\/wp-json\/wp\/v2\/users\/16"}],"replies":[{"embeddable":true,"href":"https:\/\/thepueblatimes.mx\/index.php\/wp-json\/wp\/v2\/comments?post=28806"}],"version-history":[{"count":1,"href":"https:\/\/thepueblatimes.mx\/index.php\/wp-json\/wp\/v2\/posts\/28806\/revisions"}],"predecessor-version":[{"id":28808,"href":"https:\/\/thepueblatimes.mx\/index.php\/wp-json\/wp\/v2\/posts\/28806\/revisions\/28808"}],"wp:featuredmedia":[{"embeddable":true,"href":"https:\/\/thepueblatimes.mx\/index.php\/wp-json\/wp\/v2\/media\/28807"}],"wp:attachment":[{"href":"https:\/\/thepueblatimes.mx\/index.php\/wp-json\/wp\/v2\/media?parent=28806"}],"wp:term":[{"taxonomy":"category","embeddable":true,"href":"https:\/\/thepueblatimes.mx\/index.php\/wp-json\/wp\/v2\/categories?post=28806"},{"taxonomy":"post_tag","embeddable":true,"href":"https:\/\/thepueblatimes.mx\/index.php\/wp-json\/wp\/v2\/tags?post=28806"}],"curies":[{"name":"wp","href":"https:\/\/api.w.org\/{rel}","templated":true}]}}