{"id":28802,"date":"2025-04-03T17:09:12","date_gmt":"2025-04-03T23:09:12","guid":{"rendered":"https:\/\/thepueblatimes.mx\/?p=28802"},"modified":"2025-04-03T17:09:12","modified_gmt":"2025-04-03T23:09:12","slug":"aprueba-congreso-del-estado-acuerdo-para-impulsar-educacion-cientifica-en-escuelas","status":"publish","type":"post","link":"https:\/\/thepueblatimes.mx\/index.php\/2025\/04\/03\/aprueba-congreso-del-estado-acuerdo-para-impulsar-educacion-cientifica-en-escuelas\/","title":{"rendered":"Aprueba Congreso del Estado acuerdo para impulsar educaci\u00f3n cient\u00edfica en escuelas"},"content":{"rendered":"<h3><em>-Tambi\u00e9n avala exhorto para respetar derechos laborales de las y los servidores p\u00fablicos municipales<\/em><\/h3>\n<h3><em>\u00a0<\/em><em>-Durante la sesi\u00f3n de la Comisi\u00f3n Permanente se presentaron iniciativas en materia de educaci\u00f3n, medio ambiente y derechos de la ni\u00f1ez <\/em><\/h3>\n<p>&nbsp;<\/p>\n<p>&nbsp;<\/p>\n<p>El Congreso del Estado aval\u00f3 el acuerdo para exhortar a la Secretar\u00eda de Educaci\u00f3n y a la Secretar\u00eda de Ciencia, Humanidades, Tecnolog\u00eda e Innovaci\u00f3n para que verifiquen y, en su caso, promuevan que en las escuelas p\u00fablicas y privadas de la entidad se impulse la educaci\u00f3n cient\u00edfica.<\/p>\n<p>&nbsp;<\/p>\n<p>Durante su intervenci\u00f3n, el diputado Jaime Aurioles Barroeta se\u00f1al\u00f3 la importancia de incentivar en las ni\u00f1as, ni\u00f1os y adolescentes las habilidades, destrezas y conocimientos cient\u00edficos, que coadyuven en su desarrollo acad\u00e9mico, personal y profesional, as\u00ed como en la consolidaci\u00f3n cient\u00edfica del Estado.<\/p>\n<p>&nbsp;<\/p>\n<p>Asimismo, la Comisi\u00f3n Permanente del Congreso del Estado aprob\u00f3 el acuerdo para exhortar a los Ayuntamientos y a los Concejos Municipales para que respeten y garanticen los derechos laborales de las personas servidoras p\u00fablicas municipales, durante el periodo de su administraci\u00f3n, incluyendo a las personas integrantes de las Juntas Auxiliares.<\/p>\n<p>&nbsp;<\/p>\n<p>Por otra parte, en sesi\u00f3n de la Comisi\u00f3n Permanente, el diputado Jaime Alejandro Aurioles Barroeta present\u00f3 una iniciativa para reformar diversas disposiciones de la Ley de Educaci\u00f3n del Estado de Puebla, con la finalidad de que las autoridades educativas dise\u00f1en y apliquen estrategias que promuevan ambientes basados en una cultura de la legalidad\u00a0 y la paz en las escuelas.<\/p>\n<p>&nbsp;<\/p>\n<p>La propuesta legislativa fue turnada a la Comisi\u00f3n de Educaci\u00f3n, para su estudio y resoluci\u00f3n correspondiente.<\/p>\n<p>&nbsp;<\/p>\n<p>En su momento, la diputada Celia Bonaga Ru\u00edz present\u00f3 una iniciativa para adicionar la Ley de los Derechos de las Ni\u00f1as, Ni\u00f1os y Adolescentes del Estado de Puebla, con el prop\u00f3sito de establecer que los centros de asistencia social, p\u00fablicos y privados, que tengan bajo su custodia adolescentes que cumplan la mayor\u00eda de edad, implementen un plan de restituci\u00f3n de derechos con dos a\u00f1os de anticipaci\u00f3n a su egreso.<\/p>\n<p>&nbsp;<\/p>\n<p>Esto, con el fin de que desarrollen aptitudes, destrezas, conocimientos y capacidades que fortalezcan su autonom\u00eda progresiva y el ejercicio pleno de sus derechos.<\/p>\n<p>&nbsp;<\/p>\n<p>La iniciativa, que propone adicionar un segundo y tercer p\u00e1rrafo al art\u00edculo 30 Bis 8 de la Ley de los Derechos de las Ni\u00f1as, Ni\u00f1os y Adolescentes del Estado de Puebla, fue turnada a la Comisi\u00f3n de la Familia y los Derechos de la Ni\u00f1ez, para su an\u00e1lisis y dictaminaci\u00f3n procedente.<\/p>\n<p>&nbsp;<\/p>\n<p>Asimismo, el diputado El\u00edas Lozada Ortega present\u00f3 una iniciativa para declarar el d\u00eda 11 de septiembre de cada a\u00f1o como \u201c11 de Septiembre, d\u00eda de las y los Educadores Comunitarios Poblanos, CONAFE\u201d. El diputado El\u00edas Lozada consider\u00f3 que con esta iniciativa se busca reconocer la importante labor que desempe\u00f1an las y los Educadores Comunitarios, pues sin ellos no ser\u00eda posible dotar del servicio educativo que es motor de transformaci\u00f3n y desarrollo de las comunidades marginadas.<\/p>\n<p>&nbsp;<\/p>\n<p>La propuesta legislativa fue dirigida a la Comisi\u00f3n de Educaci\u00f3n para su an\u00e1lisis procedente.<\/p>\n<p>&nbsp;<\/p>\n<p>Durante la sesi\u00f3n, la Comisi\u00f3n Permanente dio cuenta de las siguientes propuestas legislativas:<\/p>\n<p>&nbsp;<\/p>\n<p>-Iniciativa de la diputada Azucena Rosas Tapia para reformar la Ley de Bienestar Animal del Estado de Puebla, con el prop\u00f3sito de incluir la rehabilitaci\u00f3n como parte de las obligaciones que deben tener las personas propietarias, poseedoras o que se encuentren a cargo de un animal.<\/p>\n<p>&nbsp;<\/p>\n<p>La iniciativa que propone reformar la fracci\u00f3n III del art\u00edculo 17 de la Ley de Bienestar Animal del Estado de Puebla, fue enviada a la Comisi\u00f3n de Medio Ambiente, Recursos Naturales y Cambio Clim\u00e1tico, para su an\u00e1lisis procedente.<\/p>\n<p>&nbsp;<\/p>\n<p>-Iniciativa de la diputada Azucena Rosas Tapia para reformar y adicionar diversas disposiciones del art\u00edculo 12 de la Ley de Educaci\u00f3n, con el objetivo de promover acciones orientadas a sensibilizar a la comunidad estudiantil para impulsar un ambiente de inclusi\u00f3n, empat\u00eda y respeto hacia las y los estudiantes con autismo, favoreciendo su desarrollo social y emocional.<\/p>\n<p>&nbsp;<\/p>\n<p>Para su estudio y resoluci\u00f3n correspondiente, la iniciativa fue dirigida a la Comisi\u00f3n de Educaci\u00f3n.<\/p>\n<p>&nbsp;<\/p>\n<p>-Iniciativa del diputado Marcos Castro Mart\u00ednez para reformar y adicionar diversas disposiciones a la Ley de Educaci\u00f3n del Estado de Puebla, con el fin de estipular que la educaci\u00f3n que se imparta en el Estado de Puebla tome en cuenta las diversas capacidades y necesidades de las y los estudiantes zurdos.<\/p>\n<p>&nbsp;<\/p>\n<p>La propuesta legislativa fue turnada a la Comisi\u00f3n de Educaci\u00f3n, para su estudio correspondiente.<\/p>\n","protected":false},"excerpt":{"rendered":"<p>-Tambi\u00e9n avala exhorto para respetar derechos laborales de las y los servidores p\u00fablicos municipales \u00a0-Durante la sesi\u00f3n de la Comisi\u00f3n Permanente se presentaron iniciativas en materia de educaci\u00f3n, medio ambiente y derechos de la ni\u00f1ez &nbsp; &nbsp; El Congreso del Estado aval\u00f3 el acuerdo para exhortar a la Secretar\u00eda de Educaci\u00f3n y a la Secretar\u00eda&#8230;<\/p>\n","protected":false},"author":16,"featured_media":28803,"comment_status":"closed","ping_status":"closed","sticky":false,"template":"","format":"standard","meta":[],"categories":[3],"tags":[1480,1271],"yoast_head":"<!-- This site is optimized with the Yoast SEO plugin v20.8 - https:\/\/yoast.com\/wordpress\/plugins\/seo\/ -->\n<title>Aprueba Congreso del Estado acuerdo para impulsar educaci\u00f3n cient\u00edfica en escuelas - The Puebla Times<\/title>\n<meta name=\"robots\" content=\"index, follow, max-snippet:-1, max-image-preview:large, max-video-preview:-1\" \/>\n<link rel=\"canonical\" href=\"https:\/\/thepueblatimes.mx\/index.php\/2025\/04\/03\/aprueba-congreso-del-estado-acuerdo-para-impulsar-educacion-cientifica-en-escuelas\/\" \/>\n<meta property=\"og:locale\" content=\"es_ES\" \/>\n<meta property=\"og:type\" content=\"article\" \/>\n<meta property=\"og:title\" content=\"Aprueba Congreso del Estado acuerdo para impulsar educaci\u00f3n cient\u00edfica en escuelas - The Puebla Times\" \/>\n<meta property=\"og:description\" content=\"-Tambi\u00e9n avala exhorto para respetar derechos laborales de las y los servidores p\u00fablicos municipales \u00a0-Durante la sesi\u00f3n de la Comisi\u00f3n Permanente se presentaron iniciativas en materia de educaci\u00f3n, medio ambiente y derechos de la ni\u00f1ez &nbsp; &nbsp; El Congreso del Estado aval\u00f3 el acuerdo para exhortar a la Secretar\u00eda de Educaci\u00f3n y a la Secretar\u00eda...\" \/>\n<meta property=\"og:url\" content=\"https:\/\/thepueblatimes.mx\/index.php\/2025\/04\/03\/aprueba-congreso-del-estado-acuerdo-para-impulsar-educacion-cientifica-en-escuelas\/\" \/>\n<meta property=\"og:site_name\" content=\"The Puebla Times\" \/>\n<meta property=\"article:published_time\" content=\"2025-04-03T23:09:12+00:00\" \/>\n<meta property=\"og:image\" content=\"https:\/\/thepueblatimes.mx\/wp-content\/uploads\/2025\/04\/WhatsApp-Image-2025-04-03-at-14.21.55-scaled.jpeg\" \/>\n\t<meta property=\"og:image:width\" content=\"2560\" \/>\n\t<meta property=\"og:image:height\" content=\"1706\" \/>\n\t<meta property=\"og:image:type\" content=\"image\/jpeg\" \/>\n<meta name=\"author\" content=\"Sa\u00fal Hern\u00e1ndez\" \/>\n<meta name=\"twitter:card\" content=\"summary_large_image\" \/>\n<meta name=\"twitter:label1\" content=\"Escrito por\" \/>\n\t<meta name=\"twitter:data1\" content=\"Sa\u00fal Hern\u00e1ndez\" \/>\n\t<meta name=\"twitter:label2\" content=\"Tiempo de lectura\" \/>\n\t<meta name=\"twitter:data2\" content=\"4 minutos\" \/>\n<script type=\"application\/ld+json\" class=\"yoast-schema-graph\">{\"@context\":\"https:\/\/schema.org\",\"@graph\":[{\"@type\":\"WebPage\",\"@id\":\"https:\/\/thepueblatimes.mx\/index.php\/2025\/04\/03\/aprueba-congreso-del-estado-acuerdo-para-impulsar-educacion-cientifica-en-escuelas\/\",\"url\":\"https:\/\/thepueblatimes.mx\/index.php\/2025\/04\/03\/aprueba-congreso-del-estado-acuerdo-para-impulsar-educacion-cientifica-en-escuelas\/\",\"name\":\"Aprueba Congreso del Estado acuerdo para impulsar educaci\u00f3n cient\u00edfica en escuelas - The Puebla Times\",\"isPartOf\":{\"@id\":\"https:\/\/thepueblatimes.mx\/#website\"},\"datePublished\":\"2025-04-03T23:09:12+00:00\",\"dateModified\":\"2025-04-03T23:09:12+00:00\",\"author\":{\"@id\":\"https:\/\/thepueblatimes.mx\/#\/schema\/person\/1664894c2f65ce2c7a08d8f5f905c13c\"},\"breadcrumb\":{\"@id\":\"https:\/\/thepueblatimes.mx\/index.php\/2025\/04\/03\/aprueba-congreso-del-estado-acuerdo-para-impulsar-educacion-cientifica-en-escuelas\/#breadcrumb\"},\"inLanguage\":\"es\",\"potentialAction\":[{\"@type\":\"ReadAction\",\"target\":[\"https:\/\/thepueblatimes.mx\/index.php\/2025\/04\/03\/aprueba-congreso-del-estado-acuerdo-para-impulsar-educacion-cientifica-en-escuelas\/\"]}]},{\"@type\":\"BreadcrumbList\",\"@id\":\"https:\/\/thepueblatimes.mx\/index.php\/2025\/04\/03\/aprueba-congreso-del-estado-acuerdo-para-impulsar-educacion-cientifica-en-escuelas\/#breadcrumb\",\"itemListElement\":[{\"@type\":\"ListItem\",\"position\":1,\"name\":\"Portada\",\"item\":\"https:\/\/thepueblatimes.mx\/\"},{\"@type\":\"ListItem\",\"position\":2,\"name\":\"Aprueba Congreso del Estado acuerdo para impulsar educaci\u00f3n cient\u00edfica en escuelas\"}]},{\"@type\":\"WebSite\",\"@id\":\"https:\/\/thepueblatimes.mx\/#website\",\"url\":\"https:\/\/thepueblatimes.mx\/\",\"name\":\"The Puebla Times\",\"description\":\"Noticias del Estado de Puebla\",\"potentialAction\":[{\"@type\":\"SearchAction\",\"target\":{\"@type\":\"EntryPoint\",\"urlTemplate\":\"https:\/\/thepueblatimes.mx\/?s={search_term_string}\"},\"query-input\":\"required name=search_term_string\"}],\"inLanguage\":\"es\"},{\"@type\":\"Person\",\"@id\":\"https:\/\/thepueblatimes.mx\/#\/schema\/person\/1664894c2f65ce2c7a08d8f5f905c13c\",\"name\":\"Sa\u00fal Hern\u00e1ndez\",\"image\":{\"@type\":\"ImageObject\",\"inLanguage\":\"es\",\"@id\":\"https:\/\/thepueblatimes.mx\/#\/schema\/person\/image\/\",\"url\":\"https:\/\/secure.gravatar.com\/avatar\/11be338693f243309532caad8f10c930?s=96&d=mm&r=g\",\"contentUrl\":\"https:\/\/secure.gravatar.com\/avatar\/11be338693f243309532caad8f10c930?s=96&d=mm&r=g\",\"caption\":\"Sa\u00fal Hern\u00e1ndez\"},\"url\":\"https:\/\/thepueblatimes.mx\/index.php\/author\/saulhernandez\/\"}]}<\/script>\n<!-- \/ Yoast SEO plugin. -->","yoast_head_json":{"title":"Aprueba Congreso del Estado acuerdo para impulsar educaci\u00f3n cient\u00edfica en escuelas - The Puebla Times","robots":{"index":"index","follow":"follow","max-snippet":"max-snippet:-1","max-image-preview":"max-image-preview:large","max-video-preview":"max-video-preview:-1"},"canonical":"https:\/\/thepueblatimes.mx\/index.php\/2025\/04\/03\/aprueba-congreso-del-estado-acuerdo-para-impulsar-educacion-cientifica-en-escuelas\/","og_locale":"es_ES","og_type":"article","og_title":"Aprueba Congreso del Estado acuerdo para impulsar educaci\u00f3n cient\u00edfica en escuelas - The Puebla Times","og_description":"-Tambi\u00e9n avala exhorto para respetar derechos laborales de las y los servidores p\u00fablicos municipales \u00a0-Durante la sesi\u00f3n de la Comisi\u00f3n Permanente se presentaron iniciativas en materia de educaci\u00f3n, medio ambiente y derechos de la ni\u00f1ez &nbsp; &nbsp; El Congreso del Estado aval\u00f3 el acuerdo para exhortar a la Secretar\u00eda de Educaci\u00f3n y a la Secretar\u00eda...","og_url":"https:\/\/thepueblatimes.mx\/index.php\/2025\/04\/03\/aprueba-congreso-del-estado-acuerdo-para-impulsar-educacion-cientifica-en-escuelas\/","og_site_name":"The Puebla Times","article_published_time":"2025-04-03T23:09:12+00:00","og_image":[{"width":2560,"height":1706,"url":"https:\/\/thepueblatimes.mx\/wp-content\/uploads\/2025\/04\/WhatsApp-Image-2025-04-03-at-14.21.55-scaled.jpeg","type":"image\/jpeg"}],"author":"Sa\u00fal Hern\u00e1ndez","twitter_card":"summary_large_image","twitter_misc":{"Escrito por":"Sa\u00fal Hern\u00e1ndez","Tiempo de lectura":"4 minutos"},"schema":{"@context":"https:\/\/schema.org","@graph":[{"@type":"WebPage","@id":"https:\/\/thepueblatimes.mx\/index.php\/2025\/04\/03\/aprueba-congreso-del-estado-acuerdo-para-impulsar-educacion-cientifica-en-escuelas\/","url":"https:\/\/thepueblatimes.mx\/index.php\/2025\/04\/03\/aprueba-congreso-del-estado-acuerdo-para-impulsar-educacion-cientifica-en-escuelas\/","name":"Aprueba Congreso del Estado acuerdo para impulsar educaci\u00f3n cient\u00edfica en escuelas - The Puebla Times","isPartOf":{"@id":"https:\/\/thepueblatimes.mx\/#website"},"datePublished":"2025-04-03T23:09:12+00:00","dateModified":"2025-04-03T23:09:12+00:00","author":{"@id":"https:\/\/thepueblatimes.mx\/#\/schema\/person\/1664894c2f65ce2c7a08d8f5f905c13c"},"breadcrumb":{"@id":"https:\/\/thepueblatimes.mx\/index.php\/2025\/04\/03\/aprueba-congreso-del-estado-acuerdo-para-impulsar-educacion-cientifica-en-escuelas\/#breadcrumb"},"inLanguage":"es","potentialAction":[{"@type":"ReadAction","target":["https:\/\/thepueblatimes.mx\/index.php\/2025\/04\/03\/aprueba-congreso-del-estado-acuerdo-para-impulsar-educacion-cientifica-en-escuelas\/"]}]},{"@type":"BreadcrumbList","@id":"https:\/\/thepueblatimes.mx\/index.php\/2025\/04\/03\/aprueba-congreso-del-estado-acuerdo-para-impulsar-educacion-cientifica-en-escuelas\/#breadcrumb","itemListElement":[{"@type":"ListItem","position":1,"name":"Portada","item":"https:\/\/thepueblatimes.mx\/"},{"@type":"ListItem","position":2,"name":"Aprueba Congreso del Estado acuerdo para impulsar educaci\u00f3n cient\u00edfica en escuelas"}]},{"@type":"WebSite","@id":"https:\/\/thepueblatimes.mx\/#website","url":"https:\/\/thepueblatimes.mx\/","name":"The Puebla Times","description":"Noticias del Estado de Puebla","potentialAction":[{"@type":"SearchAction","target":{"@type":"EntryPoint","urlTemplate":"https:\/\/thepueblatimes.mx\/?s={search_term_string}"},"query-input":"required name=search_term_string"}],"inLanguage":"es"},{"@type":"Person","@id":"https:\/\/thepueblatimes.mx\/#\/schema\/person\/1664894c2f65ce2c7a08d8f5f905c13c","name":"Sa\u00fal Hern\u00e1ndez","image":{"@type":"ImageObject","inLanguage":"es","@id":"https:\/\/thepueblatimes.mx\/#\/schema\/person\/image\/","url":"https:\/\/secure.gravatar.com\/avatar\/11be338693f243309532caad8f10c930?s=96&d=mm&r=g","contentUrl":"https:\/\/secure.gravatar.com\/avatar\/11be338693f243309532caad8f10c930?s=96&d=mm&r=g","caption":"Sa\u00fal Hern\u00e1ndez"},"url":"https:\/\/thepueblatimes.mx\/index.php\/author\/saulhernandez\/"}]}},"jetpack_featured_media_url":"https:\/\/thepueblatimes.mx\/wp-content\/uploads\/2025\/04\/WhatsApp-Image-2025-04-03-at-14.21.55-scaled.jpeg","_links":{"self":[{"href":"https:\/\/thepueblatimes.mx\/index.php\/wp-json\/wp\/v2\/posts\/28802"}],"collection":[{"href":"https:\/\/thepueblatimes.mx\/index.php\/wp-json\/wp\/v2\/posts"}],"about":[{"href":"https:\/\/thepueblatimes.mx\/index.php\/wp-json\/wp\/v2\/types\/post"}],"author":[{"embeddable":true,"href":"https:\/\/thepueblatimes.mx\/index.php\/wp-json\/wp\/v2\/users\/16"}],"replies":[{"embeddable":true,"href":"https:\/\/thepueblatimes.mx\/index.php\/wp-json\/wp\/v2\/comments?post=28802"}],"version-history":[{"count":1,"href":"https:\/\/thepueblatimes.mx\/index.php\/wp-json\/wp\/v2\/posts\/28802\/revisions"}],"predecessor-version":[{"id":28804,"href":"https:\/\/thepueblatimes.mx\/index.php\/wp-json\/wp\/v2\/posts\/28802\/revisions\/28804"}],"wp:featuredmedia":[{"embeddable":true,"href":"https:\/\/thepueblatimes.mx\/index.php\/wp-json\/wp\/v2\/media\/28803"}],"wp:attachment":[{"href":"https:\/\/thepueblatimes.mx\/index.php\/wp-json\/wp\/v2\/media?parent=28802"}],"wp:term":[{"taxonomy":"category","embeddable":true,"href":"https:\/\/thepueblatimes.mx\/index.php\/wp-json\/wp\/v2\/categories?post=28802"},{"taxonomy":"post_tag","embeddable":true,"href":"https:\/\/thepueblatimes.mx\/index.php\/wp-json\/wp\/v2\/tags?post=28802"}],"curies":[{"name":"wp","href":"https:\/\/api.w.org\/{rel}","templated":true}]}}