{"id":288,"date":"2020-06-18T00:09:21","date_gmt":"2020-06-18T05:09:21","guid":{"rendered":"https:\/\/thepueblatimes.mx\/?p=288"},"modified":"2020-06-18T00:09:21","modified_gmt":"2020-06-18T05:09:21","slug":"dinosaurios-vuelve-a-la-television-de-la-mano-de-disney","status":"publish","type":"post","link":"https:\/\/thepueblatimes.mx\/index.php\/2020\/06\/18\/dinosaurios-vuelve-a-la-television-de-la-mano-de-disney\/","title":{"rendered":"&#8216;Dinosaurios&#8217; vuelve a la televisi\u00f3n de la mano de Disney"},"content":{"rendered":"<p><strong>Quienes crecieron en la d\u00e9cada de los 90 recordar\u00e1n con mucha nostalgia el programa \u2018Dinosaurios\u2019; ahora podr\u00e1n volver a verla.<\/strong><\/p>\n<p>CIUDAD DE M\u00c9XICO.- Quienes crecieron en la d\u00e9cada de los 90 recordar\u00e1n con mucha nostalgia el programa \u2018Dinosaurios\u2019. Esta serie estuvo al aire entre 1991 y 1994.<\/p>\n<p>La aclamada serie volver\u00e1 a la televisi\u00f3n de la mano de Disney+, el sistema de streaming de Disney, entre septiembre y diciembre de 2020.<\/p>\n<p>La familia Sinclair fue inmortalizada gracias, en mayor parte, a su integrante m\u00e1s joven, el beb\u00e9 Sinclair, tambi\u00e9n conocido como &#8216;Nene Consentido&#8217;.<\/p>\n<p>En sus 65 episodios, la serie contaba las aventuras de una familia de dinosaurios durante el periodo jur\u00e1sico, quienes ten\u00edan avances tecnol\u00f3gicos como la televisi\u00f3n y su propia versi\u00f3n de MTV llamada DinoTV.<\/p>\n<p>En M\u00e9xico la serie se ve\u00eda en canal 5 por las noches, compitiendo con otras familias animadas como &#8216;Los Simpson&#8217;, aunque los personajes no eran animadas de modo tradicional, sino que se trataba de figuras animatr\u00f3nicas.<\/p>\n","protected":false},"excerpt":{"rendered":"<p>Quienes crecieron en la d\u00e9cada de los 90 recordar\u00e1n con mucha nostalgia el programa \u2018Dinosaurios\u2019; ahora podr\u00e1n volver a verla.<\/p>\n","protected":false},"author":1,"featured_media":289,"comment_status":"open","ping_status":"open","sticky":false,"template":"","format":"standard","meta":[],"categories":[9],"tags":[106,107],"yoast_head":"<!-- This site is optimized with the Yoast SEO plugin v20.8 - https:\/\/yoast.com\/wordpress\/plugins\/seo\/ -->\n<title>&#039;Dinosaurios&#039; vuelve a la televisi\u00f3n de la mano de Disney - The Puebla Times<\/title>\n<meta name=\"robots\" content=\"index, follow, max-snippet:-1, max-image-preview:large, max-video-preview:-1\" \/>\n<link rel=\"canonical\" href=\"https:\/\/thepueblatimes.mx\/index.php\/2020\/06\/18\/dinosaurios-vuelve-a-la-television-de-la-mano-de-disney\/\" \/>\n<meta property=\"og:locale\" content=\"es_ES\" \/>\n<meta property=\"og:type\" content=\"article\" \/>\n<meta property=\"og:title\" content=\"&#039;Dinosaurios&#039; vuelve a la televisi\u00f3n de la mano de Disney - The Puebla Times\" \/>\n<meta property=\"og:description\" content=\"Quienes crecieron en la d\u00e9cada de los 90 recordar\u00e1n con mucha nostalgia el programa \u2018Dinosaurios\u2019; ahora podr\u00e1n volver a verla.\" \/>\n<meta property=\"og:url\" content=\"https:\/\/thepueblatimes.mx\/index.php\/2020\/06\/18\/dinosaurios-vuelve-a-la-television-de-la-mano-de-disney\/\" \/>\n<meta property=\"og:site_name\" content=\"The Puebla Times\" \/>\n<meta property=\"article:published_time\" content=\"2020-06-18T05:09:21+00:00\" \/>\n<meta property=\"og:image\" content=\"https:\/\/thepueblatimes.mx\/wp-content\/uploads\/2020\/06\/dino.jpg\" \/>\n\t<meta property=\"og:image:width\" content=\"664\" \/>\n\t<meta property=\"og:image:height\" content=\"379\" \/>\n\t<meta property=\"og:image:type\" content=\"image\/jpeg\" \/>\n<meta name=\"author\" content=\"adminshn\" \/>\n<meta name=\"twitter:card\" content=\"summary_large_image\" \/>\n<meta name=\"twitter:label1\" content=\"Escrito por\" \/>\n\t<meta name=\"twitter:data1\" content=\"adminshn\" \/>\n\t<meta name=\"twitter:label2\" content=\"Tiempo de lectura\" \/>\n\t<meta name=\"twitter:data2\" content=\"1 minuto\" \/>\n<script type=\"application\/ld+json\" class=\"yoast-schema-graph\">{\"@context\":\"https:\/\/schema.org\",\"@graph\":[{\"@type\":\"WebPage\",\"@id\":\"https:\/\/thepueblatimes.mx\/index.php\/2020\/06\/18\/dinosaurios-vuelve-a-la-television-de-la-mano-de-disney\/\",\"url\":\"https:\/\/thepueblatimes.mx\/index.php\/2020\/06\/18\/dinosaurios-vuelve-a-la-television-de-la-mano-de-disney\/\",\"name\":\"'Dinosaurios' vuelve a la televisi\u00f3n de la mano de Disney - The Puebla Times\",\"isPartOf\":{\"@id\":\"https:\/\/thepueblatimes.mx\/#website\"},\"datePublished\":\"2020-06-18T05:09:21+00:00\",\"dateModified\":\"2020-06-18T05:09:21+00:00\",\"author\":{\"@id\":\"https:\/\/thepueblatimes.mx\/#\/schema\/person\/bacbdcbafaffe83c55b34c46e278a2c0\"},\"breadcrumb\":{\"@id\":\"https:\/\/thepueblatimes.mx\/index.php\/2020\/06\/18\/dinosaurios-vuelve-a-la-television-de-la-mano-de-disney\/#breadcrumb\"},\"inLanguage\":\"es\",\"potentialAction\":[{\"@type\":\"ReadAction\",\"target\":[\"https:\/\/thepueblatimes.mx\/index.php\/2020\/06\/18\/dinosaurios-vuelve-a-la-television-de-la-mano-de-disney\/\"]}]},{\"@type\":\"BreadcrumbList\",\"@id\":\"https:\/\/thepueblatimes.mx\/index.php\/2020\/06\/18\/dinosaurios-vuelve-a-la-television-de-la-mano-de-disney\/#breadcrumb\",\"itemListElement\":[{\"@type\":\"ListItem\",\"position\":1,\"name\":\"Portada\",\"item\":\"https:\/\/thepueblatimes.mx\/\"},{\"@type\":\"ListItem\",\"position\":2,\"name\":\"&#8216;Dinosaurios&#8217; vuelve a la televisi\u00f3n de la mano de Disney\"}]},{\"@type\":\"WebSite\",\"@id\":\"https:\/\/thepueblatimes.mx\/#website\",\"url\":\"https:\/\/thepueblatimes.mx\/\",\"name\":\"The Puebla Times\",\"description\":\"Noticias del Estado de Puebla\",\"potentialAction\":[{\"@type\":\"SearchAction\",\"target\":{\"@type\":\"EntryPoint\",\"urlTemplate\":\"https:\/\/thepueblatimes.mx\/?s={search_term_string}\"},\"query-input\":\"required name=search_term_string\"}],\"inLanguage\":\"es\"},{\"@type\":\"Person\",\"@id\":\"https:\/\/thepueblatimes.mx\/#\/schema\/person\/bacbdcbafaffe83c55b34c46e278a2c0\",\"name\":\"adminshn\",\"image\":{\"@type\":\"ImageObject\",\"inLanguage\":\"es\",\"@id\":\"https:\/\/thepueblatimes.mx\/#\/schema\/person\/image\/\",\"url\":\"https:\/\/secure.gravatar.com\/avatar\/f3a15c1fa92ae8f39edb1c2fe722db47?s=96&d=mm&r=g\",\"contentUrl\":\"https:\/\/secure.gravatar.com\/avatar\/f3a15c1fa92ae8f39edb1c2fe722db47?s=96&d=mm&r=g\",\"caption\":\"adminshn\"},\"sameAs\":[\"http:\/\/thepueblatimes.mx\"],\"url\":\"https:\/\/thepueblatimes.mx\/index.php\/author\/jro7yzzejg\/\"}]}<\/script>\n<!-- \/ Yoast SEO plugin. -->","yoast_head_json":{"title":"'Dinosaurios' vuelve a la televisi\u00f3n de la mano de Disney - The Puebla Times","robots":{"index":"index","follow":"follow","max-snippet":"max-snippet:-1","max-image-preview":"max-image-preview:large","max-video-preview":"max-video-preview:-1"},"canonical":"https:\/\/thepueblatimes.mx\/index.php\/2020\/06\/18\/dinosaurios-vuelve-a-la-television-de-la-mano-de-disney\/","og_locale":"es_ES","og_type":"article","og_title":"'Dinosaurios' vuelve a la televisi\u00f3n de la mano de Disney - The Puebla Times","og_description":"Quienes crecieron en la d\u00e9cada de los 90 recordar\u00e1n con mucha nostalgia el programa \u2018Dinosaurios\u2019; ahora podr\u00e1n volver a verla.","og_url":"https:\/\/thepueblatimes.mx\/index.php\/2020\/06\/18\/dinosaurios-vuelve-a-la-television-de-la-mano-de-disney\/","og_site_name":"The Puebla Times","article_published_time":"2020-06-18T05:09:21+00:00","og_image":[{"width":664,"height":379,"url":"https:\/\/thepueblatimes.mx\/wp-content\/uploads\/2020\/06\/dino.jpg","type":"image\/jpeg"}],"author":"adminshn","twitter_card":"summary_large_image","twitter_misc":{"Escrito por":"adminshn","Tiempo de lectura":"1 minuto"},"schema":{"@context":"https:\/\/schema.org","@graph":[{"@type":"WebPage","@id":"https:\/\/thepueblatimes.mx\/index.php\/2020\/06\/18\/dinosaurios-vuelve-a-la-television-de-la-mano-de-disney\/","url":"https:\/\/thepueblatimes.mx\/index.php\/2020\/06\/18\/dinosaurios-vuelve-a-la-television-de-la-mano-de-disney\/","name":"'Dinosaurios' vuelve a la televisi\u00f3n de la mano de Disney - The Puebla Times","isPartOf":{"@id":"https:\/\/thepueblatimes.mx\/#website"},"datePublished":"2020-06-18T05:09:21+00:00","dateModified":"2020-06-18T05:09:21+00:00","author":{"@id":"https:\/\/thepueblatimes.mx\/#\/schema\/person\/bacbdcbafaffe83c55b34c46e278a2c0"},"breadcrumb":{"@id":"https:\/\/thepueblatimes.mx\/index.php\/2020\/06\/18\/dinosaurios-vuelve-a-la-television-de-la-mano-de-disney\/#breadcrumb"},"inLanguage":"es","potentialAction":[{"@type":"ReadAction","target":["https:\/\/thepueblatimes.mx\/index.php\/2020\/06\/18\/dinosaurios-vuelve-a-la-television-de-la-mano-de-disney\/"]}]},{"@type":"BreadcrumbList","@id":"https:\/\/thepueblatimes.mx\/index.php\/2020\/06\/18\/dinosaurios-vuelve-a-la-television-de-la-mano-de-disney\/#breadcrumb","itemListElement":[{"@type":"ListItem","position":1,"name":"Portada","item":"https:\/\/thepueblatimes.mx\/"},{"@type":"ListItem","position":2,"name":"&#8216;Dinosaurios&#8217; vuelve a la televisi\u00f3n de la mano de Disney"}]},{"@type":"WebSite","@id":"https:\/\/thepueblatimes.mx\/#website","url":"https:\/\/thepueblatimes.mx\/","name":"The Puebla Times","description":"Noticias del Estado de Puebla","potentialAction":[{"@type":"SearchAction","target":{"@type":"EntryPoint","urlTemplate":"https:\/\/thepueblatimes.mx\/?s={search_term_string}"},"query-input":"required name=search_term_string"}],"inLanguage":"es"},{"@type":"Person","@id":"https:\/\/thepueblatimes.mx\/#\/schema\/person\/bacbdcbafaffe83c55b34c46e278a2c0","name":"adminshn","image":{"@type":"ImageObject","inLanguage":"es","@id":"https:\/\/thepueblatimes.mx\/#\/schema\/person\/image\/","url":"https:\/\/secure.gravatar.com\/avatar\/f3a15c1fa92ae8f39edb1c2fe722db47?s=96&d=mm&r=g","contentUrl":"https:\/\/secure.gravatar.com\/avatar\/f3a15c1fa92ae8f39edb1c2fe722db47?s=96&d=mm&r=g","caption":"adminshn"},"sameAs":["http:\/\/thepueblatimes.mx"],"url":"https:\/\/thepueblatimes.mx\/index.php\/author\/jro7yzzejg\/"}]}},"jetpack_featured_media_url":"https:\/\/thepueblatimes.mx\/wp-content\/uploads\/2020\/06\/dino.jpg","_links":{"self":[{"href":"https:\/\/thepueblatimes.mx\/index.php\/wp-json\/wp\/v2\/posts\/288"}],"collection":[{"href":"https:\/\/thepueblatimes.mx\/index.php\/wp-json\/wp\/v2\/posts"}],"about":[{"href":"https:\/\/thepueblatimes.mx\/index.php\/wp-json\/wp\/v2\/types\/post"}],"author":[{"embeddable":true,"href":"https:\/\/thepueblatimes.mx\/index.php\/wp-json\/wp\/v2\/users\/1"}],"replies":[{"embeddable":true,"href":"https:\/\/thepueblatimes.mx\/index.php\/wp-json\/wp\/v2\/comments?post=288"}],"version-history":[{"count":2,"href":"https:\/\/thepueblatimes.mx\/index.php\/wp-json\/wp\/v2\/posts\/288\/revisions"}],"predecessor-version":[{"id":300,"href":"https:\/\/thepueblatimes.mx\/index.php\/wp-json\/wp\/v2\/posts\/288\/revisions\/300"}],"wp:featuredmedia":[{"embeddable":true,"href":"https:\/\/thepueblatimes.mx\/index.php\/wp-json\/wp\/v2\/media\/289"}],"wp:attachment":[{"href":"https:\/\/thepueblatimes.mx\/index.php\/wp-json\/wp\/v2\/media?parent=288"}],"wp:term":[{"taxonomy":"category","embeddable":true,"href":"https:\/\/thepueblatimes.mx\/index.php\/wp-json\/wp\/v2\/categories?post=288"},{"taxonomy":"post_tag","embeddable":true,"href":"https:\/\/thepueblatimes.mx\/index.php\/wp-json\/wp\/v2\/tags?post=288"}],"curies":[{"name":"wp","href":"https:\/\/api.w.org\/{rel}","templated":true}]}}