{"id":28743,"date":"2025-03-31T16:28:49","date_gmt":"2025-03-31T22:28:49","guid":{"rendered":"https:\/\/thepueblatimes.mx\/?p=28743"},"modified":"2025-03-31T16:28:49","modified_gmt":"2025-03-31T22:28:49","slug":"mejoran-mas-de-20-espacios-publicos-con-faenas-comunitarias-del-sedif","status":"publish","type":"post","link":"https:\/\/thepueblatimes.mx\/index.php\/2025\/03\/31\/mejoran-mas-de-20-espacios-publicos-con-faenas-comunitarias-del-sedif\/","title":{"rendered":"Mejoran m\u00e1s de 20 espacios p\u00fablicos con Faenas Comunitarias del SEDIF"},"content":{"rendered":"<h3><em><strong>* Con el respaldo del gobernador Alejandro Armenta, se realizaron faenas comunitarias en diversos espacios.<\/strong><\/em><\/h3>\n<p>CIUDAD DE PUEBLA, Pue. &#8211; Bajo la visi\u00f3n humanista del Gobierno del Estado de Puebla, encabezado por Alejandro Armenta, el Sistema Estatal DIF (SEDIF) replica exitosamente esta perspectiva mediante la participaci\u00f3n conjunta de autoridades, personal institucional y ciudadan\u00eda en general, para lograr la rehabilitaci\u00f3n de espacios p\u00fablicos en beneficio de la comunidad.<\/p>\n<p>Durante el fin de semana, m\u00e1s de 20 delegaciones del SEDIF participaron en labores de limpieza, pintura y mantenimiento de escuelas, banquetas, parques, jardines e incluso un pante\u00f3n, con el objetivo de embellecer el entorno social y el bienestar de las familias poblanas.<\/p>\n<p>En la capital del estado, la faena comunitaria se llev\u00f3 a cabo en el Centro Escolar Comunitario del Sur, donde madres y padres de familia, autoridades y personal del SEDIF trabajaron en conjunto para dignificar el espacio.<\/p>\n<p>La notable respuesta de la sociedad ante estas faenas comunitarias, promovidas por el SEDIF bajo la direcci\u00f3n de la presidenta del patronato, Ceci Arellano, refleja el compromiso ciudadano durante los recorridos en colonias, juntas auxiliares, unidades habitacionales y municipios de la entidad.<\/p>\n<p>Esta estrategia comunitaria fortalece el tejido social al propiciar la convivencia arm\u00f3nica entre vecinas, vecinos, comerciantes y familias, lo que consolida a la iniciativa como una pol\u00edtica de inclusi\u00f3n y participaci\u00f3n social.<\/p>\n<p>El gobierno estatal a trav\u00e9s del SEDIF, tiene el objetivo de Pensar en Grande y acercar programas de asistencia social a diversos sectores de la poblaci\u00f3n y as\u00ed, reafirmar su compromiso de servir con empat\u00eda y responsabilidad.<\/p>\n","protected":false},"excerpt":{"rendered":"<p>* Con el respaldo del gobernador Alejandro Armenta, se realizaron faenas comunitarias en diversos espacios. CIUDAD DE PUEBLA, Pue. &#8211; Bajo la visi\u00f3n humanista del Gobierno del Estado de Puebla, encabezado por Alejandro Armenta, el Sistema Estatal DIF (SEDIF) replica exitosamente esta perspectiva mediante la participaci\u00f3n conjunta de autoridades, personal institucional y ciudadan\u00eda en general,&#8230;<\/p>\n","protected":false},"author":16,"featured_media":28744,"comment_status":"closed","ping_status":"closed","sticky":false,"template":"","format":"standard","meta":[],"categories":[3],"tags":[1651,3434,3433,1341],"yoast_head":"<!-- This site is optimized with the Yoast SEO plugin v20.8 - https:\/\/yoast.com\/wordpress\/plugins\/seo\/ -->\n<title>Mejoran m\u00e1s de 20 espacios p\u00fablicos con Faenas Comunitarias del SEDIF - The Puebla Times<\/title>\n<meta name=\"robots\" content=\"index, follow, max-snippet:-1, max-image-preview:large, max-video-preview:-1\" \/>\n<link rel=\"canonical\" href=\"https:\/\/thepueblatimes.mx\/index.php\/2025\/03\/31\/mejoran-mas-de-20-espacios-publicos-con-faenas-comunitarias-del-sedif\/\" \/>\n<meta property=\"og:locale\" content=\"es_ES\" \/>\n<meta property=\"og:type\" content=\"article\" \/>\n<meta property=\"og:title\" content=\"Mejoran m\u00e1s de 20 espacios p\u00fablicos con Faenas Comunitarias del SEDIF - The Puebla Times\" \/>\n<meta property=\"og:description\" content=\"* Con el respaldo del gobernador Alejandro Armenta, se realizaron faenas comunitarias en diversos espacios. CIUDAD DE PUEBLA, Pue. &#8211; Bajo la visi\u00f3n humanista del Gobierno del Estado de Puebla, encabezado por Alejandro Armenta, el Sistema Estatal DIF (SEDIF) replica exitosamente esta perspectiva mediante la participaci\u00f3n conjunta de autoridades, personal institucional y ciudadan\u00eda en general,...\" \/>\n<meta property=\"og:url\" content=\"https:\/\/thepueblatimes.mx\/index.php\/2025\/03\/31\/mejoran-mas-de-20-espacios-publicos-con-faenas-comunitarias-del-sedif\/\" \/>\n<meta property=\"og:site_name\" content=\"The Puebla Times\" \/>\n<meta property=\"article:published_time\" content=\"2025-03-31T22:28:49+00:00\" \/>\n<meta property=\"og:image\" content=\"https:\/\/thepueblatimes.mx\/wp-content\/uploads\/2025\/03\/WhatsApp-Image-2025-03-31-at-16.05.48-2.jpeg\" \/>\n\t<meta property=\"og:image:width\" content=\"1280\" \/>\n\t<meta property=\"og:image:height\" content=\"927\" \/>\n\t<meta property=\"og:image:type\" content=\"image\/jpeg\" \/>\n<meta name=\"author\" content=\"Sa\u00fal Hern\u00e1ndez\" \/>\n<meta name=\"twitter:card\" content=\"summary_large_image\" \/>\n<meta name=\"twitter:label1\" content=\"Escrito por\" \/>\n\t<meta name=\"twitter:data1\" content=\"Sa\u00fal Hern\u00e1ndez\" \/>\n\t<meta name=\"twitter:label2\" content=\"Tiempo de lectura\" \/>\n\t<meta name=\"twitter:data2\" content=\"2 minutos\" \/>\n<script type=\"application\/ld+json\" class=\"yoast-schema-graph\">{\"@context\":\"https:\/\/schema.org\",\"@graph\":[{\"@type\":\"WebPage\",\"@id\":\"https:\/\/thepueblatimes.mx\/index.php\/2025\/03\/31\/mejoran-mas-de-20-espacios-publicos-con-faenas-comunitarias-del-sedif\/\",\"url\":\"https:\/\/thepueblatimes.mx\/index.php\/2025\/03\/31\/mejoran-mas-de-20-espacios-publicos-con-faenas-comunitarias-del-sedif\/\",\"name\":\"Mejoran m\u00e1s de 20 espacios p\u00fablicos con Faenas Comunitarias del SEDIF - The Puebla Times\",\"isPartOf\":{\"@id\":\"https:\/\/thepueblatimes.mx\/#website\"},\"datePublished\":\"2025-03-31T22:28:49+00:00\",\"dateModified\":\"2025-03-31T22:28:49+00:00\",\"author\":{\"@id\":\"https:\/\/thepueblatimes.mx\/#\/schema\/person\/1664894c2f65ce2c7a08d8f5f905c13c\"},\"breadcrumb\":{\"@id\":\"https:\/\/thepueblatimes.mx\/index.php\/2025\/03\/31\/mejoran-mas-de-20-espacios-publicos-con-faenas-comunitarias-del-sedif\/#breadcrumb\"},\"inLanguage\":\"es\",\"potentialAction\":[{\"@type\":\"ReadAction\",\"target\":[\"https:\/\/thepueblatimes.mx\/index.php\/2025\/03\/31\/mejoran-mas-de-20-espacios-publicos-con-faenas-comunitarias-del-sedif\/\"]}]},{\"@type\":\"BreadcrumbList\",\"@id\":\"https:\/\/thepueblatimes.mx\/index.php\/2025\/03\/31\/mejoran-mas-de-20-espacios-publicos-con-faenas-comunitarias-del-sedif\/#breadcrumb\",\"itemListElement\":[{\"@type\":\"ListItem\",\"position\":1,\"name\":\"Portada\",\"item\":\"https:\/\/thepueblatimes.mx\/\"},{\"@type\":\"ListItem\",\"position\":2,\"name\":\"Mejoran m\u00e1s de 20 espacios p\u00fablicos con Faenas Comunitarias del SEDIF\"}]},{\"@type\":\"WebSite\",\"@id\":\"https:\/\/thepueblatimes.mx\/#website\",\"url\":\"https:\/\/thepueblatimes.mx\/\",\"name\":\"The Puebla Times\",\"description\":\"Noticias del Estado de Puebla\",\"potentialAction\":[{\"@type\":\"SearchAction\",\"target\":{\"@type\":\"EntryPoint\",\"urlTemplate\":\"https:\/\/thepueblatimes.mx\/?s={search_term_string}\"},\"query-input\":\"required name=search_term_string\"}],\"inLanguage\":\"es\"},{\"@type\":\"Person\",\"@id\":\"https:\/\/thepueblatimes.mx\/#\/schema\/person\/1664894c2f65ce2c7a08d8f5f905c13c\",\"name\":\"Sa\u00fal Hern\u00e1ndez\",\"image\":{\"@type\":\"ImageObject\",\"inLanguage\":\"es\",\"@id\":\"https:\/\/thepueblatimes.mx\/#\/schema\/person\/image\/\",\"url\":\"https:\/\/secure.gravatar.com\/avatar\/11be338693f243309532caad8f10c930?s=96&d=mm&r=g\",\"contentUrl\":\"https:\/\/secure.gravatar.com\/avatar\/11be338693f243309532caad8f10c930?s=96&d=mm&r=g\",\"caption\":\"Sa\u00fal Hern\u00e1ndez\"},\"url\":\"https:\/\/thepueblatimes.mx\/index.php\/author\/saulhernandez\/\"}]}<\/script>\n<!-- \/ Yoast SEO plugin. -->","yoast_head_json":{"title":"Mejoran m\u00e1s de 20 espacios p\u00fablicos con Faenas Comunitarias del SEDIF - The Puebla Times","robots":{"index":"index","follow":"follow","max-snippet":"max-snippet:-1","max-image-preview":"max-image-preview:large","max-video-preview":"max-video-preview:-1"},"canonical":"https:\/\/thepueblatimes.mx\/index.php\/2025\/03\/31\/mejoran-mas-de-20-espacios-publicos-con-faenas-comunitarias-del-sedif\/","og_locale":"es_ES","og_type":"article","og_title":"Mejoran m\u00e1s de 20 espacios p\u00fablicos con Faenas Comunitarias del SEDIF - The Puebla Times","og_description":"* Con el respaldo del gobernador Alejandro Armenta, se realizaron faenas comunitarias en diversos espacios. CIUDAD DE PUEBLA, Pue. &#8211; Bajo la visi\u00f3n humanista del Gobierno del Estado de Puebla, encabezado por Alejandro Armenta, el Sistema Estatal DIF (SEDIF) replica exitosamente esta perspectiva mediante la participaci\u00f3n conjunta de autoridades, personal institucional y ciudadan\u00eda en general,...","og_url":"https:\/\/thepueblatimes.mx\/index.php\/2025\/03\/31\/mejoran-mas-de-20-espacios-publicos-con-faenas-comunitarias-del-sedif\/","og_site_name":"The Puebla Times","article_published_time":"2025-03-31T22:28:49+00:00","og_image":[{"width":1280,"height":927,"url":"https:\/\/thepueblatimes.mx\/wp-content\/uploads\/2025\/03\/WhatsApp-Image-2025-03-31-at-16.05.48-2.jpeg","type":"image\/jpeg"}],"author":"Sa\u00fal Hern\u00e1ndez","twitter_card":"summary_large_image","twitter_misc":{"Escrito por":"Sa\u00fal Hern\u00e1ndez","Tiempo de lectura":"2 minutos"},"schema":{"@context":"https:\/\/schema.org","@graph":[{"@type":"WebPage","@id":"https:\/\/thepueblatimes.mx\/index.php\/2025\/03\/31\/mejoran-mas-de-20-espacios-publicos-con-faenas-comunitarias-del-sedif\/","url":"https:\/\/thepueblatimes.mx\/index.php\/2025\/03\/31\/mejoran-mas-de-20-espacios-publicos-con-faenas-comunitarias-del-sedif\/","name":"Mejoran m\u00e1s de 20 espacios p\u00fablicos con Faenas Comunitarias del SEDIF - The Puebla Times","isPartOf":{"@id":"https:\/\/thepueblatimes.mx\/#website"},"datePublished":"2025-03-31T22:28:49+00:00","dateModified":"2025-03-31T22:28:49+00:00","author":{"@id":"https:\/\/thepueblatimes.mx\/#\/schema\/person\/1664894c2f65ce2c7a08d8f5f905c13c"},"breadcrumb":{"@id":"https:\/\/thepueblatimes.mx\/index.php\/2025\/03\/31\/mejoran-mas-de-20-espacios-publicos-con-faenas-comunitarias-del-sedif\/#breadcrumb"},"inLanguage":"es","potentialAction":[{"@type":"ReadAction","target":["https:\/\/thepueblatimes.mx\/index.php\/2025\/03\/31\/mejoran-mas-de-20-espacios-publicos-con-faenas-comunitarias-del-sedif\/"]}]},{"@type":"BreadcrumbList","@id":"https:\/\/thepueblatimes.mx\/index.php\/2025\/03\/31\/mejoran-mas-de-20-espacios-publicos-con-faenas-comunitarias-del-sedif\/#breadcrumb","itemListElement":[{"@type":"ListItem","position":1,"name":"Portada","item":"https:\/\/thepueblatimes.mx\/"},{"@type":"ListItem","position":2,"name":"Mejoran m\u00e1s de 20 espacios p\u00fablicos con Faenas Comunitarias del SEDIF"}]},{"@type":"WebSite","@id":"https:\/\/thepueblatimes.mx\/#website","url":"https:\/\/thepueblatimes.mx\/","name":"The Puebla Times","description":"Noticias del Estado de Puebla","potentialAction":[{"@type":"SearchAction","target":{"@type":"EntryPoint","urlTemplate":"https:\/\/thepueblatimes.mx\/?s={search_term_string}"},"query-input":"required name=search_term_string"}],"inLanguage":"es"},{"@type":"Person","@id":"https:\/\/thepueblatimes.mx\/#\/schema\/person\/1664894c2f65ce2c7a08d8f5f905c13c","name":"Sa\u00fal Hern\u00e1ndez","image":{"@type":"ImageObject","inLanguage":"es","@id":"https:\/\/thepueblatimes.mx\/#\/schema\/person\/image\/","url":"https:\/\/secure.gravatar.com\/avatar\/11be338693f243309532caad8f10c930?s=96&d=mm&r=g","contentUrl":"https:\/\/secure.gravatar.com\/avatar\/11be338693f243309532caad8f10c930?s=96&d=mm&r=g","caption":"Sa\u00fal Hern\u00e1ndez"},"url":"https:\/\/thepueblatimes.mx\/index.php\/author\/saulhernandez\/"}]}},"jetpack_featured_media_url":"https:\/\/thepueblatimes.mx\/wp-content\/uploads\/2025\/03\/WhatsApp-Image-2025-03-31-at-16.05.48-2.jpeg","_links":{"self":[{"href":"https:\/\/thepueblatimes.mx\/index.php\/wp-json\/wp\/v2\/posts\/28743"}],"collection":[{"href":"https:\/\/thepueblatimes.mx\/index.php\/wp-json\/wp\/v2\/posts"}],"about":[{"href":"https:\/\/thepueblatimes.mx\/index.php\/wp-json\/wp\/v2\/types\/post"}],"author":[{"embeddable":true,"href":"https:\/\/thepueblatimes.mx\/index.php\/wp-json\/wp\/v2\/users\/16"}],"replies":[{"embeddable":true,"href":"https:\/\/thepueblatimes.mx\/index.php\/wp-json\/wp\/v2\/comments?post=28743"}],"version-history":[{"count":1,"href":"https:\/\/thepueblatimes.mx\/index.php\/wp-json\/wp\/v2\/posts\/28743\/revisions"}],"predecessor-version":[{"id":28745,"href":"https:\/\/thepueblatimes.mx\/index.php\/wp-json\/wp\/v2\/posts\/28743\/revisions\/28745"}],"wp:featuredmedia":[{"embeddable":true,"href":"https:\/\/thepueblatimes.mx\/index.php\/wp-json\/wp\/v2\/media\/28744"}],"wp:attachment":[{"href":"https:\/\/thepueblatimes.mx\/index.php\/wp-json\/wp\/v2\/media?parent=28743"}],"wp:term":[{"taxonomy":"category","embeddable":true,"href":"https:\/\/thepueblatimes.mx\/index.php\/wp-json\/wp\/v2\/categories?post=28743"},{"taxonomy":"post_tag","embeddable":true,"href":"https:\/\/thepueblatimes.mx\/index.php\/wp-json\/wp\/v2\/tags?post=28743"}],"curies":[{"name":"wp","href":"https:\/\/api.w.org\/{rel}","templated":true}]}}