{"id":28737,"date":"2025-03-31T11:36:00","date_gmt":"2025-03-31T17:36:00","guid":{"rendered":"https:\/\/thepueblatimes.mx\/?p=28737"},"modified":"2025-03-31T11:36:00","modified_gmt":"2025-03-31T17:36:00","slug":"rebelion-de-panistas-contra-mario-riestra","status":"publish","type":"post","link":"https:\/\/thepueblatimes.mx\/index.php\/2025\/03\/31\/rebelion-de-panistas-contra-mario-riestra\/","title":{"rendered":"Rebeli\u00f3n de panistas contra Mario Riestra"},"content":{"rendered":"<p>POR FRED ESTRADA<\/p>\n<p>Guadalupe Arrubarrena Garc\u00eda y Oswaldo Jim\u00e9nez L\u00f3pez acusaron a Mario Riestra, de no ser incluyente como lo mencion\u00f3, lo que pudo causar que el partido se proclamara como la tercera fuerza pol\u00edtica en la elecci\u00f3n extraordinaria.<\/p>\n<p>Arrubarrena anticip\u00f3 que en la sesi\u00f3n del Consejo Estatal le pedir\u00e1 una explicaci\u00f3n al l\u00edder panista sobre los motivos por los cuales las votaciones en diversos municipios se redujeron.<\/p>\n<p>Dijo que Riestra debe explicar por qu\u00e9 en Chignahuapan el excandidato panista, Mario Olvera decidi\u00f3 declinar a favor del excandidato de Morena, Juan Rivera Trejo, lo que les cost\u00f3 que fueran considerados como aliados del partido oficialista.<\/p>\n<p>Oswaldo Jim\u00e9nez acus\u00f3 que el dirigente no es congruente con lo que dice, pues no ha generado unidad al excluir de las decisiones a miembros del PAN que no son cercanos a \u00e9l.<\/p>\n<p>Consider\u00f3 que, en consecuencia, debe modificar sus acciones, ya que son pr\u00e1cticas que critic\u00f3 antes de llegar a tomar control de la dirigencia estatal, lo cual, dijo, dio p\u00e9simos resultados electorales.<\/p>\n","protected":false},"excerpt":{"rendered":"<p>POR FRED ESTRADA Guadalupe Arrubarrena Garc\u00eda y Oswaldo Jim\u00e9nez L\u00f3pez acusaron a Mario Riestra, de no ser incluyente como lo mencion\u00f3, lo que pudo causar que el partido se proclamara como la tercera fuerza pol\u00edtica en la elecci\u00f3n extraordinaria. Arrubarrena anticip\u00f3 que en la sesi\u00f3n del Consejo Estatal le pedir\u00e1 una explicaci\u00f3n al l\u00edder panista&#8230;<\/p>\n","protected":false},"author":16,"featured_media":28738,"comment_status":"closed","ping_status":"closed","sticky":false,"template":"","format":"standard","meta":[],"categories":[3],"tags":[1721,2718,1303,3432],"yoast_head":"<!-- This site is optimized with the Yoast SEO plugin v20.8 - https:\/\/yoast.com\/wordpress\/plugins\/seo\/ -->\n<title>Rebeli\u00f3n de panistas contra Mario Riestra - The Puebla Times<\/title>\n<meta name=\"robots\" content=\"index, follow, max-snippet:-1, max-image-preview:large, max-video-preview:-1\" \/>\n<link rel=\"canonical\" href=\"https:\/\/thepueblatimes.mx\/index.php\/2025\/03\/31\/rebelion-de-panistas-contra-mario-riestra\/\" \/>\n<meta property=\"og:locale\" content=\"es_ES\" \/>\n<meta property=\"og:type\" content=\"article\" \/>\n<meta property=\"og:title\" content=\"Rebeli\u00f3n de panistas contra Mario Riestra - The Puebla Times\" \/>\n<meta property=\"og:description\" content=\"POR FRED ESTRADA Guadalupe Arrubarrena Garc\u00eda y Oswaldo Jim\u00e9nez L\u00f3pez acusaron a Mario Riestra, de no ser incluyente como lo mencion\u00f3, lo que pudo causar que el partido se proclamara como la tercera fuerza pol\u00edtica en la elecci\u00f3n extraordinaria. Arrubarrena anticip\u00f3 que en la sesi\u00f3n del Consejo Estatal le pedir\u00e1 una explicaci\u00f3n al l\u00edder panista...\" \/>\n<meta property=\"og:url\" content=\"https:\/\/thepueblatimes.mx\/index.php\/2025\/03\/31\/rebelion-de-panistas-contra-mario-riestra\/\" \/>\n<meta property=\"og:site_name\" content=\"The Puebla Times\" \/>\n<meta property=\"article:published_time\" content=\"2025-03-31T17:36:00+00:00\" \/>\n<meta property=\"og:image\" content=\"https:\/\/thepueblatimes.mx\/wp-content\/uploads\/2025\/03\/mario-riestra-sobre-expulsion-de-panistas.jpg\" \/>\n\t<meta property=\"og:image:width\" content=\"1200\" \/>\n\t<meta property=\"og:image:height\" content=\"800\" \/>\n\t<meta property=\"og:image:type\" content=\"image\/jpeg\" \/>\n<meta name=\"author\" content=\"Sa\u00fal Hern\u00e1ndez\" \/>\n<meta name=\"twitter:card\" content=\"summary_large_image\" \/>\n<meta name=\"twitter:label1\" content=\"Escrito por\" \/>\n\t<meta name=\"twitter:data1\" content=\"Sa\u00fal Hern\u00e1ndez\" \/>\n\t<meta name=\"twitter:label2\" content=\"Tiempo de lectura\" \/>\n\t<meta name=\"twitter:data2\" content=\"1 minuto\" \/>\n<script type=\"application\/ld+json\" class=\"yoast-schema-graph\">{\"@context\":\"https:\/\/schema.org\",\"@graph\":[{\"@type\":\"WebPage\",\"@id\":\"https:\/\/thepueblatimes.mx\/index.php\/2025\/03\/31\/rebelion-de-panistas-contra-mario-riestra\/\",\"url\":\"https:\/\/thepueblatimes.mx\/index.php\/2025\/03\/31\/rebelion-de-panistas-contra-mario-riestra\/\",\"name\":\"Rebeli\u00f3n de panistas contra Mario Riestra - The Puebla Times\",\"isPartOf\":{\"@id\":\"https:\/\/thepueblatimes.mx\/#website\"},\"datePublished\":\"2025-03-31T17:36:00+00:00\",\"dateModified\":\"2025-03-31T17:36:00+00:00\",\"author\":{\"@id\":\"https:\/\/thepueblatimes.mx\/#\/schema\/person\/1664894c2f65ce2c7a08d8f5f905c13c\"},\"breadcrumb\":{\"@id\":\"https:\/\/thepueblatimes.mx\/index.php\/2025\/03\/31\/rebelion-de-panistas-contra-mario-riestra\/#breadcrumb\"},\"inLanguage\":\"es\",\"potentialAction\":[{\"@type\":\"ReadAction\",\"target\":[\"https:\/\/thepueblatimes.mx\/index.php\/2025\/03\/31\/rebelion-de-panistas-contra-mario-riestra\/\"]}]},{\"@type\":\"BreadcrumbList\",\"@id\":\"https:\/\/thepueblatimes.mx\/index.php\/2025\/03\/31\/rebelion-de-panistas-contra-mario-riestra\/#breadcrumb\",\"itemListElement\":[{\"@type\":\"ListItem\",\"position\":1,\"name\":\"Portada\",\"item\":\"https:\/\/thepueblatimes.mx\/\"},{\"@type\":\"ListItem\",\"position\":2,\"name\":\"Rebeli\u00f3n de panistas contra Mario Riestra\"}]},{\"@type\":\"WebSite\",\"@id\":\"https:\/\/thepueblatimes.mx\/#website\",\"url\":\"https:\/\/thepueblatimes.mx\/\",\"name\":\"The Puebla Times\",\"description\":\"Noticias del Estado de Puebla\",\"potentialAction\":[{\"@type\":\"SearchAction\",\"target\":{\"@type\":\"EntryPoint\",\"urlTemplate\":\"https:\/\/thepueblatimes.mx\/?s={search_term_string}\"},\"query-input\":\"required name=search_term_string\"}],\"inLanguage\":\"es\"},{\"@type\":\"Person\",\"@id\":\"https:\/\/thepueblatimes.mx\/#\/schema\/person\/1664894c2f65ce2c7a08d8f5f905c13c\",\"name\":\"Sa\u00fal Hern\u00e1ndez\",\"image\":{\"@type\":\"ImageObject\",\"inLanguage\":\"es\",\"@id\":\"https:\/\/thepueblatimes.mx\/#\/schema\/person\/image\/\",\"url\":\"https:\/\/secure.gravatar.com\/avatar\/11be338693f243309532caad8f10c930?s=96&d=mm&r=g\",\"contentUrl\":\"https:\/\/secure.gravatar.com\/avatar\/11be338693f243309532caad8f10c930?s=96&d=mm&r=g\",\"caption\":\"Sa\u00fal Hern\u00e1ndez\"},\"url\":\"https:\/\/thepueblatimes.mx\/index.php\/author\/saulhernandez\/\"}]}<\/script>\n<!-- \/ Yoast SEO plugin. -->","yoast_head_json":{"title":"Rebeli\u00f3n de panistas contra Mario Riestra - The Puebla Times","robots":{"index":"index","follow":"follow","max-snippet":"max-snippet:-1","max-image-preview":"max-image-preview:large","max-video-preview":"max-video-preview:-1"},"canonical":"https:\/\/thepueblatimes.mx\/index.php\/2025\/03\/31\/rebelion-de-panistas-contra-mario-riestra\/","og_locale":"es_ES","og_type":"article","og_title":"Rebeli\u00f3n de panistas contra Mario Riestra - The Puebla Times","og_description":"POR FRED ESTRADA Guadalupe Arrubarrena Garc\u00eda y Oswaldo Jim\u00e9nez L\u00f3pez acusaron a Mario Riestra, de no ser incluyente como lo mencion\u00f3, lo que pudo causar que el partido se proclamara como la tercera fuerza pol\u00edtica en la elecci\u00f3n extraordinaria. Arrubarrena anticip\u00f3 que en la sesi\u00f3n del Consejo Estatal le pedir\u00e1 una explicaci\u00f3n al l\u00edder panista...","og_url":"https:\/\/thepueblatimes.mx\/index.php\/2025\/03\/31\/rebelion-de-panistas-contra-mario-riestra\/","og_site_name":"The Puebla Times","article_published_time":"2025-03-31T17:36:00+00:00","og_image":[{"width":1200,"height":800,"url":"https:\/\/thepueblatimes.mx\/wp-content\/uploads\/2025\/03\/mario-riestra-sobre-expulsion-de-panistas.jpg","type":"image\/jpeg"}],"author":"Sa\u00fal Hern\u00e1ndez","twitter_card":"summary_large_image","twitter_misc":{"Escrito por":"Sa\u00fal Hern\u00e1ndez","Tiempo de lectura":"1 minuto"},"schema":{"@context":"https:\/\/schema.org","@graph":[{"@type":"WebPage","@id":"https:\/\/thepueblatimes.mx\/index.php\/2025\/03\/31\/rebelion-de-panistas-contra-mario-riestra\/","url":"https:\/\/thepueblatimes.mx\/index.php\/2025\/03\/31\/rebelion-de-panistas-contra-mario-riestra\/","name":"Rebeli\u00f3n de panistas contra Mario Riestra - The Puebla Times","isPartOf":{"@id":"https:\/\/thepueblatimes.mx\/#website"},"datePublished":"2025-03-31T17:36:00+00:00","dateModified":"2025-03-31T17:36:00+00:00","author":{"@id":"https:\/\/thepueblatimes.mx\/#\/schema\/person\/1664894c2f65ce2c7a08d8f5f905c13c"},"breadcrumb":{"@id":"https:\/\/thepueblatimes.mx\/index.php\/2025\/03\/31\/rebelion-de-panistas-contra-mario-riestra\/#breadcrumb"},"inLanguage":"es","potentialAction":[{"@type":"ReadAction","target":["https:\/\/thepueblatimes.mx\/index.php\/2025\/03\/31\/rebelion-de-panistas-contra-mario-riestra\/"]}]},{"@type":"BreadcrumbList","@id":"https:\/\/thepueblatimes.mx\/index.php\/2025\/03\/31\/rebelion-de-panistas-contra-mario-riestra\/#breadcrumb","itemListElement":[{"@type":"ListItem","position":1,"name":"Portada","item":"https:\/\/thepueblatimes.mx\/"},{"@type":"ListItem","position":2,"name":"Rebeli\u00f3n de panistas contra Mario Riestra"}]},{"@type":"WebSite","@id":"https:\/\/thepueblatimes.mx\/#website","url":"https:\/\/thepueblatimes.mx\/","name":"The Puebla Times","description":"Noticias del Estado de Puebla","potentialAction":[{"@type":"SearchAction","target":{"@type":"EntryPoint","urlTemplate":"https:\/\/thepueblatimes.mx\/?s={search_term_string}"},"query-input":"required name=search_term_string"}],"inLanguage":"es"},{"@type":"Person","@id":"https:\/\/thepueblatimes.mx\/#\/schema\/person\/1664894c2f65ce2c7a08d8f5f905c13c","name":"Sa\u00fal Hern\u00e1ndez","image":{"@type":"ImageObject","inLanguage":"es","@id":"https:\/\/thepueblatimes.mx\/#\/schema\/person\/image\/","url":"https:\/\/secure.gravatar.com\/avatar\/11be338693f243309532caad8f10c930?s=96&d=mm&r=g","contentUrl":"https:\/\/secure.gravatar.com\/avatar\/11be338693f243309532caad8f10c930?s=96&d=mm&r=g","caption":"Sa\u00fal Hern\u00e1ndez"},"url":"https:\/\/thepueblatimes.mx\/index.php\/author\/saulhernandez\/"}]}},"jetpack_featured_media_url":"https:\/\/thepueblatimes.mx\/wp-content\/uploads\/2025\/03\/mario-riestra-sobre-expulsion-de-panistas.jpg","_links":{"self":[{"href":"https:\/\/thepueblatimes.mx\/index.php\/wp-json\/wp\/v2\/posts\/28737"}],"collection":[{"href":"https:\/\/thepueblatimes.mx\/index.php\/wp-json\/wp\/v2\/posts"}],"about":[{"href":"https:\/\/thepueblatimes.mx\/index.php\/wp-json\/wp\/v2\/types\/post"}],"author":[{"embeddable":true,"href":"https:\/\/thepueblatimes.mx\/index.php\/wp-json\/wp\/v2\/users\/16"}],"replies":[{"embeddable":true,"href":"https:\/\/thepueblatimes.mx\/index.php\/wp-json\/wp\/v2\/comments?post=28737"}],"version-history":[{"count":1,"href":"https:\/\/thepueblatimes.mx\/index.php\/wp-json\/wp\/v2\/posts\/28737\/revisions"}],"predecessor-version":[{"id":28739,"href":"https:\/\/thepueblatimes.mx\/index.php\/wp-json\/wp\/v2\/posts\/28737\/revisions\/28739"}],"wp:featuredmedia":[{"embeddable":true,"href":"https:\/\/thepueblatimes.mx\/index.php\/wp-json\/wp\/v2\/media\/28738"}],"wp:attachment":[{"href":"https:\/\/thepueblatimes.mx\/index.php\/wp-json\/wp\/v2\/media?parent=28737"}],"wp:term":[{"taxonomy":"category","embeddable":true,"href":"https:\/\/thepueblatimes.mx\/index.php\/wp-json\/wp\/v2\/categories?post=28737"},{"taxonomy":"post_tag","embeddable":true,"href":"https:\/\/thepueblatimes.mx\/index.php\/wp-json\/wp\/v2\/tags?post=28737"}],"curies":[{"name":"wp","href":"https:\/\/api.w.org\/{rel}","templated":true}]}}