{"id":28727,"date":"2025-03-31T10:06:41","date_gmt":"2025-03-31T16:06:41","guid":{"rendered":"https:\/\/thepueblatimes.mx\/?p=28727"},"modified":"2025-03-31T10:10:47","modified_gmt":"2025-03-31T16:10:47","slug":"omar-munoz-guarda-distancia-de-la-inseguridad-en-cuautlancingo-el-municipio-que-gobierna","status":"publish","type":"post","link":"https:\/\/thepueblatimes.mx\/index.php\/2025\/03\/31\/omar-munoz-guarda-distancia-de-la-inseguridad-en-cuautlancingo-el-municipio-que-gobierna\/","title":{"rendered":"Omar Mu\u00f1oz guarda distancia de la inseguridad en Cuautlancingo"},"content":{"rendered":"<p>POR FRED ESTRADA<\/p>\n<p>Pese a la implementaci\u00f3n de guardias comunitarias y diversas expresiones de inconformidad, por ejemplo, en la colonia Nueva Alemania, en la junta auxiliar Sanctorum, el edil de Cuautlancingo opta por guardar distancia de la problem\u00e1tica en lugar de dar un paso al frente para atender los reclamos sociales.<\/p>\n<p>En los hechos, los datos y acontecimientos ligados a la delincuencia en diversos casos que ponen en riesgo la seguridad de los residentes de Cuautlancingo, son p\u00fablicos y no pueden ser ignorados.<\/p>\n<p>Ahora, residentes de la colonia Nueva Alemania, manifestaron su inconformidad ante la falta de apoyo, para enfrentar la inseguridad.<br \/>\nEn primera instancia, se\u00f1alan que el presidente de la junta auxiliar, Javier Camacho, \u00fanicamente les proporcion\u00f3 silbatos para alertar sobre robos, argumentando que no cuentan con suficientes patrullas ni polic\u00edas.<\/p>\n<p>En tanto que la autoridad municipal, ha sido omisa.<\/p>\n<p>El presidente auxiliar inform\u00f3 a los colonos que, debido a la limitada capacidad operativa de la junta auxiliar, perteneciente a Cuautlancingo, no era posible brindar mayor apoyo.<\/p>\n<p>Los residentes han pedido mayor presencia policial y patrullajes, pero la autoridad municipal solo ha brindado presencia espor\u00e1dica y superficial.<\/p>\n<p>Ante la situaci\u00f3n, un representante del Ayuntamiento de Cuautlancingo no identificado plenamente, inform\u00f3 que el presidente municipal se comprometi\u00f3 a visitar la colonia en los pr\u00f3ximos d\u00edas para evaluar la situaci\u00f3n y proponer soluciones, pero lo evidente es que, hasta el momento, Omar Mu\u00f1oz prefiere guardar distancia y mirar hacia otro lado, en lugar de atender en lo inmediato de manera directa el evidente reclamo social.<\/p>\n","protected":false},"excerpt":{"rendered":"<p>POR FRED ESTRADA Pese a la implementaci\u00f3n de guardias comunitarias y diversas expresiones de inconformidad, por ejemplo, en la colonia Nueva Alemania, en la junta auxiliar Sanctorum, el edil de Cuautlancingo opta por guardar distancia de la problem\u00e1tica en lugar de dar un paso al frente para atender los reclamos sociales. En los hechos, los&#8230;<\/p>\n","protected":false},"author":16,"featured_media":28730,"comment_status":"closed","ping_status":"closed","sticky":false,"template":"","format":"standard","meta":[],"categories":[11],"tags":[343,260,2541],"yoast_head":"<!-- This site is optimized with the Yoast SEO plugin v20.8 - https:\/\/yoast.com\/wordpress\/plugins\/seo\/ -->\n<title>Omar Mu\u00f1oz guarda distancia de la inseguridad en Cuautlancingo - The Puebla Times<\/title>\n<meta name=\"robots\" content=\"index, follow, max-snippet:-1, max-image-preview:large, max-video-preview:-1\" \/>\n<link rel=\"canonical\" href=\"https:\/\/thepueblatimes.mx\/index.php\/2025\/03\/31\/omar-munoz-guarda-distancia-de-la-inseguridad-en-cuautlancingo-el-municipio-que-gobierna\/\" \/>\n<meta property=\"og:locale\" content=\"es_ES\" \/>\n<meta property=\"og:type\" content=\"article\" \/>\n<meta property=\"og:title\" content=\"Omar Mu\u00f1oz guarda distancia de la inseguridad en Cuautlancingo - The Puebla Times\" \/>\n<meta property=\"og:description\" content=\"POR FRED ESTRADA Pese a la implementaci\u00f3n de guardias comunitarias y diversas expresiones de inconformidad, por ejemplo, en la colonia Nueva Alemania, en la junta auxiliar Sanctorum, el edil de Cuautlancingo opta por guardar distancia de la problem\u00e1tica en lugar de dar un paso al frente para atender los reclamos sociales. En los hechos, los...\" \/>\n<meta property=\"og:url\" content=\"https:\/\/thepueblatimes.mx\/index.php\/2025\/03\/31\/omar-munoz-guarda-distancia-de-la-inseguridad-en-cuautlancingo-el-municipio-que-gobierna\/\" \/>\n<meta property=\"og:site_name\" content=\"The Puebla Times\" \/>\n<meta property=\"article:published_time\" content=\"2025-03-31T16:06:41+00:00\" \/>\n<meta property=\"article:modified_time\" content=\"2025-03-31T16:10:47+00:00\" \/>\n<meta property=\"og:image\" content=\"https:\/\/thepueblatimes.mx\/wp-content\/uploads\/2025\/03\/omar_cuautlancingo-640x470-1.jpg\" \/>\n\t<meta property=\"og:image:width\" content=\"640\" \/>\n\t<meta property=\"og:image:height\" content=\"470\" \/>\n\t<meta property=\"og:image:type\" content=\"image\/jpeg\" \/>\n<meta name=\"author\" content=\"Sa\u00fal Hern\u00e1ndez\" \/>\n<meta name=\"twitter:card\" content=\"summary_large_image\" \/>\n<meta name=\"twitter:label1\" content=\"Escrito por\" \/>\n\t<meta name=\"twitter:data1\" content=\"Sa\u00fal Hern\u00e1ndez\" \/>\n\t<meta name=\"twitter:label2\" content=\"Tiempo de lectura\" \/>\n\t<meta name=\"twitter:data2\" content=\"2 minutos\" \/>\n<script type=\"application\/ld+json\" class=\"yoast-schema-graph\">{\"@context\":\"https:\/\/schema.org\",\"@graph\":[{\"@type\":\"WebPage\",\"@id\":\"https:\/\/thepueblatimes.mx\/index.php\/2025\/03\/31\/omar-munoz-guarda-distancia-de-la-inseguridad-en-cuautlancingo-el-municipio-que-gobierna\/\",\"url\":\"https:\/\/thepueblatimes.mx\/index.php\/2025\/03\/31\/omar-munoz-guarda-distancia-de-la-inseguridad-en-cuautlancingo-el-municipio-que-gobierna\/\",\"name\":\"Omar Mu\u00f1oz guarda distancia de la inseguridad en Cuautlancingo - The Puebla Times\",\"isPartOf\":{\"@id\":\"https:\/\/thepueblatimes.mx\/#website\"},\"datePublished\":\"2025-03-31T16:06:41+00:00\",\"dateModified\":\"2025-03-31T16:10:47+00:00\",\"author\":{\"@id\":\"https:\/\/thepueblatimes.mx\/#\/schema\/person\/1664894c2f65ce2c7a08d8f5f905c13c\"},\"breadcrumb\":{\"@id\":\"https:\/\/thepueblatimes.mx\/index.php\/2025\/03\/31\/omar-munoz-guarda-distancia-de-la-inseguridad-en-cuautlancingo-el-municipio-que-gobierna\/#breadcrumb\"},\"inLanguage\":\"es\",\"potentialAction\":[{\"@type\":\"ReadAction\",\"target\":[\"https:\/\/thepueblatimes.mx\/index.php\/2025\/03\/31\/omar-munoz-guarda-distancia-de-la-inseguridad-en-cuautlancingo-el-municipio-que-gobierna\/\"]}]},{\"@type\":\"BreadcrumbList\",\"@id\":\"https:\/\/thepueblatimes.mx\/index.php\/2025\/03\/31\/omar-munoz-guarda-distancia-de-la-inseguridad-en-cuautlancingo-el-municipio-que-gobierna\/#breadcrumb\",\"itemListElement\":[{\"@type\":\"ListItem\",\"position\":1,\"name\":\"Portada\",\"item\":\"https:\/\/thepueblatimes.mx\/\"},{\"@type\":\"ListItem\",\"position\":2,\"name\":\"Omar Mu\u00f1oz guarda distancia de la inseguridad en Cuautlancingo\"}]},{\"@type\":\"WebSite\",\"@id\":\"https:\/\/thepueblatimes.mx\/#website\",\"url\":\"https:\/\/thepueblatimes.mx\/\",\"name\":\"The Puebla Times\",\"description\":\"Noticias del Estado de Puebla\",\"potentialAction\":[{\"@type\":\"SearchAction\",\"target\":{\"@type\":\"EntryPoint\",\"urlTemplate\":\"https:\/\/thepueblatimes.mx\/?s={search_term_string}\"},\"query-input\":\"required name=search_term_string\"}],\"inLanguage\":\"es\"},{\"@type\":\"Person\",\"@id\":\"https:\/\/thepueblatimes.mx\/#\/schema\/person\/1664894c2f65ce2c7a08d8f5f905c13c\",\"name\":\"Sa\u00fal Hern\u00e1ndez\",\"image\":{\"@type\":\"ImageObject\",\"inLanguage\":\"es\",\"@id\":\"https:\/\/thepueblatimes.mx\/#\/schema\/person\/image\/\",\"url\":\"https:\/\/secure.gravatar.com\/avatar\/11be338693f243309532caad8f10c930?s=96&d=mm&r=g\",\"contentUrl\":\"https:\/\/secure.gravatar.com\/avatar\/11be338693f243309532caad8f10c930?s=96&d=mm&r=g\",\"caption\":\"Sa\u00fal Hern\u00e1ndez\"},\"url\":\"https:\/\/thepueblatimes.mx\/index.php\/author\/saulhernandez\/\"}]}<\/script>\n<!-- \/ Yoast SEO plugin. -->","yoast_head_json":{"title":"Omar Mu\u00f1oz guarda distancia de la inseguridad en Cuautlancingo - The Puebla Times","robots":{"index":"index","follow":"follow","max-snippet":"max-snippet:-1","max-image-preview":"max-image-preview:large","max-video-preview":"max-video-preview:-1"},"canonical":"https:\/\/thepueblatimes.mx\/index.php\/2025\/03\/31\/omar-munoz-guarda-distancia-de-la-inseguridad-en-cuautlancingo-el-municipio-que-gobierna\/","og_locale":"es_ES","og_type":"article","og_title":"Omar Mu\u00f1oz guarda distancia de la inseguridad en Cuautlancingo - The Puebla Times","og_description":"POR FRED ESTRADA Pese a la implementaci\u00f3n de guardias comunitarias y diversas expresiones de inconformidad, por ejemplo, en la colonia Nueva Alemania, en la junta auxiliar Sanctorum, el edil de Cuautlancingo opta por guardar distancia de la problem\u00e1tica en lugar de dar un paso al frente para atender los reclamos sociales. En los hechos, los...","og_url":"https:\/\/thepueblatimes.mx\/index.php\/2025\/03\/31\/omar-munoz-guarda-distancia-de-la-inseguridad-en-cuautlancingo-el-municipio-que-gobierna\/","og_site_name":"The Puebla Times","article_published_time":"2025-03-31T16:06:41+00:00","article_modified_time":"2025-03-31T16:10:47+00:00","og_image":[{"width":640,"height":470,"url":"https:\/\/thepueblatimes.mx\/wp-content\/uploads\/2025\/03\/omar_cuautlancingo-640x470-1.jpg","type":"image\/jpeg"}],"author":"Sa\u00fal Hern\u00e1ndez","twitter_card":"summary_large_image","twitter_misc":{"Escrito por":"Sa\u00fal Hern\u00e1ndez","Tiempo de lectura":"2 minutos"},"schema":{"@context":"https:\/\/schema.org","@graph":[{"@type":"WebPage","@id":"https:\/\/thepueblatimes.mx\/index.php\/2025\/03\/31\/omar-munoz-guarda-distancia-de-la-inseguridad-en-cuautlancingo-el-municipio-que-gobierna\/","url":"https:\/\/thepueblatimes.mx\/index.php\/2025\/03\/31\/omar-munoz-guarda-distancia-de-la-inseguridad-en-cuautlancingo-el-municipio-que-gobierna\/","name":"Omar Mu\u00f1oz guarda distancia de la inseguridad en Cuautlancingo - The Puebla Times","isPartOf":{"@id":"https:\/\/thepueblatimes.mx\/#website"},"datePublished":"2025-03-31T16:06:41+00:00","dateModified":"2025-03-31T16:10:47+00:00","author":{"@id":"https:\/\/thepueblatimes.mx\/#\/schema\/person\/1664894c2f65ce2c7a08d8f5f905c13c"},"breadcrumb":{"@id":"https:\/\/thepueblatimes.mx\/index.php\/2025\/03\/31\/omar-munoz-guarda-distancia-de-la-inseguridad-en-cuautlancingo-el-municipio-que-gobierna\/#breadcrumb"},"inLanguage":"es","potentialAction":[{"@type":"ReadAction","target":["https:\/\/thepueblatimes.mx\/index.php\/2025\/03\/31\/omar-munoz-guarda-distancia-de-la-inseguridad-en-cuautlancingo-el-municipio-que-gobierna\/"]}]},{"@type":"BreadcrumbList","@id":"https:\/\/thepueblatimes.mx\/index.php\/2025\/03\/31\/omar-munoz-guarda-distancia-de-la-inseguridad-en-cuautlancingo-el-municipio-que-gobierna\/#breadcrumb","itemListElement":[{"@type":"ListItem","position":1,"name":"Portada","item":"https:\/\/thepueblatimes.mx\/"},{"@type":"ListItem","position":2,"name":"Omar Mu\u00f1oz guarda distancia de la inseguridad en Cuautlancingo"}]},{"@type":"WebSite","@id":"https:\/\/thepueblatimes.mx\/#website","url":"https:\/\/thepueblatimes.mx\/","name":"The Puebla Times","description":"Noticias del Estado de Puebla","potentialAction":[{"@type":"SearchAction","target":{"@type":"EntryPoint","urlTemplate":"https:\/\/thepueblatimes.mx\/?s={search_term_string}"},"query-input":"required name=search_term_string"}],"inLanguage":"es"},{"@type":"Person","@id":"https:\/\/thepueblatimes.mx\/#\/schema\/person\/1664894c2f65ce2c7a08d8f5f905c13c","name":"Sa\u00fal Hern\u00e1ndez","image":{"@type":"ImageObject","inLanguage":"es","@id":"https:\/\/thepueblatimes.mx\/#\/schema\/person\/image\/","url":"https:\/\/secure.gravatar.com\/avatar\/11be338693f243309532caad8f10c930?s=96&d=mm&r=g","contentUrl":"https:\/\/secure.gravatar.com\/avatar\/11be338693f243309532caad8f10c930?s=96&d=mm&r=g","caption":"Sa\u00fal Hern\u00e1ndez"},"url":"https:\/\/thepueblatimes.mx\/index.php\/author\/saulhernandez\/"}]}},"jetpack_featured_media_url":"https:\/\/thepueblatimes.mx\/wp-content\/uploads\/2025\/03\/omar_cuautlancingo-640x470-1.jpg","_links":{"self":[{"href":"https:\/\/thepueblatimes.mx\/index.php\/wp-json\/wp\/v2\/posts\/28727"}],"collection":[{"href":"https:\/\/thepueblatimes.mx\/index.php\/wp-json\/wp\/v2\/posts"}],"about":[{"href":"https:\/\/thepueblatimes.mx\/index.php\/wp-json\/wp\/v2\/types\/post"}],"author":[{"embeddable":true,"href":"https:\/\/thepueblatimes.mx\/index.php\/wp-json\/wp\/v2\/users\/16"}],"replies":[{"embeddable":true,"href":"https:\/\/thepueblatimes.mx\/index.php\/wp-json\/wp\/v2\/comments?post=28727"}],"version-history":[{"count":2,"href":"https:\/\/thepueblatimes.mx\/index.php\/wp-json\/wp\/v2\/posts\/28727\/revisions"}],"predecessor-version":[{"id":28731,"href":"https:\/\/thepueblatimes.mx\/index.php\/wp-json\/wp\/v2\/posts\/28727\/revisions\/28731"}],"wp:featuredmedia":[{"embeddable":true,"href":"https:\/\/thepueblatimes.mx\/index.php\/wp-json\/wp\/v2\/media\/28730"}],"wp:attachment":[{"href":"https:\/\/thepueblatimes.mx\/index.php\/wp-json\/wp\/v2\/media?parent=28727"}],"wp:term":[{"taxonomy":"category","embeddable":true,"href":"https:\/\/thepueblatimes.mx\/index.php\/wp-json\/wp\/v2\/categories?post=28727"},{"taxonomy":"post_tag","embeddable":true,"href":"https:\/\/thepueblatimes.mx\/index.php\/wp-json\/wp\/v2\/tags?post=28727"}],"curies":[{"name":"wp","href":"https:\/\/api.w.org\/{rel}","templated":true}]}}