{"id":28699,"date":"2025-03-29T10:05:21","date_gmt":"2025-03-29T16:05:21","guid":{"rendered":"https:\/\/thepueblatimes.mx\/?p=28699"},"modified":"2025-03-29T10:05:21","modified_gmt":"2025-03-29T16:05:21","slug":"realiza-congreso-del-estado-foro-migrante-2025","status":"publish","type":"post","link":"https:\/\/thepueblatimes.mx\/index.php\/2025\/03\/29\/realiza-congreso-del-estado-foro-migrante-2025\/","title":{"rendered":"Realiza Congreso del Estado Foro Migrante 2025"},"content":{"rendered":"<h3><em>&#8211; Poder Legislativo refrenda compromiso para robustecer el marco legal y garantizar la protecci\u00f3n y desarrollo de nuestros connacionales<\/em><\/h3>\n<h3><em>\u00a0<\/em><\/h3>\n<h3><em>&#8211; La actividad se llev\u00f3 a cabo en el marco de actividades del A\u00f1o del Bicentenario de la Constituci\u00f3n Pol\u00edtica del Estado Libre y Soberano de Puebla de 1825<\/em><\/h3>\n<p>&nbsp;<\/p>\n<p>&nbsp;<\/p>\n<p>En el Marco de actividades del A\u00f1o del Bicentenario de la Constituci\u00f3n Pol\u00edtica del Estado Libre y Soberano de Puebla de 1825, el Congreso del Estado llev\u00f3 a cabo el Foro Migrante 2025, donde se dieron a conocer los resultados de las mesas de trabajo sobre la figura del Diputado Migrantes, as\u00ed como del desarrollo integral y empresarial de personas migrantes.<\/p>\n<p>&nbsp;<\/p>\n<p>Entre las conclusiones de las mesas de trabajo, el diputado Pavel Gaspar Ram\u00edrez se\u00f1al\u00f3 la importancia de crear un sistema de articulaci\u00f3n comercial que impulse el desarrollo productivo de los migrantes y sus familias.<\/p>\n<p>&nbsp;<\/p>\n<p>Promover una educaci\u00f3n biling\u00fce (ingl\u00e9s-espa\u00f1ol) para ni\u00f1os migrantes en retorno, as\u00ed como dise\u00f1ar material inclusivo que reconozca la identidad binacional. Tambi\u00e9n se mencion\u00f3 que los migrantes no deben verse como deportados, sino como migrantes en retorno que tienen derecho a una vida digna y productiva.<\/p>\n<p>&nbsp;<\/p>\n<p>Durante sus intervenciones, las diputadas Araceli Celestino Rosas, Azucena Rosas Tapia y el legislador Jos\u00e9 Luis Figueroa Cort\u00e9s refrendaron el Compromiso del Congreso del Estado para robustecer el marco legal y garantizar la protecci\u00f3n, el reconocimiento y el desarrollo de nuestros connacionales, que contribuyen con el progreso de la entidad y del pa\u00eds.<\/p>\n<p>&nbsp;<\/p>\n<p>A nombre de los migrantes poblanos, el presidente de Mundo Migrante, Lino Le\u00f3n reconoci\u00f3 la labor de las y los diputados para trabajar de la mano con nuestros connacionales, as\u00ed como en la elaboraci\u00f3n de propuestas legislativas que fortalezcan su participaci\u00f3n en la vida p\u00fablica y econ\u00f3mica de la entidad, que permita que los poblanos que trabajan en el extranjero no solo manden remesas, sino tambi\u00e9n emprendan e inviertan en la entidad.<\/p>\n<p>&nbsp;<\/p>\n<p>En este evento, se cont\u00f3 con la participaci\u00f3n de la urbanista con l\u00ednea de investigaci\u00f3n migrante, Adahin Analco Meza; el director del Instituto de Investigaciones Legislativas, Financieras y Socioecon\u00f3micas del Congreso local, Oscar Emilio Carranza Le\u00f3n; el consultor en Desarrollo Territorial, Jorge Arturo Garc\u00eda Cuautle; as\u00ed como el titular del Instituto Poblano de Asistencia al Migrante, Felipe David Espinoza Rodr\u00edguez.<\/p>\n<p>&nbsp;<\/p>\n<p>De igual manera, estuvo presente el Secretario General del Congreso del Estado, Julio Leopoldo de Lara Valera; la titular del Voluntariado del Congreso del Estado, Minerva Garc\u00eda Ch\u00e1vez, as\u00ed como la titular de Financiera para el Bienestar, Marnne Alba Amaro.<\/p>\n<p>&nbsp;<\/p>\n<p>En el foro tambi\u00e9n se cont\u00f3 con la presencia de las y los presidentes municipales de: Teopantl\u00e1n, Tulcingo de Valle, Acatl\u00e1n de Osorio, Tepemaxalco, Totoltepec de Guerrero, Cohuecan, Atzala, Caxhuacan, Huaquechula y Tzicatlacoyan.<\/p>\n","protected":false},"excerpt":{"rendered":"<p>&#8211; Poder Legislativo refrenda compromiso para robustecer el marco legal y garantizar la protecci\u00f3n y desarrollo de nuestros connacionales \u00a0 &#8211; La actividad se llev\u00f3 a cabo en el marco de actividades del A\u00f1o del Bicentenario de la Constituci\u00f3n Pol\u00edtica del Estado Libre y Soberano de Puebla de 1825 &nbsp; &nbsp; En el Marco de&#8230;<\/p>\n","protected":false},"author":16,"featured_media":28700,"comment_status":"closed","ping_status":"closed","sticky":false,"template":"","format":"standard","meta":[],"categories":[3],"tags":[2323,1480,1271],"yoast_head":"<!-- This site is optimized with the Yoast SEO plugin v20.8 - https:\/\/yoast.com\/wordpress\/plugins\/seo\/ -->\n<title>Realiza Congreso del Estado Foro Migrante 2025 - The Puebla Times<\/title>\n<meta name=\"robots\" content=\"index, follow, max-snippet:-1, max-image-preview:large, max-video-preview:-1\" \/>\n<link rel=\"canonical\" href=\"https:\/\/thepueblatimes.mx\/index.php\/2025\/03\/29\/realiza-congreso-del-estado-foro-migrante-2025\/\" \/>\n<meta property=\"og:locale\" content=\"es_ES\" \/>\n<meta property=\"og:type\" content=\"article\" \/>\n<meta property=\"og:title\" content=\"Realiza Congreso del Estado Foro Migrante 2025 - The Puebla Times\" \/>\n<meta property=\"og:description\" content=\"&#8211; Poder Legislativo refrenda compromiso para robustecer el marco legal y garantizar la protecci\u00f3n y desarrollo de nuestros connacionales \u00a0 &#8211; La actividad se llev\u00f3 a cabo en el marco de actividades del A\u00f1o del Bicentenario de la Constituci\u00f3n Pol\u00edtica del Estado Libre y Soberano de Puebla de 1825 &nbsp; &nbsp; En el Marco de...\" \/>\n<meta property=\"og:url\" content=\"https:\/\/thepueblatimes.mx\/index.php\/2025\/03\/29\/realiza-congreso-del-estado-foro-migrante-2025\/\" \/>\n<meta property=\"og:site_name\" content=\"The Puebla Times\" \/>\n<meta property=\"article:published_time\" content=\"2025-03-29T16:05:21+00:00\" \/>\n<meta property=\"og:image\" content=\"https:\/\/thepueblatimes.mx\/wp-content\/uploads\/2025\/03\/1cce8aa0-4da4-4006-b441-386033cd4754-scaled.jpg\" \/>\n\t<meta property=\"og:image:width\" content=\"2560\" \/>\n\t<meta property=\"og:image:height\" content=\"1706\" \/>\n\t<meta property=\"og:image:type\" content=\"image\/jpeg\" \/>\n<meta name=\"author\" content=\"Sa\u00fal Hern\u00e1ndez\" \/>\n<meta name=\"twitter:card\" content=\"summary_large_image\" \/>\n<meta name=\"twitter:label1\" content=\"Escrito por\" \/>\n\t<meta name=\"twitter:data1\" content=\"Sa\u00fal Hern\u00e1ndez\" \/>\n\t<meta name=\"twitter:label2\" content=\"Tiempo de lectura\" \/>\n\t<meta name=\"twitter:data2\" content=\"3 minutos\" \/>\n<script type=\"application\/ld+json\" class=\"yoast-schema-graph\">{\"@context\":\"https:\/\/schema.org\",\"@graph\":[{\"@type\":\"WebPage\",\"@id\":\"https:\/\/thepueblatimes.mx\/index.php\/2025\/03\/29\/realiza-congreso-del-estado-foro-migrante-2025\/\",\"url\":\"https:\/\/thepueblatimes.mx\/index.php\/2025\/03\/29\/realiza-congreso-del-estado-foro-migrante-2025\/\",\"name\":\"Realiza Congreso del Estado Foro Migrante 2025 - The Puebla Times\",\"isPartOf\":{\"@id\":\"https:\/\/thepueblatimes.mx\/#website\"},\"datePublished\":\"2025-03-29T16:05:21+00:00\",\"dateModified\":\"2025-03-29T16:05:21+00:00\",\"author\":{\"@id\":\"https:\/\/thepueblatimes.mx\/#\/schema\/person\/1664894c2f65ce2c7a08d8f5f905c13c\"},\"breadcrumb\":{\"@id\":\"https:\/\/thepueblatimes.mx\/index.php\/2025\/03\/29\/realiza-congreso-del-estado-foro-migrante-2025\/#breadcrumb\"},\"inLanguage\":\"es\",\"potentialAction\":[{\"@type\":\"ReadAction\",\"target\":[\"https:\/\/thepueblatimes.mx\/index.php\/2025\/03\/29\/realiza-congreso-del-estado-foro-migrante-2025\/\"]}]},{\"@type\":\"BreadcrumbList\",\"@id\":\"https:\/\/thepueblatimes.mx\/index.php\/2025\/03\/29\/realiza-congreso-del-estado-foro-migrante-2025\/#breadcrumb\",\"itemListElement\":[{\"@type\":\"ListItem\",\"position\":1,\"name\":\"Portada\",\"item\":\"https:\/\/thepueblatimes.mx\/\"},{\"@type\":\"ListItem\",\"position\":2,\"name\":\"Realiza Congreso del Estado Foro Migrante 2025\"}]},{\"@type\":\"WebSite\",\"@id\":\"https:\/\/thepueblatimes.mx\/#website\",\"url\":\"https:\/\/thepueblatimes.mx\/\",\"name\":\"The Puebla Times\",\"description\":\"Noticias del Estado de Puebla\",\"potentialAction\":[{\"@type\":\"SearchAction\",\"target\":{\"@type\":\"EntryPoint\",\"urlTemplate\":\"https:\/\/thepueblatimes.mx\/?s={search_term_string}\"},\"query-input\":\"required name=search_term_string\"}],\"inLanguage\":\"es\"},{\"@type\":\"Person\",\"@id\":\"https:\/\/thepueblatimes.mx\/#\/schema\/person\/1664894c2f65ce2c7a08d8f5f905c13c\",\"name\":\"Sa\u00fal Hern\u00e1ndez\",\"image\":{\"@type\":\"ImageObject\",\"inLanguage\":\"es\",\"@id\":\"https:\/\/thepueblatimes.mx\/#\/schema\/person\/image\/\",\"url\":\"https:\/\/secure.gravatar.com\/avatar\/11be338693f243309532caad8f10c930?s=96&d=mm&r=g\",\"contentUrl\":\"https:\/\/secure.gravatar.com\/avatar\/11be338693f243309532caad8f10c930?s=96&d=mm&r=g\",\"caption\":\"Sa\u00fal Hern\u00e1ndez\"},\"url\":\"https:\/\/thepueblatimes.mx\/index.php\/author\/saulhernandez\/\"}]}<\/script>\n<!-- \/ Yoast SEO plugin. -->","yoast_head_json":{"title":"Realiza Congreso del Estado Foro Migrante 2025 - The Puebla Times","robots":{"index":"index","follow":"follow","max-snippet":"max-snippet:-1","max-image-preview":"max-image-preview:large","max-video-preview":"max-video-preview:-1"},"canonical":"https:\/\/thepueblatimes.mx\/index.php\/2025\/03\/29\/realiza-congreso-del-estado-foro-migrante-2025\/","og_locale":"es_ES","og_type":"article","og_title":"Realiza Congreso del Estado Foro Migrante 2025 - The Puebla Times","og_description":"&#8211; Poder Legislativo refrenda compromiso para robustecer el marco legal y garantizar la protecci\u00f3n y desarrollo de nuestros connacionales \u00a0 &#8211; La actividad se llev\u00f3 a cabo en el marco de actividades del A\u00f1o del Bicentenario de la Constituci\u00f3n Pol\u00edtica del Estado Libre y Soberano de Puebla de 1825 &nbsp; &nbsp; En el Marco de...","og_url":"https:\/\/thepueblatimes.mx\/index.php\/2025\/03\/29\/realiza-congreso-del-estado-foro-migrante-2025\/","og_site_name":"The Puebla Times","article_published_time":"2025-03-29T16:05:21+00:00","og_image":[{"width":2560,"height":1706,"url":"https:\/\/thepueblatimes.mx\/wp-content\/uploads\/2025\/03\/1cce8aa0-4da4-4006-b441-386033cd4754-scaled.jpg","type":"image\/jpeg"}],"author":"Sa\u00fal Hern\u00e1ndez","twitter_card":"summary_large_image","twitter_misc":{"Escrito por":"Sa\u00fal Hern\u00e1ndez","Tiempo de lectura":"3 minutos"},"schema":{"@context":"https:\/\/schema.org","@graph":[{"@type":"WebPage","@id":"https:\/\/thepueblatimes.mx\/index.php\/2025\/03\/29\/realiza-congreso-del-estado-foro-migrante-2025\/","url":"https:\/\/thepueblatimes.mx\/index.php\/2025\/03\/29\/realiza-congreso-del-estado-foro-migrante-2025\/","name":"Realiza Congreso del Estado Foro Migrante 2025 - The Puebla Times","isPartOf":{"@id":"https:\/\/thepueblatimes.mx\/#website"},"datePublished":"2025-03-29T16:05:21+00:00","dateModified":"2025-03-29T16:05:21+00:00","author":{"@id":"https:\/\/thepueblatimes.mx\/#\/schema\/person\/1664894c2f65ce2c7a08d8f5f905c13c"},"breadcrumb":{"@id":"https:\/\/thepueblatimes.mx\/index.php\/2025\/03\/29\/realiza-congreso-del-estado-foro-migrante-2025\/#breadcrumb"},"inLanguage":"es","potentialAction":[{"@type":"ReadAction","target":["https:\/\/thepueblatimes.mx\/index.php\/2025\/03\/29\/realiza-congreso-del-estado-foro-migrante-2025\/"]}]},{"@type":"BreadcrumbList","@id":"https:\/\/thepueblatimes.mx\/index.php\/2025\/03\/29\/realiza-congreso-del-estado-foro-migrante-2025\/#breadcrumb","itemListElement":[{"@type":"ListItem","position":1,"name":"Portada","item":"https:\/\/thepueblatimes.mx\/"},{"@type":"ListItem","position":2,"name":"Realiza Congreso del Estado Foro Migrante 2025"}]},{"@type":"WebSite","@id":"https:\/\/thepueblatimes.mx\/#website","url":"https:\/\/thepueblatimes.mx\/","name":"The Puebla Times","description":"Noticias del Estado de Puebla","potentialAction":[{"@type":"SearchAction","target":{"@type":"EntryPoint","urlTemplate":"https:\/\/thepueblatimes.mx\/?s={search_term_string}"},"query-input":"required name=search_term_string"}],"inLanguage":"es"},{"@type":"Person","@id":"https:\/\/thepueblatimes.mx\/#\/schema\/person\/1664894c2f65ce2c7a08d8f5f905c13c","name":"Sa\u00fal Hern\u00e1ndez","image":{"@type":"ImageObject","inLanguage":"es","@id":"https:\/\/thepueblatimes.mx\/#\/schema\/person\/image\/","url":"https:\/\/secure.gravatar.com\/avatar\/11be338693f243309532caad8f10c930?s=96&d=mm&r=g","contentUrl":"https:\/\/secure.gravatar.com\/avatar\/11be338693f243309532caad8f10c930?s=96&d=mm&r=g","caption":"Sa\u00fal Hern\u00e1ndez"},"url":"https:\/\/thepueblatimes.mx\/index.php\/author\/saulhernandez\/"}]}},"jetpack_featured_media_url":"https:\/\/thepueblatimes.mx\/wp-content\/uploads\/2025\/03\/1cce8aa0-4da4-4006-b441-386033cd4754-scaled.jpg","_links":{"self":[{"href":"https:\/\/thepueblatimes.mx\/index.php\/wp-json\/wp\/v2\/posts\/28699"}],"collection":[{"href":"https:\/\/thepueblatimes.mx\/index.php\/wp-json\/wp\/v2\/posts"}],"about":[{"href":"https:\/\/thepueblatimes.mx\/index.php\/wp-json\/wp\/v2\/types\/post"}],"author":[{"embeddable":true,"href":"https:\/\/thepueblatimes.mx\/index.php\/wp-json\/wp\/v2\/users\/16"}],"replies":[{"embeddable":true,"href":"https:\/\/thepueblatimes.mx\/index.php\/wp-json\/wp\/v2\/comments?post=28699"}],"version-history":[{"count":1,"href":"https:\/\/thepueblatimes.mx\/index.php\/wp-json\/wp\/v2\/posts\/28699\/revisions"}],"predecessor-version":[{"id":28701,"href":"https:\/\/thepueblatimes.mx\/index.php\/wp-json\/wp\/v2\/posts\/28699\/revisions\/28701"}],"wp:featuredmedia":[{"embeddable":true,"href":"https:\/\/thepueblatimes.mx\/index.php\/wp-json\/wp\/v2\/media\/28700"}],"wp:attachment":[{"href":"https:\/\/thepueblatimes.mx\/index.php\/wp-json\/wp\/v2\/media?parent=28699"}],"wp:term":[{"taxonomy":"category","embeddable":true,"href":"https:\/\/thepueblatimes.mx\/index.php\/wp-json\/wp\/v2\/categories?post=28699"},{"taxonomy":"post_tag","embeddable":true,"href":"https:\/\/thepueblatimes.mx\/index.php\/wp-json\/wp\/v2\/tags?post=28699"}],"curies":[{"name":"wp","href":"https:\/\/api.w.org\/{rel}","templated":true}]}}