{"id":28696,"date":"2025-03-29T10:00:19","date_gmt":"2025-03-29T16:00:19","guid":{"rendered":"https:\/\/thepueblatimes.mx\/?p=28696"},"modified":"2025-03-29T10:00:19","modified_gmt":"2025-03-29T16:00:19","slug":"ofrece-sedif-servicios-medicos-alimentarios-y-juridicos-en-jornada-ciudadana-por-amor-a-las-familias","status":"publish","type":"post","link":"https:\/\/thepueblatimes.mx\/index.php\/2025\/03\/29\/ofrece-sedif-servicios-medicos-alimentarios-y-juridicos-en-jornada-ciudadana-por-amor-a-las-familias\/","title":{"rendered":"Ofrece SEDIF servicios m\u00e9dicos, alimentarios y jur\u00eddicos en Jornada Ciudadana \u201cPor amor a las familias\u201d"},"content":{"rendered":"<h3><em>&#8211; Brindar atenci\u00f3n oportuna a trav\u00e9s de los programas y facilitar los tr\u00e1mites es una encomienda del gobernador Alejandro Armenta.<\/em><\/h3>\n<p>CIUDAD DE PUEBLA, PUE. El Sistema Estatal DIF llev\u00f3 a cabo una exitosa Jornada Ciudadana con todas las \u00e1reas y departamentos que lo conforman, en donde se ofertaron servicios diversos para 976 ciudadanos beneficiados.<\/p>\n<p>Lo anterior, en respuesta a las peticiones que escucha y recoge la presidenta del patronato del SEDIF, Ceci Arellano, quien acerca diversos servicios gratuitos a la ciudadan\u00eda con personal especializado y empresas interesadas en participar.<\/p>\n<p>Para el SEDIF es una gran oportunidad ayudar a las personas que requieren pruebas gratuitas de odontolog\u00eda, nutrici\u00f3n, m\u00e9dico familiar, estancias de d\u00eda, credencializaci\u00f3n, certificados, asesor\u00eda jur\u00eddica, orientaci\u00f3n psicol\u00f3gica, alerta de g\u00e9nero, promoci\u00f3n de los derechos de ni\u00f1as, ni\u00f1os y adolescentes, prevenci\u00f3n y atenci\u00f3n al maltrato e informaci\u00f3n de programas alimentarios, entre otros.<\/p>\n<p>A las y los asistentes tambi\u00e9n se les brindaron talleres de corte de cabello, bisuter\u00eda, gastronom\u00eda, masaje terap\u00e9utico y gelish.<\/p>\n<p>En esta jornada que se llev\u00f3 a cabo en las nuevas instalaciones del SEDIF, ubicadas en Av. Reforma 1305, Col. Centro, se cont\u00f3 con el servicio adicional de toma de glucosa, l\u00edpidos, ant\u00edgeno prost\u00e1tico, hemoglobina glucosilada, aplicaci\u00f3n de esquemas completos, entre otros.<\/p>\n<p>Brindar atenci\u00f3n oportuna a trav\u00e9s de los programas y facilitar los tr\u00e1mites que ofrece el organismo, es una encomienda del gobernador Alejandro Armenta, para que las mujeres, adultas y adultos mayores, tengan acceso a todos los servicios y con ello el SEDIF pueda contribuir a mejorar su calidad de vida.<\/p>\n","protected":false},"excerpt":{"rendered":"<p>&#8211; Brindar atenci\u00f3n oportuna a trav\u00e9s de los programas y facilitar los tr\u00e1mites es una encomienda del gobernador Alejandro Armenta. CIUDAD DE PUEBLA, PUE. El Sistema Estatal DIF llev\u00f3 a cabo una exitosa Jornada Ciudadana con todas las \u00e1reas y departamentos que lo conforman, en donde se ofertaron servicios diversos para 976 ciudadanos beneficiados. Lo&#8230;<\/p>\n","protected":false},"author":16,"featured_media":28697,"comment_status":"closed","ping_status":"closed","sticky":false,"template":"","format":"standard","meta":[],"categories":[3],"tags":[1523,1273,1341],"yoast_head":"<!-- This site is optimized with the Yoast SEO plugin v20.8 - https:\/\/yoast.com\/wordpress\/plugins\/seo\/ -->\n<title>Ofrece SEDIF servicios m\u00e9dicos, alimentarios y jur\u00eddicos en Jornada Ciudadana \u201cPor amor a las familias\u201d - The Puebla Times<\/title>\n<meta name=\"robots\" content=\"index, follow, max-snippet:-1, max-image-preview:large, max-video-preview:-1\" \/>\n<link rel=\"canonical\" href=\"https:\/\/thepueblatimes.mx\/index.php\/2025\/03\/29\/ofrece-sedif-servicios-medicos-alimentarios-y-juridicos-en-jornada-ciudadana-por-amor-a-las-familias\/\" \/>\n<meta property=\"og:locale\" content=\"es_ES\" \/>\n<meta property=\"og:type\" content=\"article\" \/>\n<meta property=\"og:title\" content=\"Ofrece SEDIF servicios m\u00e9dicos, alimentarios y jur\u00eddicos en Jornada Ciudadana \u201cPor amor a las familias\u201d - The Puebla Times\" \/>\n<meta property=\"og:description\" content=\"&#8211; Brindar atenci\u00f3n oportuna a trav\u00e9s de los programas y facilitar los tr\u00e1mites es una encomienda del gobernador Alejandro Armenta. CIUDAD DE PUEBLA, PUE. El Sistema Estatal DIF llev\u00f3 a cabo una exitosa Jornada Ciudadana con todas las \u00e1reas y departamentos que lo conforman, en donde se ofertaron servicios diversos para 976 ciudadanos beneficiados. Lo...\" \/>\n<meta property=\"og:url\" content=\"https:\/\/thepueblatimes.mx\/index.php\/2025\/03\/29\/ofrece-sedif-servicios-medicos-alimentarios-y-juridicos-en-jornada-ciudadana-por-amor-a-las-familias\/\" \/>\n<meta property=\"og:site_name\" content=\"The Puebla Times\" \/>\n<meta property=\"article:published_time\" content=\"2025-03-29T16:00:19+00:00\" \/>\n<meta property=\"og:image\" content=\"https:\/\/thepueblatimes.mx\/wp-content\/uploads\/2025\/03\/809b97e8-cd72-4c66-bb60-c1324c6cab1b.jpg\" \/>\n\t<meta property=\"og:image:width\" content=\"1600\" \/>\n\t<meta property=\"og:image:height\" content=\"1066\" \/>\n\t<meta property=\"og:image:type\" content=\"image\/jpeg\" \/>\n<meta name=\"author\" content=\"Sa\u00fal Hern\u00e1ndez\" \/>\n<meta name=\"twitter:card\" content=\"summary_large_image\" \/>\n<meta name=\"twitter:label1\" content=\"Escrito por\" \/>\n\t<meta name=\"twitter:data1\" content=\"Sa\u00fal Hern\u00e1ndez\" \/>\n\t<meta name=\"twitter:label2\" content=\"Tiempo de lectura\" \/>\n\t<meta name=\"twitter:data2\" content=\"2 minutos\" \/>\n<script type=\"application\/ld+json\" class=\"yoast-schema-graph\">{\"@context\":\"https:\/\/schema.org\",\"@graph\":[{\"@type\":\"WebPage\",\"@id\":\"https:\/\/thepueblatimes.mx\/index.php\/2025\/03\/29\/ofrece-sedif-servicios-medicos-alimentarios-y-juridicos-en-jornada-ciudadana-por-amor-a-las-familias\/\",\"url\":\"https:\/\/thepueblatimes.mx\/index.php\/2025\/03\/29\/ofrece-sedif-servicios-medicos-alimentarios-y-juridicos-en-jornada-ciudadana-por-amor-a-las-familias\/\",\"name\":\"Ofrece SEDIF servicios m\u00e9dicos, alimentarios y jur\u00eddicos en Jornada Ciudadana \u201cPor amor a las familias\u201d - The Puebla Times\",\"isPartOf\":{\"@id\":\"https:\/\/thepueblatimes.mx\/#website\"},\"datePublished\":\"2025-03-29T16:00:19+00:00\",\"dateModified\":\"2025-03-29T16:00:19+00:00\",\"author\":{\"@id\":\"https:\/\/thepueblatimes.mx\/#\/schema\/person\/1664894c2f65ce2c7a08d8f5f905c13c\"},\"breadcrumb\":{\"@id\":\"https:\/\/thepueblatimes.mx\/index.php\/2025\/03\/29\/ofrece-sedif-servicios-medicos-alimentarios-y-juridicos-en-jornada-ciudadana-por-amor-a-las-familias\/#breadcrumb\"},\"inLanguage\":\"es\",\"potentialAction\":[{\"@type\":\"ReadAction\",\"target\":[\"https:\/\/thepueblatimes.mx\/index.php\/2025\/03\/29\/ofrece-sedif-servicios-medicos-alimentarios-y-juridicos-en-jornada-ciudadana-por-amor-a-las-familias\/\"]}]},{\"@type\":\"BreadcrumbList\",\"@id\":\"https:\/\/thepueblatimes.mx\/index.php\/2025\/03\/29\/ofrece-sedif-servicios-medicos-alimentarios-y-juridicos-en-jornada-ciudadana-por-amor-a-las-familias\/#breadcrumb\",\"itemListElement\":[{\"@type\":\"ListItem\",\"position\":1,\"name\":\"Portada\",\"item\":\"https:\/\/thepueblatimes.mx\/\"},{\"@type\":\"ListItem\",\"position\":2,\"name\":\"Ofrece SEDIF servicios m\u00e9dicos, alimentarios y jur\u00eddicos en Jornada Ciudadana \u201cPor amor a las familias\u201d\"}]},{\"@type\":\"WebSite\",\"@id\":\"https:\/\/thepueblatimes.mx\/#website\",\"url\":\"https:\/\/thepueblatimes.mx\/\",\"name\":\"The Puebla Times\",\"description\":\"Noticias del Estado de Puebla\",\"potentialAction\":[{\"@type\":\"SearchAction\",\"target\":{\"@type\":\"EntryPoint\",\"urlTemplate\":\"https:\/\/thepueblatimes.mx\/?s={search_term_string}\"},\"query-input\":\"required name=search_term_string\"}],\"inLanguage\":\"es\"},{\"@type\":\"Person\",\"@id\":\"https:\/\/thepueblatimes.mx\/#\/schema\/person\/1664894c2f65ce2c7a08d8f5f905c13c\",\"name\":\"Sa\u00fal Hern\u00e1ndez\",\"image\":{\"@type\":\"ImageObject\",\"inLanguage\":\"es\",\"@id\":\"https:\/\/thepueblatimes.mx\/#\/schema\/person\/image\/\",\"url\":\"https:\/\/secure.gravatar.com\/avatar\/11be338693f243309532caad8f10c930?s=96&d=mm&r=g\",\"contentUrl\":\"https:\/\/secure.gravatar.com\/avatar\/11be338693f243309532caad8f10c930?s=96&d=mm&r=g\",\"caption\":\"Sa\u00fal Hern\u00e1ndez\"},\"url\":\"https:\/\/thepueblatimes.mx\/index.php\/author\/saulhernandez\/\"}]}<\/script>\n<!-- \/ Yoast SEO plugin. -->","yoast_head_json":{"title":"Ofrece SEDIF servicios m\u00e9dicos, alimentarios y jur\u00eddicos en Jornada Ciudadana \u201cPor amor a las familias\u201d - The Puebla Times","robots":{"index":"index","follow":"follow","max-snippet":"max-snippet:-1","max-image-preview":"max-image-preview:large","max-video-preview":"max-video-preview:-1"},"canonical":"https:\/\/thepueblatimes.mx\/index.php\/2025\/03\/29\/ofrece-sedif-servicios-medicos-alimentarios-y-juridicos-en-jornada-ciudadana-por-amor-a-las-familias\/","og_locale":"es_ES","og_type":"article","og_title":"Ofrece SEDIF servicios m\u00e9dicos, alimentarios y jur\u00eddicos en Jornada Ciudadana \u201cPor amor a las familias\u201d - The Puebla Times","og_description":"&#8211; Brindar atenci\u00f3n oportuna a trav\u00e9s de los programas y facilitar los tr\u00e1mites es una encomienda del gobernador Alejandro Armenta. CIUDAD DE PUEBLA, PUE. El Sistema Estatal DIF llev\u00f3 a cabo una exitosa Jornada Ciudadana con todas las \u00e1reas y departamentos que lo conforman, en donde se ofertaron servicios diversos para 976 ciudadanos beneficiados. Lo...","og_url":"https:\/\/thepueblatimes.mx\/index.php\/2025\/03\/29\/ofrece-sedif-servicios-medicos-alimentarios-y-juridicos-en-jornada-ciudadana-por-amor-a-las-familias\/","og_site_name":"The Puebla Times","article_published_time":"2025-03-29T16:00:19+00:00","og_image":[{"width":1600,"height":1066,"url":"https:\/\/thepueblatimes.mx\/wp-content\/uploads\/2025\/03\/809b97e8-cd72-4c66-bb60-c1324c6cab1b.jpg","type":"image\/jpeg"}],"author":"Sa\u00fal Hern\u00e1ndez","twitter_card":"summary_large_image","twitter_misc":{"Escrito por":"Sa\u00fal Hern\u00e1ndez","Tiempo de lectura":"2 minutos"},"schema":{"@context":"https:\/\/schema.org","@graph":[{"@type":"WebPage","@id":"https:\/\/thepueblatimes.mx\/index.php\/2025\/03\/29\/ofrece-sedif-servicios-medicos-alimentarios-y-juridicos-en-jornada-ciudadana-por-amor-a-las-familias\/","url":"https:\/\/thepueblatimes.mx\/index.php\/2025\/03\/29\/ofrece-sedif-servicios-medicos-alimentarios-y-juridicos-en-jornada-ciudadana-por-amor-a-las-familias\/","name":"Ofrece SEDIF servicios m\u00e9dicos, alimentarios y jur\u00eddicos en Jornada Ciudadana \u201cPor amor a las familias\u201d - The Puebla Times","isPartOf":{"@id":"https:\/\/thepueblatimes.mx\/#website"},"datePublished":"2025-03-29T16:00:19+00:00","dateModified":"2025-03-29T16:00:19+00:00","author":{"@id":"https:\/\/thepueblatimes.mx\/#\/schema\/person\/1664894c2f65ce2c7a08d8f5f905c13c"},"breadcrumb":{"@id":"https:\/\/thepueblatimes.mx\/index.php\/2025\/03\/29\/ofrece-sedif-servicios-medicos-alimentarios-y-juridicos-en-jornada-ciudadana-por-amor-a-las-familias\/#breadcrumb"},"inLanguage":"es","potentialAction":[{"@type":"ReadAction","target":["https:\/\/thepueblatimes.mx\/index.php\/2025\/03\/29\/ofrece-sedif-servicios-medicos-alimentarios-y-juridicos-en-jornada-ciudadana-por-amor-a-las-familias\/"]}]},{"@type":"BreadcrumbList","@id":"https:\/\/thepueblatimes.mx\/index.php\/2025\/03\/29\/ofrece-sedif-servicios-medicos-alimentarios-y-juridicos-en-jornada-ciudadana-por-amor-a-las-familias\/#breadcrumb","itemListElement":[{"@type":"ListItem","position":1,"name":"Portada","item":"https:\/\/thepueblatimes.mx\/"},{"@type":"ListItem","position":2,"name":"Ofrece SEDIF servicios m\u00e9dicos, alimentarios y jur\u00eddicos en Jornada Ciudadana \u201cPor amor a las familias\u201d"}]},{"@type":"WebSite","@id":"https:\/\/thepueblatimes.mx\/#website","url":"https:\/\/thepueblatimes.mx\/","name":"The Puebla Times","description":"Noticias del Estado de Puebla","potentialAction":[{"@type":"SearchAction","target":{"@type":"EntryPoint","urlTemplate":"https:\/\/thepueblatimes.mx\/?s={search_term_string}"},"query-input":"required name=search_term_string"}],"inLanguage":"es"},{"@type":"Person","@id":"https:\/\/thepueblatimes.mx\/#\/schema\/person\/1664894c2f65ce2c7a08d8f5f905c13c","name":"Sa\u00fal Hern\u00e1ndez","image":{"@type":"ImageObject","inLanguage":"es","@id":"https:\/\/thepueblatimes.mx\/#\/schema\/person\/image\/","url":"https:\/\/secure.gravatar.com\/avatar\/11be338693f243309532caad8f10c930?s=96&d=mm&r=g","contentUrl":"https:\/\/secure.gravatar.com\/avatar\/11be338693f243309532caad8f10c930?s=96&d=mm&r=g","caption":"Sa\u00fal Hern\u00e1ndez"},"url":"https:\/\/thepueblatimes.mx\/index.php\/author\/saulhernandez\/"}]}},"jetpack_featured_media_url":"https:\/\/thepueblatimes.mx\/wp-content\/uploads\/2025\/03\/809b97e8-cd72-4c66-bb60-c1324c6cab1b.jpg","_links":{"self":[{"href":"https:\/\/thepueblatimes.mx\/index.php\/wp-json\/wp\/v2\/posts\/28696"}],"collection":[{"href":"https:\/\/thepueblatimes.mx\/index.php\/wp-json\/wp\/v2\/posts"}],"about":[{"href":"https:\/\/thepueblatimes.mx\/index.php\/wp-json\/wp\/v2\/types\/post"}],"author":[{"embeddable":true,"href":"https:\/\/thepueblatimes.mx\/index.php\/wp-json\/wp\/v2\/users\/16"}],"replies":[{"embeddable":true,"href":"https:\/\/thepueblatimes.mx\/index.php\/wp-json\/wp\/v2\/comments?post=28696"}],"version-history":[{"count":1,"href":"https:\/\/thepueblatimes.mx\/index.php\/wp-json\/wp\/v2\/posts\/28696\/revisions"}],"predecessor-version":[{"id":28698,"href":"https:\/\/thepueblatimes.mx\/index.php\/wp-json\/wp\/v2\/posts\/28696\/revisions\/28698"}],"wp:featuredmedia":[{"embeddable":true,"href":"https:\/\/thepueblatimes.mx\/index.php\/wp-json\/wp\/v2\/media\/28697"}],"wp:attachment":[{"href":"https:\/\/thepueblatimes.mx\/index.php\/wp-json\/wp\/v2\/media?parent=28696"}],"wp:term":[{"taxonomy":"category","embeddable":true,"href":"https:\/\/thepueblatimes.mx\/index.php\/wp-json\/wp\/v2\/categories?post=28696"},{"taxonomy":"post_tag","embeddable":true,"href":"https:\/\/thepueblatimes.mx\/index.php\/wp-json\/wp\/v2\/tags?post=28696"}],"curies":[{"name":"wp","href":"https:\/\/api.w.org\/{rel}","templated":true}]}}