{"id":28689,"date":"2025-03-28T18:14:52","date_gmt":"2025-03-29T00:14:52","guid":{"rendered":"https:\/\/thepueblatimes.mx\/?p=28689"},"modified":"2025-03-28T18:14:52","modified_gmt":"2025-03-29T00:14:52","slug":"fortalece-sep-el-nuevo-modelo-del-sistema-nacional-de-bachillerato","status":"publish","type":"post","link":"https:\/\/thepueblatimes.mx\/index.php\/2025\/03\/28\/fortalece-sep-el-nuevo-modelo-del-sistema-nacional-de-bachillerato\/","title":{"rendered":"Fortalece SEP el Nuevo Modelo del Sistema Nacional de Bachillerato"},"content":{"rendered":"<h3><em><strong>&#8211; Supervisores y asesores t\u00e9cnicos pedag\u00f3gicos dialogaron sobre el impulso de la Educaci\u00f3n Media Superior.<\/strong><\/em><\/h3>\n<p>CIUDAD DE PUEBLA, Pue.- En las instalaciones del Instituto Polit\u00e9cnico Nacional se realiz\u00f3 la cuarta sesi\u00f3n del Consejo Acad\u00e9mico de Educaci\u00f3n Media Superior (CAEMS), donde acudieron 179 supervisores escolares de Educaci\u00f3n Media Superior en las modalidades de Bachilleratos estatales, oficiales, particulares, digitales, Telebachilleratos Comunitarios, a distancia y Escuelas de Capacitaci\u00f3n para el Trabajo, acompa\u00f1ados de un asesor t\u00e9cnico pedag\u00f3gico.<\/p>\n<p>Dicho Consejo T\u00e9cnico busca generar un espacio para el di\u00e1logo entre diversos actores educativos, en torno a las propuestas del Nuevo Modelo del Sistema Nacional de Bachillerato, mediante el an\u00e1lisis de perspectivas, retos y proyecciones para el fortalecimiento de la Educaci\u00f3n Media Superior.<\/p>\n<p>En su mensaje, el secretario de Educaci\u00f3n, Manuel Viveros Narciso, expres\u00f3 que las y los supervisores tienen en sus manos una gran responsabilidad, la cual es motivar a las y los j\u00f3venes a tener un mayor inter\u00e9s en estudiar una educaci\u00f3n superior, adem\u00e1s de dar acompa\u00f1amiento a las maestras y maestros de su zona escolar.<\/p>\n<p>Asimismo, Viveros Narciso enfatiz\u00f3 la importancia de fortalecer el trabajo acad\u00e9mico, tal como lo indica la presidenta Claudia Sheinbaum y alineado a los preceptos de Pensar en Grande del gobierno de Alejandro Armenta.<\/p>\n<p>El Gobierno del Estado de Puebla, encabezado por Alejandro Armenta, trabaja decididamente en favor de la Jornada Nacional del Marco Curricular Com\u00fan de Educaci\u00f3n Media Superior, promoviendo los avances del Programa Aula, Escuela Comunidad y el fortalecimiento de los Proyectos Escolares Comunitarios. De igual manera, promueve la importancia de la Evaluaci\u00f3n Formativa y la Planeaci\u00f3n de la Mejora Continua, en beneficio de las y los poblanos.<\/p>\n","protected":false},"excerpt":{"rendered":"<p>&#8211; Supervisores y asesores t\u00e9cnicos pedag\u00f3gicos dialogaron sobre el impulso de la Educaci\u00f3n Media Superior. CIUDAD DE PUEBLA, Pue.- En las instalaciones del Instituto Polit\u00e9cnico Nacional se realiz\u00f3 la cuarta sesi\u00f3n del Consejo Acad\u00e9mico de Educaci\u00f3n Media Superior (CAEMS), donde acudieron 179 supervisores escolares de Educaci\u00f3n Media Superior en las modalidades de Bachilleratos estatales, oficiales,&#8230;<\/p>\n","protected":false},"author":16,"featured_media":28690,"comment_status":"closed","ping_status":"closed","sticky":false,"template":"","format":"standard","meta":[],"categories":[3],"tags":[3425,3424,29,3423],"yoast_head":"<!-- This site is optimized with the Yoast SEO plugin v20.8 - https:\/\/yoast.com\/wordpress\/plugins\/seo\/ -->\n<title>Fortalece SEP el Nuevo Modelo del Sistema Nacional de Bachillerato - The Puebla Times<\/title>\n<meta name=\"robots\" content=\"index, follow, max-snippet:-1, max-image-preview:large, max-video-preview:-1\" \/>\n<link rel=\"canonical\" href=\"https:\/\/thepueblatimes.mx\/index.php\/2025\/03\/28\/fortalece-sep-el-nuevo-modelo-del-sistema-nacional-de-bachillerato\/\" \/>\n<meta property=\"og:locale\" content=\"es_ES\" \/>\n<meta property=\"og:type\" content=\"article\" \/>\n<meta property=\"og:title\" content=\"Fortalece SEP el Nuevo Modelo del Sistema Nacional de Bachillerato - The Puebla Times\" \/>\n<meta property=\"og:description\" content=\"&#8211; Supervisores y asesores t\u00e9cnicos pedag\u00f3gicos dialogaron sobre el impulso de la Educaci\u00f3n Media Superior. CIUDAD DE PUEBLA, Pue.- En las instalaciones del Instituto Polit\u00e9cnico Nacional se realiz\u00f3 la cuarta sesi\u00f3n del Consejo Acad\u00e9mico de Educaci\u00f3n Media Superior (CAEMS), donde acudieron 179 supervisores escolares de Educaci\u00f3n Media Superior en las modalidades de Bachilleratos estatales, oficiales,...\" \/>\n<meta property=\"og:url\" content=\"https:\/\/thepueblatimes.mx\/index.php\/2025\/03\/28\/fortalece-sep-el-nuevo-modelo-del-sistema-nacional-de-bachillerato\/\" \/>\n<meta property=\"og:site_name\" content=\"The Puebla Times\" \/>\n<meta property=\"article:published_time\" content=\"2025-03-29T00:14:52+00:00\" \/>\n<meta property=\"og:image\" content=\"https:\/\/thepueblatimes.mx\/wp-content\/uploads\/2025\/03\/4fa0c9b5-1020-48fc-9918-f8cf21166a73.jpeg\" \/>\n\t<meta property=\"og:image:width\" content=\"1600\" \/>\n\t<meta property=\"og:image:height\" content=\"1043\" \/>\n\t<meta property=\"og:image:type\" content=\"image\/jpeg\" \/>\n<meta name=\"author\" content=\"Sa\u00fal Hern\u00e1ndez\" \/>\n<meta name=\"twitter:card\" content=\"summary_large_image\" \/>\n<meta name=\"twitter:label1\" content=\"Escrito por\" \/>\n\t<meta name=\"twitter:data1\" content=\"Sa\u00fal Hern\u00e1ndez\" \/>\n\t<meta name=\"twitter:label2\" content=\"Tiempo de lectura\" \/>\n\t<meta name=\"twitter:data2\" content=\"2 minutos\" \/>\n<script type=\"application\/ld+json\" class=\"yoast-schema-graph\">{\"@context\":\"https:\/\/schema.org\",\"@graph\":[{\"@type\":\"WebPage\",\"@id\":\"https:\/\/thepueblatimes.mx\/index.php\/2025\/03\/28\/fortalece-sep-el-nuevo-modelo-del-sistema-nacional-de-bachillerato\/\",\"url\":\"https:\/\/thepueblatimes.mx\/index.php\/2025\/03\/28\/fortalece-sep-el-nuevo-modelo-del-sistema-nacional-de-bachillerato\/\",\"name\":\"Fortalece SEP el Nuevo Modelo del Sistema Nacional de Bachillerato - The Puebla Times\",\"isPartOf\":{\"@id\":\"https:\/\/thepueblatimes.mx\/#website\"},\"datePublished\":\"2025-03-29T00:14:52+00:00\",\"dateModified\":\"2025-03-29T00:14:52+00:00\",\"author\":{\"@id\":\"https:\/\/thepueblatimes.mx\/#\/schema\/person\/1664894c2f65ce2c7a08d8f5f905c13c\"},\"breadcrumb\":{\"@id\":\"https:\/\/thepueblatimes.mx\/index.php\/2025\/03\/28\/fortalece-sep-el-nuevo-modelo-del-sistema-nacional-de-bachillerato\/#breadcrumb\"},\"inLanguage\":\"es\",\"potentialAction\":[{\"@type\":\"ReadAction\",\"target\":[\"https:\/\/thepueblatimes.mx\/index.php\/2025\/03\/28\/fortalece-sep-el-nuevo-modelo-del-sistema-nacional-de-bachillerato\/\"]}]},{\"@type\":\"BreadcrumbList\",\"@id\":\"https:\/\/thepueblatimes.mx\/index.php\/2025\/03\/28\/fortalece-sep-el-nuevo-modelo-del-sistema-nacional-de-bachillerato\/#breadcrumb\",\"itemListElement\":[{\"@type\":\"ListItem\",\"position\":1,\"name\":\"Portada\",\"item\":\"https:\/\/thepueblatimes.mx\/\"},{\"@type\":\"ListItem\",\"position\":2,\"name\":\"Fortalece SEP el Nuevo Modelo del Sistema Nacional de Bachillerato\"}]},{\"@type\":\"WebSite\",\"@id\":\"https:\/\/thepueblatimes.mx\/#website\",\"url\":\"https:\/\/thepueblatimes.mx\/\",\"name\":\"The Puebla Times\",\"description\":\"Noticias del Estado de Puebla\",\"potentialAction\":[{\"@type\":\"SearchAction\",\"target\":{\"@type\":\"EntryPoint\",\"urlTemplate\":\"https:\/\/thepueblatimes.mx\/?s={search_term_string}\"},\"query-input\":\"required name=search_term_string\"}],\"inLanguage\":\"es\"},{\"@type\":\"Person\",\"@id\":\"https:\/\/thepueblatimes.mx\/#\/schema\/person\/1664894c2f65ce2c7a08d8f5f905c13c\",\"name\":\"Sa\u00fal Hern\u00e1ndez\",\"image\":{\"@type\":\"ImageObject\",\"inLanguage\":\"es\",\"@id\":\"https:\/\/thepueblatimes.mx\/#\/schema\/person\/image\/\",\"url\":\"https:\/\/secure.gravatar.com\/avatar\/11be338693f243309532caad8f10c930?s=96&d=mm&r=g\",\"contentUrl\":\"https:\/\/secure.gravatar.com\/avatar\/11be338693f243309532caad8f10c930?s=96&d=mm&r=g\",\"caption\":\"Sa\u00fal Hern\u00e1ndez\"},\"url\":\"https:\/\/thepueblatimes.mx\/index.php\/author\/saulhernandez\/\"}]}<\/script>\n<!-- \/ Yoast SEO plugin. -->","yoast_head_json":{"title":"Fortalece SEP el Nuevo Modelo del Sistema Nacional de Bachillerato - The Puebla Times","robots":{"index":"index","follow":"follow","max-snippet":"max-snippet:-1","max-image-preview":"max-image-preview:large","max-video-preview":"max-video-preview:-1"},"canonical":"https:\/\/thepueblatimes.mx\/index.php\/2025\/03\/28\/fortalece-sep-el-nuevo-modelo-del-sistema-nacional-de-bachillerato\/","og_locale":"es_ES","og_type":"article","og_title":"Fortalece SEP el Nuevo Modelo del Sistema Nacional de Bachillerato - The Puebla Times","og_description":"&#8211; Supervisores y asesores t\u00e9cnicos pedag\u00f3gicos dialogaron sobre el impulso de la Educaci\u00f3n Media Superior. CIUDAD DE PUEBLA, Pue.- En las instalaciones del Instituto Polit\u00e9cnico Nacional se realiz\u00f3 la cuarta sesi\u00f3n del Consejo Acad\u00e9mico de Educaci\u00f3n Media Superior (CAEMS), donde acudieron 179 supervisores escolares de Educaci\u00f3n Media Superior en las modalidades de Bachilleratos estatales, oficiales,...","og_url":"https:\/\/thepueblatimes.mx\/index.php\/2025\/03\/28\/fortalece-sep-el-nuevo-modelo-del-sistema-nacional-de-bachillerato\/","og_site_name":"The Puebla Times","article_published_time":"2025-03-29T00:14:52+00:00","og_image":[{"width":1600,"height":1043,"url":"https:\/\/thepueblatimes.mx\/wp-content\/uploads\/2025\/03\/4fa0c9b5-1020-48fc-9918-f8cf21166a73.jpeg","type":"image\/jpeg"}],"author":"Sa\u00fal Hern\u00e1ndez","twitter_card":"summary_large_image","twitter_misc":{"Escrito por":"Sa\u00fal Hern\u00e1ndez","Tiempo de lectura":"2 minutos"},"schema":{"@context":"https:\/\/schema.org","@graph":[{"@type":"WebPage","@id":"https:\/\/thepueblatimes.mx\/index.php\/2025\/03\/28\/fortalece-sep-el-nuevo-modelo-del-sistema-nacional-de-bachillerato\/","url":"https:\/\/thepueblatimes.mx\/index.php\/2025\/03\/28\/fortalece-sep-el-nuevo-modelo-del-sistema-nacional-de-bachillerato\/","name":"Fortalece SEP el Nuevo Modelo del Sistema Nacional de Bachillerato - The Puebla Times","isPartOf":{"@id":"https:\/\/thepueblatimes.mx\/#website"},"datePublished":"2025-03-29T00:14:52+00:00","dateModified":"2025-03-29T00:14:52+00:00","author":{"@id":"https:\/\/thepueblatimes.mx\/#\/schema\/person\/1664894c2f65ce2c7a08d8f5f905c13c"},"breadcrumb":{"@id":"https:\/\/thepueblatimes.mx\/index.php\/2025\/03\/28\/fortalece-sep-el-nuevo-modelo-del-sistema-nacional-de-bachillerato\/#breadcrumb"},"inLanguage":"es","potentialAction":[{"@type":"ReadAction","target":["https:\/\/thepueblatimes.mx\/index.php\/2025\/03\/28\/fortalece-sep-el-nuevo-modelo-del-sistema-nacional-de-bachillerato\/"]}]},{"@type":"BreadcrumbList","@id":"https:\/\/thepueblatimes.mx\/index.php\/2025\/03\/28\/fortalece-sep-el-nuevo-modelo-del-sistema-nacional-de-bachillerato\/#breadcrumb","itemListElement":[{"@type":"ListItem","position":1,"name":"Portada","item":"https:\/\/thepueblatimes.mx\/"},{"@type":"ListItem","position":2,"name":"Fortalece SEP el Nuevo Modelo del Sistema Nacional de Bachillerato"}]},{"@type":"WebSite","@id":"https:\/\/thepueblatimes.mx\/#website","url":"https:\/\/thepueblatimes.mx\/","name":"The Puebla Times","description":"Noticias del Estado de Puebla","potentialAction":[{"@type":"SearchAction","target":{"@type":"EntryPoint","urlTemplate":"https:\/\/thepueblatimes.mx\/?s={search_term_string}"},"query-input":"required name=search_term_string"}],"inLanguage":"es"},{"@type":"Person","@id":"https:\/\/thepueblatimes.mx\/#\/schema\/person\/1664894c2f65ce2c7a08d8f5f905c13c","name":"Sa\u00fal Hern\u00e1ndez","image":{"@type":"ImageObject","inLanguage":"es","@id":"https:\/\/thepueblatimes.mx\/#\/schema\/person\/image\/","url":"https:\/\/secure.gravatar.com\/avatar\/11be338693f243309532caad8f10c930?s=96&d=mm&r=g","contentUrl":"https:\/\/secure.gravatar.com\/avatar\/11be338693f243309532caad8f10c930?s=96&d=mm&r=g","caption":"Sa\u00fal Hern\u00e1ndez"},"url":"https:\/\/thepueblatimes.mx\/index.php\/author\/saulhernandez\/"}]}},"jetpack_featured_media_url":"https:\/\/thepueblatimes.mx\/wp-content\/uploads\/2025\/03\/4fa0c9b5-1020-48fc-9918-f8cf21166a73.jpeg","_links":{"self":[{"href":"https:\/\/thepueblatimes.mx\/index.php\/wp-json\/wp\/v2\/posts\/28689"}],"collection":[{"href":"https:\/\/thepueblatimes.mx\/index.php\/wp-json\/wp\/v2\/posts"}],"about":[{"href":"https:\/\/thepueblatimes.mx\/index.php\/wp-json\/wp\/v2\/types\/post"}],"author":[{"embeddable":true,"href":"https:\/\/thepueblatimes.mx\/index.php\/wp-json\/wp\/v2\/users\/16"}],"replies":[{"embeddable":true,"href":"https:\/\/thepueblatimes.mx\/index.php\/wp-json\/wp\/v2\/comments?post=28689"}],"version-history":[{"count":1,"href":"https:\/\/thepueblatimes.mx\/index.php\/wp-json\/wp\/v2\/posts\/28689\/revisions"}],"predecessor-version":[{"id":28691,"href":"https:\/\/thepueblatimes.mx\/index.php\/wp-json\/wp\/v2\/posts\/28689\/revisions\/28691"}],"wp:featuredmedia":[{"embeddable":true,"href":"https:\/\/thepueblatimes.mx\/index.php\/wp-json\/wp\/v2\/media\/28690"}],"wp:attachment":[{"href":"https:\/\/thepueblatimes.mx\/index.php\/wp-json\/wp\/v2\/media?parent=28689"}],"wp:term":[{"taxonomy":"category","embeddable":true,"href":"https:\/\/thepueblatimes.mx\/index.php\/wp-json\/wp\/v2\/categories?post=28689"},{"taxonomy":"post_tag","embeddable":true,"href":"https:\/\/thepueblatimes.mx\/index.php\/wp-json\/wp\/v2\/tags?post=28689"}],"curies":[{"name":"wp","href":"https:\/\/api.w.org\/{rel}","templated":true}]}}