{"id":28686,"date":"2025-03-28T17:49:59","date_gmt":"2025-03-28T23:49:59","guid":{"rendered":"https:\/\/thepueblatimes.mx\/?p=28686"},"modified":"2025-03-28T17:49:59","modified_gmt":"2025-03-28T23:49:59","slug":"concluyo-la-capacitacion-a-municipios-sobre-el-uso-de-recursos-federales-transferidos","status":"publish","type":"post","link":"https:\/\/thepueblatimes.mx\/index.php\/2025\/03\/28\/concluyo-la-capacitacion-a-municipios-sobre-el-uso-de-recursos-federales-transferidos\/","title":{"rendered":"Concluy\u00f3 la capacitaci\u00f3n a municipios sobre el uso de Recursos Federales Transferidos"},"content":{"rendered":"<h3 class=\"p1\"><strong><em><span class=\"s1\">-El Gobierno del Estado, a trav\u00e9s de la Secretar\u00eda de Bienestar, busca eficientar la administraci\u00f3n de recursos.<\/span><\/em><\/strong><\/h3>\n<p class=\"p1\"><span class=\"s1\">CIUDAD DE PUEBLA, Pue.- Con el objetivo de eficientar y transparentar la administraci\u00f3n de recursos provenientes de la federaci\u00f3n, el Gobierno del Estado de Puebla, a trav\u00e9s de la Secretar\u00eda de Bienestar, realiz\u00f3 el segundo y \u00faltimo Taller de Capacitaci\u00f3n: Funcionamiento y uso del Sistema de Recursos Federales Transferidos (FAISMUN y FORTAMUN).<\/span><\/p>\n<p class=\"p1\"><span class=\"s1\">Con la presencia de representantes de 70 ayuntamientos, el titular de la dependencia, Javier Aquino Lim\u00f3n, destac\u00f3 que los municipios son la c\u00e9lula base de la administraci\u00f3n p\u00fablica, por lo que, despu\u00e9s de los primeros meses de operaci\u00f3n, es momento de transitar a una etapa de mayor contundencia que permita impulsar acciones que mejoren los indicadores de desarrollo.<\/span><\/p>\n<p class=\"p1\"><span class=\"s1\">Aquino Lim\u00f3n destac\u00f3 la importancia de mantener la capacitaci\u00f3n y actualizaci\u00f3n sobre el funcionamiento de los programas para despejar dudas, por lo que ofreci\u00f3 acompa\u00f1amiento a los participantes por parte del equipo t\u00e9cnico, para tener una mejor planeaci\u00f3n y evaluaci\u00f3n en el uso de los recursos.<\/span><\/p>\n<p class=\"p1\"><span class=\"s1\">Por su parte, el presidente del Instituto de Administraci\u00f3n P\u00fablica del Estado de Puebla, Francisco Javier Mu\u00f1oz L\u00f3pez, indic\u00f3 que el uso de los presupuestos debe ser pertinente para el desarrollo de car\u00e1cter local.<\/span><\/p>\n<p class=\"p1\"><span class=\"s1\">Por Amor a Puebla, la Secretar\u00eda de Bienestar refrenda su compromiso de colaborar y reforzar la planeaci\u00f3n operativa y ejecuci\u00f3n de los programas sociales para velar por el desarrollo de las familias poblanas.<\/span><\/p>\n","protected":false},"excerpt":{"rendered":"<p>-El Gobierno del Estado, a trav\u00e9s de la Secretar\u00eda de Bienestar, busca eficientar la administraci\u00f3n de recursos. CIUDAD DE PUEBLA, Pue.- Con el objetivo de eficientar y transparentar la administraci\u00f3n de recursos provenientes de la federaci\u00f3n, el Gobierno del Estado de Puebla, a trav\u00e9s de la Secretar\u00eda de Bienestar, realiz\u00f3 el segundo y \u00faltimo Taller&#8230;<\/p>\n","protected":false},"author":16,"featured_media":28687,"comment_status":"closed","ping_status":"closed","sticky":false,"template":"","format":"standard","meta":[],"categories":[3],"tags":[1651,1273,2561],"yoast_head":"<!-- This site is optimized with the Yoast SEO plugin v20.8 - https:\/\/yoast.com\/wordpress\/plugins\/seo\/ -->\n<title>Concluy\u00f3 la capacitaci\u00f3n a municipios sobre el uso de Recursos Federales Transferidos - The Puebla Times<\/title>\n<meta name=\"robots\" content=\"index, follow, max-snippet:-1, max-image-preview:large, max-video-preview:-1\" \/>\n<link rel=\"canonical\" href=\"https:\/\/thepueblatimes.mx\/index.php\/2025\/03\/28\/concluyo-la-capacitacion-a-municipios-sobre-el-uso-de-recursos-federales-transferidos\/\" \/>\n<meta property=\"og:locale\" content=\"es_ES\" \/>\n<meta property=\"og:type\" content=\"article\" \/>\n<meta property=\"og:title\" content=\"Concluy\u00f3 la capacitaci\u00f3n a municipios sobre el uso de Recursos Federales Transferidos - The Puebla Times\" \/>\n<meta property=\"og:description\" content=\"-El Gobierno del Estado, a trav\u00e9s de la Secretar\u00eda de Bienestar, busca eficientar la administraci\u00f3n de recursos. CIUDAD DE PUEBLA, Pue.- Con el objetivo de eficientar y transparentar la administraci\u00f3n de recursos provenientes de la federaci\u00f3n, el Gobierno del Estado de Puebla, a trav\u00e9s de la Secretar\u00eda de Bienestar, realiz\u00f3 el segundo y \u00faltimo Taller...\" \/>\n<meta property=\"og:url\" content=\"https:\/\/thepueblatimes.mx\/index.php\/2025\/03\/28\/concluyo-la-capacitacion-a-municipios-sobre-el-uso-de-recursos-federales-transferidos\/\" \/>\n<meta property=\"og:site_name\" content=\"The Puebla Times\" \/>\n<meta property=\"article:published_time\" content=\"2025-03-28T23:49:59+00:00\" \/>\n<meta property=\"og:image\" content=\"https:\/\/thepueblatimes.mx\/wp-content\/uploads\/2025\/03\/9ed2dc18-e904-4a32-a544-ea2a2bccb633.jpeg\" \/>\n\t<meta property=\"og:image:width\" content=\"1920\" \/>\n\t<meta property=\"og:image:height\" content=\"1280\" \/>\n\t<meta property=\"og:image:type\" content=\"image\/jpeg\" \/>\n<meta name=\"author\" content=\"Sa\u00fal Hern\u00e1ndez\" \/>\n<meta name=\"twitter:card\" content=\"summary_large_image\" \/>\n<meta name=\"twitter:label1\" content=\"Escrito por\" \/>\n\t<meta name=\"twitter:data1\" content=\"Sa\u00fal Hern\u00e1ndez\" \/>\n\t<meta name=\"twitter:label2\" content=\"Tiempo de lectura\" \/>\n\t<meta name=\"twitter:data2\" content=\"2 minutos\" \/>\n<script type=\"application\/ld+json\" class=\"yoast-schema-graph\">{\"@context\":\"https:\/\/schema.org\",\"@graph\":[{\"@type\":\"WebPage\",\"@id\":\"https:\/\/thepueblatimes.mx\/index.php\/2025\/03\/28\/concluyo-la-capacitacion-a-municipios-sobre-el-uso-de-recursos-federales-transferidos\/\",\"url\":\"https:\/\/thepueblatimes.mx\/index.php\/2025\/03\/28\/concluyo-la-capacitacion-a-municipios-sobre-el-uso-de-recursos-federales-transferidos\/\",\"name\":\"Concluy\u00f3 la capacitaci\u00f3n a municipios sobre el uso de Recursos Federales Transferidos - The Puebla Times\",\"isPartOf\":{\"@id\":\"https:\/\/thepueblatimes.mx\/#website\"},\"datePublished\":\"2025-03-28T23:49:59+00:00\",\"dateModified\":\"2025-03-28T23:49:59+00:00\",\"author\":{\"@id\":\"https:\/\/thepueblatimes.mx\/#\/schema\/person\/1664894c2f65ce2c7a08d8f5f905c13c\"},\"breadcrumb\":{\"@id\":\"https:\/\/thepueblatimes.mx\/index.php\/2025\/03\/28\/concluyo-la-capacitacion-a-municipios-sobre-el-uso-de-recursos-federales-transferidos\/#breadcrumb\"},\"inLanguage\":\"es\",\"potentialAction\":[{\"@type\":\"ReadAction\",\"target\":[\"https:\/\/thepueblatimes.mx\/index.php\/2025\/03\/28\/concluyo-la-capacitacion-a-municipios-sobre-el-uso-de-recursos-federales-transferidos\/\"]}]},{\"@type\":\"BreadcrumbList\",\"@id\":\"https:\/\/thepueblatimes.mx\/index.php\/2025\/03\/28\/concluyo-la-capacitacion-a-municipios-sobre-el-uso-de-recursos-federales-transferidos\/#breadcrumb\",\"itemListElement\":[{\"@type\":\"ListItem\",\"position\":1,\"name\":\"Portada\",\"item\":\"https:\/\/thepueblatimes.mx\/\"},{\"@type\":\"ListItem\",\"position\":2,\"name\":\"Concluy\u00f3 la capacitaci\u00f3n a municipios sobre el uso de Recursos Federales Transferidos\"}]},{\"@type\":\"WebSite\",\"@id\":\"https:\/\/thepueblatimes.mx\/#website\",\"url\":\"https:\/\/thepueblatimes.mx\/\",\"name\":\"The Puebla Times\",\"description\":\"Noticias del Estado de Puebla\",\"potentialAction\":[{\"@type\":\"SearchAction\",\"target\":{\"@type\":\"EntryPoint\",\"urlTemplate\":\"https:\/\/thepueblatimes.mx\/?s={search_term_string}\"},\"query-input\":\"required name=search_term_string\"}],\"inLanguage\":\"es\"},{\"@type\":\"Person\",\"@id\":\"https:\/\/thepueblatimes.mx\/#\/schema\/person\/1664894c2f65ce2c7a08d8f5f905c13c\",\"name\":\"Sa\u00fal Hern\u00e1ndez\",\"image\":{\"@type\":\"ImageObject\",\"inLanguage\":\"es\",\"@id\":\"https:\/\/thepueblatimes.mx\/#\/schema\/person\/image\/\",\"url\":\"https:\/\/secure.gravatar.com\/avatar\/11be338693f243309532caad8f10c930?s=96&d=mm&r=g\",\"contentUrl\":\"https:\/\/secure.gravatar.com\/avatar\/11be338693f243309532caad8f10c930?s=96&d=mm&r=g\",\"caption\":\"Sa\u00fal Hern\u00e1ndez\"},\"url\":\"https:\/\/thepueblatimes.mx\/index.php\/author\/saulhernandez\/\"}]}<\/script>\n<!-- \/ Yoast SEO plugin. -->","yoast_head_json":{"title":"Concluy\u00f3 la capacitaci\u00f3n a municipios sobre el uso de Recursos Federales Transferidos - The Puebla Times","robots":{"index":"index","follow":"follow","max-snippet":"max-snippet:-1","max-image-preview":"max-image-preview:large","max-video-preview":"max-video-preview:-1"},"canonical":"https:\/\/thepueblatimes.mx\/index.php\/2025\/03\/28\/concluyo-la-capacitacion-a-municipios-sobre-el-uso-de-recursos-federales-transferidos\/","og_locale":"es_ES","og_type":"article","og_title":"Concluy\u00f3 la capacitaci\u00f3n a municipios sobre el uso de Recursos Federales Transferidos - The Puebla Times","og_description":"-El Gobierno del Estado, a trav\u00e9s de la Secretar\u00eda de Bienestar, busca eficientar la administraci\u00f3n de recursos. CIUDAD DE PUEBLA, Pue.- Con el objetivo de eficientar y transparentar la administraci\u00f3n de recursos provenientes de la federaci\u00f3n, el Gobierno del Estado de Puebla, a trav\u00e9s de la Secretar\u00eda de Bienestar, realiz\u00f3 el segundo y \u00faltimo Taller...","og_url":"https:\/\/thepueblatimes.mx\/index.php\/2025\/03\/28\/concluyo-la-capacitacion-a-municipios-sobre-el-uso-de-recursos-federales-transferidos\/","og_site_name":"The Puebla Times","article_published_time":"2025-03-28T23:49:59+00:00","og_image":[{"width":1920,"height":1280,"url":"https:\/\/thepueblatimes.mx\/wp-content\/uploads\/2025\/03\/9ed2dc18-e904-4a32-a544-ea2a2bccb633.jpeg","type":"image\/jpeg"}],"author":"Sa\u00fal Hern\u00e1ndez","twitter_card":"summary_large_image","twitter_misc":{"Escrito por":"Sa\u00fal Hern\u00e1ndez","Tiempo de lectura":"2 minutos"},"schema":{"@context":"https:\/\/schema.org","@graph":[{"@type":"WebPage","@id":"https:\/\/thepueblatimes.mx\/index.php\/2025\/03\/28\/concluyo-la-capacitacion-a-municipios-sobre-el-uso-de-recursos-federales-transferidos\/","url":"https:\/\/thepueblatimes.mx\/index.php\/2025\/03\/28\/concluyo-la-capacitacion-a-municipios-sobre-el-uso-de-recursos-federales-transferidos\/","name":"Concluy\u00f3 la capacitaci\u00f3n a municipios sobre el uso de Recursos Federales Transferidos - The Puebla Times","isPartOf":{"@id":"https:\/\/thepueblatimes.mx\/#website"},"datePublished":"2025-03-28T23:49:59+00:00","dateModified":"2025-03-28T23:49:59+00:00","author":{"@id":"https:\/\/thepueblatimes.mx\/#\/schema\/person\/1664894c2f65ce2c7a08d8f5f905c13c"},"breadcrumb":{"@id":"https:\/\/thepueblatimes.mx\/index.php\/2025\/03\/28\/concluyo-la-capacitacion-a-municipios-sobre-el-uso-de-recursos-federales-transferidos\/#breadcrumb"},"inLanguage":"es","potentialAction":[{"@type":"ReadAction","target":["https:\/\/thepueblatimes.mx\/index.php\/2025\/03\/28\/concluyo-la-capacitacion-a-municipios-sobre-el-uso-de-recursos-federales-transferidos\/"]}]},{"@type":"BreadcrumbList","@id":"https:\/\/thepueblatimes.mx\/index.php\/2025\/03\/28\/concluyo-la-capacitacion-a-municipios-sobre-el-uso-de-recursos-federales-transferidos\/#breadcrumb","itemListElement":[{"@type":"ListItem","position":1,"name":"Portada","item":"https:\/\/thepueblatimes.mx\/"},{"@type":"ListItem","position":2,"name":"Concluy\u00f3 la capacitaci\u00f3n a municipios sobre el uso de Recursos Federales Transferidos"}]},{"@type":"WebSite","@id":"https:\/\/thepueblatimes.mx\/#website","url":"https:\/\/thepueblatimes.mx\/","name":"The Puebla Times","description":"Noticias del Estado de Puebla","potentialAction":[{"@type":"SearchAction","target":{"@type":"EntryPoint","urlTemplate":"https:\/\/thepueblatimes.mx\/?s={search_term_string}"},"query-input":"required name=search_term_string"}],"inLanguage":"es"},{"@type":"Person","@id":"https:\/\/thepueblatimes.mx\/#\/schema\/person\/1664894c2f65ce2c7a08d8f5f905c13c","name":"Sa\u00fal Hern\u00e1ndez","image":{"@type":"ImageObject","inLanguage":"es","@id":"https:\/\/thepueblatimes.mx\/#\/schema\/person\/image\/","url":"https:\/\/secure.gravatar.com\/avatar\/11be338693f243309532caad8f10c930?s=96&d=mm&r=g","contentUrl":"https:\/\/secure.gravatar.com\/avatar\/11be338693f243309532caad8f10c930?s=96&d=mm&r=g","caption":"Sa\u00fal Hern\u00e1ndez"},"url":"https:\/\/thepueblatimes.mx\/index.php\/author\/saulhernandez\/"}]}},"jetpack_featured_media_url":"https:\/\/thepueblatimes.mx\/wp-content\/uploads\/2025\/03\/9ed2dc18-e904-4a32-a544-ea2a2bccb633.jpeg","_links":{"self":[{"href":"https:\/\/thepueblatimes.mx\/index.php\/wp-json\/wp\/v2\/posts\/28686"}],"collection":[{"href":"https:\/\/thepueblatimes.mx\/index.php\/wp-json\/wp\/v2\/posts"}],"about":[{"href":"https:\/\/thepueblatimes.mx\/index.php\/wp-json\/wp\/v2\/types\/post"}],"author":[{"embeddable":true,"href":"https:\/\/thepueblatimes.mx\/index.php\/wp-json\/wp\/v2\/users\/16"}],"replies":[{"embeddable":true,"href":"https:\/\/thepueblatimes.mx\/index.php\/wp-json\/wp\/v2\/comments?post=28686"}],"version-history":[{"count":1,"href":"https:\/\/thepueblatimes.mx\/index.php\/wp-json\/wp\/v2\/posts\/28686\/revisions"}],"predecessor-version":[{"id":28688,"href":"https:\/\/thepueblatimes.mx\/index.php\/wp-json\/wp\/v2\/posts\/28686\/revisions\/28688"}],"wp:featuredmedia":[{"embeddable":true,"href":"https:\/\/thepueblatimes.mx\/index.php\/wp-json\/wp\/v2\/media\/28687"}],"wp:attachment":[{"href":"https:\/\/thepueblatimes.mx\/index.php\/wp-json\/wp\/v2\/media?parent=28686"}],"wp:term":[{"taxonomy":"category","embeddable":true,"href":"https:\/\/thepueblatimes.mx\/index.php\/wp-json\/wp\/v2\/categories?post=28686"},{"taxonomy":"post_tag","embeddable":true,"href":"https:\/\/thepueblatimes.mx\/index.php\/wp-json\/wp\/v2\/tags?post=28686"}],"curies":[{"name":"wp","href":"https:\/\/api.w.org\/{rel}","templated":true}]}}