{"id":28677,"date":"2025-03-28T16:22:20","date_gmt":"2025-03-28T22:22:20","guid":{"rendered":"https:\/\/thepueblatimes.mx\/?p=28677"},"modified":"2025-03-28T16:23:14","modified_gmt":"2025-03-28T22:23:14","slug":"en-cuautlancingo-habitantes-del-fraccionamiento-lomas-de-san-juan-exigen-suministro-de-agua","status":"publish","type":"post","link":"https:\/\/thepueblatimes.mx\/index.php\/2025\/03\/28\/en-cuautlancingo-habitantes-del-fraccionamiento-lomas-de-san-juan-exigen-suministro-de-agua\/","title":{"rendered":"En Cuautlancingo, habitantes del fraccionamiento Lomas de San Juan exigen suministro de agua"},"content":{"rendered":"<p>POR FRED ESTRADA<\/p>\n<p>Habitantes del fraccionamiento Lomas de San Juan, en Cuautlancingo, exigieron al Soapap el servicio de agua potable ya que se\u00f1alaron que tienen varios d\u00edas sin contar con el recurso h\u00eddrico.<\/p>\n<p>Una demanda que permite apreciar la falta de atenci\u00f3n en el rubro, por parte del edil de Cuautlancingo, Omar Mu\u00f1oz.<\/p>\n<p>Mediante un oficio que entregaron en el Soapap, los que quejosos expresaron que no son los \u00fanicos vecinos que padecen esta problem\u00e1tica, por lo que exigen una soluci\u00f3n contundente ya que argumentaron que se les apoya a veces con pipas, y en otras ocasiones, s\u00f3lo se les dan largas.<\/p>\n<p>Se\u00f1alaron que la situaci\u00f3n es recurrente y a\u00f1o con a\u00f1o padecen de la misma situaci\u00f3n y ninguna autoridad les da una situaci\u00f3n clara, es m\u00e1s en esta administraci\u00f3n, la directora del sistema, Guadalupe Daniel Hern\u00e1ndez no los ha recibido.<\/p>\n<p>Indicaron que seguir\u00e1n con las manifestaciones para contar con el l\u00edquido vital, ya que la temporada de sequ\u00edas esta pr\u00f3xima y las autoridades municipales, encabezadas por Omar Mu\u00f1oz no atienden sus demandas.<\/p>\n","protected":false},"excerpt":{"rendered":"<p>POR FRED ESTRADA Habitantes del fraccionamiento Lomas de San Juan, en Cuautlancingo, exigieron al Soapap el servicio de agua potable ya que se\u00f1alaron que tienen varios d\u00edas sin contar con el recurso h\u00eddrico. Una demanda que permite apreciar la falta de atenci\u00f3n en el rubro, por parte del edil de Cuautlancingo, Omar Mu\u00f1oz. Mediante un&#8230;<\/p>\n","protected":false},"author":16,"featured_media":28678,"comment_status":"closed","ping_status":"closed","sticky":false,"template":"","format":"standard","meta":[],"categories":[11],"tags":[3420,343,3063,2541,3419],"yoast_head":"<!-- This site is optimized with the Yoast SEO plugin v20.8 - https:\/\/yoast.com\/wordpress\/plugins\/seo\/ -->\n<title>En Cuautlancingo, habitantes del fraccionamiento Lomas de San Juan exigen suministro de agua - The Puebla Times<\/title>\n<meta name=\"robots\" content=\"index, follow, max-snippet:-1, max-image-preview:large, max-video-preview:-1\" \/>\n<link rel=\"canonical\" href=\"https:\/\/thepueblatimes.mx\/index.php\/2025\/03\/28\/en-cuautlancingo-habitantes-del-fraccionamiento-lomas-de-san-juan-exigen-suministro-de-agua\/\" \/>\n<meta property=\"og:locale\" content=\"es_ES\" \/>\n<meta property=\"og:type\" content=\"article\" \/>\n<meta property=\"og:title\" content=\"En Cuautlancingo, habitantes del fraccionamiento Lomas de San Juan exigen suministro de agua - The Puebla Times\" \/>\n<meta property=\"og:description\" content=\"POR FRED ESTRADA Habitantes del fraccionamiento Lomas de San Juan, en Cuautlancingo, exigieron al Soapap el servicio de agua potable ya que se\u00f1alaron que tienen varios d\u00edas sin contar con el recurso h\u00eddrico. Una demanda que permite apreciar la falta de atenci\u00f3n en el rubro, por parte del edil de Cuautlancingo, Omar Mu\u00f1oz. Mediante un...\" \/>\n<meta property=\"og:url\" content=\"https:\/\/thepueblatimes.mx\/index.php\/2025\/03\/28\/en-cuautlancingo-habitantes-del-fraccionamiento-lomas-de-san-juan-exigen-suministro-de-agua\/\" \/>\n<meta property=\"og:site_name\" content=\"The Puebla Times\" \/>\n<meta property=\"article:published_time\" content=\"2025-03-28T22:22:20+00:00\" \/>\n<meta property=\"article:modified_time\" content=\"2025-03-28T22:23:14+00:00\" \/>\n<meta property=\"og:image\" content=\"https:\/\/thepueblatimes.mx\/wp-content\/uploads\/2025\/03\/Omar-Munoz-da-banderazo-de-inicio-a-importante-acceso-al-municipio-sobre-Periferico-Ecologico.webp\" \/>\n\t<meta property=\"og:image:width\" content=\"1032\" \/>\n\t<meta property=\"og:image:height\" content=\"654\" \/>\n\t<meta property=\"og:image:type\" content=\"image\/webp\" \/>\n<meta name=\"author\" content=\"Sa\u00fal Hern\u00e1ndez\" \/>\n<meta name=\"twitter:card\" content=\"summary_large_image\" \/>\n<meta name=\"twitter:label1\" content=\"Escrito por\" \/>\n\t<meta name=\"twitter:data1\" content=\"Sa\u00fal Hern\u00e1ndez\" \/>\n\t<meta name=\"twitter:label2\" content=\"Tiempo de lectura\" \/>\n\t<meta name=\"twitter:data2\" content=\"1 minuto\" \/>\n<script type=\"application\/ld+json\" class=\"yoast-schema-graph\">{\"@context\":\"https:\/\/schema.org\",\"@graph\":[{\"@type\":\"WebPage\",\"@id\":\"https:\/\/thepueblatimes.mx\/index.php\/2025\/03\/28\/en-cuautlancingo-habitantes-del-fraccionamiento-lomas-de-san-juan-exigen-suministro-de-agua\/\",\"url\":\"https:\/\/thepueblatimes.mx\/index.php\/2025\/03\/28\/en-cuautlancingo-habitantes-del-fraccionamiento-lomas-de-san-juan-exigen-suministro-de-agua\/\",\"name\":\"En Cuautlancingo, habitantes del fraccionamiento Lomas de San Juan exigen suministro de agua - The Puebla Times\",\"isPartOf\":{\"@id\":\"https:\/\/thepueblatimes.mx\/#website\"},\"datePublished\":\"2025-03-28T22:22:20+00:00\",\"dateModified\":\"2025-03-28T22:23:14+00:00\",\"author\":{\"@id\":\"https:\/\/thepueblatimes.mx\/#\/schema\/person\/1664894c2f65ce2c7a08d8f5f905c13c\"},\"breadcrumb\":{\"@id\":\"https:\/\/thepueblatimes.mx\/index.php\/2025\/03\/28\/en-cuautlancingo-habitantes-del-fraccionamiento-lomas-de-san-juan-exigen-suministro-de-agua\/#breadcrumb\"},\"inLanguage\":\"es\",\"potentialAction\":[{\"@type\":\"ReadAction\",\"target\":[\"https:\/\/thepueblatimes.mx\/index.php\/2025\/03\/28\/en-cuautlancingo-habitantes-del-fraccionamiento-lomas-de-san-juan-exigen-suministro-de-agua\/\"]}]},{\"@type\":\"BreadcrumbList\",\"@id\":\"https:\/\/thepueblatimes.mx\/index.php\/2025\/03\/28\/en-cuautlancingo-habitantes-del-fraccionamiento-lomas-de-san-juan-exigen-suministro-de-agua\/#breadcrumb\",\"itemListElement\":[{\"@type\":\"ListItem\",\"position\":1,\"name\":\"Portada\",\"item\":\"https:\/\/thepueblatimes.mx\/\"},{\"@type\":\"ListItem\",\"position\":2,\"name\":\"En Cuautlancingo, habitantes del fraccionamiento Lomas de San Juan exigen suministro de agua\"}]},{\"@type\":\"WebSite\",\"@id\":\"https:\/\/thepueblatimes.mx\/#website\",\"url\":\"https:\/\/thepueblatimes.mx\/\",\"name\":\"The Puebla Times\",\"description\":\"Noticias del Estado de Puebla\",\"potentialAction\":[{\"@type\":\"SearchAction\",\"target\":{\"@type\":\"EntryPoint\",\"urlTemplate\":\"https:\/\/thepueblatimes.mx\/?s={search_term_string}\"},\"query-input\":\"required name=search_term_string\"}],\"inLanguage\":\"es\"},{\"@type\":\"Person\",\"@id\":\"https:\/\/thepueblatimes.mx\/#\/schema\/person\/1664894c2f65ce2c7a08d8f5f905c13c\",\"name\":\"Sa\u00fal Hern\u00e1ndez\",\"image\":{\"@type\":\"ImageObject\",\"inLanguage\":\"es\",\"@id\":\"https:\/\/thepueblatimes.mx\/#\/schema\/person\/image\/\",\"url\":\"https:\/\/secure.gravatar.com\/avatar\/11be338693f243309532caad8f10c930?s=96&d=mm&r=g\",\"contentUrl\":\"https:\/\/secure.gravatar.com\/avatar\/11be338693f243309532caad8f10c930?s=96&d=mm&r=g\",\"caption\":\"Sa\u00fal Hern\u00e1ndez\"},\"url\":\"https:\/\/thepueblatimes.mx\/index.php\/author\/saulhernandez\/\"}]}<\/script>\n<!-- \/ Yoast SEO plugin. -->","yoast_head_json":{"title":"En Cuautlancingo, habitantes del fraccionamiento Lomas de San Juan exigen suministro de agua - The Puebla Times","robots":{"index":"index","follow":"follow","max-snippet":"max-snippet:-1","max-image-preview":"max-image-preview:large","max-video-preview":"max-video-preview:-1"},"canonical":"https:\/\/thepueblatimes.mx\/index.php\/2025\/03\/28\/en-cuautlancingo-habitantes-del-fraccionamiento-lomas-de-san-juan-exigen-suministro-de-agua\/","og_locale":"es_ES","og_type":"article","og_title":"En Cuautlancingo, habitantes del fraccionamiento Lomas de San Juan exigen suministro de agua - The Puebla Times","og_description":"POR FRED ESTRADA Habitantes del fraccionamiento Lomas de San Juan, en Cuautlancingo, exigieron al Soapap el servicio de agua potable ya que se\u00f1alaron que tienen varios d\u00edas sin contar con el recurso h\u00eddrico. Una demanda que permite apreciar la falta de atenci\u00f3n en el rubro, por parte del edil de Cuautlancingo, Omar Mu\u00f1oz. Mediante un...","og_url":"https:\/\/thepueblatimes.mx\/index.php\/2025\/03\/28\/en-cuautlancingo-habitantes-del-fraccionamiento-lomas-de-san-juan-exigen-suministro-de-agua\/","og_site_name":"The Puebla Times","article_published_time":"2025-03-28T22:22:20+00:00","article_modified_time":"2025-03-28T22:23:14+00:00","og_image":[{"width":1032,"height":654,"url":"https:\/\/thepueblatimes.mx\/wp-content\/uploads\/2025\/03\/Omar-Munoz-da-banderazo-de-inicio-a-importante-acceso-al-municipio-sobre-Periferico-Ecologico.webp","type":"image\/webp"}],"author":"Sa\u00fal Hern\u00e1ndez","twitter_card":"summary_large_image","twitter_misc":{"Escrito por":"Sa\u00fal Hern\u00e1ndez","Tiempo de lectura":"1 minuto"},"schema":{"@context":"https:\/\/schema.org","@graph":[{"@type":"WebPage","@id":"https:\/\/thepueblatimes.mx\/index.php\/2025\/03\/28\/en-cuautlancingo-habitantes-del-fraccionamiento-lomas-de-san-juan-exigen-suministro-de-agua\/","url":"https:\/\/thepueblatimes.mx\/index.php\/2025\/03\/28\/en-cuautlancingo-habitantes-del-fraccionamiento-lomas-de-san-juan-exigen-suministro-de-agua\/","name":"En Cuautlancingo, habitantes del fraccionamiento Lomas de San Juan exigen suministro de agua - The Puebla Times","isPartOf":{"@id":"https:\/\/thepueblatimes.mx\/#website"},"datePublished":"2025-03-28T22:22:20+00:00","dateModified":"2025-03-28T22:23:14+00:00","author":{"@id":"https:\/\/thepueblatimes.mx\/#\/schema\/person\/1664894c2f65ce2c7a08d8f5f905c13c"},"breadcrumb":{"@id":"https:\/\/thepueblatimes.mx\/index.php\/2025\/03\/28\/en-cuautlancingo-habitantes-del-fraccionamiento-lomas-de-san-juan-exigen-suministro-de-agua\/#breadcrumb"},"inLanguage":"es","potentialAction":[{"@type":"ReadAction","target":["https:\/\/thepueblatimes.mx\/index.php\/2025\/03\/28\/en-cuautlancingo-habitantes-del-fraccionamiento-lomas-de-san-juan-exigen-suministro-de-agua\/"]}]},{"@type":"BreadcrumbList","@id":"https:\/\/thepueblatimes.mx\/index.php\/2025\/03\/28\/en-cuautlancingo-habitantes-del-fraccionamiento-lomas-de-san-juan-exigen-suministro-de-agua\/#breadcrumb","itemListElement":[{"@type":"ListItem","position":1,"name":"Portada","item":"https:\/\/thepueblatimes.mx\/"},{"@type":"ListItem","position":2,"name":"En Cuautlancingo, habitantes del fraccionamiento Lomas de San Juan exigen suministro de agua"}]},{"@type":"WebSite","@id":"https:\/\/thepueblatimes.mx\/#website","url":"https:\/\/thepueblatimes.mx\/","name":"The Puebla Times","description":"Noticias del Estado de Puebla","potentialAction":[{"@type":"SearchAction","target":{"@type":"EntryPoint","urlTemplate":"https:\/\/thepueblatimes.mx\/?s={search_term_string}"},"query-input":"required name=search_term_string"}],"inLanguage":"es"},{"@type":"Person","@id":"https:\/\/thepueblatimes.mx\/#\/schema\/person\/1664894c2f65ce2c7a08d8f5f905c13c","name":"Sa\u00fal Hern\u00e1ndez","image":{"@type":"ImageObject","inLanguage":"es","@id":"https:\/\/thepueblatimes.mx\/#\/schema\/person\/image\/","url":"https:\/\/secure.gravatar.com\/avatar\/11be338693f243309532caad8f10c930?s=96&d=mm&r=g","contentUrl":"https:\/\/secure.gravatar.com\/avatar\/11be338693f243309532caad8f10c930?s=96&d=mm&r=g","caption":"Sa\u00fal Hern\u00e1ndez"},"url":"https:\/\/thepueblatimes.mx\/index.php\/author\/saulhernandez\/"}]}},"jetpack_featured_media_url":"https:\/\/thepueblatimes.mx\/wp-content\/uploads\/2025\/03\/Omar-Munoz-da-banderazo-de-inicio-a-importante-acceso-al-municipio-sobre-Periferico-Ecologico.webp","_links":{"self":[{"href":"https:\/\/thepueblatimes.mx\/index.php\/wp-json\/wp\/v2\/posts\/28677"}],"collection":[{"href":"https:\/\/thepueblatimes.mx\/index.php\/wp-json\/wp\/v2\/posts"}],"about":[{"href":"https:\/\/thepueblatimes.mx\/index.php\/wp-json\/wp\/v2\/types\/post"}],"author":[{"embeddable":true,"href":"https:\/\/thepueblatimes.mx\/index.php\/wp-json\/wp\/v2\/users\/16"}],"replies":[{"embeddable":true,"href":"https:\/\/thepueblatimes.mx\/index.php\/wp-json\/wp\/v2\/comments?post=28677"}],"version-history":[{"count":1,"href":"https:\/\/thepueblatimes.mx\/index.php\/wp-json\/wp\/v2\/posts\/28677\/revisions"}],"predecessor-version":[{"id":28679,"href":"https:\/\/thepueblatimes.mx\/index.php\/wp-json\/wp\/v2\/posts\/28677\/revisions\/28679"}],"wp:featuredmedia":[{"embeddable":true,"href":"https:\/\/thepueblatimes.mx\/index.php\/wp-json\/wp\/v2\/media\/28678"}],"wp:attachment":[{"href":"https:\/\/thepueblatimes.mx\/index.php\/wp-json\/wp\/v2\/media?parent=28677"}],"wp:term":[{"taxonomy":"category","embeddable":true,"href":"https:\/\/thepueblatimes.mx\/index.php\/wp-json\/wp\/v2\/categories?post=28677"},{"taxonomy":"post_tag","embeddable":true,"href":"https:\/\/thepueblatimes.mx\/index.php\/wp-json\/wp\/v2\/tags?post=28677"}],"curies":[{"name":"wp","href":"https:\/\/api.w.org\/{rel}","templated":true}]}}