{"id":28633,"date":"2025-03-26T11:34:33","date_gmt":"2025-03-26T17:34:33","guid":{"rendered":"https:\/\/thepueblatimes.mx\/?p=28633"},"modified":"2025-03-26T11:34:52","modified_gmt":"2025-03-26T17:34:52","slug":"ante-la-incapacidad-del-edil-de-cuautlancingo-crean-guardias-comunitarias","status":"publish","type":"post","link":"https:\/\/thepueblatimes.mx\/index.php\/2025\/03\/26\/ante-la-incapacidad-del-edil-de-cuautlancingo-crean-guardias-comunitarias\/","title":{"rendered":"Ante la incapacidad del edil de Cuautlancingo, crean Guardias Comunitarias"},"content":{"rendered":"<p>POR FRED ESTRADA<\/p>\n<p>El hartazgo y la desesperaci\u00f3n social en Cuautlancingo llevan a sus habitantes a crear guardias comunitarias, ante la incapacidad de las autoridades municipales.<\/p>\n<p>Derivado de la incapacidad de Omar Mu\u00f1oz, como edil y de la polic\u00eda municipal, para garantizar la seguridad de los habitantes de Cuautlancingo, habitantes de la colonia Nueva Alemania conformaron un grupo de guardias comunitarias<br \/>\nEl prop\u00f3sito es vigilar, durante las noches, las calles de esa colonia en principio, aunque a lo largo, es posible que se amplie el n\u00famero de guardias comunitarias en otras colonias y en las juntas auxiliares de Cuautlancingo.<\/p>\n<p>Lo evidente es que el hartazgo y la desesperaci\u00f3n social en Cuautlancingo llevaron a sus habitantes a crear guardias comunitarias, ante la incapacidad de las autoridades municipales<br \/>\nDe acuerdo a informaci\u00f3n difundida por e-consulta, los rondines comenzaron la madrugada del martes 25 de marzo.<\/p>\n<p>Los integrantes de la guardia comunitaria recorren las calles, con palos y piedras, en busca de eventuales delincuentes.<\/p>\n<p>De acuerdo a trascendidos, cuentan con la filiaci\u00f3n de algunos de los posibles delincuentes, a partir de im\u00e1genes que han captado algunas c\u00e1maras de vigilancia.<br \/>\nPero pese al ambiente de inseguridad, las autoridades policiales del municipio a cargo de Omar Mu\u00f1oz no han actuado, desde el punto de vista los vecinos para detener a los responsables, por lo que decidieron conformarse en guardia comunitaria.<\/p>\n<p>Perciben que falta vigilancia y recorridos policiales, por lo que ellos optaron por actuar.<\/p>\n","protected":false},"excerpt":{"rendered":"<p>POR FRED ESTRADA El hartazgo y la desesperaci\u00f3n social en Cuautlancingo llevan a sus habitantes a crear guardias comunitarias, ante la incapacidad de las autoridades municipales. Derivado de la incapacidad de Omar Mu\u00f1oz, como edil y de la polic\u00eda municipal, para garantizar la seguridad de los habitantes de Cuautlancingo, habitantes de la colonia Nueva Alemania&#8230;<\/p>\n","protected":false},"author":16,"featured_media":28634,"comment_status":"closed","ping_status":"closed","sticky":false,"template":"","format":"standard","meta":[],"categories":[542],"tags":[343,467,260,2541],"yoast_head":"<!-- This site is optimized with the Yoast SEO plugin v20.8 - https:\/\/yoast.com\/wordpress\/plugins\/seo\/ -->\n<title>Ante la incapacidad del edil de Cuautlancingo, crean Guardias Comunitarias - The Puebla Times<\/title>\n<meta name=\"robots\" content=\"index, follow, max-snippet:-1, max-image-preview:large, max-video-preview:-1\" \/>\n<link rel=\"canonical\" href=\"https:\/\/thepueblatimes.mx\/index.php\/2025\/03\/26\/ante-la-incapacidad-del-edil-de-cuautlancingo-crean-guardias-comunitarias\/\" \/>\n<meta property=\"og:locale\" content=\"es_ES\" \/>\n<meta property=\"og:type\" content=\"article\" \/>\n<meta property=\"og:title\" content=\"Ante la incapacidad del edil de Cuautlancingo, crean Guardias Comunitarias - The Puebla Times\" \/>\n<meta property=\"og:description\" content=\"POR FRED ESTRADA El hartazgo y la desesperaci\u00f3n social en Cuautlancingo llevan a sus habitantes a crear guardias comunitarias, ante la incapacidad de las autoridades municipales. Derivado de la incapacidad de Omar Mu\u00f1oz, como edil y de la polic\u00eda municipal, para garantizar la seguridad de los habitantes de Cuautlancingo, habitantes de la colonia Nueva Alemania...\" \/>\n<meta property=\"og:url\" content=\"https:\/\/thepueblatimes.mx\/index.php\/2025\/03\/26\/ante-la-incapacidad-del-edil-de-cuautlancingo-crean-guardias-comunitarias\/\" \/>\n<meta property=\"og:site_name\" content=\"The Puebla Times\" \/>\n<meta property=\"article:published_time\" content=\"2025-03-26T17:34:33+00:00\" \/>\n<meta property=\"article:modified_time\" content=\"2025-03-26T17:34:52+00:00\" \/>\n<meta property=\"og:image\" content=\"https:\/\/thepueblatimes.mx\/wp-content\/uploads\/2025\/03\/habitantes_de_cuautlancingo_crean_guardias_comunitarias_ante_inseguridad_1.webp\" \/>\n\t<meta property=\"og:image:width\" content=\"640\" \/>\n\t<meta property=\"og:image:height\" content=\"426\" \/>\n\t<meta property=\"og:image:type\" content=\"image\/webp\" \/>\n<meta name=\"author\" content=\"Sa\u00fal Hern\u00e1ndez\" \/>\n<meta name=\"twitter:card\" content=\"summary_large_image\" \/>\n<meta name=\"twitter:label1\" content=\"Escrito por\" \/>\n\t<meta name=\"twitter:data1\" content=\"Sa\u00fal Hern\u00e1ndez\" \/>\n\t<meta name=\"twitter:label2\" content=\"Tiempo de lectura\" \/>\n\t<meta name=\"twitter:data2\" content=\"2 minutos\" \/>\n<script type=\"application\/ld+json\" class=\"yoast-schema-graph\">{\"@context\":\"https:\/\/schema.org\",\"@graph\":[{\"@type\":\"WebPage\",\"@id\":\"https:\/\/thepueblatimes.mx\/index.php\/2025\/03\/26\/ante-la-incapacidad-del-edil-de-cuautlancingo-crean-guardias-comunitarias\/\",\"url\":\"https:\/\/thepueblatimes.mx\/index.php\/2025\/03\/26\/ante-la-incapacidad-del-edil-de-cuautlancingo-crean-guardias-comunitarias\/\",\"name\":\"Ante la incapacidad del edil de Cuautlancingo, crean Guardias Comunitarias - The Puebla Times\",\"isPartOf\":{\"@id\":\"https:\/\/thepueblatimes.mx\/#website\"},\"datePublished\":\"2025-03-26T17:34:33+00:00\",\"dateModified\":\"2025-03-26T17:34:52+00:00\",\"author\":{\"@id\":\"https:\/\/thepueblatimes.mx\/#\/schema\/person\/1664894c2f65ce2c7a08d8f5f905c13c\"},\"breadcrumb\":{\"@id\":\"https:\/\/thepueblatimes.mx\/index.php\/2025\/03\/26\/ante-la-incapacidad-del-edil-de-cuautlancingo-crean-guardias-comunitarias\/#breadcrumb\"},\"inLanguage\":\"es\",\"potentialAction\":[{\"@type\":\"ReadAction\",\"target\":[\"https:\/\/thepueblatimes.mx\/index.php\/2025\/03\/26\/ante-la-incapacidad-del-edil-de-cuautlancingo-crean-guardias-comunitarias\/\"]}]},{\"@type\":\"BreadcrumbList\",\"@id\":\"https:\/\/thepueblatimes.mx\/index.php\/2025\/03\/26\/ante-la-incapacidad-del-edil-de-cuautlancingo-crean-guardias-comunitarias\/#breadcrumb\",\"itemListElement\":[{\"@type\":\"ListItem\",\"position\":1,\"name\":\"Portada\",\"item\":\"https:\/\/thepueblatimes.mx\/\"},{\"@type\":\"ListItem\",\"position\":2,\"name\":\"Ante la incapacidad del edil de Cuautlancingo, crean Guardias Comunitarias\"}]},{\"@type\":\"WebSite\",\"@id\":\"https:\/\/thepueblatimes.mx\/#website\",\"url\":\"https:\/\/thepueblatimes.mx\/\",\"name\":\"The Puebla Times\",\"description\":\"Noticias del Estado de Puebla\",\"potentialAction\":[{\"@type\":\"SearchAction\",\"target\":{\"@type\":\"EntryPoint\",\"urlTemplate\":\"https:\/\/thepueblatimes.mx\/?s={search_term_string}\"},\"query-input\":\"required name=search_term_string\"}],\"inLanguage\":\"es\"},{\"@type\":\"Person\",\"@id\":\"https:\/\/thepueblatimes.mx\/#\/schema\/person\/1664894c2f65ce2c7a08d8f5f905c13c\",\"name\":\"Sa\u00fal Hern\u00e1ndez\",\"image\":{\"@type\":\"ImageObject\",\"inLanguage\":\"es\",\"@id\":\"https:\/\/thepueblatimes.mx\/#\/schema\/person\/image\/\",\"url\":\"https:\/\/secure.gravatar.com\/avatar\/11be338693f243309532caad8f10c930?s=96&d=mm&r=g\",\"contentUrl\":\"https:\/\/secure.gravatar.com\/avatar\/11be338693f243309532caad8f10c930?s=96&d=mm&r=g\",\"caption\":\"Sa\u00fal Hern\u00e1ndez\"},\"url\":\"https:\/\/thepueblatimes.mx\/index.php\/author\/saulhernandez\/\"}]}<\/script>\n<!-- \/ Yoast SEO plugin. -->","yoast_head_json":{"title":"Ante la incapacidad del edil de Cuautlancingo, crean Guardias Comunitarias - The Puebla Times","robots":{"index":"index","follow":"follow","max-snippet":"max-snippet:-1","max-image-preview":"max-image-preview:large","max-video-preview":"max-video-preview:-1"},"canonical":"https:\/\/thepueblatimes.mx\/index.php\/2025\/03\/26\/ante-la-incapacidad-del-edil-de-cuautlancingo-crean-guardias-comunitarias\/","og_locale":"es_ES","og_type":"article","og_title":"Ante la incapacidad del edil de Cuautlancingo, crean Guardias Comunitarias - The Puebla Times","og_description":"POR FRED ESTRADA El hartazgo y la desesperaci\u00f3n social en Cuautlancingo llevan a sus habitantes a crear guardias comunitarias, ante la incapacidad de las autoridades municipales. Derivado de la incapacidad de Omar Mu\u00f1oz, como edil y de la polic\u00eda municipal, para garantizar la seguridad de los habitantes de Cuautlancingo, habitantes de la colonia Nueva Alemania...","og_url":"https:\/\/thepueblatimes.mx\/index.php\/2025\/03\/26\/ante-la-incapacidad-del-edil-de-cuautlancingo-crean-guardias-comunitarias\/","og_site_name":"The Puebla Times","article_published_time":"2025-03-26T17:34:33+00:00","article_modified_time":"2025-03-26T17:34:52+00:00","og_image":[{"width":640,"height":426,"url":"https:\/\/thepueblatimes.mx\/wp-content\/uploads\/2025\/03\/habitantes_de_cuautlancingo_crean_guardias_comunitarias_ante_inseguridad_1.webp","type":"image\/webp"}],"author":"Sa\u00fal Hern\u00e1ndez","twitter_card":"summary_large_image","twitter_misc":{"Escrito por":"Sa\u00fal Hern\u00e1ndez","Tiempo de lectura":"2 minutos"},"schema":{"@context":"https:\/\/schema.org","@graph":[{"@type":"WebPage","@id":"https:\/\/thepueblatimes.mx\/index.php\/2025\/03\/26\/ante-la-incapacidad-del-edil-de-cuautlancingo-crean-guardias-comunitarias\/","url":"https:\/\/thepueblatimes.mx\/index.php\/2025\/03\/26\/ante-la-incapacidad-del-edil-de-cuautlancingo-crean-guardias-comunitarias\/","name":"Ante la incapacidad del edil de Cuautlancingo, crean Guardias Comunitarias - The Puebla Times","isPartOf":{"@id":"https:\/\/thepueblatimes.mx\/#website"},"datePublished":"2025-03-26T17:34:33+00:00","dateModified":"2025-03-26T17:34:52+00:00","author":{"@id":"https:\/\/thepueblatimes.mx\/#\/schema\/person\/1664894c2f65ce2c7a08d8f5f905c13c"},"breadcrumb":{"@id":"https:\/\/thepueblatimes.mx\/index.php\/2025\/03\/26\/ante-la-incapacidad-del-edil-de-cuautlancingo-crean-guardias-comunitarias\/#breadcrumb"},"inLanguage":"es","potentialAction":[{"@type":"ReadAction","target":["https:\/\/thepueblatimes.mx\/index.php\/2025\/03\/26\/ante-la-incapacidad-del-edil-de-cuautlancingo-crean-guardias-comunitarias\/"]}]},{"@type":"BreadcrumbList","@id":"https:\/\/thepueblatimes.mx\/index.php\/2025\/03\/26\/ante-la-incapacidad-del-edil-de-cuautlancingo-crean-guardias-comunitarias\/#breadcrumb","itemListElement":[{"@type":"ListItem","position":1,"name":"Portada","item":"https:\/\/thepueblatimes.mx\/"},{"@type":"ListItem","position":2,"name":"Ante la incapacidad del edil de Cuautlancingo, crean Guardias Comunitarias"}]},{"@type":"WebSite","@id":"https:\/\/thepueblatimes.mx\/#website","url":"https:\/\/thepueblatimes.mx\/","name":"The Puebla Times","description":"Noticias del Estado de Puebla","potentialAction":[{"@type":"SearchAction","target":{"@type":"EntryPoint","urlTemplate":"https:\/\/thepueblatimes.mx\/?s={search_term_string}"},"query-input":"required name=search_term_string"}],"inLanguage":"es"},{"@type":"Person","@id":"https:\/\/thepueblatimes.mx\/#\/schema\/person\/1664894c2f65ce2c7a08d8f5f905c13c","name":"Sa\u00fal Hern\u00e1ndez","image":{"@type":"ImageObject","inLanguage":"es","@id":"https:\/\/thepueblatimes.mx\/#\/schema\/person\/image\/","url":"https:\/\/secure.gravatar.com\/avatar\/11be338693f243309532caad8f10c930?s=96&d=mm&r=g","contentUrl":"https:\/\/secure.gravatar.com\/avatar\/11be338693f243309532caad8f10c930?s=96&d=mm&r=g","caption":"Sa\u00fal Hern\u00e1ndez"},"url":"https:\/\/thepueblatimes.mx\/index.php\/author\/saulhernandez\/"}]}},"jetpack_featured_media_url":"https:\/\/thepueblatimes.mx\/wp-content\/uploads\/2025\/03\/habitantes_de_cuautlancingo_crean_guardias_comunitarias_ante_inseguridad_1.webp","_links":{"self":[{"href":"https:\/\/thepueblatimes.mx\/index.php\/wp-json\/wp\/v2\/posts\/28633"}],"collection":[{"href":"https:\/\/thepueblatimes.mx\/index.php\/wp-json\/wp\/v2\/posts"}],"about":[{"href":"https:\/\/thepueblatimes.mx\/index.php\/wp-json\/wp\/v2\/types\/post"}],"author":[{"embeddable":true,"href":"https:\/\/thepueblatimes.mx\/index.php\/wp-json\/wp\/v2\/users\/16"}],"replies":[{"embeddable":true,"href":"https:\/\/thepueblatimes.mx\/index.php\/wp-json\/wp\/v2\/comments?post=28633"}],"version-history":[{"count":2,"href":"https:\/\/thepueblatimes.mx\/index.php\/wp-json\/wp\/v2\/posts\/28633\/revisions"}],"predecessor-version":[{"id":28636,"href":"https:\/\/thepueblatimes.mx\/index.php\/wp-json\/wp\/v2\/posts\/28633\/revisions\/28636"}],"wp:featuredmedia":[{"embeddable":true,"href":"https:\/\/thepueblatimes.mx\/index.php\/wp-json\/wp\/v2\/media\/28634"}],"wp:attachment":[{"href":"https:\/\/thepueblatimes.mx\/index.php\/wp-json\/wp\/v2\/media?parent=28633"}],"wp:term":[{"taxonomy":"category","embeddable":true,"href":"https:\/\/thepueblatimes.mx\/index.php\/wp-json\/wp\/v2\/categories?post=28633"},{"taxonomy":"post_tag","embeddable":true,"href":"https:\/\/thepueblatimes.mx\/index.php\/wp-json\/wp\/v2\/tags?post=28633"}],"curies":[{"name":"wp","href":"https:\/\/api.w.org\/{rel}","templated":true}]}}