{"id":28602,"date":"2025-03-24T15:53:07","date_gmt":"2025-03-24T21:53:07","guid":{"rendered":"https:\/\/thepueblatimes.mx\/?p=28602"},"modified":"2025-03-24T15:53:07","modified_gmt":"2025-03-24T21:53:07","slug":"la-rectora-lilia-cedillo-visito-la-facultad-de-comunicacion","status":"publish","type":"post","link":"https:\/\/thepueblatimes.mx\/index.php\/2025\/03\/24\/la-rectora-lilia-cedillo-visito-la-facultad-de-comunicacion\/","title":{"rendered":"La rectora Lilia Cedillo visit\u00f3 la Facultad de Comunicaci\u00f3n"},"content":{"rendered":"<p>POR FRED ESTRADA<\/p>\n<p>En el primer d\u00eda de regreso a actividades presenciales convers\u00f3 con los estudiantes.<\/p>\n<p>Durante un recorrido que realiz\u00f3 por las instalaciones de la Facultad de Comunicaci\u00f3n de la Benem\u00e9rita Universidad Aut\u00f3noma de Puebla (BUAP), la rectora Lilia Cedillo expres\u00f3 que \u201clos j\u00f3venes ya estaban ansiosos de regresar a las clases presenciales\u201d<\/p>\n<p>Agreg\u00f3 \u201chay que decirlo claramente no hay como la presencialidad a nivel docente. Yo soy maestra y s\u00e9 que cuesta mucho trabajo mantener a lo chicos atentos en las clases virtuales y ellos lo valoran\u201d.<\/p>\n<p>Indic\u00f3 que a su regreso se dan cuenta de las mejoras que ha habido a su Facultad y se dan cuenta tambi\u00e9n de que es un trabajo en conjunto.<br \/>\n\u201cSon chicos muy responsables, muy maduros, creo que eso hay que reconocerles y con muy buen \u00e1nimo de regresar\u201d, dijo.<\/p>\n<p>A lo largo de su recorrido la rectora Lilia Cedillo di\u00e1logo en repetidas ocasiones con varios grupos de estudiantes.<\/p>\n<p>Tambi\u00e9n recorri\u00f3 las instalaciones de la Facultad de Contadur\u00eda.<\/p>\n","protected":false},"excerpt":{"rendered":"<p>POR FRED ESTRADA En el primer d\u00eda de regreso a actividades presenciales convers\u00f3 con los estudiantes. Durante un recorrido que realiz\u00f3 por las instalaciones de la Facultad de Comunicaci\u00f3n de la Benem\u00e9rita Universidad Aut\u00f3noma de Puebla (BUAP), la rectora Lilia Cedillo expres\u00f3 que \u201clos j\u00f3venes ya estaban ansiosos de regresar a las clases presenciales\u201d Agreg\u00f3&#8230;<\/p>\n","protected":false},"author":16,"featured_media":28603,"comment_status":"closed","ping_status":"closed","sticky":false,"template":"","format":"standard","meta":[],"categories":[2016],"tags":[140,3399,1316,2205],"yoast_head":"<!-- This site is optimized with the Yoast SEO plugin v20.8 - https:\/\/yoast.com\/wordpress\/plugins\/seo\/ -->\n<title>La rectora Lilia Cedillo visit\u00f3 la Facultad de Comunicaci\u00f3n - The Puebla Times<\/title>\n<meta name=\"robots\" content=\"index, follow, max-snippet:-1, max-image-preview:large, max-video-preview:-1\" \/>\n<link rel=\"canonical\" href=\"https:\/\/thepueblatimes.mx\/index.php\/2025\/03\/24\/la-rectora-lilia-cedillo-visito-la-facultad-de-comunicacion\/\" \/>\n<meta property=\"og:locale\" content=\"es_ES\" \/>\n<meta property=\"og:type\" content=\"article\" \/>\n<meta property=\"og:title\" content=\"La rectora Lilia Cedillo visit\u00f3 la Facultad de Comunicaci\u00f3n - The Puebla Times\" \/>\n<meta property=\"og:description\" content=\"POR FRED ESTRADA En el primer d\u00eda de regreso a actividades presenciales convers\u00f3 con los estudiantes. Durante un recorrido que realiz\u00f3 por las instalaciones de la Facultad de Comunicaci\u00f3n de la Benem\u00e9rita Universidad Aut\u00f3noma de Puebla (BUAP), la rectora Lilia Cedillo expres\u00f3 que \u201clos j\u00f3venes ya estaban ansiosos de regresar a las clases presenciales\u201d Agreg\u00f3...\" \/>\n<meta property=\"og:url\" content=\"https:\/\/thepueblatimes.mx\/index.php\/2025\/03\/24\/la-rectora-lilia-cedillo-visito-la-facultad-de-comunicacion\/\" \/>\n<meta property=\"og:site_name\" content=\"The Puebla Times\" \/>\n<meta property=\"article:published_time\" content=\"2025-03-24T21:53:07+00:00\" \/>\n<meta property=\"og:image\" content=\"https:\/\/thepueblatimes.mx\/wp-content\/uploads\/2025\/03\/WhatsApp-Image-2021-04-21-at-10.45.59-3.jpeg\" \/>\n\t<meta property=\"og:image:width\" content=\"1024\" \/>\n\t<meta property=\"og:image:height\" content=\"768\" \/>\n\t<meta property=\"og:image:type\" content=\"image\/jpeg\" \/>\n<meta name=\"author\" content=\"Sa\u00fal Hern\u00e1ndez\" \/>\n<meta name=\"twitter:card\" content=\"summary_large_image\" \/>\n<meta name=\"twitter:label1\" content=\"Escrito por\" \/>\n\t<meta name=\"twitter:data1\" content=\"Sa\u00fal Hern\u00e1ndez\" \/>\n\t<meta name=\"twitter:label2\" content=\"Tiempo de lectura\" \/>\n\t<meta name=\"twitter:data2\" content=\"1 minuto\" \/>\n<script type=\"application\/ld+json\" class=\"yoast-schema-graph\">{\"@context\":\"https:\/\/schema.org\",\"@graph\":[{\"@type\":\"WebPage\",\"@id\":\"https:\/\/thepueblatimes.mx\/index.php\/2025\/03\/24\/la-rectora-lilia-cedillo-visito-la-facultad-de-comunicacion\/\",\"url\":\"https:\/\/thepueblatimes.mx\/index.php\/2025\/03\/24\/la-rectora-lilia-cedillo-visito-la-facultad-de-comunicacion\/\",\"name\":\"La rectora Lilia Cedillo visit\u00f3 la Facultad de Comunicaci\u00f3n - The Puebla Times\",\"isPartOf\":{\"@id\":\"https:\/\/thepueblatimes.mx\/#website\"},\"datePublished\":\"2025-03-24T21:53:07+00:00\",\"dateModified\":\"2025-03-24T21:53:07+00:00\",\"author\":{\"@id\":\"https:\/\/thepueblatimes.mx\/#\/schema\/person\/1664894c2f65ce2c7a08d8f5f905c13c\"},\"breadcrumb\":{\"@id\":\"https:\/\/thepueblatimes.mx\/index.php\/2025\/03\/24\/la-rectora-lilia-cedillo-visito-la-facultad-de-comunicacion\/#breadcrumb\"},\"inLanguage\":\"es\",\"potentialAction\":[{\"@type\":\"ReadAction\",\"target\":[\"https:\/\/thepueblatimes.mx\/index.php\/2025\/03\/24\/la-rectora-lilia-cedillo-visito-la-facultad-de-comunicacion\/\"]}]},{\"@type\":\"BreadcrumbList\",\"@id\":\"https:\/\/thepueblatimes.mx\/index.php\/2025\/03\/24\/la-rectora-lilia-cedillo-visito-la-facultad-de-comunicacion\/#breadcrumb\",\"itemListElement\":[{\"@type\":\"ListItem\",\"position\":1,\"name\":\"Portada\",\"item\":\"https:\/\/thepueblatimes.mx\/\"},{\"@type\":\"ListItem\",\"position\":2,\"name\":\"La rectora Lilia Cedillo visit\u00f3 la Facultad de Comunicaci\u00f3n\"}]},{\"@type\":\"WebSite\",\"@id\":\"https:\/\/thepueblatimes.mx\/#website\",\"url\":\"https:\/\/thepueblatimes.mx\/\",\"name\":\"The Puebla Times\",\"description\":\"Noticias del Estado de Puebla\",\"potentialAction\":[{\"@type\":\"SearchAction\",\"target\":{\"@type\":\"EntryPoint\",\"urlTemplate\":\"https:\/\/thepueblatimes.mx\/?s={search_term_string}\"},\"query-input\":\"required name=search_term_string\"}],\"inLanguage\":\"es\"},{\"@type\":\"Person\",\"@id\":\"https:\/\/thepueblatimes.mx\/#\/schema\/person\/1664894c2f65ce2c7a08d8f5f905c13c\",\"name\":\"Sa\u00fal Hern\u00e1ndez\",\"image\":{\"@type\":\"ImageObject\",\"inLanguage\":\"es\",\"@id\":\"https:\/\/thepueblatimes.mx\/#\/schema\/person\/image\/\",\"url\":\"https:\/\/secure.gravatar.com\/avatar\/11be338693f243309532caad8f10c930?s=96&d=mm&r=g\",\"contentUrl\":\"https:\/\/secure.gravatar.com\/avatar\/11be338693f243309532caad8f10c930?s=96&d=mm&r=g\",\"caption\":\"Sa\u00fal Hern\u00e1ndez\"},\"url\":\"https:\/\/thepueblatimes.mx\/index.php\/author\/saulhernandez\/\"}]}<\/script>\n<!-- \/ Yoast SEO plugin. -->","yoast_head_json":{"title":"La rectora Lilia Cedillo visit\u00f3 la Facultad de Comunicaci\u00f3n - The Puebla Times","robots":{"index":"index","follow":"follow","max-snippet":"max-snippet:-1","max-image-preview":"max-image-preview:large","max-video-preview":"max-video-preview:-1"},"canonical":"https:\/\/thepueblatimes.mx\/index.php\/2025\/03\/24\/la-rectora-lilia-cedillo-visito-la-facultad-de-comunicacion\/","og_locale":"es_ES","og_type":"article","og_title":"La rectora Lilia Cedillo visit\u00f3 la Facultad de Comunicaci\u00f3n - The Puebla Times","og_description":"POR FRED ESTRADA En el primer d\u00eda de regreso a actividades presenciales convers\u00f3 con los estudiantes. Durante un recorrido que realiz\u00f3 por las instalaciones de la Facultad de Comunicaci\u00f3n de la Benem\u00e9rita Universidad Aut\u00f3noma de Puebla (BUAP), la rectora Lilia Cedillo expres\u00f3 que \u201clos j\u00f3venes ya estaban ansiosos de regresar a las clases presenciales\u201d Agreg\u00f3...","og_url":"https:\/\/thepueblatimes.mx\/index.php\/2025\/03\/24\/la-rectora-lilia-cedillo-visito-la-facultad-de-comunicacion\/","og_site_name":"The Puebla Times","article_published_time":"2025-03-24T21:53:07+00:00","og_image":[{"width":1024,"height":768,"url":"https:\/\/thepueblatimes.mx\/wp-content\/uploads\/2025\/03\/WhatsApp-Image-2021-04-21-at-10.45.59-3.jpeg","type":"image\/jpeg"}],"author":"Sa\u00fal Hern\u00e1ndez","twitter_card":"summary_large_image","twitter_misc":{"Escrito por":"Sa\u00fal Hern\u00e1ndez","Tiempo de lectura":"1 minuto"},"schema":{"@context":"https:\/\/schema.org","@graph":[{"@type":"WebPage","@id":"https:\/\/thepueblatimes.mx\/index.php\/2025\/03\/24\/la-rectora-lilia-cedillo-visito-la-facultad-de-comunicacion\/","url":"https:\/\/thepueblatimes.mx\/index.php\/2025\/03\/24\/la-rectora-lilia-cedillo-visito-la-facultad-de-comunicacion\/","name":"La rectora Lilia Cedillo visit\u00f3 la Facultad de Comunicaci\u00f3n - The Puebla Times","isPartOf":{"@id":"https:\/\/thepueblatimes.mx\/#website"},"datePublished":"2025-03-24T21:53:07+00:00","dateModified":"2025-03-24T21:53:07+00:00","author":{"@id":"https:\/\/thepueblatimes.mx\/#\/schema\/person\/1664894c2f65ce2c7a08d8f5f905c13c"},"breadcrumb":{"@id":"https:\/\/thepueblatimes.mx\/index.php\/2025\/03\/24\/la-rectora-lilia-cedillo-visito-la-facultad-de-comunicacion\/#breadcrumb"},"inLanguage":"es","potentialAction":[{"@type":"ReadAction","target":["https:\/\/thepueblatimes.mx\/index.php\/2025\/03\/24\/la-rectora-lilia-cedillo-visito-la-facultad-de-comunicacion\/"]}]},{"@type":"BreadcrumbList","@id":"https:\/\/thepueblatimes.mx\/index.php\/2025\/03\/24\/la-rectora-lilia-cedillo-visito-la-facultad-de-comunicacion\/#breadcrumb","itemListElement":[{"@type":"ListItem","position":1,"name":"Portada","item":"https:\/\/thepueblatimes.mx\/"},{"@type":"ListItem","position":2,"name":"La rectora Lilia Cedillo visit\u00f3 la Facultad de Comunicaci\u00f3n"}]},{"@type":"WebSite","@id":"https:\/\/thepueblatimes.mx\/#website","url":"https:\/\/thepueblatimes.mx\/","name":"The Puebla Times","description":"Noticias del Estado de Puebla","potentialAction":[{"@type":"SearchAction","target":{"@type":"EntryPoint","urlTemplate":"https:\/\/thepueblatimes.mx\/?s={search_term_string}"},"query-input":"required name=search_term_string"}],"inLanguage":"es"},{"@type":"Person","@id":"https:\/\/thepueblatimes.mx\/#\/schema\/person\/1664894c2f65ce2c7a08d8f5f905c13c","name":"Sa\u00fal Hern\u00e1ndez","image":{"@type":"ImageObject","inLanguage":"es","@id":"https:\/\/thepueblatimes.mx\/#\/schema\/person\/image\/","url":"https:\/\/secure.gravatar.com\/avatar\/11be338693f243309532caad8f10c930?s=96&d=mm&r=g","contentUrl":"https:\/\/secure.gravatar.com\/avatar\/11be338693f243309532caad8f10c930?s=96&d=mm&r=g","caption":"Sa\u00fal Hern\u00e1ndez"},"url":"https:\/\/thepueblatimes.mx\/index.php\/author\/saulhernandez\/"}]}},"jetpack_featured_media_url":"https:\/\/thepueblatimes.mx\/wp-content\/uploads\/2025\/03\/WhatsApp-Image-2021-04-21-at-10.45.59-3.jpeg","_links":{"self":[{"href":"https:\/\/thepueblatimes.mx\/index.php\/wp-json\/wp\/v2\/posts\/28602"}],"collection":[{"href":"https:\/\/thepueblatimes.mx\/index.php\/wp-json\/wp\/v2\/posts"}],"about":[{"href":"https:\/\/thepueblatimes.mx\/index.php\/wp-json\/wp\/v2\/types\/post"}],"author":[{"embeddable":true,"href":"https:\/\/thepueblatimes.mx\/index.php\/wp-json\/wp\/v2\/users\/16"}],"replies":[{"embeddable":true,"href":"https:\/\/thepueblatimes.mx\/index.php\/wp-json\/wp\/v2\/comments?post=28602"}],"version-history":[{"count":1,"href":"https:\/\/thepueblatimes.mx\/index.php\/wp-json\/wp\/v2\/posts\/28602\/revisions"}],"predecessor-version":[{"id":28604,"href":"https:\/\/thepueblatimes.mx\/index.php\/wp-json\/wp\/v2\/posts\/28602\/revisions\/28604"}],"wp:featuredmedia":[{"embeddable":true,"href":"https:\/\/thepueblatimes.mx\/index.php\/wp-json\/wp\/v2\/media\/28603"}],"wp:attachment":[{"href":"https:\/\/thepueblatimes.mx\/index.php\/wp-json\/wp\/v2\/media?parent=28602"}],"wp:term":[{"taxonomy":"category","embeddable":true,"href":"https:\/\/thepueblatimes.mx\/index.php\/wp-json\/wp\/v2\/categories?post=28602"},{"taxonomy":"post_tag","embeddable":true,"href":"https:\/\/thepueblatimes.mx\/index.php\/wp-json\/wp\/v2\/tags?post=28602"}],"curies":[{"name":"wp","href":"https:\/\/api.w.org\/{rel}","templated":true}]}}