{"id":28599,"date":"2025-03-24T12:46:42","date_gmt":"2025-03-24T18:46:42","guid":{"rendered":"https:\/\/thepueblatimes.mx\/?p=28599"},"modified":"2025-03-24T12:46:42","modified_gmt":"2025-03-24T18:46:42","slug":"iee-determina-asumir-el-computo-final-de-la-eleccion-extraordinaria-en-chignahuapan","status":"publish","type":"post","link":"https:\/\/thepueblatimes.mx\/index.php\/2025\/03\/24\/iee-determina-asumir-el-computo-final-de-la-eleccion-extraordinaria-en-chignahuapan\/","title":{"rendered":"IEE determina asumir el c\u00f3mputo final de la elecci\u00f3n extraordinaria en Chignahuapan"},"content":{"rendered":"<p>Lo anterior ante la falta de condiciones de seguridad para que se realice el proceso en el Consejo Municipal.<\/p>\n<p>El Consejo General del Instituto Electoral del Estado (IEE) determin\u00f3 por unanimidad, asumir el c\u00f3mputo final de la elecci\u00f3n extraordinaria de Chignahuapan.<\/p>\n<p>Ello ante la falta de condiciones de seguridad para que el proceso se realice en el Consejo Municipal.<\/p>\n<p>La jornada electoral se lleve a cabo este domingo, con la instalaci\u00f3n de 84 casillas en el municipio.<\/p>\n<p>Pero ante el clima que prevalece en Chignahuapan, el IEE opt\u00f3 por trasladar el c\u00f3mputo de votos a la ciudad de Puebla, a fin de proteger la integridad de los funcionarios electorales y garantizar el conteo de los votos.<\/p>\n","protected":false},"excerpt":{"rendered":"<p>Lo anterior ante la falta de condiciones de seguridad para que se realice el proceso en el Consejo Municipal. El Consejo General del Instituto Electoral del Estado (IEE) determin\u00f3 por unanimidad, asumir el c\u00f3mputo final de la elecci\u00f3n extraordinaria de Chignahuapan. Ello ante la falta de condiciones de seguridad para que el proceso se realice&#8230;<\/p>\n","protected":false},"author":16,"featured_media":28600,"comment_status":"closed","ping_status":"closed","sticky":false,"template":"","format":"standard","meta":[],"categories":[11],"tags":[351,3398,2508,3122,1652],"yoast_head":"<!-- This site is optimized with the Yoast SEO plugin v20.8 - https:\/\/yoast.com\/wordpress\/plugins\/seo\/ -->\n<title>IEE determina asumir el c\u00f3mputo final de la elecci\u00f3n extraordinaria en Chignahuapan - The Puebla Times<\/title>\n<meta name=\"robots\" content=\"index, follow, max-snippet:-1, max-image-preview:large, max-video-preview:-1\" \/>\n<link rel=\"canonical\" href=\"https:\/\/thepueblatimes.mx\/index.php\/2025\/03\/24\/iee-determina-asumir-el-computo-final-de-la-eleccion-extraordinaria-en-chignahuapan\/\" \/>\n<meta property=\"og:locale\" content=\"es_ES\" \/>\n<meta property=\"og:type\" content=\"article\" \/>\n<meta property=\"og:title\" content=\"IEE determina asumir el c\u00f3mputo final de la elecci\u00f3n extraordinaria en Chignahuapan - The Puebla Times\" \/>\n<meta property=\"og:description\" content=\"Lo anterior ante la falta de condiciones de seguridad para que se realice el proceso en el Consejo Municipal. El Consejo General del Instituto Electoral del Estado (IEE) determin\u00f3 por unanimidad, asumir el c\u00f3mputo final de la elecci\u00f3n extraordinaria de Chignahuapan. Ello ante la falta de condiciones de seguridad para que el proceso se realice...\" \/>\n<meta property=\"og:url\" content=\"https:\/\/thepueblatimes.mx\/index.php\/2025\/03\/24\/iee-determina-asumir-el-computo-final-de-la-eleccion-extraordinaria-en-chignahuapan\/\" \/>\n<meta property=\"og:site_name\" content=\"The Puebla Times\" \/>\n<meta property=\"article:published_time\" content=\"2025-03-24T18:46:42+00:00\" \/>\n<meta property=\"og:image\" content=\"https:\/\/thepueblatimes.mx\/wp-content\/uploads\/2025\/03\/IMG_2917-scaled-1.jpeg\" \/>\n\t<meta property=\"og:image:width\" content=\"2560\" \/>\n\t<meta property=\"og:image:height\" content=\"1707\" \/>\n\t<meta property=\"og:image:type\" content=\"image\/jpeg\" \/>\n<meta name=\"author\" content=\"Sa\u00fal Hern\u00e1ndez\" \/>\n<meta name=\"twitter:card\" content=\"summary_large_image\" \/>\n<meta name=\"twitter:label1\" content=\"Escrito por\" \/>\n\t<meta name=\"twitter:data1\" content=\"Sa\u00fal Hern\u00e1ndez\" \/>\n\t<meta name=\"twitter:label2\" content=\"Tiempo de lectura\" \/>\n\t<meta name=\"twitter:data2\" content=\"1 minuto\" \/>\n<script type=\"application\/ld+json\" class=\"yoast-schema-graph\">{\"@context\":\"https:\/\/schema.org\",\"@graph\":[{\"@type\":\"WebPage\",\"@id\":\"https:\/\/thepueblatimes.mx\/index.php\/2025\/03\/24\/iee-determina-asumir-el-computo-final-de-la-eleccion-extraordinaria-en-chignahuapan\/\",\"url\":\"https:\/\/thepueblatimes.mx\/index.php\/2025\/03\/24\/iee-determina-asumir-el-computo-final-de-la-eleccion-extraordinaria-en-chignahuapan\/\",\"name\":\"IEE determina asumir el c\u00f3mputo final de la elecci\u00f3n extraordinaria en Chignahuapan - The Puebla Times\",\"isPartOf\":{\"@id\":\"https:\/\/thepueblatimes.mx\/#website\"},\"datePublished\":\"2025-03-24T18:46:42+00:00\",\"dateModified\":\"2025-03-24T18:46:42+00:00\",\"author\":{\"@id\":\"https:\/\/thepueblatimes.mx\/#\/schema\/person\/1664894c2f65ce2c7a08d8f5f905c13c\"},\"breadcrumb\":{\"@id\":\"https:\/\/thepueblatimes.mx\/index.php\/2025\/03\/24\/iee-determina-asumir-el-computo-final-de-la-eleccion-extraordinaria-en-chignahuapan\/#breadcrumb\"},\"inLanguage\":\"es\",\"potentialAction\":[{\"@type\":\"ReadAction\",\"target\":[\"https:\/\/thepueblatimes.mx\/index.php\/2025\/03\/24\/iee-determina-asumir-el-computo-final-de-la-eleccion-extraordinaria-en-chignahuapan\/\"]}]},{\"@type\":\"BreadcrumbList\",\"@id\":\"https:\/\/thepueblatimes.mx\/index.php\/2025\/03\/24\/iee-determina-asumir-el-computo-final-de-la-eleccion-extraordinaria-en-chignahuapan\/#breadcrumb\",\"itemListElement\":[{\"@type\":\"ListItem\",\"position\":1,\"name\":\"Portada\",\"item\":\"https:\/\/thepueblatimes.mx\/\"},{\"@type\":\"ListItem\",\"position\":2,\"name\":\"IEE determina asumir el c\u00f3mputo final de la elecci\u00f3n extraordinaria en Chignahuapan\"}]},{\"@type\":\"WebSite\",\"@id\":\"https:\/\/thepueblatimes.mx\/#website\",\"url\":\"https:\/\/thepueblatimes.mx\/\",\"name\":\"The Puebla Times\",\"description\":\"Noticias del Estado de Puebla\",\"potentialAction\":[{\"@type\":\"SearchAction\",\"target\":{\"@type\":\"EntryPoint\",\"urlTemplate\":\"https:\/\/thepueblatimes.mx\/?s={search_term_string}\"},\"query-input\":\"required name=search_term_string\"}],\"inLanguage\":\"es\"},{\"@type\":\"Person\",\"@id\":\"https:\/\/thepueblatimes.mx\/#\/schema\/person\/1664894c2f65ce2c7a08d8f5f905c13c\",\"name\":\"Sa\u00fal Hern\u00e1ndez\",\"image\":{\"@type\":\"ImageObject\",\"inLanguage\":\"es\",\"@id\":\"https:\/\/thepueblatimes.mx\/#\/schema\/person\/image\/\",\"url\":\"https:\/\/secure.gravatar.com\/avatar\/11be338693f243309532caad8f10c930?s=96&d=mm&r=g\",\"contentUrl\":\"https:\/\/secure.gravatar.com\/avatar\/11be338693f243309532caad8f10c930?s=96&d=mm&r=g\",\"caption\":\"Sa\u00fal Hern\u00e1ndez\"},\"url\":\"https:\/\/thepueblatimes.mx\/index.php\/author\/saulhernandez\/\"}]}<\/script>\n<!-- \/ Yoast SEO plugin. -->","yoast_head_json":{"title":"IEE determina asumir el c\u00f3mputo final de la elecci\u00f3n extraordinaria en Chignahuapan - The Puebla Times","robots":{"index":"index","follow":"follow","max-snippet":"max-snippet:-1","max-image-preview":"max-image-preview:large","max-video-preview":"max-video-preview:-1"},"canonical":"https:\/\/thepueblatimes.mx\/index.php\/2025\/03\/24\/iee-determina-asumir-el-computo-final-de-la-eleccion-extraordinaria-en-chignahuapan\/","og_locale":"es_ES","og_type":"article","og_title":"IEE determina asumir el c\u00f3mputo final de la elecci\u00f3n extraordinaria en Chignahuapan - The Puebla Times","og_description":"Lo anterior ante la falta de condiciones de seguridad para que se realice el proceso en el Consejo Municipal. El Consejo General del Instituto Electoral del Estado (IEE) determin\u00f3 por unanimidad, asumir el c\u00f3mputo final de la elecci\u00f3n extraordinaria de Chignahuapan. Ello ante la falta de condiciones de seguridad para que el proceso se realice...","og_url":"https:\/\/thepueblatimes.mx\/index.php\/2025\/03\/24\/iee-determina-asumir-el-computo-final-de-la-eleccion-extraordinaria-en-chignahuapan\/","og_site_name":"The Puebla Times","article_published_time":"2025-03-24T18:46:42+00:00","og_image":[{"width":2560,"height":1707,"url":"https:\/\/thepueblatimes.mx\/wp-content\/uploads\/2025\/03\/IMG_2917-scaled-1.jpeg","type":"image\/jpeg"}],"author":"Sa\u00fal Hern\u00e1ndez","twitter_card":"summary_large_image","twitter_misc":{"Escrito por":"Sa\u00fal Hern\u00e1ndez","Tiempo de lectura":"1 minuto"},"schema":{"@context":"https:\/\/schema.org","@graph":[{"@type":"WebPage","@id":"https:\/\/thepueblatimes.mx\/index.php\/2025\/03\/24\/iee-determina-asumir-el-computo-final-de-la-eleccion-extraordinaria-en-chignahuapan\/","url":"https:\/\/thepueblatimes.mx\/index.php\/2025\/03\/24\/iee-determina-asumir-el-computo-final-de-la-eleccion-extraordinaria-en-chignahuapan\/","name":"IEE determina asumir el c\u00f3mputo final de la elecci\u00f3n extraordinaria en Chignahuapan - The Puebla Times","isPartOf":{"@id":"https:\/\/thepueblatimes.mx\/#website"},"datePublished":"2025-03-24T18:46:42+00:00","dateModified":"2025-03-24T18:46:42+00:00","author":{"@id":"https:\/\/thepueblatimes.mx\/#\/schema\/person\/1664894c2f65ce2c7a08d8f5f905c13c"},"breadcrumb":{"@id":"https:\/\/thepueblatimes.mx\/index.php\/2025\/03\/24\/iee-determina-asumir-el-computo-final-de-la-eleccion-extraordinaria-en-chignahuapan\/#breadcrumb"},"inLanguage":"es","potentialAction":[{"@type":"ReadAction","target":["https:\/\/thepueblatimes.mx\/index.php\/2025\/03\/24\/iee-determina-asumir-el-computo-final-de-la-eleccion-extraordinaria-en-chignahuapan\/"]}]},{"@type":"BreadcrumbList","@id":"https:\/\/thepueblatimes.mx\/index.php\/2025\/03\/24\/iee-determina-asumir-el-computo-final-de-la-eleccion-extraordinaria-en-chignahuapan\/#breadcrumb","itemListElement":[{"@type":"ListItem","position":1,"name":"Portada","item":"https:\/\/thepueblatimes.mx\/"},{"@type":"ListItem","position":2,"name":"IEE determina asumir el c\u00f3mputo final de la elecci\u00f3n extraordinaria en Chignahuapan"}]},{"@type":"WebSite","@id":"https:\/\/thepueblatimes.mx\/#website","url":"https:\/\/thepueblatimes.mx\/","name":"The Puebla Times","description":"Noticias del Estado de Puebla","potentialAction":[{"@type":"SearchAction","target":{"@type":"EntryPoint","urlTemplate":"https:\/\/thepueblatimes.mx\/?s={search_term_string}"},"query-input":"required name=search_term_string"}],"inLanguage":"es"},{"@type":"Person","@id":"https:\/\/thepueblatimes.mx\/#\/schema\/person\/1664894c2f65ce2c7a08d8f5f905c13c","name":"Sa\u00fal Hern\u00e1ndez","image":{"@type":"ImageObject","inLanguage":"es","@id":"https:\/\/thepueblatimes.mx\/#\/schema\/person\/image\/","url":"https:\/\/secure.gravatar.com\/avatar\/11be338693f243309532caad8f10c930?s=96&d=mm&r=g","contentUrl":"https:\/\/secure.gravatar.com\/avatar\/11be338693f243309532caad8f10c930?s=96&d=mm&r=g","caption":"Sa\u00fal Hern\u00e1ndez"},"url":"https:\/\/thepueblatimes.mx\/index.php\/author\/saulhernandez\/"}]}},"jetpack_featured_media_url":"https:\/\/thepueblatimes.mx\/wp-content\/uploads\/2025\/03\/IMG_2917-scaled-1.jpeg","_links":{"self":[{"href":"https:\/\/thepueblatimes.mx\/index.php\/wp-json\/wp\/v2\/posts\/28599"}],"collection":[{"href":"https:\/\/thepueblatimes.mx\/index.php\/wp-json\/wp\/v2\/posts"}],"about":[{"href":"https:\/\/thepueblatimes.mx\/index.php\/wp-json\/wp\/v2\/types\/post"}],"author":[{"embeddable":true,"href":"https:\/\/thepueblatimes.mx\/index.php\/wp-json\/wp\/v2\/users\/16"}],"replies":[{"embeddable":true,"href":"https:\/\/thepueblatimes.mx\/index.php\/wp-json\/wp\/v2\/comments?post=28599"}],"version-history":[{"count":1,"href":"https:\/\/thepueblatimes.mx\/index.php\/wp-json\/wp\/v2\/posts\/28599\/revisions"}],"predecessor-version":[{"id":28601,"href":"https:\/\/thepueblatimes.mx\/index.php\/wp-json\/wp\/v2\/posts\/28599\/revisions\/28601"}],"wp:featuredmedia":[{"embeddable":true,"href":"https:\/\/thepueblatimes.mx\/index.php\/wp-json\/wp\/v2\/media\/28600"}],"wp:attachment":[{"href":"https:\/\/thepueblatimes.mx\/index.php\/wp-json\/wp\/v2\/media?parent=28599"}],"wp:term":[{"taxonomy":"category","embeddable":true,"href":"https:\/\/thepueblatimes.mx\/index.php\/wp-json\/wp\/v2\/categories?post=28599"},{"taxonomy":"post_tag","embeddable":true,"href":"https:\/\/thepueblatimes.mx\/index.php\/wp-json\/wp\/v2\/tags?post=28599"}],"curies":[{"name":"wp","href":"https:\/\/api.w.org\/{rel}","templated":true}]}}