{"id":28586,"date":"2025-03-24T11:55:26","date_gmt":"2025-03-24T17:55:26","guid":{"rendered":"https:\/\/thepueblatimes.mx\/?p=28586"},"modified":"2025-03-24T11:55:26","modified_gmt":"2025-03-24T17:55:26","slug":"un-total-de-cinco-familiares-de-omar-munoz-en-la-nomina-de-cuautlancingo","status":"publish","type":"post","link":"https:\/\/thepueblatimes.mx\/index.php\/2025\/03\/24\/un-total-de-cinco-familiares-de-omar-munoz-en-la-nomina-de-cuautlancingo\/","title":{"rendered":"Un total de cinco familiares de Omar Mu\u00f1oz en la n\u00f3mina de Cuautlancingo"},"content":{"rendered":"<p>POR FRED ESTRADA<\/p>\n<p>De acuerdo a datos de la Plataforma Nacional de Transparencia (PNT), en la n\u00f3mina del Ayuntamiento de Cuautlancingo aparecen cinco familiares del presidente municipal, Omar Mu\u00f1oz Alfaro.<\/p>\n<p>As\u00ed como dos parientes de la coordinadora del \u00e1rea ejecutiva de presidencia, Gabriela Res\u00e9ndiz Hernando.<\/p>\n<p>En concreto un primo del alcalde Omar Mu\u00f1oz se desempe\u00f1a como secretario en Desarrollo Urbano y Medio Ambiental, y otros dos se desempe\u00f1an como jefes de departamento.<\/p>\n<p>Un par m\u00e1s laboran como analistas en diferentes \u00e1reas del Ayuntamiento.<\/p>\n<p>Esto adem\u00e1s de que la mam\u00e1 del alcalde, Teresa Alfaro est\u00e1 al frente del Sistema Municipal DIF.<\/p>\n<p>Por lo que hace a Gabriela Res\u00e9ndiz Hernando, dos hermanos forman parte de la administraci\u00f3n municipal.<\/p>\n<p>Uno como director de la junta de reclutamiento, y otro tiene un puesto de analista en el \u00e1rea de regidur\u00edas.<\/p>\n<p>Para cubrir el salario de los familiares de Omar Mu\u00f1oz y Gabriela Res\u00e9ndiz el Ayuntamiento de Cuautlancingo destina un total de 153 mil pesos mensuales antes de impuestos.<\/p>\n<p>Jos\u00e9 Alberto Mu\u00f1oz Carreto, como titular de Desarrollo Urbano y Medio Ambiental tiene asignado un sueldo bruto de 36 mil 204 pesos.<\/p>\n<p>Joshua Alfaro Sears, jefe de departamento de Redes Sociales tiene un salario de 23 mil 340 pesos mensuales antes de impuestos.<\/p>\n<p>Tania Alfaro, adscrita al \u00e1rea de tesorer\u00eda, con un sueldo bruto de 10 mil 870 pesos.<\/p>\n","protected":false},"excerpt":{"rendered":"<p>POR FRED ESTRADA De acuerdo a datos de la Plataforma Nacional de Transparencia (PNT), en la n\u00f3mina del Ayuntamiento de Cuautlancingo aparecen cinco familiares del presidente municipal, Omar Mu\u00f1oz Alfaro. As\u00ed como dos parientes de la coordinadora del \u00e1rea ejecutiva de presidencia, Gabriela Res\u00e9ndiz Hernando. En concreto un primo del alcalde Omar Mu\u00f1oz se desempe\u00f1a&#8230;<\/p>\n","protected":false},"author":16,"featured_media":28587,"comment_status":"closed","ping_status":"closed","sticky":false,"template":"","format":"standard","meta":[],"categories":[11],"tags":[148,343,1521,3157,2541],"yoast_head":"<!-- This site is optimized with the Yoast SEO plugin v20.8 - https:\/\/yoast.com\/wordpress\/plugins\/seo\/ -->\n<title>Un total de cinco familiares de Omar Mu\u00f1oz en la n\u00f3mina de Cuautlancingo - The Puebla Times<\/title>\n<meta name=\"robots\" content=\"index, follow, max-snippet:-1, max-image-preview:large, max-video-preview:-1\" \/>\n<link rel=\"canonical\" href=\"https:\/\/thepueblatimes.mx\/index.php\/2025\/03\/24\/un-total-de-cinco-familiares-de-omar-munoz-en-la-nomina-de-cuautlancingo\/\" \/>\n<meta property=\"og:locale\" content=\"es_ES\" \/>\n<meta property=\"og:type\" content=\"article\" \/>\n<meta property=\"og:title\" content=\"Un total de cinco familiares de Omar Mu\u00f1oz en la n\u00f3mina de Cuautlancingo - The Puebla Times\" \/>\n<meta property=\"og:description\" content=\"POR FRED ESTRADA De acuerdo a datos de la Plataforma Nacional de Transparencia (PNT), en la n\u00f3mina del Ayuntamiento de Cuautlancingo aparecen cinco familiares del presidente municipal, Omar Mu\u00f1oz Alfaro. As\u00ed como dos parientes de la coordinadora del \u00e1rea ejecutiva de presidencia, Gabriela Res\u00e9ndiz Hernando. En concreto un primo del alcalde Omar Mu\u00f1oz se desempe\u00f1a...\" \/>\n<meta property=\"og:url\" content=\"https:\/\/thepueblatimes.mx\/index.php\/2025\/03\/24\/un-total-de-cinco-familiares-de-omar-munoz-en-la-nomina-de-cuautlancingo\/\" \/>\n<meta property=\"og:site_name\" content=\"The Puebla Times\" \/>\n<meta property=\"article:published_time\" content=\"2025-03-24T17:55:26+00:00\" \/>\n<meta property=\"og:image\" content=\"https:\/\/thepueblatimes.mx\/wp-content\/uploads\/2025\/03\/Dinero-FER_2258.jpg\" \/>\n\t<meta property=\"og:image:width\" content=\"1280\" \/>\n\t<meta property=\"og:image:height\" content=\"720\" \/>\n\t<meta property=\"og:image:type\" content=\"image\/jpeg\" \/>\n<meta name=\"author\" content=\"Sa\u00fal Hern\u00e1ndez\" \/>\n<meta name=\"twitter:card\" content=\"summary_large_image\" \/>\n<meta name=\"twitter:label1\" content=\"Escrito por\" \/>\n\t<meta name=\"twitter:data1\" content=\"Sa\u00fal Hern\u00e1ndez\" \/>\n\t<meta name=\"twitter:label2\" content=\"Tiempo de lectura\" \/>\n\t<meta name=\"twitter:data2\" content=\"2 minutos\" \/>\n<script type=\"application\/ld+json\" class=\"yoast-schema-graph\">{\"@context\":\"https:\/\/schema.org\",\"@graph\":[{\"@type\":\"WebPage\",\"@id\":\"https:\/\/thepueblatimes.mx\/index.php\/2025\/03\/24\/un-total-de-cinco-familiares-de-omar-munoz-en-la-nomina-de-cuautlancingo\/\",\"url\":\"https:\/\/thepueblatimes.mx\/index.php\/2025\/03\/24\/un-total-de-cinco-familiares-de-omar-munoz-en-la-nomina-de-cuautlancingo\/\",\"name\":\"Un total de cinco familiares de Omar Mu\u00f1oz en la n\u00f3mina de Cuautlancingo - The Puebla Times\",\"isPartOf\":{\"@id\":\"https:\/\/thepueblatimes.mx\/#website\"},\"datePublished\":\"2025-03-24T17:55:26+00:00\",\"dateModified\":\"2025-03-24T17:55:26+00:00\",\"author\":{\"@id\":\"https:\/\/thepueblatimes.mx\/#\/schema\/person\/1664894c2f65ce2c7a08d8f5f905c13c\"},\"breadcrumb\":{\"@id\":\"https:\/\/thepueblatimes.mx\/index.php\/2025\/03\/24\/un-total-de-cinco-familiares-de-omar-munoz-en-la-nomina-de-cuautlancingo\/#breadcrumb\"},\"inLanguage\":\"es\",\"potentialAction\":[{\"@type\":\"ReadAction\",\"target\":[\"https:\/\/thepueblatimes.mx\/index.php\/2025\/03\/24\/un-total-de-cinco-familiares-de-omar-munoz-en-la-nomina-de-cuautlancingo\/\"]}]},{\"@type\":\"BreadcrumbList\",\"@id\":\"https:\/\/thepueblatimes.mx\/index.php\/2025\/03\/24\/un-total-de-cinco-familiares-de-omar-munoz-en-la-nomina-de-cuautlancingo\/#breadcrumb\",\"itemListElement\":[{\"@type\":\"ListItem\",\"position\":1,\"name\":\"Portada\",\"item\":\"https:\/\/thepueblatimes.mx\/\"},{\"@type\":\"ListItem\",\"position\":2,\"name\":\"Un total de cinco familiares de Omar Mu\u00f1oz en la n\u00f3mina de Cuautlancingo\"}]},{\"@type\":\"WebSite\",\"@id\":\"https:\/\/thepueblatimes.mx\/#website\",\"url\":\"https:\/\/thepueblatimes.mx\/\",\"name\":\"The Puebla Times\",\"description\":\"Noticias del Estado de Puebla\",\"potentialAction\":[{\"@type\":\"SearchAction\",\"target\":{\"@type\":\"EntryPoint\",\"urlTemplate\":\"https:\/\/thepueblatimes.mx\/?s={search_term_string}\"},\"query-input\":\"required name=search_term_string\"}],\"inLanguage\":\"es\"},{\"@type\":\"Person\",\"@id\":\"https:\/\/thepueblatimes.mx\/#\/schema\/person\/1664894c2f65ce2c7a08d8f5f905c13c\",\"name\":\"Sa\u00fal Hern\u00e1ndez\",\"image\":{\"@type\":\"ImageObject\",\"inLanguage\":\"es\",\"@id\":\"https:\/\/thepueblatimes.mx\/#\/schema\/person\/image\/\",\"url\":\"https:\/\/secure.gravatar.com\/avatar\/11be338693f243309532caad8f10c930?s=96&d=mm&r=g\",\"contentUrl\":\"https:\/\/secure.gravatar.com\/avatar\/11be338693f243309532caad8f10c930?s=96&d=mm&r=g\",\"caption\":\"Sa\u00fal Hern\u00e1ndez\"},\"url\":\"https:\/\/thepueblatimes.mx\/index.php\/author\/saulhernandez\/\"}]}<\/script>\n<!-- \/ Yoast SEO plugin. -->","yoast_head_json":{"title":"Un total de cinco familiares de Omar Mu\u00f1oz en la n\u00f3mina de Cuautlancingo - The Puebla Times","robots":{"index":"index","follow":"follow","max-snippet":"max-snippet:-1","max-image-preview":"max-image-preview:large","max-video-preview":"max-video-preview:-1"},"canonical":"https:\/\/thepueblatimes.mx\/index.php\/2025\/03\/24\/un-total-de-cinco-familiares-de-omar-munoz-en-la-nomina-de-cuautlancingo\/","og_locale":"es_ES","og_type":"article","og_title":"Un total de cinco familiares de Omar Mu\u00f1oz en la n\u00f3mina de Cuautlancingo - The Puebla Times","og_description":"POR FRED ESTRADA De acuerdo a datos de la Plataforma Nacional de Transparencia (PNT), en la n\u00f3mina del Ayuntamiento de Cuautlancingo aparecen cinco familiares del presidente municipal, Omar Mu\u00f1oz Alfaro. As\u00ed como dos parientes de la coordinadora del \u00e1rea ejecutiva de presidencia, Gabriela Res\u00e9ndiz Hernando. En concreto un primo del alcalde Omar Mu\u00f1oz se desempe\u00f1a...","og_url":"https:\/\/thepueblatimes.mx\/index.php\/2025\/03\/24\/un-total-de-cinco-familiares-de-omar-munoz-en-la-nomina-de-cuautlancingo\/","og_site_name":"The Puebla Times","article_published_time":"2025-03-24T17:55:26+00:00","og_image":[{"width":1280,"height":720,"url":"https:\/\/thepueblatimes.mx\/wp-content\/uploads\/2025\/03\/Dinero-FER_2258.jpg","type":"image\/jpeg"}],"author":"Sa\u00fal Hern\u00e1ndez","twitter_card":"summary_large_image","twitter_misc":{"Escrito por":"Sa\u00fal Hern\u00e1ndez","Tiempo de lectura":"2 minutos"},"schema":{"@context":"https:\/\/schema.org","@graph":[{"@type":"WebPage","@id":"https:\/\/thepueblatimes.mx\/index.php\/2025\/03\/24\/un-total-de-cinco-familiares-de-omar-munoz-en-la-nomina-de-cuautlancingo\/","url":"https:\/\/thepueblatimes.mx\/index.php\/2025\/03\/24\/un-total-de-cinco-familiares-de-omar-munoz-en-la-nomina-de-cuautlancingo\/","name":"Un total de cinco familiares de Omar Mu\u00f1oz en la n\u00f3mina de Cuautlancingo - The Puebla Times","isPartOf":{"@id":"https:\/\/thepueblatimes.mx\/#website"},"datePublished":"2025-03-24T17:55:26+00:00","dateModified":"2025-03-24T17:55:26+00:00","author":{"@id":"https:\/\/thepueblatimes.mx\/#\/schema\/person\/1664894c2f65ce2c7a08d8f5f905c13c"},"breadcrumb":{"@id":"https:\/\/thepueblatimes.mx\/index.php\/2025\/03\/24\/un-total-de-cinco-familiares-de-omar-munoz-en-la-nomina-de-cuautlancingo\/#breadcrumb"},"inLanguage":"es","potentialAction":[{"@type":"ReadAction","target":["https:\/\/thepueblatimes.mx\/index.php\/2025\/03\/24\/un-total-de-cinco-familiares-de-omar-munoz-en-la-nomina-de-cuautlancingo\/"]}]},{"@type":"BreadcrumbList","@id":"https:\/\/thepueblatimes.mx\/index.php\/2025\/03\/24\/un-total-de-cinco-familiares-de-omar-munoz-en-la-nomina-de-cuautlancingo\/#breadcrumb","itemListElement":[{"@type":"ListItem","position":1,"name":"Portada","item":"https:\/\/thepueblatimes.mx\/"},{"@type":"ListItem","position":2,"name":"Un total de cinco familiares de Omar Mu\u00f1oz en la n\u00f3mina de Cuautlancingo"}]},{"@type":"WebSite","@id":"https:\/\/thepueblatimes.mx\/#website","url":"https:\/\/thepueblatimes.mx\/","name":"The Puebla Times","description":"Noticias del Estado de Puebla","potentialAction":[{"@type":"SearchAction","target":{"@type":"EntryPoint","urlTemplate":"https:\/\/thepueblatimes.mx\/?s={search_term_string}"},"query-input":"required name=search_term_string"}],"inLanguage":"es"},{"@type":"Person","@id":"https:\/\/thepueblatimes.mx\/#\/schema\/person\/1664894c2f65ce2c7a08d8f5f905c13c","name":"Sa\u00fal Hern\u00e1ndez","image":{"@type":"ImageObject","inLanguage":"es","@id":"https:\/\/thepueblatimes.mx\/#\/schema\/person\/image\/","url":"https:\/\/secure.gravatar.com\/avatar\/11be338693f243309532caad8f10c930?s=96&d=mm&r=g","contentUrl":"https:\/\/secure.gravatar.com\/avatar\/11be338693f243309532caad8f10c930?s=96&d=mm&r=g","caption":"Sa\u00fal Hern\u00e1ndez"},"url":"https:\/\/thepueblatimes.mx\/index.php\/author\/saulhernandez\/"}]}},"jetpack_featured_media_url":"https:\/\/thepueblatimes.mx\/wp-content\/uploads\/2025\/03\/Dinero-FER_2258.jpg","_links":{"self":[{"href":"https:\/\/thepueblatimes.mx\/index.php\/wp-json\/wp\/v2\/posts\/28586"}],"collection":[{"href":"https:\/\/thepueblatimes.mx\/index.php\/wp-json\/wp\/v2\/posts"}],"about":[{"href":"https:\/\/thepueblatimes.mx\/index.php\/wp-json\/wp\/v2\/types\/post"}],"author":[{"embeddable":true,"href":"https:\/\/thepueblatimes.mx\/index.php\/wp-json\/wp\/v2\/users\/16"}],"replies":[{"embeddable":true,"href":"https:\/\/thepueblatimes.mx\/index.php\/wp-json\/wp\/v2\/comments?post=28586"}],"version-history":[{"count":1,"href":"https:\/\/thepueblatimes.mx\/index.php\/wp-json\/wp\/v2\/posts\/28586\/revisions"}],"predecessor-version":[{"id":28588,"href":"https:\/\/thepueblatimes.mx\/index.php\/wp-json\/wp\/v2\/posts\/28586\/revisions\/28588"}],"wp:featuredmedia":[{"embeddable":true,"href":"https:\/\/thepueblatimes.mx\/index.php\/wp-json\/wp\/v2\/media\/28587"}],"wp:attachment":[{"href":"https:\/\/thepueblatimes.mx\/index.php\/wp-json\/wp\/v2\/media?parent=28586"}],"wp:term":[{"taxonomy":"category","embeddable":true,"href":"https:\/\/thepueblatimes.mx\/index.php\/wp-json\/wp\/v2\/categories?post=28586"},{"taxonomy":"post_tag","embeddable":true,"href":"https:\/\/thepueblatimes.mx\/index.php\/wp-json\/wp\/v2\/tags?post=28586"}],"curies":[{"name":"wp","href":"https:\/\/api.w.org\/{rel}","templated":true}]}}