{"id":28574,"date":"2025-03-23T19:58:27","date_gmt":"2025-03-24T01:58:27","guid":{"rendered":"https:\/\/thepueblatimes.mx\/?p=28574"},"modified":"2025-03-23T19:58:27","modified_gmt":"2025-03-24T01:58:27","slug":"edil-de-cuautlancingo-omar-munoz-trata-de-montarse-en-la-visita-de-sheinbaum-en-tlaxcala","status":"publish","type":"post","link":"https:\/\/thepueblatimes.mx\/index.php\/2025\/03\/23\/edil-de-cuautlancingo-omar-munoz-trata-de-montarse-en-la-visita-de-sheinbaum-en-tlaxcala\/","title":{"rendered":"Edil de Cuautlancingo Omar Mu\u00f1oz trata de montarse en la visita de Sheinbaum en Tlaxcala"},"content":{"rendered":"<p>POR FRED ESTRADA<\/p>\n<p>Con tal de tratar promocionar su desgastada imagen el alcalde cuautlansinguense Omar Mu\u00f1oz, asom\u00f3 la cabeza para colarse en las im\u00e1genes de la visita presidencial al vecino estado de Tlaxcala.<\/p>\n<p>Y es que de manera burda, el edil de Cuautlancingo trat\u00f3 de montarse en la visita de la presidenta Claudia Sheinbaum a Tlaxcala, para poner en marcha el rescate de rio Atoyac, para promocionar su imagen.<\/p>\n<p>Evidentemente sus asesores y personal de comunicaci\u00f3n social, no lo orientaron adecuadamente.<\/p>\n<p>En su af\u00e1n de atraer reflectores, a\u00fan antes de que la presidenta Claudia Sheinbaum arribara a Tlaxcala, el edil de Cuautlancingo, trat\u00f3 de atraer los reflectores al encabezar una faena de limpieza en el tramo del r\u00edo Atoyac que pasa por Cuautlancingo.<\/p>\n<p>Lo cierto es que estuvo en el tramo del r\u00edo Atoyac que rodea a la junta auxiliar de San Lorenzo Almecatla y que tambi\u00e9n pasa por la Trinidad Sanctorum un tramo de 8 kil\u00f3metros que desafortunadamente no esta en las condiciones que debiera.<\/p>\n<p>Pero al parecer a Omar Mu\u00f1oz lo que le interesaba al momento era aprovechar la oportunidad para tratar de llevar agua a su molino.<\/p>\n<p>Est\u00e1 acto fue calificado de una estrategia propagand\u00edstica del presidente de Cuautlancingo quien nos ha dado resultados en materia de seguridad p\u00fablica.<\/p>\n<p>Tambi\u00e9n ha sido duramente criticado por tener a su se\u00f1ora madre y hermanos cobrando en la n\u00f3mina del ayuntamiento, a costa del pueblo, sin importarle que Claudia Sheinbaum est\u00e1 en contra del nepotismo que \u00e9l encabeza en su gobierno.<\/p>\n","protected":false},"excerpt":{"rendered":"<p>POR FRED ESTRADA Con tal de tratar promocionar su desgastada imagen el alcalde cuautlansinguense Omar Mu\u00f1oz, asom\u00f3 la cabeza para colarse en las im\u00e1genes de la visita presidencial al vecino estado de Tlaxcala. Y es que de manera burda, el edil de Cuautlancingo trat\u00f3 de montarse en la visita de la presidenta Claudia Sheinbaum a&#8230;<\/p>\n","protected":false},"author":16,"featured_media":28575,"comment_status":"closed","ping_status":"closed","sticky":false,"template":"","format":"standard","meta":[],"categories":[3],"tags":[343,2541],"yoast_head":"<!-- This site is optimized with the Yoast SEO plugin v20.8 - https:\/\/yoast.com\/wordpress\/plugins\/seo\/ -->\n<title>Edil de Cuautlancingo Omar Mu\u00f1oz trata de montarse en la visita de Sheinbaum en Tlaxcala - The Puebla Times<\/title>\n<meta name=\"robots\" content=\"index, follow, max-snippet:-1, max-image-preview:large, max-video-preview:-1\" \/>\n<link rel=\"canonical\" href=\"https:\/\/thepueblatimes.mx\/index.php\/2025\/03\/23\/edil-de-cuautlancingo-omar-munoz-trata-de-montarse-en-la-visita-de-sheinbaum-en-tlaxcala\/\" \/>\n<meta property=\"og:locale\" content=\"es_ES\" \/>\n<meta property=\"og:type\" content=\"article\" \/>\n<meta property=\"og:title\" content=\"Edil de Cuautlancingo Omar Mu\u00f1oz trata de montarse en la visita de Sheinbaum en Tlaxcala - The Puebla Times\" \/>\n<meta property=\"og:description\" content=\"POR FRED ESTRADA Con tal de tratar promocionar su desgastada imagen el alcalde cuautlansinguense Omar Mu\u00f1oz, asom\u00f3 la cabeza para colarse en las im\u00e1genes de la visita presidencial al vecino estado de Tlaxcala. Y es que de manera burda, el edil de Cuautlancingo trat\u00f3 de montarse en la visita de la presidenta Claudia Sheinbaum a...\" \/>\n<meta property=\"og:url\" content=\"https:\/\/thepueblatimes.mx\/index.php\/2025\/03\/23\/edil-de-cuautlancingo-omar-munoz-trata-de-montarse-en-la-visita-de-sheinbaum-en-tlaxcala\/\" \/>\n<meta property=\"og:site_name\" content=\"The Puebla Times\" \/>\n<meta property=\"article:published_time\" content=\"2025-03-24T01:58:27+00:00\" \/>\n<meta property=\"og:image\" content=\"https:\/\/thepueblatimes.mx\/wp-content\/uploads\/2025\/03\/GmsXMRSa0AA9J0i.jpg\" \/>\n\t<meta property=\"og:image:width\" content=\"1442\" \/>\n\t<meta property=\"og:image:height\" content=\"960\" \/>\n\t<meta property=\"og:image:type\" content=\"image\/jpeg\" \/>\n<meta name=\"author\" content=\"Sa\u00fal Hern\u00e1ndez\" \/>\n<meta name=\"twitter:card\" content=\"summary_large_image\" \/>\n<meta name=\"twitter:label1\" content=\"Escrito por\" \/>\n\t<meta name=\"twitter:data1\" content=\"Sa\u00fal Hern\u00e1ndez\" \/>\n\t<meta name=\"twitter:label2\" content=\"Tiempo de lectura\" \/>\n\t<meta name=\"twitter:data2\" content=\"2 minutos\" \/>\n<script type=\"application\/ld+json\" class=\"yoast-schema-graph\">{\"@context\":\"https:\/\/schema.org\",\"@graph\":[{\"@type\":\"WebPage\",\"@id\":\"https:\/\/thepueblatimes.mx\/index.php\/2025\/03\/23\/edil-de-cuautlancingo-omar-munoz-trata-de-montarse-en-la-visita-de-sheinbaum-en-tlaxcala\/\",\"url\":\"https:\/\/thepueblatimes.mx\/index.php\/2025\/03\/23\/edil-de-cuautlancingo-omar-munoz-trata-de-montarse-en-la-visita-de-sheinbaum-en-tlaxcala\/\",\"name\":\"Edil de Cuautlancingo Omar Mu\u00f1oz trata de montarse en la visita de Sheinbaum en Tlaxcala - The Puebla Times\",\"isPartOf\":{\"@id\":\"https:\/\/thepueblatimes.mx\/#website\"},\"datePublished\":\"2025-03-24T01:58:27+00:00\",\"dateModified\":\"2025-03-24T01:58:27+00:00\",\"author\":{\"@id\":\"https:\/\/thepueblatimes.mx\/#\/schema\/person\/1664894c2f65ce2c7a08d8f5f905c13c\"},\"breadcrumb\":{\"@id\":\"https:\/\/thepueblatimes.mx\/index.php\/2025\/03\/23\/edil-de-cuautlancingo-omar-munoz-trata-de-montarse-en-la-visita-de-sheinbaum-en-tlaxcala\/#breadcrumb\"},\"inLanguage\":\"es\",\"potentialAction\":[{\"@type\":\"ReadAction\",\"target\":[\"https:\/\/thepueblatimes.mx\/index.php\/2025\/03\/23\/edil-de-cuautlancingo-omar-munoz-trata-de-montarse-en-la-visita-de-sheinbaum-en-tlaxcala\/\"]}]},{\"@type\":\"BreadcrumbList\",\"@id\":\"https:\/\/thepueblatimes.mx\/index.php\/2025\/03\/23\/edil-de-cuautlancingo-omar-munoz-trata-de-montarse-en-la-visita-de-sheinbaum-en-tlaxcala\/#breadcrumb\",\"itemListElement\":[{\"@type\":\"ListItem\",\"position\":1,\"name\":\"Portada\",\"item\":\"https:\/\/thepueblatimes.mx\/\"},{\"@type\":\"ListItem\",\"position\":2,\"name\":\"Edil de Cuautlancingo Omar Mu\u00f1oz trata de montarse en la visita de Sheinbaum en Tlaxcala\"}]},{\"@type\":\"WebSite\",\"@id\":\"https:\/\/thepueblatimes.mx\/#website\",\"url\":\"https:\/\/thepueblatimes.mx\/\",\"name\":\"The Puebla Times\",\"description\":\"Noticias del Estado de Puebla\",\"potentialAction\":[{\"@type\":\"SearchAction\",\"target\":{\"@type\":\"EntryPoint\",\"urlTemplate\":\"https:\/\/thepueblatimes.mx\/?s={search_term_string}\"},\"query-input\":\"required name=search_term_string\"}],\"inLanguage\":\"es\"},{\"@type\":\"Person\",\"@id\":\"https:\/\/thepueblatimes.mx\/#\/schema\/person\/1664894c2f65ce2c7a08d8f5f905c13c\",\"name\":\"Sa\u00fal Hern\u00e1ndez\",\"image\":{\"@type\":\"ImageObject\",\"inLanguage\":\"es\",\"@id\":\"https:\/\/thepueblatimes.mx\/#\/schema\/person\/image\/\",\"url\":\"https:\/\/secure.gravatar.com\/avatar\/11be338693f243309532caad8f10c930?s=96&d=mm&r=g\",\"contentUrl\":\"https:\/\/secure.gravatar.com\/avatar\/11be338693f243309532caad8f10c930?s=96&d=mm&r=g\",\"caption\":\"Sa\u00fal Hern\u00e1ndez\"},\"url\":\"https:\/\/thepueblatimes.mx\/index.php\/author\/saulhernandez\/\"}]}<\/script>\n<!-- \/ Yoast SEO plugin. -->","yoast_head_json":{"title":"Edil de Cuautlancingo Omar Mu\u00f1oz trata de montarse en la visita de Sheinbaum en Tlaxcala - The Puebla Times","robots":{"index":"index","follow":"follow","max-snippet":"max-snippet:-1","max-image-preview":"max-image-preview:large","max-video-preview":"max-video-preview:-1"},"canonical":"https:\/\/thepueblatimes.mx\/index.php\/2025\/03\/23\/edil-de-cuautlancingo-omar-munoz-trata-de-montarse-en-la-visita-de-sheinbaum-en-tlaxcala\/","og_locale":"es_ES","og_type":"article","og_title":"Edil de Cuautlancingo Omar Mu\u00f1oz trata de montarse en la visita de Sheinbaum en Tlaxcala - The Puebla Times","og_description":"POR FRED ESTRADA Con tal de tratar promocionar su desgastada imagen el alcalde cuautlansinguense Omar Mu\u00f1oz, asom\u00f3 la cabeza para colarse en las im\u00e1genes de la visita presidencial al vecino estado de Tlaxcala. Y es que de manera burda, el edil de Cuautlancingo trat\u00f3 de montarse en la visita de la presidenta Claudia Sheinbaum a...","og_url":"https:\/\/thepueblatimes.mx\/index.php\/2025\/03\/23\/edil-de-cuautlancingo-omar-munoz-trata-de-montarse-en-la-visita-de-sheinbaum-en-tlaxcala\/","og_site_name":"The Puebla Times","article_published_time":"2025-03-24T01:58:27+00:00","og_image":[{"width":1442,"height":960,"url":"https:\/\/thepueblatimes.mx\/wp-content\/uploads\/2025\/03\/GmsXMRSa0AA9J0i.jpg","type":"image\/jpeg"}],"author":"Sa\u00fal Hern\u00e1ndez","twitter_card":"summary_large_image","twitter_misc":{"Escrito por":"Sa\u00fal Hern\u00e1ndez","Tiempo de lectura":"2 minutos"},"schema":{"@context":"https:\/\/schema.org","@graph":[{"@type":"WebPage","@id":"https:\/\/thepueblatimes.mx\/index.php\/2025\/03\/23\/edil-de-cuautlancingo-omar-munoz-trata-de-montarse-en-la-visita-de-sheinbaum-en-tlaxcala\/","url":"https:\/\/thepueblatimes.mx\/index.php\/2025\/03\/23\/edil-de-cuautlancingo-omar-munoz-trata-de-montarse-en-la-visita-de-sheinbaum-en-tlaxcala\/","name":"Edil de Cuautlancingo Omar Mu\u00f1oz trata de montarse en la visita de Sheinbaum en Tlaxcala - The Puebla Times","isPartOf":{"@id":"https:\/\/thepueblatimes.mx\/#website"},"datePublished":"2025-03-24T01:58:27+00:00","dateModified":"2025-03-24T01:58:27+00:00","author":{"@id":"https:\/\/thepueblatimes.mx\/#\/schema\/person\/1664894c2f65ce2c7a08d8f5f905c13c"},"breadcrumb":{"@id":"https:\/\/thepueblatimes.mx\/index.php\/2025\/03\/23\/edil-de-cuautlancingo-omar-munoz-trata-de-montarse-en-la-visita-de-sheinbaum-en-tlaxcala\/#breadcrumb"},"inLanguage":"es","potentialAction":[{"@type":"ReadAction","target":["https:\/\/thepueblatimes.mx\/index.php\/2025\/03\/23\/edil-de-cuautlancingo-omar-munoz-trata-de-montarse-en-la-visita-de-sheinbaum-en-tlaxcala\/"]}]},{"@type":"BreadcrumbList","@id":"https:\/\/thepueblatimes.mx\/index.php\/2025\/03\/23\/edil-de-cuautlancingo-omar-munoz-trata-de-montarse-en-la-visita-de-sheinbaum-en-tlaxcala\/#breadcrumb","itemListElement":[{"@type":"ListItem","position":1,"name":"Portada","item":"https:\/\/thepueblatimes.mx\/"},{"@type":"ListItem","position":2,"name":"Edil de Cuautlancingo Omar Mu\u00f1oz trata de montarse en la visita de Sheinbaum en Tlaxcala"}]},{"@type":"WebSite","@id":"https:\/\/thepueblatimes.mx\/#website","url":"https:\/\/thepueblatimes.mx\/","name":"The Puebla Times","description":"Noticias del Estado de Puebla","potentialAction":[{"@type":"SearchAction","target":{"@type":"EntryPoint","urlTemplate":"https:\/\/thepueblatimes.mx\/?s={search_term_string}"},"query-input":"required name=search_term_string"}],"inLanguage":"es"},{"@type":"Person","@id":"https:\/\/thepueblatimes.mx\/#\/schema\/person\/1664894c2f65ce2c7a08d8f5f905c13c","name":"Sa\u00fal Hern\u00e1ndez","image":{"@type":"ImageObject","inLanguage":"es","@id":"https:\/\/thepueblatimes.mx\/#\/schema\/person\/image\/","url":"https:\/\/secure.gravatar.com\/avatar\/11be338693f243309532caad8f10c930?s=96&d=mm&r=g","contentUrl":"https:\/\/secure.gravatar.com\/avatar\/11be338693f243309532caad8f10c930?s=96&d=mm&r=g","caption":"Sa\u00fal Hern\u00e1ndez"},"url":"https:\/\/thepueblatimes.mx\/index.php\/author\/saulhernandez\/"}]}},"jetpack_featured_media_url":"https:\/\/thepueblatimes.mx\/wp-content\/uploads\/2025\/03\/GmsXMRSa0AA9J0i.jpg","_links":{"self":[{"href":"https:\/\/thepueblatimes.mx\/index.php\/wp-json\/wp\/v2\/posts\/28574"}],"collection":[{"href":"https:\/\/thepueblatimes.mx\/index.php\/wp-json\/wp\/v2\/posts"}],"about":[{"href":"https:\/\/thepueblatimes.mx\/index.php\/wp-json\/wp\/v2\/types\/post"}],"author":[{"embeddable":true,"href":"https:\/\/thepueblatimes.mx\/index.php\/wp-json\/wp\/v2\/users\/16"}],"replies":[{"embeddable":true,"href":"https:\/\/thepueblatimes.mx\/index.php\/wp-json\/wp\/v2\/comments?post=28574"}],"version-history":[{"count":1,"href":"https:\/\/thepueblatimes.mx\/index.php\/wp-json\/wp\/v2\/posts\/28574\/revisions"}],"predecessor-version":[{"id":28576,"href":"https:\/\/thepueblatimes.mx\/index.php\/wp-json\/wp\/v2\/posts\/28574\/revisions\/28576"}],"wp:featuredmedia":[{"embeddable":true,"href":"https:\/\/thepueblatimes.mx\/index.php\/wp-json\/wp\/v2\/media\/28575"}],"wp:attachment":[{"href":"https:\/\/thepueblatimes.mx\/index.php\/wp-json\/wp\/v2\/media?parent=28574"}],"wp:term":[{"taxonomy":"category","embeddable":true,"href":"https:\/\/thepueblatimes.mx\/index.php\/wp-json\/wp\/v2\/categories?post=28574"},{"taxonomy":"post_tag","embeddable":true,"href":"https:\/\/thepueblatimes.mx\/index.php\/wp-json\/wp\/v2\/tags?post=28574"}],"curies":[{"name":"wp","href":"https:\/\/api.w.org\/{rel}","templated":true}]}}