{"id":28545,"date":"2025-03-21T15:39:03","date_gmt":"2025-03-21T21:39:03","guid":{"rendered":"https:\/\/thepueblatimes.mx\/?p=28545"},"modified":"2025-03-21T15:39:03","modified_gmt":"2025-03-21T21:39:03","slug":"en-cuautlancingo-omar-munoz-si-tiene-a-su-mama-y-hermanos-en-la-nomina","status":"publish","type":"post","link":"https:\/\/thepueblatimes.mx\/index.php\/2025\/03\/21\/en-cuautlancingo-omar-munoz-si-tiene-a-su-mama-y-hermanos-en-la-nomina\/","title":{"rendered":"En Cuautlancingo Omar Mu\u00f1oz,  s\u00ed tiene a su mam\u00e1 y hermanos en la n\u00f3mina"},"content":{"rendered":"<h3><em><strong>*Incurre en nepotismo y piensa reelegirse<\/strong><\/em><\/h3>\n<p>POR FRED ESTRADA<\/p>\n<p>El presidente municipal de Cuautlancingo, Omar Mu\u00f1oz Alfaro falta a los principios m\u00e1s elementales de la 4T.<\/p>\n<p>Miente al decir, como se\u00f1al\u00f3 a principios de marzo, que est\u00e1 en favor de los ideales de la 4T y manifest\u00f3 su apoyo total a la reforma legislativa impulsada por la presidenta Claudia Sheinbaum, que proh\u00edbe la reelecci\u00f3n y el nepotismo.<\/p>\n<p>Sobre la pol\u00e9mica en torno a en qu\u00e9 proceso deber\u00e1 el Movimiento de Regeneraci\u00f3n Nacional, Morena, aplicar dicha ley, si desde el 2027 o hasta el 2030, el edil dijo que debe seguirse la l\u00ednea dictada por la titular del ejecutivo.<\/p>\n<p>Incluso dijo que no le importaba la reelecci\u00f3n porque estaba concentrado en el presente.<\/p>\n<p>Sin embargo en sus c\u00edrculos cercanos de colaboradores, Mu\u00f1oz Alfaro ha manifestado que \u00e9l si se va reelegir en el 2027 porque a \u00e9l lo siglo el PT y no Morena.<\/p>\n<p>Expres\u00f3 \u201capoyo plenamente a la presidenta de la rep\u00fablica, por el futuro, no puedo hablar, primero hay que llegar a ese momento, yo lo que tengo como obligaci\u00f3n es cumplirle al pueblo, principalmente soy servidor del pueblo de Cuautlancingo y por el futuro no puedo hablar, puedo hablar por el presente\u201d.<\/p>\n<p>Pero en los hechos ejerce el nepotismo al incorporar, en principio a su madre y hermanos a la n\u00f3mina y estructura municipal, adem\u00e1s de otros familiares.<\/p>\n<p>Su mam\u00e1 est\u00e1 al frente del Sistema Municipal DIF, en tanto que el resto de sus familiares est\u00e1n diseminados en diversos puestos de la estructura municipal.<\/p>\n<p>En consecuencia, es evidente que el apoyo que predic\u00f3 a las reformas para prohibir el nepotismo no coincide con su comportamiento.<\/p>\n<p>Erik Mu\u00f1oz Alfaro y Oswaldo Mu\u00f1oz Alfaro, hermanos de Omar son un ejemplo directo del nepotismo, adem\u00e1s de que el primo del edil se desempe\u00f1a como director de Desarrollo Urbano.<\/p>\n<p>Por m\u00e1s que Omar Mu\u00f1oz haya se\u00f1alado que apoyar\u00e1 las pol\u00edticas p\u00fablicas impulsadas por la presidenta Sheinbaum, los hechos evidencian que al menos en materia de nepotismo dice una cosa, pero hace otra.<\/p>\n","protected":false},"excerpt":{"rendered":"<p>*Incurre en nepotismo y piensa reelegirse POR FRED ESTRADA El presidente municipal de Cuautlancingo, Omar Mu\u00f1oz Alfaro falta a los principios m\u00e1s elementales de la 4T. Miente al decir, como se\u00f1al\u00f3 a principios de marzo, que est\u00e1 en favor de los ideales de la 4T y manifest\u00f3 su apoyo total a la reforma legislativa impulsada&#8230;<\/p>\n","protected":false},"author":16,"featured_media":28546,"comment_status":"closed","ping_status":"closed","sticky":false,"template":"","format":"standard","meta":[],"categories":[542],"tags":[343,2541],"yoast_head":"<!-- This site is optimized with the Yoast SEO plugin v20.8 - https:\/\/yoast.com\/wordpress\/plugins\/seo\/ -->\n<title>En Cuautlancingo Omar Mu\u00f1oz, s\u00ed tiene a su mam\u00e1 y hermanos en la n\u00f3mina - The Puebla Times<\/title>\n<meta name=\"robots\" content=\"index, follow, max-snippet:-1, max-image-preview:large, max-video-preview:-1\" \/>\n<link rel=\"canonical\" href=\"https:\/\/thepueblatimes.mx\/index.php\/2025\/03\/21\/en-cuautlancingo-omar-munoz-si-tiene-a-su-mama-y-hermanos-en-la-nomina\/\" \/>\n<meta property=\"og:locale\" content=\"es_ES\" \/>\n<meta property=\"og:type\" content=\"article\" \/>\n<meta property=\"og:title\" content=\"En Cuautlancingo Omar Mu\u00f1oz, s\u00ed tiene a su mam\u00e1 y hermanos en la n\u00f3mina - The Puebla Times\" \/>\n<meta property=\"og:description\" content=\"*Incurre en nepotismo y piensa reelegirse POR FRED ESTRADA El presidente municipal de Cuautlancingo, Omar Mu\u00f1oz Alfaro falta a los principios m\u00e1s elementales de la 4T. Miente al decir, como se\u00f1al\u00f3 a principios de marzo, que est\u00e1 en favor de los ideales de la 4T y manifest\u00f3 su apoyo total a la reforma legislativa impulsada...\" \/>\n<meta property=\"og:url\" content=\"https:\/\/thepueblatimes.mx\/index.php\/2025\/03\/21\/en-cuautlancingo-omar-munoz-si-tiene-a-su-mama-y-hermanos-en-la-nomina\/\" \/>\n<meta property=\"og:site_name\" content=\"The Puebla Times\" \/>\n<meta property=\"article:published_time\" content=\"2025-03-21T21:39:03+00:00\" \/>\n<meta property=\"og:image\" content=\"https:\/\/thepueblatimes.mx\/wp-content\/uploads\/2025\/03\/morena-omar-munoz-623847-scaled-1.jpg\" \/>\n\t<meta property=\"og:image:width\" content=\"2560\" \/>\n\t<meta property=\"og:image:height\" content=\"1707\" \/>\n\t<meta property=\"og:image:type\" content=\"image\/jpeg\" \/>\n<meta name=\"author\" content=\"Sa\u00fal Hern\u00e1ndez\" \/>\n<meta name=\"twitter:card\" content=\"summary_large_image\" \/>\n<meta name=\"twitter:label1\" content=\"Escrito por\" \/>\n\t<meta name=\"twitter:data1\" content=\"Sa\u00fal Hern\u00e1ndez\" \/>\n\t<meta name=\"twitter:label2\" content=\"Tiempo de lectura\" \/>\n\t<meta name=\"twitter:data2\" content=\"2 minutos\" \/>\n<script type=\"application\/ld+json\" class=\"yoast-schema-graph\">{\"@context\":\"https:\/\/schema.org\",\"@graph\":[{\"@type\":\"WebPage\",\"@id\":\"https:\/\/thepueblatimes.mx\/index.php\/2025\/03\/21\/en-cuautlancingo-omar-munoz-si-tiene-a-su-mama-y-hermanos-en-la-nomina\/\",\"url\":\"https:\/\/thepueblatimes.mx\/index.php\/2025\/03\/21\/en-cuautlancingo-omar-munoz-si-tiene-a-su-mama-y-hermanos-en-la-nomina\/\",\"name\":\"En Cuautlancingo Omar Mu\u00f1oz, s\u00ed tiene a su mam\u00e1 y hermanos en la n\u00f3mina - The Puebla Times\",\"isPartOf\":{\"@id\":\"https:\/\/thepueblatimes.mx\/#website\"},\"datePublished\":\"2025-03-21T21:39:03+00:00\",\"dateModified\":\"2025-03-21T21:39:03+00:00\",\"author\":{\"@id\":\"https:\/\/thepueblatimes.mx\/#\/schema\/person\/1664894c2f65ce2c7a08d8f5f905c13c\"},\"breadcrumb\":{\"@id\":\"https:\/\/thepueblatimes.mx\/index.php\/2025\/03\/21\/en-cuautlancingo-omar-munoz-si-tiene-a-su-mama-y-hermanos-en-la-nomina\/#breadcrumb\"},\"inLanguage\":\"es\",\"potentialAction\":[{\"@type\":\"ReadAction\",\"target\":[\"https:\/\/thepueblatimes.mx\/index.php\/2025\/03\/21\/en-cuautlancingo-omar-munoz-si-tiene-a-su-mama-y-hermanos-en-la-nomina\/\"]}]},{\"@type\":\"BreadcrumbList\",\"@id\":\"https:\/\/thepueblatimes.mx\/index.php\/2025\/03\/21\/en-cuautlancingo-omar-munoz-si-tiene-a-su-mama-y-hermanos-en-la-nomina\/#breadcrumb\",\"itemListElement\":[{\"@type\":\"ListItem\",\"position\":1,\"name\":\"Portada\",\"item\":\"https:\/\/thepueblatimes.mx\/\"},{\"@type\":\"ListItem\",\"position\":2,\"name\":\"En Cuautlancingo Omar Mu\u00f1oz, s\u00ed tiene a su mam\u00e1 y hermanos en la n\u00f3mina\"}]},{\"@type\":\"WebSite\",\"@id\":\"https:\/\/thepueblatimes.mx\/#website\",\"url\":\"https:\/\/thepueblatimes.mx\/\",\"name\":\"The Puebla Times\",\"description\":\"Noticias del Estado de Puebla\",\"potentialAction\":[{\"@type\":\"SearchAction\",\"target\":{\"@type\":\"EntryPoint\",\"urlTemplate\":\"https:\/\/thepueblatimes.mx\/?s={search_term_string}\"},\"query-input\":\"required name=search_term_string\"}],\"inLanguage\":\"es\"},{\"@type\":\"Person\",\"@id\":\"https:\/\/thepueblatimes.mx\/#\/schema\/person\/1664894c2f65ce2c7a08d8f5f905c13c\",\"name\":\"Sa\u00fal Hern\u00e1ndez\",\"image\":{\"@type\":\"ImageObject\",\"inLanguage\":\"es\",\"@id\":\"https:\/\/thepueblatimes.mx\/#\/schema\/person\/image\/\",\"url\":\"https:\/\/secure.gravatar.com\/avatar\/11be338693f243309532caad8f10c930?s=96&d=mm&r=g\",\"contentUrl\":\"https:\/\/secure.gravatar.com\/avatar\/11be338693f243309532caad8f10c930?s=96&d=mm&r=g\",\"caption\":\"Sa\u00fal Hern\u00e1ndez\"},\"url\":\"https:\/\/thepueblatimes.mx\/index.php\/author\/saulhernandez\/\"}]}<\/script>\n<!-- \/ Yoast SEO plugin. -->","yoast_head_json":{"title":"En Cuautlancingo Omar Mu\u00f1oz, s\u00ed tiene a su mam\u00e1 y hermanos en la n\u00f3mina - The Puebla Times","robots":{"index":"index","follow":"follow","max-snippet":"max-snippet:-1","max-image-preview":"max-image-preview:large","max-video-preview":"max-video-preview:-1"},"canonical":"https:\/\/thepueblatimes.mx\/index.php\/2025\/03\/21\/en-cuautlancingo-omar-munoz-si-tiene-a-su-mama-y-hermanos-en-la-nomina\/","og_locale":"es_ES","og_type":"article","og_title":"En Cuautlancingo Omar Mu\u00f1oz, s\u00ed tiene a su mam\u00e1 y hermanos en la n\u00f3mina - The Puebla Times","og_description":"*Incurre en nepotismo y piensa reelegirse POR FRED ESTRADA El presidente municipal de Cuautlancingo, Omar Mu\u00f1oz Alfaro falta a los principios m\u00e1s elementales de la 4T. Miente al decir, como se\u00f1al\u00f3 a principios de marzo, que est\u00e1 en favor de los ideales de la 4T y manifest\u00f3 su apoyo total a la reforma legislativa impulsada...","og_url":"https:\/\/thepueblatimes.mx\/index.php\/2025\/03\/21\/en-cuautlancingo-omar-munoz-si-tiene-a-su-mama-y-hermanos-en-la-nomina\/","og_site_name":"The Puebla Times","article_published_time":"2025-03-21T21:39:03+00:00","og_image":[{"width":2560,"height":1707,"url":"https:\/\/thepueblatimes.mx\/wp-content\/uploads\/2025\/03\/morena-omar-munoz-623847-scaled-1.jpg","type":"image\/jpeg"}],"author":"Sa\u00fal Hern\u00e1ndez","twitter_card":"summary_large_image","twitter_misc":{"Escrito por":"Sa\u00fal Hern\u00e1ndez","Tiempo de lectura":"2 minutos"},"schema":{"@context":"https:\/\/schema.org","@graph":[{"@type":"WebPage","@id":"https:\/\/thepueblatimes.mx\/index.php\/2025\/03\/21\/en-cuautlancingo-omar-munoz-si-tiene-a-su-mama-y-hermanos-en-la-nomina\/","url":"https:\/\/thepueblatimes.mx\/index.php\/2025\/03\/21\/en-cuautlancingo-omar-munoz-si-tiene-a-su-mama-y-hermanos-en-la-nomina\/","name":"En Cuautlancingo Omar Mu\u00f1oz, s\u00ed tiene a su mam\u00e1 y hermanos en la n\u00f3mina - The Puebla Times","isPartOf":{"@id":"https:\/\/thepueblatimes.mx\/#website"},"datePublished":"2025-03-21T21:39:03+00:00","dateModified":"2025-03-21T21:39:03+00:00","author":{"@id":"https:\/\/thepueblatimes.mx\/#\/schema\/person\/1664894c2f65ce2c7a08d8f5f905c13c"},"breadcrumb":{"@id":"https:\/\/thepueblatimes.mx\/index.php\/2025\/03\/21\/en-cuautlancingo-omar-munoz-si-tiene-a-su-mama-y-hermanos-en-la-nomina\/#breadcrumb"},"inLanguage":"es","potentialAction":[{"@type":"ReadAction","target":["https:\/\/thepueblatimes.mx\/index.php\/2025\/03\/21\/en-cuautlancingo-omar-munoz-si-tiene-a-su-mama-y-hermanos-en-la-nomina\/"]}]},{"@type":"BreadcrumbList","@id":"https:\/\/thepueblatimes.mx\/index.php\/2025\/03\/21\/en-cuautlancingo-omar-munoz-si-tiene-a-su-mama-y-hermanos-en-la-nomina\/#breadcrumb","itemListElement":[{"@type":"ListItem","position":1,"name":"Portada","item":"https:\/\/thepueblatimes.mx\/"},{"@type":"ListItem","position":2,"name":"En Cuautlancingo Omar Mu\u00f1oz, s\u00ed tiene a su mam\u00e1 y hermanos en la n\u00f3mina"}]},{"@type":"WebSite","@id":"https:\/\/thepueblatimes.mx\/#website","url":"https:\/\/thepueblatimes.mx\/","name":"The Puebla Times","description":"Noticias del Estado de Puebla","potentialAction":[{"@type":"SearchAction","target":{"@type":"EntryPoint","urlTemplate":"https:\/\/thepueblatimes.mx\/?s={search_term_string}"},"query-input":"required name=search_term_string"}],"inLanguage":"es"},{"@type":"Person","@id":"https:\/\/thepueblatimes.mx\/#\/schema\/person\/1664894c2f65ce2c7a08d8f5f905c13c","name":"Sa\u00fal Hern\u00e1ndez","image":{"@type":"ImageObject","inLanguage":"es","@id":"https:\/\/thepueblatimes.mx\/#\/schema\/person\/image\/","url":"https:\/\/secure.gravatar.com\/avatar\/11be338693f243309532caad8f10c930?s=96&d=mm&r=g","contentUrl":"https:\/\/secure.gravatar.com\/avatar\/11be338693f243309532caad8f10c930?s=96&d=mm&r=g","caption":"Sa\u00fal Hern\u00e1ndez"},"url":"https:\/\/thepueblatimes.mx\/index.php\/author\/saulhernandez\/"}]}},"jetpack_featured_media_url":"https:\/\/thepueblatimes.mx\/wp-content\/uploads\/2025\/03\/morena-omar-munoz-623847-scaled-1.jpg","_links":{"self":[{"href":"https:\/\/thepueblatimes.mx\/index.php\/wp-json\/wp\/v2\/posts\/28545"}],"collection":[{"href":"https:\/\/thepueblatimes.mx\/index.php\/wp-json\/wp\/v2\/posts"}],"about":[{"href":"https:\/\/thepueblatimes.mx\/index.php\/wp-json\/wp\/v2\/types\/post"}],"author":[{"embeddable":true,"href":"https:\/\/thepueblatimes.mx\/index.php\/wp-json\/wp\/v2\/users\/16"}],"replies":[{"embeddable":true,"href":"https:\/\/thepueblatimes.mx\/index.php\/wp-json\/wp\/v2\/comments?post=28545"}],"version-history":[{"count":1,"href":"https:\/\/thepueblatimes.mx\/index.php\/wp-json\/wp\/v2\/posts\/28545\/revisions"}],"predecessor-version":[{"id":28547,"href":"https:\/\/thepueblatimes.mx\/index.php\/wp-json\/wp\/v2\/posts\/28545\/revisions\/28547"}],"wp:featuredmedia":[{"embeddable":true,"href":"https:\/\/thepueblatimes.mx\/index.php\/wp-json\/wp\/v2\/media\/28546"}],"wp:attachment":[{"href":"https:\/\/thepueblatimes.mx\/index.php\/wp-json\/wp\/v2\/media?parent=28545"}],"wp:term":[{"taxonomy":"category","embeddable":true,"href":"https:\/\/thepueblatimes.mx\/index.php\/wp-json\/wp\/v2\/categories?post=28545"},{"taxonomy":"post_tag","embeddable":true,"href":"https:\/\/thepueblatimes.mx\/index.php\/wp-json\/wp\/v2\/tags?post=28545"}],"curies":[{"name":"wp","href":"https:\/\/api.w.org\/{rel}","templated":true}]}}