{"id":28536,"date":"2025-03-20T18:53:09","date_gmt":"2025-03-21T00:53:09","guid":{"rendered":"https:\/\/thepueblatimes.mx\/?p=28536"},"modified":"2025-03-20T18:53:09","modified_gmt":"2025-03-21T00:53:09","slug":"aumento-del-10-por-ciento-en-la-incidencia-delictiva-en-amozoc","status":"publish","type":"post","link":"https:\/\/thepueblatimes.mx\/index.php\/2025\/03\/20\/aumento-del-10-por-ciento-en-la-incidencia-delictiva-en-amozoc\/","title":{"rendered":"Aumento del 10 por ciento en la incidencia delictiva, en Amozoc"},"content":{"rendered":"<p>POR FRED ESTRADA<\/p>\n<p>Mientras el Ayuntamiento de Amozoc, encabezado por Severiano de la Rosa, trata de mirar a otro lado para ignorar la inseguridad que prevalece en su territorio, datos de la Fiscal\u00eda General del Estado (FGE) indican que, durante los primeros dos meses del 2025, en Amozoc la incidencia delictiva registr\u00f3 un incremento del 10 por ciento en comparaci\u00f3n con los n\u00fameros del mismo periodo, en el 2024.<\/p>\n<p>En el periodo enero-febrero, en la FGE se recibieron unas 464 denuncias por delitos, lo que represent\u00f3 un aumento de 44 casos si se toman en cuenta los primeros dos meses del a\u00f1o pasado. Esto se da pese a que el edil, Severiano de la Rosa Romero, afirma que la delincuencia ha disminuido un 47 por ciento.<\/p>\n<p>Sin embargo, en ese periodo los ciudadanos documentaron el registro de tres homicidios dolosos, y cinco casos de desapariciones.<\/p>\n<p>Las denuncias por robo aumentaron un 2 por ciento, se contabilizaron 242 denuncias por robo en diferentes modalidades; durante el primer bimestre del 2024 solo se dieron 233 reportes de este il\u00edcito.<\/p>\n","protected":false},"excerpt":{"rendered":"<p>POR FRED ESTRADA Mientras el Ayuntamiento de Amozoc, encabezado por Severiano de la Rosa, trata de mirar a otro lado para ignorar la inseguridad que prevalece en su territorio, datos de la Fiscal\u00eda General del Estado (FGE) indican que, durante los primeros dos meses del 2025, en Amozoc la incidencia delictiva registr\u00f3 un incremento del&#8230;<\/p>\n","protected":false},"author":16,"featured_media":28537,"comment_status":"closed","ping_status":"closed","sticky":false,"template":"","format":"standard","meta":[],"categories":[11],"tags":[292,1566,260],"yoast_head":"<!-- This site is optimized with the Yoast SEO plugin v20.8 - https:\/\/yoast.com\/wordpress\/plugins\/seo\/ -->\n<title>Aumento del 10 por ciento en la incidencia delictiva, en Amozoc - The Puebla Times<\/title>\n<meta name=\"robots\" content=\"index, follow, max-snippet:-1, max-image-preview:large, max-video-preview:-1\" \/>\n<link rel=\"canonical\" href=\"https:\/\/thepueblatimes.mx\/index.php\/2025\/03\/20\/aumento-del-10-por-ciento-en-la-incidencia-delictiva-en-amozoc\/\" \/>\n<meta property=\"og:locale\" content=\"es_ES\" \/>\n<meta property=\"og:type\" content=\"article\" \/>\n<meta property=\"og:title\" content=\"Aumento del 10 por ciento en la incidencia delictiva, en Amozoc - The Puebla Times\" \/>\n<meta property=\"og:description\" content=\"POR FRED ESTRADA Mientras el Ayuntamiento de Amozoc, encabezado por Severiano de la Rosa, trata de mirar a otro lado para ignorar la inseguridad que prevalece en su territorio, datos de la Fiscal\u00eda General del Estado (FGE) indican que, durante los primeros dos meses del 2025, en Amozoc la incidencia delictiva registr\u00f3 un incremento del...\" \/>\n<meta property=\"og:url\" content=\"https:\/\/thepueblatimes.mx\/index.php\/2025\/03\/20\/aumento-del-10-por-ciento-en-la-incidencia-delictiva-en-amozoc\/\" \/>\n<meta property=\"og:site_name\" content=\"The Puebla Times\" \/>\n<meta property=\"article:published_time\" content=\"2025-03-21T00:53:09+00:00\" \/>\n<meta property=\"og:image\" content=\"https:\/\/thepueblatimes.mx\/wp-content\/uploads\/2025\/03\/WhatsApp-Image-2025-01-31-at-10.25.54-AM.webp\" \/>\n\t<meta property=\"og:image:width\" content=\"1200\" \/>\n\t<meta property=\"og:image:height\" content=\"674\" \/>\n\t<meta property=\"og:image:type\" content=\"image\/webp\" \/>\n<meta name=\"author\" content=\"Sa\u00fal Hern\u00e1ndez\" \/>\n<meta name=\"twitter:card\" content=\"summary_large_image\" \/>\n<meta name=\"twitter:label1\" content=\"Escrito por\" \/>\n\t<meta name=\"twitter:data1\" content=\"Sa\u00fal Hern\u00e1ndez\" \/>\n\t<meta name=\"twitter:label2\" content=\"Tiempo de lectura\" \/>\n\t<meta name=\"twitter:data2\" content=\"1 minuto\" \/>\n<script type=\"application\/ld+json\" class=\"yoast-schema-graph\">{\"@context\":\"https:\/\/schema.org\",\"@graph\":[{\"@type\":\"WebPage\",\"@id\":\"https:\/\/thepueblatimes.mx\/index.php\/2025\/03\/20\/aumento-del-10-por-ciento-en-la-incidencia-delictiva-en-amozoc\/\",\"url\":\"https:\/\/thepueblatimes.mx\/index.php\/2025\/03\/20\/aumento-del-10-por-ciento-en-la-incidencia-delictiva-en-amozoc\/\",\"name\":\"Aumento del 10 por ciento en la incidencia delictiva, en Amozoc - The Puebla Times\",\"isPartOf\":{\"@id\":\"https:\/\/thepueblatimes.mx\/#website\"},\"datePublished\":\"2025-03-21T00:53:09+00:00\",\"dateModified\":\"2025-03-21T00:53:09+00:00\",\"author\":{\"@id\":\"https:\/\/thepueblatimes.mx\/#\/schema\/person\/1664894c2f65ce2c7a08d8f5f905c13c\"},\"breadcrumb\":{\"@id\":\"https:\/\/thepueblatimes.mx\/index.php\/2025\/03\/20\/aumento-del-10-por-ciento-en-la-incidencia-delictiva-en-amozoc\/#breadcrumb\"},\"inLanguage\":\"es\",\"potentialAction\":[{\"@type\":\"ReadAction\",\"target\":[\"https:\/\/thepueblatimes.mx\/index.php\/2025\/03\/20\/aumento-del-10-por-ciento-en-la-incidencia-delictiva-en-amozoc\/\"]}]},{\"@type\":\"BreadcrumbList\",\"@id\":\"https:\/\/thepueblatimes.mx\/index.php\/2025\/03\/20\/aumento-del-10-por-ciento-en-la-incidencia-delictiva-en-amozoc\/#breadcrumb\",\"itemListElement\":[{\"@type\":\"ListItem\",\"position\":1,\"name\":\"Portada\",\"item\":\"https:\/\/thepueblatimes.mx\/\"},{\"@type\":\"ListItem\",\"position\":2,\"name\":\"Aumento del 10 por ciento en la incidencia delictiva, en Amozoc\"}]},{\"@type\":\"WebSite\",\"@id\":\"https:\/\/thepueblatimes.mx\/#website\",\"url\":\"https:\/\/thepueblatimes.mx\/\",\"name\":\"The Puebla Times\",\"description\":\"Noticias del Estado de Puebla\",\"potentialAction\":[{\"@type\":\"SearchAction\",\"target\":{\"@type\":\"EntryPoint\",\"urlTemplate\":\"https:\/\/thepueblatimes.mx\/?s={search_term_string}\"},\"query-input\":\"required name=search_term_string\"}],\"inLanguage\":\"es\"},{\"@type\":\"Person\",\"@id\":\"https:\/\/thepueblatimes.mx\/#\/schema\/person\/1664894c2f65ce2c7a08d8f5f905c13c\",\"name\":\"Sa\u00fal Hern\u00e1ndez\",\"image\":{\"@type\":\"ImageObject\",\"inLanguage\":\"es\",\"@id\":\"https:\/\/thepueblatimes.mx\/#\/schema\/person\/image\/\",\"url\":\"https:\/\/secure.gravatar.com\/avatar\/11be338693f243309532caad8f10c930?s=96&d=mm&r=g\",\"contentUrl\":\"https:\/\/secure.gravatar.com\/avatar\/11be338693f243309532caad8f10c930?s=96&d=mm&r=g\",\"caption\":\"Sa\u00fal Hern\u00e1ndez\"},\"url\":\"https:\/\/thepueblatimes.mx\/index.php\/author\/saulhernandez\/\"}]}<\/script>\n<!-- \/ Yoast SEO plugin. -->","yoast_head_json":{"title":"Aumento del 10 por ciento en la incidencia delictiva, en Amozoc - The Puebla Times","robots":{"index":"index","follow":"follow","max-snippet":"max-snippet:-1","max-image-preview":"max-image-preview:large","max-video-preview":"max-video-preview:-1"},"canonical":"https:\/\/thepueblatimes.mx\/index.php\/2025\/03\/20\/aumento-del-10-por-ciento-en-la-incidencia-delictiva-en-amozoc\/","og_locale":"es_ES","og_type":"article","og_title":"Aumento del 10 por ciento en la incidencia delictiva, en Amozoc - The Puebla Times","og_description":"POR FRED ESTRADA Mientras el Ayuntamiento de Amozoc, encabezado por Severiano de la Rosa, trata de mirar a otro lado para ignorar la inseguridad que prevalece en su territorio, datos de la Fiscal\u00eda General del Estado (FGE) indican que, durante los primeros dos meses del 2025, en Amozoc la incidencia delictiva registr\u00f3 un incremento del...","og_url":"https:\/\/thepueblatimes.mx\/index.php\/2025\/03\/20\/aumento-del-10-por-ciento-en-la-incidencia-delictiva-en-amozoc\/","og_site_name":"The Puebla Times","article_published_time":"2025-03-21T00:53:09+00:00","og_image":[{"width":1200,"height":674,"url":"https:\/\/thepueblatimes.mx\/wp-content\/uploads\/2025\/03\/WhatsApp-Image-2025-01-31-at-10.25.54-AM.webp","type":"image\/webp"}],"author":"Sa\u00fal Hern\u00e1ndez","twitter_card":"summary_large_image","twitter_misc":{"Escrito por":"Sa\u00fal Hern\u00e1ndez","Tiempo de lectura":"1 minuto"},"schema":{"@context":"https:\/\/schema.org","@graph":[{"@type":"WebPage","@id":"https:\/\/thepueblatimes.mx\/index.php\/2025\/03\/20\/aumento-del-10-por-ciento-en-la-incidencia-delictiva-en-amozoc\/","url":"https:\/\/thepueblatimes.mx\/index.php\/2025\/03\/20\/aumento-del-10-por-ciento-en-la-incidencia-delictiva-en-amozoc\/","name":"Aumento del 10 por ciento en la incidencia delictiva, en Amozoc - The Puebla Times","isPartOf":{"@id":"https:\/\/thepueblatimes.mx\/#website"},"datePublished":"2025-03-21T00:53:09+00:00","dateModified":"2025-03-21T00:53:09+00:00","author":{"@id":"https:\/\/thepueblatimes.mx\/#\/schema\/person\/1664894c2f65ce2c7a08d8f5f905c13c"},"breadcrumb":{"@id":"https:\/\/thepueblatimes.mx\/index.php\/2025\/03\/20\/aumento-del-10-por-ciento-en-la-incidencia-delictiva-en-amozoc\/#breadcrumb"},"inLanguage":"es","potentialAction":[{"@type":"ReadAction","target":["https:\/\/thepueblatimes.mx\/index.php\/2025\/03\/20\/aumento-del-10-por-ciento-en-la-incidencia-delictiva-en-amozoc\/"]}]},{"@type":"BreadcrumbList","@id":"https:\/\/thepueblatimes.mx\/index.php\/2025\/03\/20\/aumento-del-10-por-ciento-en-la-incidencia-delictiva-en-amozoc\/#breadcrumb","itemListElement":[{"@type":"ListItem","position":1,"name":"Portada","item":"https:\/\/thepueblatimes.mx\/"},{"@type":"ListItem","position":2,"name":"Aumento del 10 por ciento en la incidencia delictiva, en Amozoc"}]},{"@type":"WebSite","@id":"https:\/\/thepueblatimes.mx\/#website","url":"https:\/\/thepueblatimes.mx\/","name":"The Puebla Times","description":"Noticias del Estado de Puebla","potentialAction":[{"@type":"SearchAction","target":{"@type":"EntryPoint","urlTemplate":"https:\/\/thepueblatimes.mx\/?s={search_term_string}"},"query-input":"required name=search_term_string"}],"inLanguage":"es"},{"@type":"Person","@id":"https:\/\/thepueblatimes.mx\/#\/schema\/person\/1664894c2f65ce2c7a08d8f5f905c13c","name":"Sa\u00fal Hern\u00e1ndez","image":{"@type":"ImageObject","inLanguage":"es","@id":"https:\/\/thepueblatimes.mx\/#\/schema\/person\/image\/","url":"https:\/\/secure.gravatar.com\/avatar\/11be338693f243309532caad8f10c930?s=96&d=mm&r=g","contentUrl":"https:\/\/secure.gravatar.com\/avatar\/11be338693f243309532caad8f10c930?s=96&d=mm&r=g","caption":"Sa\u00fal Hern\u00e1ndez"},"url":"https:\/\/thepueblatimes.mx\/index.php\/author\/saulhernandez\/"}]}},"jetpack_featured_media_url":"https:\/\/thepueblatimes.mx\/wp-content\/uploads\/2025\/03\/WhatsApp-Image-2025-01-31-at-10.25.54-AM.webp","_links":{"self":[{"href":"https:\/\/thepueblatimes.mx\/index.php\/wp-json\/wp\/v2\/posts\/28536"}],"collection":[{"href":"https:\/\/thepueblatimes.mx\/index.php\/wp-json\/wp\/v2\/posts"}],"about":[{"href":"https:\/\/thepueblatimes.mx\/index.php\/wp-json\/wp\/v2\/types\/post"}],"author":[{"embeddable":true,"href":"https:\/\/thepueblatimes.mx\/index.php\/wp-json\/wp\/v2\/users\/16"}],"replies":[{"embeddable":true,"href":"https:\/\/thepueblatimes.mx\/index.php\/wp-json\/wp\/v2\/comments?post=28536"}],"version-history":[{"count":1,"href":"https:\/\/thepueblatimes.mx\/index.php\/wp-json\/wp\/v2\/posts\/28536\/revisions"}],"predecessor-version":[{"id":28538,"href":"https:\/\/thepueblatimes.mx\/index.php\/wp-json\/wp\/v2\/posts\/28536\/revisions\/28538"}],"wp:featuredmedia":[{"embeddable":true,"href":"https:\/\/thepueblatimes.mx\/index.php\/wp-json\/wp\/v2\/media\/28537"}],"wp:attachment":[{"href":"https:\/\/thepueblatimes.mx\/index.php\/wp-json\/wp\/v2\/media?parent=28536"}],"wp:term":[{"taxonomy":"category","embeddable":true,"href":"https:\/\/thepueblatimes.mx\/index.php\/wp-json\/wp\/v2\/categories?post=28536"},{"taxonomy":"post_tag","embeddable":true,"href":"https:\/\/thepueblatimes.mx\/index.php\/wp-json\/wp\/v2\/tags?post=28536"}],"curies":[{"name":"wp","href":"https:\/\/api.w.org\/{rel}","templated":true}]}}