{"id":28533,"date":"2025-03-20T18:45:51","date_gmt":"2025-03-21T00:45:51","guid":{"rendered":"https:\/\/thepueblatimes.mx\/?p=28533"},"modified":"2025-03-20T18:45:51","modified_gmt":"2025-03-21T00:45:51","slug":"mario-riestra-sigue-mal-y-de-malas","status":"publish","type":"post","link":"https:\/\/thepueblatimes.mx\/index.php\/2025\/03\/20\/mario-riestra-sigue-mal-y-de-malas\/","title":{"rendered":"Mario Riestra sigue mal y de malas"},"content":{"rendered":"<p>POR FRED ESTRADA<\/p>\n<p>El martes 18 de marzo. el dirigente del PAN Puebla, Mario Riestra acudi\u00f3 a Chignahuapan para respaldar a Mario Olvera, quien el mi\u00e9rcoles 19 de marzo declin\u00f3 a favor del candidato morenista Juan Rivera Trejo.<\/p>\n<p>Sin embargo, la dirigencia panista emiti\u00f3 un comunicado en el que advirti\u00f3 que Mario Luis Olvera Cort\u00e9s fue candidato siglado por el PRI, con lo que busco deslindarse de la responsabilidad.<br \/>\nEl comunicado indica:<\/p>\n<p>\u201cLa reciente decisi\u00f3n del candidato ciudadano, Mario Luis Olvera Cort\u00e9s, siglado por el Partido Revolucionario Institucional (PRI), en el municipio de Chignahuapan de retirarse de la contienda, es una muestra clara de lo que estamos viviendo como pa\u00eds\u201d.<\/p>\n<p>El PAN tambi\u00e9n se deslind\u00f3 de las declaraciones realizadas por el candidato y se\u00f1alando que tampoco respaldaran sus decisiones personales que favorecen a Morena.<\/p>\n<p>En el panorama ahora el electorado tendr\u00e1 que optar entre Juan Rivera Trejo de Morena, Yasm\u00edn Medina Carrasco de Movimiento Ciudadano y Jos\u00e9 Pedro Fern\u00e1ndez Moreno de Pacto Social de Integraci\u00f3n (PSI) para definir quien asumir\u00e1 la presidencia municipal de Chignahuapan.<\/p>\n<p>Esto aunque en los hechos los votos que se puedan emitir a favor de Mario Olvera deber\u00e1n contarse y validarse, a partir de que en el plano legal no opera la figura de declinaci\u00f3n.<\/p>\n","protected":false},"excerpt":{"rendered":"<p>POR FRED ESTRADA El martes 18 de marzo. el dirigente del PAN Puebla, Mario Riestra acudi\u00f3 a Chignahuapan para respaldar a Mario Olvera, quien el mi\u00e9rcoles 19 de marzo declin\u00f3 a favor del candidato morenista Juan Rivera Trejo. Sin embargo, la dirigencia panista emiti\u00f3 un comunicado en el que advirti\u00f3 que Mario Luis Olvera Cort\u00e9s&#8230;<\/p>\n","protected":false},"author":16,"featured_media":28534,"comment_status":"closed","ping_status":"closed","sticky":false,"template":"","format":"standard","meta":[],"categories":[20],"tags":[2297,1721,2718],"yoast_head":"<!-- This site is optimized with the Yoast SEO plugin v20.8 - https:\/\/yoast.com\/wordpress\/plugins\/seo\/ -->\n<title>Mario Riestra sigue mal y de malas - The Puebla Times<\/title>\n<meta name=\"robots\" content=\"index, follow, max-snippet:-1, max-image-preview:large, max-video-preview:-1\" \/>\n<link rel=\"canonical\" href=\"https:\/\/thepueblatimes.mx\/index.php\/2025\/03\/20\/mario-riestra-sigue-mal-y-de-malas\/\" \/>\n<meta property=\"og:locale\" content=\"es_ES\" \/>\n<meta property=\"og:type\" content=\"article\" \/>\n<meta property=\"og:title\" content=\"Mario Riestra sigue mal y de malas - The Puebla Times\" \/>\n<meta property=\"og:description\" content=\"POR FRED ESTRADA El martes 18 de marzo. el dirigente del PAN Puebla, Mario Riestra acudi\u00f3 a Chignahuapan para respaldar a Mario Olvera, quien el mi\u00e9rcoles 19 de marzo declin\u00f3 a favor del candidato morenista Juan Rivera Trejo. Sin embargo, la dirigencia panista emiti\u00f3 un comunicado en el que advirti\u00f3 que Mario Luis Olvera Cort\u00e9s...\" \/>\n<meta property=\"og:url\" content=\"https:\/\/thepueblatimes.mx\/index.php\/2025\/03\/20\/mario-riestra-sigue-mal-y-de-malas\/\" \/>\n<meta property=\"og:site_name\" content=\"The Puebla Times\" \/>\n<meta property=\"article:published_time\" content=\"2025-03-21T00:45:51+00:00\" \/>\n<meta property=\"og:image\" content=\"https:\/\/thepueblatimes.mx\/wp-content\/uploads\/2025\/03\/mario-riestra-agencia-enfoque.webp\" \/>\n\t<meta property=\"og:image:width\" content=\"942\" \/>\n\t<meta property=\"og:image:height\" content=\"532\" \/>\n\t<meta property=\"og:image:type\" content=\"image\/webp\" \/>\n<meta name=\"author\" content=\"Sa\u00fal Hern\u00e1ndez\" \/>\n<meta name=\"twitter:card\" content=\"summary_large_image\" \/>\n<meta name=\"twitter:label1\" content=\"Escrito por\" \/>\n\t<meta name=\"twitter:data1\" content=\"Sa\u00fal Hern\u00e1ndez\" \/>\n\t<meta name=\"twitter:label2\" content=\"Tiempo de lectura\" \/>\n\t<meta name=\"twitter:data2\" content=\"1 minuto\" \/>\n<script type=\"application\/ld+json\" class=\"yoast-schema-graph\">{\"@context\":\"https:\/\/schema.org\",\"@graph\":[{\"@type\":\"WebPage\",\"@id\":\"https:\/\/thepueblatimes.mx\/index.php\/2025\/03\/20\/mario-riestra-sigue-mal-y-de-malas\/\",\"url\":\"https:\/\/thepueblatimes.mx\/index.php\/2025\/03\/20\/mario-riestra-sigue-mal-y-de-malas\/\",\"name\":\"Mario Riestra sigue mal y de malas - The Puebla Times\",\"isPartOf\":{\"@id\":\"https:\/\/thepueblatimes.mx\/#website\"},\"datePublished\":\"2025-03-21T00:45:51+00:00\",\"dateModified\":\"2025-03-21T00:45:51+00:00\",\"author\":{\"@id\":\"https:\/\/thepueblatimes.mx\/#\/schema\/person\/1664894c2f65ce2c7a08d8f5f905c13c\"},\"breadcrumb\":{\"@id\":\"https:\/\/thepueblatimes.mx\/index.php\/2025\/03\/20\/mario-riestra-sigue-mal-y-de-malas\/#breadcrumb\"},\"inLanguage\":\"es\",\"potentialAction\":[{\"@type\":\"ReadAction\",\"target\":[\"https:\/\/thepueblatimes.mx\/index.php\/2025\/03\/20\/mario-riestra-sigue-mal-y-de-malas\/\"]}]},{\"@type\":\"BreadcrumbList\",\"@id\":\"https:\/\/thepueblatimes.mx\/index.php\/2025\/03\/20\/mario-riestra-sigue-mal-y-de-malas\/#breadcrumb\",\"itemListElement\":[{\"@type\":\"ListItem\",\"position\":1,\"name\":\"Portada\",\"item\":\"https:\/\/thepueblatimes.mx\/\"},{\"@type\":\"ListItem\",\"position\":2,\"name\":\"Mario Riestra sigue mal y de malas\"}]},{\"@type\":\"WebSite\",\"@id\":\"https:\/\/thepueblatimes.mx\/#website\",\"url\":\"https:\/\/thepueblatimes.mx\/\",\"name\":\"The Puebla Times\",\"description\":\"Noticias del Estado de Puebla\",\"potentialAction\":[{\"@type\":\"SearchAction\",\"target\":{\"@type\":\"EntryPoint\",\"urlTemplate\":\"https:\/\/thepueblatimes.mx\/?s={search_term_string}\"},\"query-input\":\"required name=search_term_string\"}],\"inLanguage\":\"es\"},{\"@type\":\"Person\",\"@id\":\"https:\/\/thepueblatimes.mx\/#\/schema\/person\/1664894c2f65ce2c7a08d8f5f905c13c\",\"name\":\"Sa\u00fal Hern\u00e1ndez\",\"image\":{\"@type\":\"ImageObject\",\"inLanguage\":\"es\",\"@id\":\"https:\/\/thepueblatimes.mx\/#\/schema\/person\/image\/\",\"url\":\"https:\/\/secure.gravatar.com\/avatar\/11be338693f243309532caad8f10c930?s=96&d=mm&r=g\",\"contentUrl\":\"https:\/\/secure.gravatar.com\/avatar\/11be338693f243309532caad8f10c930?s=96&d=mm&r=g\",\"caption\":\"Sa\u00fal Hern\u00e1ndez\"},\"url\":\"https:\/\/thepueblatimes.mx\/index.php\/author\/saulhernandez\/\"}]}<\/script>\n<!-- \/ Yoast SEO plugin. -->","yoast_head_json":{"title":"Mario Riestra sigue mal y de malas - The Puebla Times","robots":{"index":"index","follow":"follow","max-snippet":"max-snippet:-1","max-image-preview":"max-image-preview:large","max-video-preview":"max-video-preview:-1"},"canonical":"https:\/\/thepueblatimes.mx\/index.php\/2025\/03\/20\/mario-riestra-sigue-mal-y-de-malas\/","og_locale":"es_ES","og_type":"article","og_title":"Mario Riestra sigue mal y de malas - The Puebla Times","og_description":"POR FRED ESTRADA El martes 18 de marzo. el dirigente del PAN Puebla, Mario Riestra acudi\u00f3 a Chignahuapan para respaldar a Mario Olvera, quien el mi\u00e9rcoles 19 de marzo declin\u00f3 a favor del candidato morenista Juan Rivera Trejo. Sin embargo, la dirigencia panista emiti\u00f3 un comunicado en el que advirti\u00f3 que Mario Luis Olvera Cort\u00e9s...","og_url":"https:\/\/thepueblatimes.mx\/index.php\/2025\/03\/20\/mario-riestra-sigue-mal-y-de-malas\/","og_site_name":"The Puebla Times","article_published_time":"2025-03-21T00:45:51+00:00","og_image":[{"width":942,"height":532,"url":"https:\/\/thepueblatimes.mx\/wp-content\/uploads\/2025\/03\/mario-riestra-agencia-enfoque.webp","type":"image\/webp"}],"author":"Sa\u00fal Hern\u00e1ndez","twitter_card":"summary_large_image","twitter_misc":{"Escrito por":"Sa\u00fal Hern\u00e1ndez","Tiempo de lectura":"1 minuto"},"schema":{"@context":"https:\/\/schema.org","@graph":[{"@type":"WebPage","@id":"https:\/\/thepueblatimes.mx\/index.php\/2025\/03\/20\/mario-riestra-sigue-mal-y-de-malas\/","url":"https:\/\/thepueblatimes.mx\/index.php\/2025\/03\/20\/mario-riestra-sigue-mal-y-de-malas\/","name":"Mario Riestra sigue mal y de malas - The Puebla Times","isPartOf":{"@id":"https:\/\/thepueblatimes.mx\/#website"},"datePublished":"2025-03-21T00:45:51+00:00","dateModified":"2025-03-21T00:45:51+00:00","author":{"@id":"https:\/\/thepueblatimes.mx\/#\/schema\/person\/1664894c2f65ce2c7a08d8f5f905c13c"},"breadcrumb":{"@id":"https:\/\/thepueblatimes.mx\/index.php\/2025\/03\/20\/mario-riestra-sigue-mal-y-de-malas\/#breadcrumb"},"inLanguage":"es","potentialAction":[{"@type":"ReadAction","target":["https:\/\/thepueblatimes.mx\/index.php\/2025\/03\/20\/mario-riestra-sigue-mal-y-de-malas\/"]}]},{"@type":"BreadcrumbList","@id":"https:\/\/thepueblatimes.mx\/index.php\/2025\/03\/20\/mario-riestra-sigue-mal-y-de-malas\/#breadcrumb","itemListElement":[{"@type":"ListItem","position":1,"name":"Portada","item":"https:\/\/thepueblatimes.mx\/"},{"@type":"ListItem","position":2,"name":"Mario Riestra sigue mal y de malas"}]},{"@type":"WebSite","@id":"https:\/\/thepueblatimes.mx\/#website","url":"https:\/\/thepueblatimes.mx\/","name":"The Puebla Times","description":"Noticias del Estado de Puebla","potentialAction":[{"@type":"SearchAction","target":{"@type":"EntryPoint","urlTemplate":"https:\/\/thepueblatimes.mx\/?s={search_term_string}"},"query-input":"required name=search_term_string"}],"inLanguage":"es"},{"@type":"Person","@id":"https:\/\/thepueblatimes.mx\/#\/schema\/person\/1664894c2f65ce2c7a08d8f5f905c13c","name":"Sa\u00fal Hern\u00e1ndez","image":{"@type":"ImageObject","inLanguage":"es","@id":"https:\/\/thepueblatimes.mx\/#\/schema\/person\/image\/","url":"https:\/\/secure.gravatar.com\/avatar\/11be338693f243309532caad8f10c930?s=96&d=mm&r=g","contentUrl":"https:\/\/secure.gravatar.com\/avatar\/11be338693f243309532caad8f10c930?s=96&d=mm&r=g","caption":"Sa\u00fal Hern\u00e1ndez"},"url":"https:\/\/thepueblatimes.mx\/index.php\/author\/saulhernandez\/"}]}},"jetpack_featured_media_url":"https:\/\/thepueblatimes.mx\/wp-content\/uploads\/2025\/03\/mario-riestra-agencia-enfoque.webp","_links":{"self":[{"href":"https:\/\/thepueblatimes.mx\/index.php\/wp-json\/wp\/v2\/posts\/28533"}],"collection":[{"href":"https:\/\/thepueblatimes.mx\/index.php\/wp-json\/wp\/v2\/posts"}],"about":[{"href":"https:\/\/thepueblatimes.mx\/index.php\/wp-json\/wp\/v2\/types\/post"}],"author":[{"embeddable":true,"href":"https:\/\/thepueblatimes.mx\/index.php\/wp-json\/wp\/v2\/users\/16"}],"replies":[{"embeddable":true,"href":"https:\/\/thepueblatimes.mx\/index.php\/wp-json\/wp\/v2\/comments?post=28533"}],"version-history":[{"count":1,"href":"https:\/\/thepueblatimes.mx\/index.php\/wp-json\/wp\/v2\/posts\/28533\/revisions"}],"predecessor-version":[{"id":28535,"href":"https:\/\/thepueblatimes.mx\/index.php\/wp-json\/wp\/v2\/posts\/28533\/revisions\/28535"}],"wp:featuredmedia":[{"embeddable":true,"href":"https:\/\/thepueblatimes.mx\/index.php\/wp-json\/wp\/v2\/media\/28534"}],"wp:attachment":[{"href":"https:\/\/thepueblatimes.mx\/index.php\/wp-json\/wp\/v2\/media?parent=28533"}],"wp:term":[{"taxonomy":"category","embeddable":true,"href":"https:\/\/thepueblatimes.mx\/index.php\/wp-json\/wp\/v2\/categories?post=28533"},{"taxonomy":"post_tag","embeddable":true,"href":"https:\/\/thepueblatimes.mx\/index.php\/wp-json\/wp\/v2\/tags?post=28533"}],"curies":[{"name":"wp","href":"https:\/\/api.w.org\/{rel}","templated":true}]}}