{"id":28492,"date":"2025-03-18T12:41:34","date_gmt":"2025-03-18T18:41:34","guid":{"rendered":"https:\/\/thepueblatimes.mx\/?p=28492"},"modified":"2025-03-18T12:41:34","modified_gmt":"2025-03-18T18:41:34","slug":"la-inseguridad-persiste-en-huejotzingo-empresario-norteno-el-hombre-desaparecido-y-hallado-muerto-en-bodega","status":"publish","type":"post","link":"https:\/\/thepueblatimes.mx\/index.php\/2025\/03\/18\/la-inseguridad-persiste-en-huejotzingo-empresario-norteno-el-hombre-desaparecido-y-hallado-muerto-en-bodega\/","title":{"rendered":"La inseguridad persiste en Huejotzingo; empresario norte\u00f1o, el hombre desaparecido y hallado muerto en bodega"},"content":{"rendered":"<p>POR FRED ESTRADA<\/p>\n<p>El cuerpo que se localiz\u00f3, el viernes 14 de marzo, al interior de una bodega ubicada en la Ex Hacienda Munive, en Huejotzingo, podr\u00eda corresponder a un empresario del norte avecindado en Puebla.<\/p>\n<p>S\u00f3lo se esperan los resultados de las pruebas de identificaci\u00f3n y del avance de las investigaciones, para confirmarlo.<\/p>\n<p>En el desarrollo de la investigaci\u00f3n participan la Coordinaci\u00f3n de Robo de Veh\u00edculos, la Fiscal\u00eda de Secuestro y Extorsi\u00f3n y la Especializada en Desaparici\u00f3n de Personas.<\/p>\n<p>En los hechos, se investiga la no localizaci\u00f3n de un empresario identificado como Adolfo N., de 58 a\u00f1os, propietario del inmueble en el que fue hallado sin vida; hay datos que indican que hab\u00eda rentado el espacio a personas que no han sido identificadas.<\/p>\n<p>De manera extra oficial trascendi\u00f3 que una de las l\u00edneas de investigaci\u00f3n del personal de la Fiscal\u00eda estatal es que el empresario rent\u00f3 el inmueble a personas desconocidas sin saber que se dedicaban a actividades il\u00edcitas, quienes podr\u00edan ser los responsables de la desaparici\u00f3n.<\/p>\n","protected":false},"excerpt":{"rendered":"<p>POR FRED ESTRADA El cuerpo que se localiz\u00f3, el viernes 14 de marzo, al interior de una bodega ubicada en la Ex Hacienda Munive, en Huejotzingo, podr\u00eda corresponder a un empresario del norte avecindado en Puebla. S\u00f3lo se esperan los resultados de las pruebas de identificaci\u00f3n y del avance de las investigaciones, para confirmarlo. En&#8230;<\/p>\n","protected":false},"author":16,"featured_media":28493,"comment_status":"closed","ping_status":"closed","sticky":false,"template":"","format":"standard","meta":[],"categories":[39,11],"tags":[2579,3381,40,260],"yoast_head":"<!-- This site is optimized with the Yoast SEO plugin v20.8 - https:\/\/yoast.com\/wordpress\/plugins\/seo\/ -->\n<title>La inseguridad persiste en Huejotzingo; empresario norte\u00f1o, el hombre desaparecido y hallado muerto en bodega - The Puebla Times<\/title>\n<meta name=\"robots\" content=\"index, follow, max-snippet:-1, max-image-preview:large, max-video-preview:-1\" \/>\n<link rel=\"canonical\" href=\"https:\/\/thepueblatimes.mx\/index.php\/2025\/03\/18\/la-inseguridad-persiste-en-huejotzingo-empresario-norteno-el-hombre-desaparecido-y-hallado-muerto-en-bodega\/\" \/>\n<meta property=\"og:locale\" content=\"es_ES\" \/>\n<meta property=\"og:type\" content=\"article\" \/>\n<meta property=\"og:title\" content=\"La inseguridad persiste en Huejotzingo; empresario norte\u00f1o, el hombre desaparecido y hallado muerto en bodega - The Puebla Times\" \/>\n<meta property=\"og:description\" content=\"POR FRED ESTRADA El cuerpo que se localiz\u00f3, el viernes 14 de marzo, al interior de una bodega ubicada en la Ex Hacienda Munive, en Huejotzingo, podr\u00eda corresponder a un empresario del norte avecindado en Puebla. S\u00f3lo se esperan los resultados de las pruebas de identificaci\u00f3n y del avance de las investigaciones, para confirmarlo. En...\" \/>\n<meta property=\"og:url\" content=\"https:\/\/thepueblatimes.mx\/index.php\/2025\/03\/18\/la-inseguridad-persiste-en-huejotzingo-empresario-norteno-el-hombre-desaparecido-y-hallado-muerto-en-bodega\/\" \/>\n<meta property=\"og:site_name\" content=\"The Puebla Times\" \/>\n<meta property=\"article:published_time\" content=\"2025-03-18T18:41:34+00:00\" \/>\n<meta property=\"og:image\" content=\"https:\/\/thepueblatimes.mx\/wp-content\/uploads\/2025\/03\/diseno-2024-11-12T114020.750-1024x576-1.jpg\" \/>\n\t<meta property=\"og:image:width\" content=\"1024\" \/>\n\t<meta property=\"og:image:height\" content=\"576\" \/>\n\t<meta property=\"og:image:type\" content=\"image\/jpeg\" \/>\n<meta name=\"author\" content=\"Sa\u00fal Hern\u00e1ndez\" \/>\n<meta name=\"twitter:card\" content=\"summary_large_image\" \/>\n<meta name=\"twitter:label1\" content=\"Escrito por\" \/>\n\t<meta name=\"twitter:data1\" content=\"Sa\u00fal Hern\u00e1ndez\" \/>\n\t<meta name=\"twitter:label2\" content=\"Tiempo de lectura\" \/>\n\t<meta name=\"twitter:data2\" content=\"1 minuto\" \/>\n<script type=\"application\/ld+json\" class=\"yoast-schema-graph\">{\"@context\":\"https:\/\/schema.org\",\"@graph\":[{\"@type\":\"WebPage\",\"@id\":\"https:\/\/thepueblatimes.mx\/index.php\/2025\/03\/18\/la-inseguridad-persiste-en-huejotzingo-empresario-norteno-el-hombre-desaparecido-y-hallado-muerto-en-bodega\/\",\"url\":\"https:\/\/thepueblatimes.mx\/index.php\/2025\/03\/18\/la-inseguridad-persiste-en-huejotzingo-empresario-norteno-el-hombre-desaparecido-y-hallado-muerto-en-bodega\/\",\"name\":\"La inseguridad persiste en Huejotzingo; empresario norte\u00f1o, el hombre desaparecido y hallado muerto en bodega - The Puebla Times\",\"isPartOf\":{\"@id\":\"https:\/\/thepueblatimes.mx\/#website\"},\"datePublished\":\"2025-03-18T18:41:34+00:00\",\"dateModified\":\"2025-03-18T18:41:34+00:00\",\"author\":{\"@id\":\"https:\/\/thepueblatimes.mx\/#\/schema\/person\/1664894c2f65ce2c7a08d8f5f905c13c\"},\"breadcrumb\":{\"@id\":\"https:\/\/thepueblatimes.mx\/index.php\/2025\/03\/18\/la-inseguridad-persiste-en-huejotzingo-empresario-norteno-el-hombre-desaparecido-y-hallado-muerto-en-bodega\/#breadcrumb\"},\"inLanguage\":\"es\",\"potentialAction\":[{\"@type\":\"ReadAction\",\"target\":[\"https:\/\/thepueblatimes.mx\/index.php\/2025\/03\/18\/la-inseguridad-persiste-en-huejotzingo-empresario-norteno-el-hombre-desaparecido-y-hallado-muerto-en-bodega\/\"]}]},{\"@type\":\"BreadcrumbList\",\"@id\":\"https:\/\/thepueblatimes.mx\/index.php\/2025\/03\/18\/la-inseguridad-persiste-en-huejotzingo-empresario-norteno-el-hombre-desaparecido-y-hallado-muerto-en-bodega\/#breadcrumb\",\"itemListElement\":[{\"@type\":\"ListItem\",\"position\":1,\"name\":\"Portada\",\"item\":\"https:\/\/thepueblatimes.mx\/\"},{\"@type\":\"ListItem\",\"position\":2,\"name\":\"La inseguridad persiste en Huejotzingo; empresario norte\u00f1o, el hombre desaparecido y hallado muerto en bodega\"}]},{\"@type\":\"WebSite\",\"@id\":\"https:\/\/thepueblatimes.mx\/#website\",\"url\":\"https:\/\/thepueblatimes.mx\/\",\"name\":\"The Puebla Times\",\"description\":\"Noticias del Estado de Puebla\",\"potentialAction\":[{\"@type\":\"SearchAction\",\"target\":{\"@type\":\"EntryPoint\",\"urlTemplate\":\"https:\/\/thepueblatimes.mx\/?s={search_term_string}\"},\"query-input\":\"required name=search_term_string\"}],\"inLanguage\":\"es\"},{\"@type\":\"Person\",\"@id\":\"https:\/\/thepueblatimes.mx\/#\/schema\/person\/1664894c2f65ce2c7a08d8f5f905c13c\",\"name\":\"Sa\u00fal Hern\u00e1ndez\",\"image\":{\"@type\":\"ImageObject\",\"inLanguage\":\"es\",\"@id\":\"https:\/\/thepueblatimes.mx\/#\/schema\/person\/image\/\",\"url\":\"https:\/\/secure.gravatar.com\/avatar\/11be338693f243309532caad8f10c930?s=96&d=mm&r=g\",\"contentUrl\":\"https:\/\/secure.gravatar.com\/avatar\/11be338693f243309532caad8f10c930?s=96&d=mm&r=g\",\"caption\":\"Sa\u00fal Hern\u00e1ndez\"},\"url\":\"https:\/\/thepueblatimes.mx\/index.php\/author\/saulhernandez\/\"}]}<\/script>\n<!-- \/ Yoast SEO plugin. -->","yoast_head_json":{"title":"La inseguridad persiste en Huejotzingo; empresario norte\u00f1o, el hombre desaparecido y hallado muerto en bodega - The Puebla Times","robots":{"index":"index","follow":"follow","max-snippet":"max-snippet:-1","max-image-preview":"max-image-preview:large","max-video-preview":"max-video-preview:-1"},"canonical":"https:\/\/thepueblatimes.mx\/index.php\/2025\/03\/18\/la-inseguridad-persiste-en-huejotzingo-empresario-norteno-el-hombre-desaparecido-y-hallado-muerto-en-bodega\/","og_locale":"es_ES","og_type":"article","og_title":"La inseguridad persiste en Huejotzingo; empresario norte\u00f1o, el hombre desaparecido y hallado muerto en bodega - The Puebla Times","og_description":"POR FRED ESTRADA El cuerpo que se localiz\u00f3, el viernes 14 de marzo, al interior de una bodega ubicada en la Ex Hacienda Munive, en Huejotzingo, podr\u00eda corresponder a un empresario del norte avecindado en Puebla. S\u00f3lo se esperan los resultados de las pruebas de identificaci\u00f3n y del avance de las investigaciones, para confirmarlo. En...","og_url":"https:\/\/thepueblatimes.mx\/index.php\/2025\/03\/18\/la-inseguridad-persiste-en-huejotzingo-empresario-norteno-el-hombre-desaparecido-y-hallado-muerto-en-bodega\/","og_site_name":"The Puebla Times","article_published_time":"2025-03-18T18:41:34+00:00","og_image":[{"width":1024,"height":576,"url":"https:\/\/thepueblatimes.mx\/wp-content\/uploads\/2025\/03\/diseno-2024-11-12T114020.750-1024x576-1.jpg","type":"image\/jpeg"}],"author":"Sa\u00fal Hern\u00e1ndez","twitter_card":"summary_large_image","twitter_misc":{"Escrito por":"Sa\u00fal Hern\u00e1ndez","Tiempo de lectura":"1 minuto"},"schema":{"@context":"https:\/\/schema.org","@graph":[{"@type":"WebPage","@id":"https:\/\/thepueblatimes.mx\/index.php\/2025\/03\/18\/la-inseguridad-persiste-en-huejotzingo-empresario-norteno-el-hombre-desaparecido-y-hallado-muerto-en-bodega\/","url":"https:\/\/thepueblatimes.mx\/index.php\/2025\/03\/18\/la-inseguridad-persiste-en-huejotzingo-empresario-norteno-el-hombre-desaparecido-y-hallado-muerto-en-bodega\/","name":"La inseguridad persiste en Huejotzingo; empresario norte\u00f1o, el hombre desaparecido y hallado muerto en bodega - The Puebla Times","isPartOf":{"@id":"https:\/\/thepueblatimes.mx\/#website"},"datePublished":"2025-03-18T18:41:34+00:00","dateModified":"2025-03-18T18:41:34+00:00","author":{"@id":"https:\/\/thepueblatimes.mx\/#\/schema\/person\/1664894c2f65ce2c7a08d8f5f905c13c"},"breadcrumb":{"@id":"https:\/\/thepueblatimes.mx\/index.php\/2025\/03\/18\/la-inseguridad-persiste-en-huejotzingo-empresario-norteno-el-hombre-desaparecido-y-hallado-muerto-en-bodega\/#breadcrumb"},"inLanguage":"es","potentialAction":[{"@type":"ReadAction","target":["https:\/\/thepueblatimes.mx\/index.php\/2025\/03\/18\/la-inseguridad-persiste-en-huejotzingo-empresario-norteno-el-hombre-desaparecido-y-hallado-muerto-en-bodega\/"]}]},{"@type":"BreadcrumbList","@id":"https:\/\/thepueblatimes.mx\/index.php\/2025\/03\/18\/la-inseguridad-persiste-en-huejotzingo-empresario-norteno-el-hombre-desaparecido-y-hallado-muerto-en-bodega\/#breadcrumb","itemListElement":[{"@type":"ListItem","position":1,"name":"Portada","item":"https:\/\/thepueblatimes.mx\/"},{"@type":"ListItem","position":2,"name":"La inseguridad persiste en Huejotzingo; empresario norte\u00f1o, el hombre desaparecido y hallado muerto en bodega"}]},{"@type":"WebSite","@id":"https:\/\/thepueblatimes.mx\/#website","url":"https:\/\/thepueblatimes.mx\/","name":"The Puebla Times","description":"Noticias del Estado de Puebla","potentialAction":[{"@type":"SearchAction","target":{"@type":"EntryPoint","urlTemplate":"https:\/\/thepueblatimes.mx\/?s={search_term_string}"},"query-input":"required name=search_term_string"}],"inLanguage":"es"},{"@type":"Person","@id":"https:\/\/thepueblatimes.mx\/#\/schema\/person\/1664894c2f65ce2c7a08d8f5f905c13c","name":"Sa\u00fal Hern\u00e1ndez","image":{"@type":"ImageObject","inLanguage":"es","@id":"https:\/\/thepueblatimes.mx\/#\/schema\/person\/image\/","url":"https:\/\/secure.gravatar.com\/avatar\/11be338693f243309532caad8f10c930?s=96&d=mm&r=g","contentUrl":"https:\/\/secure.gravatar.com\/avatar\/11be338693f243309532caad8f10c930?s=96&d=mm&r=g","caption":"Sa\u00fal Hern\u00e1ndez"},"url":"https:\/\/thepueblatimes.mx\/index.php\/author\/saulhernandez\/"}]}},"jetpack_featured_media_url":"https:\/\/thepueblatimes.mx\/wp-content\/uploads\/2025\/03\/diseno-2024-11-12T114020.750-1024x576-1.jpg","_links":{"self":[{"href":"https:\/\/thepueblatimes.mx\/index.php\/wp-json\/wp\/v2\/posts\/28492"}],"collection":[{"href":"https:\/\/thepueblatimes.mx\/index.php\/wp-json\/wp\/v2\/posts"}],"about":[{"href":"https:\/\/thepueblatimes.mx\/index.php\/wp-json\/wp\/v2\/types\/post"}],"author":[{"embeddable":true,"href":"https:\/\/thepueblatimes.mx\/index.php\/wp-json\/wp\/v2\/users\/16"}],"replies":[{"embeddable":true,"href":"https:\/\/thepueblatimes.mx\/index.php\/wp-json\/wp\/v2\/comments?post=28492"}],"version-history":[{"count":1,"href":"https:\/\/thepueblatimes.mx\/index.php\/wp-json\/wp\/v2\/posts\/28492\/revisions"}],"predecessor-version":[{"id":28494,"href":"https:\/\/thepueblatimes.mx\/index.php\/wp-json\/wp\/v2\/posts\/28492\/revisions\/28494"}],"wp:featuredmedia":[{"embeddable":true,"href":"https:\/\/thepueblatimes.mx\/index.php\/wp-json\/wp\/v2\/media\/28493"}],"wp:attachment":[{"href":"https:\/\/thepueblatimes.mx\/index.php\/wp-json\/wp\/v2\/media?parent=28492"}],"wp:term":[{"taxonomy":"category","embeddable":true,"href":"https:\/\/thepueblatimes.mx\/index.php\/wp-json\/wp\/v2\/categories?post=28492"},{"taxonomy":"post_tag","embeddable":true,"href":"https:\/\/thepueblatimes.mx\/index.php\/wp-json\/wp\/v2\/tags?post=28492"}],"curies":[{"name":"wp","href":"https:\/\/api.w.org\/{rel}","templated":true}]}}