{"id":28341,"date":"2025-03-10T17:55:54","date_gmt":"2025-03-10T23:55:54","guid":{"rendered":"https:\/\/thepueblatimes.mx\/?p=28341"},"modified":"2025-03-10T17:55:54","modified_gmt":"2025-03-10T23:55:54","slug":"la-designacion-del-nuevo-titular-de-la-ssc-en-manos-de-chedraui-el-gobierno-del-estado-ya-dio-su-aval","status":"publish","type":"post","link":"https:\/\/thepueblatimes.mx\/index.php\/2025\/03\/10\/la-designacion-del-nuevo-titular-de-la-ssc-en-manos-de-chedraui-el-gobierno-del-estado-ya-dio-su-aval\/","title":{"rendered":"La designaci\u00f3n del nuevo titular de la SSC en manos de Chedraui; el gobierno del estado ya dio su aval"},"content":{"rendered":"<p>POR FRED ESTRADA<\/p>\n<p>La designaci\u00f3n del nuevo titular de la Secretar\u00eda de Seguridad Ciudadana de la Ciudad de Puebla est\u00e1 en manos de Pepe Chedraui.<\/p>\n<p>El gobernador Armenta se\u00f1al\u00f3 que ya hab\u00edan dado el visto bueno, y Chedraui tendr\u00e1 que decidir.<\/p>\n<p>Por ello, ser\u00e1 el alcalde Pepe Chedraui quien dar\u00e1 a conocer qui\u00e9n ser\u00e1 el pr\u00f3ximo titular de la Secretar\u00eda de Seguridad Ciudadana.<\/p>\n<p>Ello, tras la reuni\u00f3n que sostuvo con el presidente municipal el jueves pasado sobre la salida de Fernando Rosales.<\/p>\n<p>Indic\u00f3 que, esta semana, ser\u00e1 cuando Pepe Chedraui d\u00e9 a conocer qui\u00e9n encabezar\u00e1 la SSC tras la revisi\u00f3n de los perfiles.<\/p>\n<p>Expres\u00f3 \u201cno puedo adelantar, es una facultad del presidente municipal, \u00e9l tiene que decidir, nosotros ya dimos el visto bueno, ya \u00e9l habr\u00e1 de decidir\u201d.<\/p>\n","protected":false},"excerpt":{"rendered":"<p>POR FRED ESTRADA La designaci\u00f3n del nuevo titular de la Secretar\u00eda de Seguridad Ciudadana de la Ciudad de Puebla est\u00e1 en manos de Pepe Chedraui. El gobernador Armenta se\u00f1al\u00f3 que ya hab\u00edan dado el visto bueno, y Chedraui tendr\u00e1 que decidir. Por ello, ser\u00e1 el alcalde Pepe Chedraui quien dar\u00e1 a conocer qui\u00e9n ser\u00e1 el&#8230;<\/p>\n","protected":false},"author":16,"featured_media":28342,"comment_status":"closed","ping_status":"closed","sticky":false,"template":"","format":"standard","meta":[],"categories":[20],"tags":[1287,2389,1374,1278],"yoast_head":"<!-- This site is optimized with the Yoast SEO plugin v20.8 - https:\/\/yoast.com\/wordpress\/plugins\/seo\/ -->\n<title>La designaci\u00f3n del nuevo titular de la SSC en manos de Chedraui; el gobierno del estado ya dio su aval - The Puebla Times<\/title>\n<meta name=\"robots\" content=\"index, follow, max-snippet:-1, max-image-preview:large, max-video-preview:-1\" \/>\n<link rel=\"canonical\" href=\"https:\/\/thepueblatimes.mx\/index.php\/2025\/03\/10\/la-designacion-del-nuevo-titular-de-la-ssc-en-manos-de-chedraui-el-gobierno-del-estado-ya-dio-su-aval\/\" \/>\n<meta property=\"og:locale\" content=\"es_ES\" \/>\n<meta property=\"og:type\" content=\"article\" \/>\n<meta property=\"og:title\" content=\"La designaci\u00f3n del nuevo titular de la SSC en manos de Chedraui; el gobierno del estado ya dio su aval - The Puebla Times\" \/>\n<meta property=\"og:description\" content=\"POR FRED ESTRADA La designaci\u00f3n del nuevo titular de la Secretar\u00eda de Seguridad Ciudadana de la Ciudad de Puebla est\u00e1 en manos de Pepe Chedraui. El gobernador Armenta se\u00f1al\u00f3 que ya hab\u00edan dado el visto bueno, y Chedraui tendr\u00e1 que decidir. Por ello, ser\u00e1 el alcalde Pepe Chedraui quien dar\u00e1 a conocer qui\u00e9n ser\u00e1 el...\" \/>\n<meta property=\"og:url\" content=\"https:\/\/thepueblatimes.mx\/index.php\/2025\/03\/10\/la-designacion-del-nuevo-titular-de-la-ssc-en-manos-de-chedraui-el-gobierno-del-estado-ya-dio-su-aval\/\" \/>\n<meta property=\"og:site_name\" content=\"The Puebla Times\" \/>\n<meta property=\"article:published_time\" content=\"2025-03-10T23:55:54+00:00\" \/>\n<meta property=\"og:image\" content=\"https:\/\/thepueblatimes.mx\/wp-content\/uploads\/2025\/03\/Andres-Villegas-M-.jpeg\" \/>\n\t<meta property=\"og:image:width\" content=\"1280\" \/>\n\t<meta property=\"og:image:height\" content=\"853\" \/>\n\t<meta property=\"og:image:type\" content=\"image\/jpeg\" \/>\n<meta name=\"author\" content=\"Sa\u00fal Hern\u00e1ndez\" \/>\n<meta name=\"twitter:card\" content=\"summary_large_image\" \/>\n<meta name=\"twitter:label1\" content=\"Escrito por\" \/>\n\t<meta name=\"twitter:data1\" content=\"Sa\u00fal Hern\u00e1ndez\" \/>\n\t<meta name=\"twitter:label2\" content=\"Tiempo de lectura\" \/>\n\t<meta name=\"twitter:data2\" content=\"1 minuto\" \/>\n<script type=\"application\/ld+json\" class=\"yoast-schema-graph\">{\"@context\":\"https:\/\/schema.org\",\"@graph\":[{\"@type\":\"WebPage\",\"@id\":\"https:\/\/thepueblatimes.mx\/index.php\/2025\/03\/10\/la-designacion-del-nuevo-titular-de-la-ssc-en-manos-de-chedraui-el-gobierno-del-estado-ya-dio-su-aval\/\",\"url\":\"https:\/\/thepueblatimes.mx\/index.php\/2025\/03\/10\/la-designacion-del-nuevo-titular-de-la-ssc-en-manos-de-chedraui-el-gobierno-del-estado-ya-dio-su-aval\/\",\"name\":\"La designaci\u00f3n del nuevo titular de la SSC en manos de Chedraui; el gobierno del estado ya dio su aval - The Puebla Times\",\"isPartOf\":{\"@id\":\"https:\/\/thepueblatimes.mx\/#website\"},\"datePublished\":\"2025-03-10T23:55:54+00:00\",\"dateModified\":\"2025-03-10T23:55:54+00:00\",\"author\":{\"@id\":\"https:\/\/thepueblatimes.mx\/#\/schema\/person\/1664894c2f65ce2c7a08d8f5f905c13c\"},\"breadcrumb\":{\"@id\":\"https:\/\/thepueblatimes.mx\/index.php\/2025\/03\/10\/la-designacion-del-nuevo-titular-de-la-ssc-en-manos-de-chedraui-el-gobierno-del-estado-ya-dio-su-aval\/#breadcrumb\"},\"inLanguage\":\"es\",\"potentialAction\":[{\"@type\":\"ReadAction\",\"target\":[\"https:\/\/thepueblatimes.mx\/index.php\/2025\/03\/10\/la-designacion-del-nuevo-titular-de-la-ssc-en-manos-de-chedraui-el-gobierno-del-estado-ya-dio-su-aval\/\"]}]},{\"@type\":\"BreadcrumbList\",\"@id\":\"https:\/\/thepueblatimes.mx\/index.php\/2025\/03\/10\/la-designacion-del-nuevo-titular-de-la-ssc-en-manos-de-chedraui-el-gobierno-del-estado-ya-dio-su-aval\/#breadcrumb\",\"itemListElement\":[{\"@type\":\"ListItem\",\"position\":1,\"name\":\"Portada\",\"item\":\"https:\/\/thepueblatimes.mx\/\"},{\"@type\":\"ListItem\",\"position\":2,\"name\":\"La designaci\u00f3n del nuevo titular de la SSC en manos de Chedraui; el gobierno del estado ya dio su aval\"}]},{\"@type\":\"WebSite\",\"@id\":\"https:\/\/thepueblatimes.mx\/#website\",\"url\":\"https:\/\/thepueblatimes.mx\/\",\"name\":\"The Puebla Times\",\"description\":\"Noticias del Estado de Puebla\",\"potentialAction\":[{\"@type\":\"SearchAction\",\"target\":{\"@type\":\"EntryPoint\",\"urlTemplate\":\"https:\/\/thepueblatimes.mx\/?s={search_term_string}\"},\"query-input\":\"required name=search_term_string\"}],\"inLanguage\":\"es\"},{\"@type\":\"Person\",\"@id\":\"https:\/\/thepueblatimes.mx\/#\/schema\/person\/1664894c2f65ce2c7a08d8f5f905c13c\",\"name\":\"Sa\u00fal Hern\u00e1ndez\",\"image\":{\"@type\":\"ImageObject\",\"inLanguage\":\"es\",\"@id\":\"https:\/\/thepueblatimes.mx\/#\/schema\/person\/image\/\",\"url\":\"https:\/\/secure.gravatar.com\/avatar\/11be338693f243309532caad8f10c930?s=96&d=mm&r=g\",\"contentUrl\":\"https:\/\/secure.gravatar.com\/avatar\/11be338693f243309532caad8f10c930?s=96&d=mm&r=g\",\"caption\":\"Sa\u00fal Hern\u00e1ndez\"},\"url\":\"https:\/\/thepueblatimes.mx\/index.php\/author\/saulhernandez\/\"}]}<\/script>\n<!-- \/ Yoast SEO plugin. -->","yoast_head_json":{"title":"La designaci\u00f3n del nuevo titular de la SSC en manos de Chedraui; el gobierno del estado ya dio su aval - The Puebla Times","robots":{"index":"index","follow":"follow","max-snippet":"max-snippet:-1","max-image-preview":"max-image-preview:large","max-video-preview":"max-video-preview:-1"},"canonical":"https:\/\/thepueblatimes.mx\/index.php\/2025\/03\/10\/la-designacion-del-nuevo-titular-de-la-ssc-en-manos-de-chedraui-el-gobierno-del-estado-ya-dio-su-aval\/","og_locale":"es_ES","og_type":"article","og_title":"La designaci\u00f3n del nuevo titular de la SSC en manos de Chedraui; el gobierno del estado ya dio su aval - The Puebla Times","og_description":"POR FRED ESTRADA La designaci\u00f3n del nuevo titular de la Secretar\u00eda de Seguridad Ciudadana de la Ciudad de Puebla est\u00e1 en manos de Pepe Chedraui. El gobernador Armenta se\u00f1al\u00f3 que ya hab\u00edan dado el visto bueno, y Chedraui tendr\u00e1 que decidir. Por ello, ser\u00e1 el alcalde Pepe Chedraui quien dar\u00e1 a conocer qui\u00e9n ser\u00e1 el...","og_url":"https:\/\/thepueblatimes.mx\/index.php\/2025\/03\/10\/la-designacion-del-nuevo-titular-de-la-ssc-en-manos-de-chedraui-el-gobierno-del-estado-ya-dio-su-aval\/","og_site_name":"The Puebla Times","article_published_time":"2025-03-10T23:55:54+00:00","og_image":[{"width":1280,"height":853,"url":"https:\/\/thepueblatimes.mx\/wp-content\/uploads\/2025\/03\/Andres-Villegas-M-.jpeg","type":"image\/jpeg"}],"author":"Sa\u00fal Hern\u00e1ndez","twitter_card":"summary_large_image","twitter_misc":{"Escrito por":"Sa\u00fal Hern\u00e1ndez","Tiempo de lectura":"1 minuto"},"schema":{"@context":"https:\/\/schema.org","@graph":[{"@type":"WebPage","@id":"https:\/\/thepueblatimes.mx\/index.php\/2025\/03\/10\/la-designacion-del-nuevo-titular-de-la-ssc-en-manos-de-chedraui-el-gobierno-del-estado-ya-dio-su-aval\/","url":"https:\/\/thepueblatimes.mx\/index.php\/2025\/03\/10\/la-designacion-del-nuevo-titular-de-la-ssc-en-manos-de-chedraui-el-gobierno-del-estado-ya-dio-su-aval\/","name":"La designaci\u00f3n del nuevo titular de la SSC en manos de Chedraui; el gobierno del estado ya dio su aval - The Puebla Times","isPartOf":{"@id":"https:\/\/thepueblatimes.mx\/#website"},"datePublished":"2025-03-10T23:55:54+00:00","dateModified":"2025-03-10T23:55:54+00:00","author":{"@id":"https:\/\/thepueblatimes.mx\/#\/schema\/person\/1664894c2f65ce2c7a08d8f5f905c13c"},"breadcrumb":{"@id":"https:\/\/thepueblatimes.mx\/index.php\/2025\/03\/10\/la-designacion-del-nuevo-titular-de-la-ssc-en-manos-de-chedraui-el-gobierno-del-estado-ya-dio-su-aval\/#breadcrumb"},"inLanguage":"es","potentialAction":[{"@type":"ReadAction","target":["https:\/\/thepueblatimes.mx\/index.php\/2025\/03\/10\/la-designacion-del-nuevo-titular-de-la-ssc-en-manos-de-chedraui-el-gobierno-del-estado-ya-dio-su-aval\/"]}]},{"@type":"BreadcrumbList","@id":"https:\/\/thepueblatimes.mx\/index.php\/2025\/03\/10\/la-designacion-del-nuevo-titular-de-la-ssc-en-manos-de-chedraui-el-gobierno-del-estado-ya-dio-su-aval\/#breadcrumb","itemListElement":[{"@type":"ListItem","position":1,"name":"Portada","item":"https:\/\/thepueblatimes.mx\/"},{"@type":"ListItem","position":2,"name":"La designaci\u00f3n del nuevo titular de la SSC en manos de Chedraui; el gobierno del estado ya dio su aval"}]},{"@type":"WebSite","@id":"https:\/\/thepueblatimes.mx\/#website","url":"https:\/\/thepueblatimes.mx\/","name":"The Puebla Times","description":"Noticias del Estado de Puebla","potentialAction":[{"@type":"SearchAction","target":{"@type":"EntryPoint","urlTemplate":"https:\/\/thepueblatimes.mx\/?s={search_term_string}"},"query-input":"required name=search_term_string"}],"inLanguage":"es"},{"@type":"Person","@id":"https:\/\/thepueblatimes.mx\/#\/schema\/person\/1664894c2f65ce2c7a08d8f5f905c13c","name":"Sa\u00fal Hern\u00e1ndez","image":{"@type":"ImageObject","inLanguage":"es","@id":"https:\/\/thepueblatimes.mx\/#\/schema\/person\/image\/","url":"https:\/\/secure.gravatar.com\/avatar\/11be338693f243309532caad8f10c930?s=96&d=mm&r=g","contentUrl":"https:\/\/secure.gravatar.com\/avatar\/11be338693f243309532caad8f10c930?s=96&d=mm&r=g","caption":"Sa\u00fal Hern\u00e1ndez"},"url":"https:\/\/thepueblatimes.mx\/index.php\/author\/saulhernandez\/"}]}},"jetpack_featured_media_url":"https:\/\/thepueblatimes.mx\/wp-content\/uploads\/2025\/03\/Andres-Villegas-M-.jpeg","_links":{"self":[{"href":"https:\/\/thepueblatimes.mx\/index.php\/wp-json\/wp\/v2\/posts\/28341"}],"collection":[{"href":"https:\/\/thepueblatimes.mx\/index.php\/wp-json\/wp\/v2\/posts"}],"about":[{"href":"https:\/\/thepueblatimes.mx\/index.php\/wp-json\/wp\/v2\/types\/post"}],"author":[{"embeddable":true,"href":"https:\/\/thepueblatimes.mx\/index.php\/wp-json\/wp\/v2\/users\/16"}],"replies":[{"embeddable":true,"href":"https:\/\/thepueblatimes.mx\/index.php\/wp-json\/wp\/v2\/comments?post=28341"}],"version-history":[{"count":1,"href":"https:\/\/thepueblatimes.mx\/index.php\/wp-json\/wp\/v2\/posts\/28341\/revisions"}],"predecessor-version":[{"id":28343,"href":"https:\/\/thepueblatimes.mx\/index.php\/wp-json\/wp\/v2\/posts\/28341\/revisions\/28343"}],"wp:featuredmedia":[{"embeddable":true,"href":"https:\/\/thepueblatimes.mx\/index.php\/wp-json\/wp\/v2\/media\/28342"}],"wp:attachment":[{"href":"https:\/\/thepueblatimes.mx\/index.php\/wp-json\/wp\/v2\/media?parent=28341"}],"wp:term":[{"taxonomy":"category","embeddable":true,"href":"https:\/\/thepueblatimes.mx\/index.php\/wp-json\/wp\/v2\/categories?post=28341"},{"taxonomy":"post_tag","embeddable":true,"href":"https:\/\/thepueblatimes.mx\/index.php\/wp-json\/wp\/v2\/tags?post=28341"}],"curies":[{"name":"wp","href":"https:\/\/api.w.org\/{rel}","templated":true}]}}