{"id":28312,"date":"2025-03-08T10:15:37","date_gmt":"2025-03-08T16:15:37","guid":{"rendered":"https:\/\/thepueblatimes.mx\/?p=28312"},"modified":"2025-03-08T10:15:37","modified_gmt":"2025-03-08T16:15:37","slug":"los-males-no-paran-en-cuautlancingo","status":"publish","type":"post","link":"https:\/\/thepueblatimes.mx\/index.php\/2025\/03\/08\/los-males-no-paran-en-cuautlancingo\/","title":{"rendered":"Los males no paran en Cuautlancingo"},"content":{"rendered":"<p>POR FRED ESTRADA<\/p>\n<p>Mientras el edil Omar Mu\u00f1oz se concentra en otros temas, el tejido social se descompone en Cuautlancingo.<\/p>\n<p>Ahora padres de familia de la escuela primaria Tierra y Libertad denunciaron que dos menores fueron v\u00edctimas de acoso escolar, quienes han sido amenazados de muerte por sus agresores.<\/p>\n<p>El jueves, se reunieron con la directora del plantel para tratar el asunto, en el plantel ubicado en Villas San Jacinto, en la junta auxiliar de San Lorenzo Almecatla, en Cuautlancingo.<\/p>\n<p>Los casos denunciados involucran a dos hermanos, uno de cuarto y otro de sexto grado, de la escuela primaria en San Lorenzo Almecatla.<\/p>\n<p>Las denuncias indican que el acoso ha escalado hasta amenazas de muerte contra los menores.<\/p>\n<p>Los padres se quejan de que la directora del plantel ha minimizado la situaci\u00f3n, calific\u00e1ndola como cosa de ni\u00f1os.<\/p>\n","protected":false},"excerpt":{"rendered":"<p>POR FRED ESTRADA Mientras el edil Omar Mu\u00f1oz se concentra en otros temas, el tejido social se descompone en Cuautlancingo. Ahora padres de familia de la escuela primaria Tierra y Libertad denunciaron que dos menores fueron v\u00edctimas de acoso escolar, quienes han sido amenazados de muerte por sus agresores. El jueves, se reunieron con la&#8230;<\/p>\n","protected":false},"author":16,"featured_media":28313,"comment_status":"closed","ping_status":"closed","sticky":false,"template":"","format":"standard","meta":[],"categories":[11],"tags":[448,343,2541],"yoast_head":"<!-- This site is optimized with the Yoast SEO plugin v20.8 - https:\/\/yoast.com\/wordpress\/plugins\/seo\/ -->\n<title>Los males no paran en Cuautlancingo - The Puebla Times<\/title>\n<meta name=\"robots\" content=\"index, follow, max-snippet:-1, max-image-preview:large, max-video-preview:-1\" \/>\n<link rel=\"canonical\" href=\"https:\/\/thepueblatimes.mx\/index.php\/2025\/03\/08\/los-males-no-paran-en-cuautlancingo\/\" \/>\n<meta property=\"og:locale\" content=\"es_ES\" \/>\n<meta property=\"og:type\" content=\"article\" \/>\n<meta property=\"og:title\" content=\"Los males no paran en Cuautlancingo - The Puebla Times\" \/>\n<meta property=\"og:description\" content=\"POR FRED ESTRADA Mientras el edil Omar Mu\u00f1oz se concentra en otros temas, el tejido social se descompone en Cuautlancingo. Ahora padres de familia de la escuela primaria Tierra y Libertad denunciaron que dos menores fueron v\u00edctimas de acoso escolar, quienes han sido amenazados de muerte por sus agresores. El jueves, se reunieron con la...\" \/>\n<meta property=\"og:url\" content=\"https:\/\/thepueblatimes.mx\/index.php\/2025\/03\/08\/los-males-no-paran-en-cuautlancingo\/\" \/>\n<meta property=\"og:site_name\" content=\"The Puebla Times\" \/>\n<meta property=\"article:published_time\" content=\"2025-03-08T16:15:37+00:00\" \/>\n<meta property=\"og:image\" content=\"https:\/\/thepueblatimes.mx\/wp-content\/uploads\/2025\/03\/Un-cuerpo-desmembrado-fue-hallado-la-manana-de-este-miercoles-en-calles-de-la-unidad-habitacional-Volkswagen-II.webp\" \/>\n\t<meta property=\"og:image:width\" content=\"1200\" \/>\n\t<meta property=\"og:image:height\" content=\"675\" \/>\n\t<meta property=\"og:image:type\" content=\"image\/webp\" \/>\n<meta name=\"author\" content=\"Sa\u00fal Hern\u00e1ndez\" \/>\n<meta name=\"twitter:card\" content=\"summary_large_image\" \/>\n<meta name=\"twitter:label1\" content=\"Escrito por\" \/>\n\t<meta name=\"twitter:data1\" content=\"Sa\u00fal Hern\u00e1ndez\" \/>\n\t<meta name=\"twitter:label2\" content=\"Tiempo de lectura\" \/>\n\t<meta name=\"twitter:data2\" content=\"1 minuto\" \/>\n<script type=\"application\/ld+json\" class=\"yoast-schema-graph\">{\"@context\":\"https:\/\/schema.org\",\"@graph\":[{\"@type\":\"WebPage\",\"@id\":\"https:\/\/thepueblatimes.mx\/index.php\/2025\/03\/08\/los-males-no-paran-en-cuautlancingo\/\",\"url\":\"https:\/\/thepueblatimes.mx\/index.php\/2025\/03\/08\/los-males-no-paran-en-cuautlancingo\/\",\"name\":\"Los males no paran en Cuautlancingo - The Puebla Times\",\"isPartOf\":{\"@id\":\"https:\/\/thepueblatimes.mx\/#website\"},\"datePublished\":\"2025-03-08T16:15:37+00:00\",\"dateModified\":\"2025-03-08T16:15:37+00:00\",\"author\":{\"@id\":\"https:\/\/thepueblatimes.mx\/#\/schema\/person\/1664894c2f65ce2c7a08d8f5f905c13c\"},\"breadcrumb\":{\"@id\":\"https:\/\/thepueblatimes.mx\/index.php\/2025\/03\/08\/los-males-no-paran-en-cuautlancingo\/#breadcrumb\"},\"inLanguage\":\"es\",\"potentialAction\":[{\"@type\":\"ReadAction\",\"target\":[\"https:\/\/thepueblatimes.mx\/index.php\/2025\/03\/08\/los-males-no-paran-en-cuautlancingo\/\"]}]},{\"@type\":\"BreadcrumbList\",\"@id\":\"https:\/\/thepueblatimes.mx\/index.php\/2025\/03\/08\/los-males-no-paran-en-cuautlancingo\/#breadcrumb\",\"itemListElement\":[{\"@type\":\"ListItem\",\"position\":1,\"name\":\"Portada\",\"item\":\"https:\/\/thepueblatimes.mx\/\"},{\"@type\":\"ListItem\",\"position\":2,\"name\":\"Los males no paran en Cuautlancingo\"}]},{\"@type\":\"WebSite\",\"@id\":\"https:\/\/thepueblatimes.mx\/#website\",\"url\":\"https:\/\/thepueblatimes.mx\/\",\"name\":\"The Puebla Times\",\"description\":\"Noticias del Estado de Puebla\",\"potentialAction\":[{\"@type\":\"SearchAction\",\"target\":{\"@type\":\"EntryPoint\",\"urlTemplate\":\"https:\/\/thepueblatimes.mx\/?s={search_term_string}\"},\"query-input\":\"required name=search_term_string\"}],\"inLanguage\":\"es\"},{\"@type\":\"Person\",\"@id\":\"https:\/\/thepueblatimes.mx\/#\/schema\/person\/1664894c2f65ce2c7a08d8f5f905c13c\",\"name\":\"Sa\u00fal Hern\u00e1ndez\",\"image\":{\"@type\":\"ImageObject\",\"inLanguage\":\"es\",\"@id\":\"https:\/\/thepueblatimes.mx\/#\/schema\/person\/image\/\",\"url\":\"https:\/\/secure.gravatar.com\/avatar\/11be338693f243309532caad8f10c930?s=96&d=mm&r=g\",\"contentUrl\":\"https:\/\/secure.gravatar.com\/avatar\/11be338693f243309532caad8f10c930?s=96&d=mm&r=g\",\"caption\":\"Sa\u00fal Hern\u00e1ndez\"},\"url\":\"https:\/\/thepueblatimes.mx\/index.php\/author\/saulhernandez\/\"}]}<\/script>\n<!-- \/ Yoast SEO plugin. -->","yoast_head_json":{"title":"Los males no paran en Cuautlancingo - The Puebla Times","robots":{"index":"index","follow":"follow","max-snippet":"max-snippet:-1","max-image-preview":"max-image-preview:large","max-video-preview":"max-video-preview:-1"},"canonical":"https:\/\/thepueblatimes.mx\/index.php\/2025\/03\/08\/los-males-no-paran-en-cuautlancingo\/","og_locale":"es_ES","og_type":"article","og_title":"Los males no paran en Cuautlancingo - The Puebla Times","og_description":"POR FRED ESTRADA Mientras el edil Omar Mu\u00f1oz se concentra en otros temas, el tejido social se descompone en Cuautlancingo. Ahora padres de familia de la escuela primaria Tierra y Libertad denunciaron que dos menores fueron v\u00edctimas de acoso escolar, quienes han sido amenazados de muerte por sus agresores. El jueves, se reunieron con la...","og_url":"https:\/\/thepueblatimes.mx\/index.php\/2025\/03\/08\/los-males-no-paran-en-cuautlancingo\/","og_site_name":"The Puebla Times","article_published_time":"2025-03-08T16:15:37+00:00","og_image":[{"width":1200,"height":675,"url":"https:\/\/thepueblatimes.mx\/wp-content\/uploads\/2025\/03\/Un-cuerpo-desmembrado-fue-hallado-la-manana-de-este-miercoles-en-calles-de-la-unidad-habitacional-Volkswagen-II.webp","type":"image\/webp"}],"author":"Sa\u00fal Hern\u00e1ndez","twitter_card":"summary_large_image","twitter_misc":{"Escrito por":"Sa\u00fal Hern\u00e1ndez","Tiempo de lectura":"1 minuto"},"schema":{"@context":"https:\/\/schema.org","@graph":[{"@type":"WebPage","@id":"https:\/\/thepueblatimes.mx\/index.php\/2025\/03\/08\/los-males-no-paran-en-cuautlancingo\/","url":"https:\/\/thepueblatimes.mx\/index.php\/2025\/03\/08\/los-males-no-paran-en-cuautlancingo\/","name":"Los males no paran en Cuautlancingo - The Puebla Times","isPartOf":{"@id":"https:\/\/thepueblatimes.mx\/#website"},"datePublished":"2025-03-08T16:15:37+00:00","dateModified":"2025-03-08T16:15:37+00:00","author":{"@id":"https:\/\/thepueblatimes.mx\/#\/schema\/person\/1664894c2f65ce2c7a08d8f5f905c13c"},"breadcrumb":{"@id":"https:\/\/thepueblatimes.mx\/index.php\/2025\/03\/08\/los-males-no-paran-en-cuautlancingo\/#breadcrumb"},"inLanguage":"es","potentialAction":[{"@type":"ReadAction","target":["https:\/\/thepueblatimes.mx\/index.php\/2025\/03\/08\/los-males-no-paran-en-cuautlancingo\/"]}]},{"@type":"BreadcrumbList","@id":"https:\/\/thepueblatimes.mx\/index.php\/2025\/03\/08\/los-males-no-paran-en-cuautlancingo\/#breadcrumb","itemListElement":[{"@type":"ListItem","position":1,"name":"Portada","item":"https:\/\/thepueblatimes.mx\/"},{"@type":"ListItem","position":2,"name":"Los males no paran en Cuautlancingo"}]},{"@type":"WebSite","@id":"https:\/\/thepueblatimes.mx\/#website","url":"https:\/\/thepueblatimes.mx\/","name":"The Puebla Times","description":"Noticias del Estado de Puebla","potentialAction":[{"@type":"SearchAction","target":{"@type":"EntryPoint","urlTemplate":"https:\/\/thepueblatimes.mx\/?s={search_term_string}"},"query-input":"required name=search_term_string"}],"inLanguage":"es"},{"@type":"Person","@id":"https:\/\/thepueblatimes.mx\/#\/schema\/person\/1664894c2f65ce2c7a08d8f5f905c13c","name":"Sa\u00fal Hern\u00e1ndez","image":{"@type":"ImageObject","inLanguage":"es","@id":"https:\/\/thepueblatimes.mx\/#\/schema\/person\/image\/","url":"https:\/\/secure.gravatar.com\/avatar\/11be338693f243309532caad8f10c930?s=96&d=mm&r=g","contentUrl":"https:\/\/secure.gravatar.com\/avatar\/11be338693f243309532caad8f10c930?s=96&d=mm&r=g","caption":"Sa\u00fal Hern\u00e1ndez"},"url":"https:\/\/thepueblatimes.mx\/index.php\/author\/saulhernandez\/"}]}},"jetpack_featured_media_url":"https:\/\/thepueblatimes.mx\/wp-content\/uploads\/2025\/03\/Un-cuerpo-desmembrado-fue-hallado-la-manana-de-este-miercoles-en-calles-de-la-unidad-habitacional-Volkswagen-II.webp","_links":{"self":[{"href":"https:\/\/thepueblatimes.mx\/index.php\/wp-json\/wp\/v2\/posts\/28312"}],"collection":[{"href":"https:\/\/thepueblatimes.mx\/index.php\/wp-json\/wp\/v2\/posts"}],"about":[{"href":"https:\/\/thepueblatimes.mx\/index.php\/wp-json\/wp\/v2\/types\/post"}],"author":[{"embeddable":true,"href":"https:\/\/thepueblatimes.mx\/index.php\/wp-json\/wp\/v2\/users\/16"}],"replies":[{"embeddable":true,"href":"https:\/\/thepueblatimes.mx\/index.php\/wp-json\/wp\/v2\/comments?post=28312"}],"version-history":[{"count":1,"href":"https:\/\/thepueblatimes.mx\/index.php\/wp-json\/wp\/v2\/posts\/28312\/revisions"}],"predecessor-version":[{"id":28314,"href":"https:\/\/thepueblatimes.mx\/index.php\/wp-json\/wp\/v2\/posts\/28312\/revisions\/28314"}],"wp:featuredmedia":[{"embeddable":true,"href":"https:\/\/thepueblatimes.mx\/index.php\/wp-json\/wp\/v2\/media\/28313"}],"wp:attachment":[{"href":"https:\/\/thepueblatimes.mx\/index.php\/wp-json\/wp\/v2\/media?parent=28312"}],"wp:term":[{"taxonomy":"category","embeddable":true,"href":"https:\/\/thepueblatimes.mx\/index.php\/wp-json\/wp\/v2\/categories?post=28312"},{"taxonomy":"post_tag","embeddable":true,"href":"https:\/\/thepueblatimes.mx\/index.php\/wp-json\/wp\/v2\/tags?post=28312"}],"curies":[{"name":"wp","href":"https:\/\/api.w.org\/{rel}","templated":true}]}}