{"id":28296,"date":"2025-03-07T09:21:35","date_gmt":"2025-03-07T15:21:35","guid":{"rendered":"https:\/\/thepueblatimes.mx\/?p=28296"},"modified":"2025-03-07T09:21:35","modified_gmt":"2025-03-07T15:21:35","slug":"los-alcaldes-de-cuautlancingo-y-san-pedro-cholula-provocan-controversia-federal","status":"publish","type":"post","link":"https:\/\/thepueblatimes.mx\/index.php\/2025\/03\/07\/los-alcaldes-de-cuautlancingo-y-san-pedro-cholula-provocan-controversia-federal\/","title":{"rendered":"Los alcaldes de Cuautlancingo y San Pedro Cholula, provocan controversia federal"},"content":{"rendered":"<p>POR FRED ESTRADA<\/p>\n<p>Puebla, Pue.- Omar Mu\u00f1oz y Tonantzin Fern\u00e1ndez provocaron una controversia federal por sus respectivas Leyes de Ingresos 2025.<\/p>\n<p>Los alcaldes de Cuautlancingo y San Pedro Cholula, Omar Mu\u00f1oz y Tonantzin Fern\u00e1ndez, con sus respectivas leyes de Ingresos 2025 provocaron una controversia legal, en la que la Consejer\u00eda Jur\u00eddica de la Presidencia de la Rep\u00fablica, que promovi\u00f3 sendas controversias constitucionales contra los poderes Legislativo y Ejecutivo del Estado de Puebla.<\/p>\n<p>El tema que ser\u00e1 resuelto por la Suprema Corte de Justicia de la Naci\u00f3n (SCJN) se traduce en una oportunidad para que ambos ediles sean reconvenidos de manera p\u00fablica.<\/p>\n<p>Si bien la controversia se centra en el Congreso y el Ejecutivo poblanos, lo evidente es que la principal falla radica en los presidentes municipales Omar Mu\u00f1oz y Tonantzin Fern\u00e1ndez, quienes provocaron el diferendo que llevar\u00e1 evidentemente a que les enmienden p\u00fablicamente la plana y les quede claro cu\u00e1les son sus alcances.<\/p>\n<p>La controversia en el caso de San Pedro Cholula se centra en el cobro de licencias de construcci\u00f3n y uso de suelo, mientras que en Cuautlancingo se impugna el permiso para almacenamiento y distribuci\u00f3n de gas LP.<\/p>\n<p>En el caso de Cuautlancingo, la controversia va dirigida contra el Poder Legislativo de Puebla por expedir la normativa municipal. En general, se argumenta que el Art\u00edculo 15 de la ley presenta una invalidez constitucional en el cap\u00edtulo tercero de derechos de obras materiales.<\/p>\n<p>Lo m\u00e1s llamativo en todo caso es que se trata de municipios que integran la zona metropolitana de Puebla.<\/p>\n","protected":false},"excerpt":{"rendered":"<p>POR FRED ESTRADA Puebla, Pue.- Omar Mu\u00f1oz y Tonantzin Fern\u00e1ndez provocaron una controversia federal por sus respectivas Leyes de Ingresos 2025. Los alcaldes de Cuautlancingo y San Pedro Cholula, Omar Mu\u00f1oz y Tonantzin Fern\u00e1ndez, con sus respectivas leyes de Ingresos 2025 provocaron una controversia legal, en la que la Consejer\u00eda Jur\u00eddica de la Presidencia de&#8230;<\/p>\n","protected":false},"author":16,"featured_media":28301,"comment_status":"closed","ping_status":"closed","sticky":false,"template":"","format":"standard","meta":[],"categories":[542],"tags":[3344,343,3343,2541,1304,1712],"yoast_head":"<!-- This site is optimized with the Yoast SEO plugin v20.8 - https:\/\/yoast.com\/wordpress\/plugins\/seo\/ -->\n<title>Los alcaldes de Cuautlancingo y San Pedro Cholula, provocan controversia federal - The Puebla Times<\/title>\n<meta name=\"robots\" content=\"index, follow, max-snippet:-1, max-image-preview:large, max-video-preview:-1\" \/>\n<link rel=\"canonical\" href=\"https:\/\/thepueblatimes.mx\/index.php\/2025\/03\/07\/los-alcaldes-de-cuautlancingo-y-san-pedro-cholula-provocan-controversia-federal\/\" \/>\n<meta property=\"og:locale\" content=\"es_ES\" \/>\n<meta property=\"og:type\" content=\"article\" \/>\n<meta property=\"og:title\" content=\"Los alcaldes de Cuautlancingo y San Pedro Cholula, provocan controversia federal - The Puebla Times\" \/>\n<meta property=\"og:description\" content=\"POR FRED ESTRADA Puebla, Pue.- Omar Mu\u00f1oz y Tonantzin Fern\u00e1ndez provocaron una controversia federal por sus respectivas Leyes de Ingresos 2025. Los alcaldes de Cuautlancingo y San Pedro Cholula, Omar Mu\u00f1oz y Tonantzin Fern\u00e1ndez, con sus respectivas leyes de Ingresos 2025 provocaron una controversia legal, en la que la Consejer\u00eda Jur\u00eddica de la Presidencia de...\" \/>\n<meta property=\"og:url\" content=\"https:\/\/thepueblatimes.mx\/index.php\/2025\/03\/07\/los-alcaldes-de-cuautlancingo-y-san-pedro-cholula-provocan-controversia-federal\/\" \/>\n<meta property=\"og:site_name\" content=\"The Puebla Times\" \/>\n<meta property=\"article:published_time\" content=\"2025-03-07T15:21:35+00:00\" \/>\n<meta property=\"og:image\" content=\"https:\/\/thepueblatimes.mx\/wp-content\/uploads\/2025\/03\/6-2.png\" \/>\n\t<meta property=\"og:image:width\" content=\"600\" \/>\n\t<meta property=\"og:image:height\" content=\"500\" \/>\n\t<meta property=\"og:image:type\" content=\"image\/png\" \/>\n<meta name=\"author\" content=\"Sa\u00fal Hern\u00e1ndez\" \/>\n<meta name=\"twitter:card\" content=\"summary_large_image\" \/>\n<meta name=\"twitter:label1\" content=\"Escrito por\" \/>\n\t<meta name=\"twitter:data1\" content=\"Sa\u00fal Hern\u00e1ndez\" \/>\n\t<meta name=\"twitter:label2\" content=\"Tiempo de lectura\" \/>\n\t<meta name=\"twitter:data2\" content=\"2 minutos\" \/>\n<script type=\"application\/ld+json\" class=\"yoast-schema-graph\">{\"@context\":\"https:\/\/schema.org\",\"@graph\":[{\"@type\":\"WebPage\",\"@id\":\"https:\/\/thepueblatimes.mx\/index.php\/2025\/03\/07\/los-alcaldes-de-cuautlancingo-y-san-pedro-cholula-provocan-controversia-federal\/\",\"url\":\"https:\/\/thepueblatimes.mx\/index.php\/2025\/03\/07\/los-alcaldes-de-cuautlancingo-y-san-pedro-cholula-provocan-controversia-federal\/\",\"name\":\"Los alcaldes de Cuautlancingo y San Pedro Cholula, provocan controversia federal - The Puebla Times\",\"isPartOf\":{\"@id\":\"https:\/\/thepueblatimes.mx\/#website\"},\"datePublished\":\"2025-03-07T15:21:35+00:00\",\"dateModified\":\"2025-03-07T15:21:35+00:00\",\"author\":{\"@id\":\"https:\/\/thepueblatimes.mx\/#\/schema\/person\/1664894c2f65ce2c7a08d8f5f905c13c\"},\"breadcrumb\":{\"@id\":\"https:\/\/thepueblatimes.mx\/index.php\/2025\/03\/07\/los-alcaldes-de-cuautlancingo-y-san-pedro-cholula-provocan-controversia-federal\/#breadcrumb\"},\"inLanguage\":\"es\",\"potentialAction\":[{\"@type\":\"ReadAction\",\"target\":[\"https:\/\/thepueblatimes.mx\/index.php\/2025\/03\/07\/los-alcaldes-de-cuautlancingo-y-san-pedro-cholula-provocan-controversia-federal\/\"]}]},{\"@type\":\"BreadcrumbList\",\"@id\":\"https:\/\/thepueblatimes.mx\/index.php\/2025\/03\/07\/los-alcaldes-de-cuautlancingo-y-san-pedro-cholula-provocan-controversia-federal\/#breadcrumb\",\"itemListElement\":[{\"@type\":\"ListItem\",\"position\":1,\"name\":\"Portada\",\"item\":\"https:\/\/thepueblatimes.mx\/\"},{\"@type\":\"ListItem\",\"position\":2,\"name\":\"Los alcaldes de Cuautlancingo y San Pedro Cholula, provocan controversia federal\"}]},{\"@type\":\"WebSite\",\"@id\":\"https:\/\/thepueblatimes.mx\/#website\",\"url\":\"https:\/\/thepueblatimes.mx\/\",\"name\":\"The Puebla Times\",\"description\":\"Noticias del Estado de Puebla\",\"potentialAction\":[{\"@type\":\"SearchAction\",\"target\":{\"@type\":\"EntryPoint\",\"urlTemplate\":\"https:\/\/thepueblatimes.mx\/?s={search_term_string}\"},\"query-input\":\"required name=search_term_string\"}],\"inLanguage\":\"es\"},{\"@type\":\"Person\",\"@id\":\"https:\/\/thepueblatimes.mx\/#\/schema\/person\/1664894c2f65ce2c7a08d8f5f905c13c\",\"name\":\"Sa\u00fal Hern\u00e1ndez\",\"image\":{\"@type\":\"ImageObject\",\"inLanguage\":\"es\",\"@id\":\"https:\/\/thepueblatimes.mx\/#\/schema\/person\/image\/\",\"url\":\"https:\/\/secure.gravatar.com\/avatar\/11be338693f243309532caad8f10c930?s=96&d=mm&r=g\",\"contentUrl\":\"https:\/\/secure.gravatar.com\/avatar\/11be338693f243309532caad8f10c930?s=96&d=mm&r=g\",\"caption\":\"Sa\u00fal Hern\u00e1ndez\"},\"url\":\"https:\/\/thepueblatimes.mx\/index.php\/author\/saulhernandez\/\"}]}<\/script>\n<!-- \/ Yoast SEO plugin. -->","yoast_head_json":{"title":"Los alcaldes de Cuautlancingo y San Pedro Cholula, provocan controversia federal - The Puebla Times","robots":{"index":"index","follow":"follow","max-snippet":"max-snippet:-1","max-image-preview":"max-image-preview:large","max-video-preview":"max-video-preview:-1"},"canonical":"https:\/\/thepueblatimes.mx\/index.php\/2025\/03\/07\/los-alcaldes-de-cuautlancingo-y-san-pedro-cholula-provocan-controversia-federal\/","og_locale":"es_ES","og_type":"article","og_title":"Los alcaldes de Cuautlancingo y San Pedro Cholula, provocan controversia federal - The Puebla Times","og_description":"POR FRED ESTRADA Puebla, Pue.- Omar Mu\u00f1oz y Tonantzin Fern\u00e1ndez provocaron una controversia federal por sus respectivas Leyes de Ingresos 2025. Los alcaldes de Cuautlancingo y San Pedro Cholula, Omar Mu\u00f1oz y Tonantzin Fern\u00e1ndez, con sus respectivas leyes de Ingresos 2025 provocaron una controversia legal, en la que la Consejer\u00eda Jur\u00eddica de la Presidencia de...","og_url":"https:\/\/thepueblatimes.mx\/index.php\/2025\/03\/07\/los-alcaldes-de-cuautlancingo-y-san-pedro-cholula-provocan-controversia-federal\/","og_site_name":"The Puebla Times","article_published_time":"2025-03-07T15:21:35+00:00","og_image":[{"width":600,"height":500,"url":"https:\/\/thepueblatimes.mx\/wp-content\/uploads\/2025\/03\/6-2.png","type":"image\/png"}],"author":"Sa\u00fal Hern\u00e1ndez","twitter_card":"summary_large_image","twitter_misc":{"Escrito por":"Sa\u00fal Hern\u00e1ndez","Tiempo de lectura":"2 minutos"},"schema":{"@context":"https:\/\/schema.org","@graph":[{"@type":"WebPage","@id":"https:\/\/thepueblatimes.mx\/index.php\/2025\/03\/07\/los-alcaldes-de-cuautlancingo-y-san-pedro-cholula-provocan-controversia-federal\/","url":"https:\/\/thepueblatimes.mx\/index.php\/2025\/03\/07\/los-alcaldes-de-cuautlancingo-y-san-pedro-cholula-provocan-controversia-federal\/","name":"Los alcaldes de Cuautlancingo y San Pedro Cholula, provocan controversia federal - The Puebla Times","isPartOf":{"@id":"https:\/\/thepueblatimes.mx\/#website"},"datePublished":"2025-03-07T15:21:35+00:00","dateModified":"2025-03-07T15:21:35+00:00","author":{"@id":"https:\/\/thepueblatimes.mx\/#\/schema\/person\/1664894c2f65ce2c7a08d8f5f905c13c"},"breadcrumb":{"@id":"https:\/\/thepueblatimes.mx\/index.php\/2025\/03\/07\/los-alcaldes-de-cuautlancingo-y-san-pedro-cholula-provocan-controversia-federal\/#breadcrumb"},"inLanguage":"es","potentialAction":[{"@type":"ReadAction","target":["https:\/\/thepueblatimes.mx\/index.php\/2025\/03\/07\/los-alcaldes-de-cuautlancingo-y-san-pedro-cholula-provocan-controversia-federal\/"]}]},{"@type":"BreadcrumbList","@id":"https:\/\/thepueblatimes.mx\/index.php\/2025\/03\/07\/los-alcaldes-de-cuautlancingo-y-san-pedro-cholula-provocan-controversia-federal\/#breadcrumb","itemListElement":[{"@type":"ListItem","position":1,"name":"Portada","item":"https:\/\/thepueblatimes.mx\/"},{"@type":"ListItem","position":2,"name":"Los alcaldes de Cuautlancingo y San Pedro Cholula, provocan controversia federal"}]},{"@type":"WebSite","@id":"https:\/\/thepueblatimes.mx\/#website","url":"https:\/\/thepueblatimes.mx\/","name":"The Puebla Times","description":"Noticias del Estado de Puebla","potentialAction":[{"@type":"SearchAction","target":{"@type":"EntryPoint","urlTemplate":"https:\/\/thepueblatimes.mx\/?s={search_term_string}"},"query-input":"required name=search_term_string"}],"inLanguage":"es"},{"@type":"Person","@id":"https:\/\/thepueblatimes.mx\/#\/schema\/person\/1664894c2f65ce2c7a08d8f5f905c13c","name":"Sa\u00fal Hern\u00e1ndez","image":{"@type":"ImageObject","inLanguage":"es","@id":"https:\/\/thepueblatimes.mx\/#\/schema\/person\/image\/","url":"https:\/\/secure.gravatar.com\/avatar\/11be338693f243309532caad8f10c930?s=96&d=mm&r=g","contentUrl":"https:\/\/secure.gravatar.com\/avatar\/11be338693f243309532caad8f10c930?s=96&d=mm&r=g","caption":"Sa\u00fal Hern\u00e1ndez"},"url":"https:\/\/thepueblatimes.mx\/index.php\/author\/saulhernandez\/"}]}},"jetpack_featured_media_url":"https:\/\/thepueblatimes.mx\/wp-content\/uploads\/2025\/03\/6-2.png","_links":{"self":[{"href":"https:\/\/thepueblatimes.mx\/index.php\/wp-json\/wp\/v2\/posts\/28296"}],"collection":[{"href":"https:\/\/thepueblatimes.mx\/index.php\/wp-json\/wp\/v2\/posts"}],"about":[{"href":"https:\/\/thepueblatimes.mx\/index.php\/wp-json\/wp\/v2\/types\/post"}],"author":[{"embeddable":true,"href":"https:\/\/thepueblatimes.mx\/index.php\/wp-json\/wp\/v2\/users\/16"}],"replies":[{"embeddable":true,"href":"https:\/\/thepueblatimes.mx\/index.php\/wp-json\/wp\/v2\/comments?post=28296"}],"version-history":[{"count":1,"href":"https:\/\/thepueblatimes.mx\/index.php\/wp-json\/wp\/v2\/posts\/28296\/revisions"}],"predecessor-version":[{"id":28302,"href":"https:\/\/thepueblatimes.mx\/index.php\/wp-json\/wp\/v2\/posts\/28296\/revisions\/28302"}],"wp:featuredmedia":[{"embeddable":true,"href":"https:\/\/thepueblatimes.mx\/index.php\/wp-json\/wp\/v2\/media\/28301"}],"wp:attachment":[{"href":"https:\/\/thepueblatimes.mx\/index.php\/wp-json\/wp\/v2\/media?parent=28296"}],"wp:term":[{"taxonomy":"category","embeddable":true,"href":"https:\/\/thepueblatimes.mx\/index.php\/wp-json\/wp\/v2\/categories?post=28296"},{"taxonomy":"post_tag","embeddable":true,"href":"https:\/\/thepueblatimes.mx\/index.php\/wp-json\/wp\/v2\/tags?post=28296"}],"curies":[{"name":"wp","href":"https:\/\/api.w.org\/{rel}","templated":true}]}}