{"id":28289,"date":"2025-03-06T13:42:11","date_gmt":"2025-03-06T19:42:11","guid":{"rendered":"https:\/\/thepueblatimes.mx\/?p=28289"},"modified":"2025-03-06T13:42:11","modified_gmt":"2025-03-06T19:42:11","slug":"informe-de-los-100-primeros-dias-del-gobernador-armenta-se-presentara-en-el-auditorio-de-la-reforma","status":"publish","type":"post","link":"https:\/\/thepueblatimes.mx\/index.php\/2025\/03\/06\/informe-de-los-100-primeros-dias-del-gobernador-armenta-se-presentara-en-el-auditorio-de-la-reforma\/","title":{"rendered":"Informe de los 100 primeros d\u00edas del gobernador Armenta se presentar\u00e1 en el Auditorio de la Reforma"},"content":{"rendered":"<p>POR FRED ESTRADA<\/p>\n<p>El gobernador Alejandro Armenta se\u00f1al\u00f3 que entre el 24 y 31 de marzo, presentar\u00e1 el informe de los primeros 100 d\u00edas de su gesti\u00f3n, en el Auditorio de la Reforma.<\/p>\n<p>Indico que la fecha se definir\u00e1 para respetar la veda electoral, derivada del proceso extraordinario que est\u00e1 en marcha.<\/p>\n<p>Refiri\u00f3 que se informar\u00e1 sobre el inicio de proyectos y programas, as\u00ed como los resultados en materia de seguridad.<\/p>\n<p>Precis\u00f3 que el informe dar\u00e1 cuenta de los avances desde el 14 de diciembre hasta el 15 de marzo aproximadamente, de los proyectos estatales.<\/p>\n<p>Adem\u00e1s de dar cuentas de los ajustes en la conformaci\u00f3n de la administraci\u00f3n estatal, que cuenta con nuevas Secretar\u00edas.<\/p>\n","protected":false},"excerpt":{"rendered":"<p>POR FRED ESTRADA El gobernador Alejandro Armenta se\u00f1al\u00f3 que entre el 24 y 31 de marzo, presentar\u00e1 el informe de los primeros 100 d\u00edas de su gesti\u00f3n, en el Auditorio de la Reforma. Indico que la fecha se definir\u00e1 para respetar la veda electoral, derivada del proceso extraordinario que est\u00e1 en marcha. Refiri\u00f3 que se&#8230;<\/p>\n","protected":false},"author":16,"featured_media":28290,"comment_status":"closed","ping_status":"closed","sticky":false,"template":"","format":"standard","meta":[],"categories":[3],"tags":[3012,1651,1273,1549],"yoast_head":"<!-- This site is optimized with the Yoast SEO plugin v20.8 - https:\/\/yoast.com\/wordpress\/plugins\/seo\/ -->\n<title>Informe de los 100 primeros d\u00edas del gobernador Armenta se presentar\u00e1 en el Auditorio de la Reforma - The Puebla Times<\/title>\n<meta name=\"robots\" content=\"index, follow, max-snippet:-1, max-image-preview:large, max-video-preview:-1\" \/>\n<link rel=\"canonical\" href=\"https:\/\/thepueblatimes.mx\/index.php\/2025\/03\/06\/informe-de-los-100-primeros-dias-del-gobernador-armenta-se-presentara-en-el-auditorio-de-la-reforma\/\" \/>\n<meta property=\"og:locale\" content=\"es_ES\" \/>\n<meta property=\"og:type\" content=\"article\" \/>\n<meta property=\"og:title\" content=\"Informe de los 100 primeros d\u00edas del gobernador Armenta se presentar\u00e1 en el Auditorio de la Reforma - The Puebla Times\" \/>\n<meta property=\"og:description\" content=\"POR FRED ESTRADA El gobernador Alejandro Armenta se\u00f1al\u00f3 que entre el 24 y 31 de marzo, presentar\u00e1 el informe de los primeros 100 d\u00edas de su gesti\u00f3n, en el Auditorio de la Reforma. Indico que la fecha se definir\u00e1 para respetar la veda electoral, derivada del proceso extraordinario que est\u00e1 en marcha. Refiri\u00f3 que se...\" \/>\n<meta property=\"og:url\" content=\"https:\/\/thepueblatimes.mx\/index.php\/2025\/03\/06\/informe-de-los-100-primeros-dias-del-gobernador-armenta-se-presentara-en-el-auditorio-de-la-reforma\/\" \/>\n<meta property=\"og:site_name\" content=\"The Puebla Times\" \/>\n<meta property=\"article:published_time\" content=\"2025-03-06T19:42:11+00:00\" \/>\n<meta property=\"og:image\" content=\"https:\/\/thepueblatimes.mx\/wp-content\/uploads\/2025\/03\/J3NOKKT45FAC7GYENW5IQ4YLYQ-scaled.jpg\" \/>\n\t<meta property=\"og:image:width\" content=\"2560\" \/>\n\t<meta property=\"og:image:height\" content=\"1707\" \/>\n\t<meta property=\"og:image:type\" content=\"image\/jpeg\" \/>\n<meta name=\"author\" content=\"Sa\u00fal Hern\u00e1ndez\" \/>\n<meta name=\"twitter:card\" content=\"summary_large_image\" \/>\n<meta name=\"twitter:label1\" content=\"Escrito por\" \/>\n\t<meta name=\"twitter:data1\" content=\"Sa\u00fal Hern\u00e1ndez\" \/>\n\t<meta name=\"twitter:label2\" content=\"Tiempo de lectura\" \/>\n\t<meta name=\"twitter:data2\" content=\"1 minuto\" \/>\n<script type=\"application\/ld+json\" class=\"yoast-schema-graph\">{\"@context\":\"https:\/\/schema.org\",\"@graph\":[{\"@type\":\"WebPage\",\"@id\":\"https:\/\/thepueblatimes.mx\/index.php\/2025\/03\/06\/informe-de-los-100-primeros-dias-del-gobernador-armenta-se-presentara-en-el-auditorio-de-la-reforma\/\",\"url\":\"https:\/\/thepueblatimes.mx\/index.php\/2025\/03\/06\/informe-de-los-100-primeros-dias-del-gobernador-armenta-se-presentara-en-el-auditorio-de-la-reforma\/\",\"name\":\"Informe de los 100 primeros d\u00edas del gobernador Armenta se presentar\u00e1 en el Auditorio de la Reforma - The Puebla Times\",\"isPartOf\":{\"@id\":\"https:\/\/thepueblatimes.mx\/#website\"},\"datePublished\":\"2025-03-06T19:42:11+00:00\",\"dateModified\":\"2025-03-06T19:42:11+00:00\",\"author\":{\"@id\":\"https:\/\/thepueblatimes.mx\/#\/schema\/person\/1664894c2f65ce2c7a08d8f5f905c13c\"},\"breadcrumb\":{\"@id\":\"https:\/\/thepueblatimes.mx\/index.php\/2025\/03\/06\/informe-de-los-100-primeros-dias-del-gobernador-armenta-se-presentara-en-el-auditorio-de-la-reforma\/#breadcrumb\"},\"inLanguage\":\"es\",\"potentialAction\":[{\"@type\":\"ReadAction\",\"target\":[\"https:\/\/thepueblatimes.mx\/index.php\/2025\/03\/06\/informe-de-los-100-primeros-dias-del-gobernador-armenta-se-presentara-en-el-auditorio-de-la-reforma\/\"]}]},{\"@type\":\"BreadcrumbList\",\"@id\":\"https:\/\/thepueblatimes.mx\/index.php\/2025\/03\/06\/informe-de-los-100-primeros-dias-del-gobernador-armenta-se-presentara-en-el-auditorio-de-la-reforma\/#breadcrumb\",\"itemListElement\":[{\"@type\":\"ListItem\",\"position\":1,\"name\":\"Portada\",\"item\":\"https:\/\/thepueblatimes.mx\/\"},{\"@type\":\"ListItem\",\"position\":2,\"name\":\"Informe de los 100 primeros d\u00edas del gobernador Armenta se presentar\u00e1 en el Auditorio de la Reforma\"}]},{\"@type\":\"WebSite\",\"@id\":\"https:\/\/thepueblatimes.mx\/#website\",\"url\":\"https:\/\/thepueblatimes.mx\/\",\"name\":\"The Puebla Times\",\"description\":\"Noticias del Estado de Puebla\",\"potentialAction\":[{\"@type\":\"SearchAction\",\"target\":{\"@type\":\"EntryPoint\",\"urlTemplate\":\"https:\/\/thepueblatimes.mx\/?s={search_term_string}\"},\"query-input\":\"required name=search_term_string\"}],\"inLanguage\":\"es\"},{\"@type\":\"Person\",\"@id\":\"https:\/\/thepueblatimes.mx\/#\/schema\/person\/1664894c2f65ce2c7a08d8f5f905c13c\",\"name\":\"Sa\u00fal Hern\u00e1ndez\",\"image\":{\"@type\":\"ImageObject\",\"inLanguage\":\"es\",\"@id\":\"https:\/\/thepueblatimes.mx\/#\/schema\/person\/image\/\",\"url\":\"https:\/\/secure.gravatar.com\/avatar\/11be338693f243309532caad8f10c930?s=96&d=mm&r=g\",\"contentUrl\":\"https:\/\/secure.gravatar.com\/avatar\/11be338693f243309532caad8f10c930?s=96&d=mm&r=g\",\"caption\":\"Sa\u00fal Hern\u00e1ndez\"},\"url\":\"https:\/\/thepueblatimes.mx\/index.php\/author\/saulhernandez\/\"}]}<\/script>\n<!-- \/ Yoast SEO plugin. -->","yoast_head_json":{"title":"Informe de los 100 primeros d\u00edas del gobernador Armenta se presentar\u00e1 en el Auditorio de la Reforma - The Puebla Times","robots":{"index":"index","follow":"follow","max-snippet":"max-snippet:-1","max-image-preview":"max-image-preview:large","max-video-preview":"max-video-preview:-1"},"canonical":"https:\/\/thepueblatimes.mx\/index.php\/2025\/03\/06\/informe-de-los-100-primeros-dias-del-gobernador-armenta-se-presentara-en-el-auditorio-de-la-reforma\/","og_locale":"es_ES","og_type":"article","og_title":"Informe de los 100 primeros d\u00edas del gobernador Armenta se presentar\u00e1 en el Auditorio de la Reforma - The Puebla Times","og_description":"POR FRED ESTRADA El gobernador Alejandro Armenta se\u00f1al\u00f3 que entre el 24 y 31 de marzo, presentar\u00e1 el informe de los primeros 100 d\u00edas de su gesti\u00f3n, en el Auditorio de la Reforma. Indico que la fecha se definir\u00e1 para respetar la veda electoral, derivada del proceso extraordinario que est\u00e1 en marcha. Refiri\u00f3 que se...","og_url":"https:\/\/thepueblatimes.mx\/index.php\/2025\/03\/06\/informe-de-los-100-primeros-dias-del-gobernador-armenta-se-presentara-en-el-auditorio-de-la-reforma\/","og_site_name":"The Puebla Times","article_published_time":"2025-03-06T19:42:11+00:00","og_image":[{"width":2560,"height":1707,"url":"https:\/\/thepueblatimes.mx\/wp-content\/uploads\/2025\/03\/J3NOKKT45FAC7GYENW5IQ4YLYQ-scaled.jpg","type":"image\/jpeg"}],"author":"Sa\u00fal Hern\u00e1ndez","twitter_card":"summary_large_image","twitter_misc":{"Escrito por":"Sa\u00fal Hern\u00e1ndez","Tiempo de lectura":"1 minuto"},"schema":{"@context":"https:\/\/schema.org","@graph":[{"@type":"WebPage","@id":"https:\/\/thepueblatimes.mx\/index.php\/2025\/03\/06\/informe-de-los-100-primeros-dias-del-gobernador-armenta-se-presentara-en-el-auditorio-de-la-reforma\/","url":"https:\/\/thepueblatimes.mx\/index.php\/2025\/03\/06\/informe-de-los-100-primeros-dias-del-gobernador-armenta-se-presentara-en-el-auditorio-de-la-reforma\/","name":"Informe de los 100 primeros d\u00edas del gobernador Armenta se presentar\u00e1 en el Auditorio de la Reforma - The Puebla Times","isPartOf":{"@id":"https:\/\/thepueblatimes.mx\/#website"},"datePublished":"2025-03-06T19:42:11+00:00","dateModified":"2025-03-06T19:42:11+00:00","author":{"@id":"https:\/\/thepueblatimes.mx\/#\/schema\/person\/1664894c2f65ce2c7a08d8f5f905c13c"},"breadcrumb":{"@id":"https:\/\/thepueblatimes.mx\/index.php\/2025\/03\/06\/informe-de-los-100-primeros-dias-del-gobernador-armenta-se-presentara-en-el-auditorio-de-la-reforma\/#breadcrumb"},"inLanguage":"es","potentialAction":[{"@type":"ReadAction","target":["https:\/\/thepueblatimes.mx\/index.php\/2025\/03\/06\/informe-de-los-100-primeros-dias-del-gobernador-armenta-se-presentara-en-el-auditorio-de-la-reforma\/"]}]},{"@type":"BreadcrumbList","@id":"https:\/\/thepueblatimes.mx\/index.php\/2025\/03\/06\/informe-de-los-100-primeros-dias-del-gobernador-armenta-se-presentara-en-el-auditorio-de-la-reforma\/#breadcrumb","itemListElement":[{"@type":"ListItem","position":1,"name":"Portada","item":"https:\/\/thepueblatimes.mx\/"},{"@type":"ListItem","position":2,"name":"Informe de los 100 primeros d\u00edas del gobernador Armenta se presentar\u00e1 en el Auditorio de la Reforma"}]},{"@type":"WebSite","@id":"https:\/\/thepueblatimes.mx\/#website","url":"https:\/\/thepueblatimes.mx\/","name":"The Puebla Times","description":"Noticias del Estado de Puebla","potentialAction":[{"@type":"SearchAction","target":{"@type":"EntryPoint","urlTemplate":"https:\/\/thepueblatimes.mx\/?s={search_term_string}"},"query-input":"required name=search_term_string"}],"inLanguage":"es"},{"@type":"Person","@id":"https:\/\/thepueblatimes.mx\/#\/schema\/person\/1664894c2f65ce2c7a08d8f5f905c13c","name":"Sa\u00fal Hern\u00e1ndez","image":{"@type":"ImageObject","inLanguage":"es","@id":"https:\/\/thepueblatimes.mx\/#\/schema\/person\/image\/","url":"https:\/\/secure.gravatar.com\/avatar\/11be338693f243309532caad8f10c930?s=96&d=mm&r=g","contentUrl":"https:\/\/secure.gravatar.com\/avatar\/11be338693f243309532caad8f10c930?s=96&d=mm&r=g","caption":"Sa\u00fal Hern\u00e1ndez"},"url":"https:\/\/thepueblatimes.mx\/index.php\/author\/saulhernandez\/"}]}},"jetpack_featured_media_url":"https:\/\/thepueblatimes.mx\/wp-content\/uploads\/2025\/03\/J3NOKKT45FAC7GYENW5IQ4YLYQ-scaled.jpg","_links":{"self":[{"href":"https:\/\/thepueblatimes.mx\/index.php\/wp-json\/wp\/v2\/posts\/28289"}],"collection":[{"href":"https:\/\/thepueblatimes.mx\/index.php\/wp-json\/wp\/v2\/posts"}],"about":[{"href":"https:\/\/thepueblatimes.mx\/index.php\/wp-json\/wp\/v2\/types\/post"}],"author":[{"embeddable":true,"href":"https:\/\/thepueblatimes.mx\/index.php\/wp-json\/wp\/v2\/users\/16"}],"replies":[{"embeddable":true,"href":"https:\/\/thepueblatimes.mx\/index.php\/wp-json\/wp\/v2\/comments?post=28289"}],"version-history":[{"count":1,"href":"https:\/\/thepueblatimes.mx\/index.php\/wp-json\/wp\/v2\/posts\/28289\/revisions"}],"predecessor-version":[{"id":28291,"href":"https:\/\/thepueblatimes.mx\/index.php\/wp-json\/wp\/v2\/posts\/28289\/revisions\/28291"}],"wp:featuredmedia":[{"embeddable":true,"href":"https:\/\/thepueblatimes.mx\/index.php\/wp-json\/wp\/v2\/media\/28290"}],"wp:attachment":[{"href":"https:\/\/thepueblatimes.mx\/index.php\/wp-json\/wp\/v2\/media?parent=28289"}],"wp:term":[{"taxonomy":"category","embeddable":true,"href":"https:\/\/thepueblatimes.mx\/index.php\/wp-json\/wp\/v2\/categories?post=28289"},{"taxonomy":"post_tag","embeddable":true,"href":"https:\/\/thepueblatimes.mx\/index.php\/wp-json\/wp\/v2\/tags?post=28289"}],"curies":[{"name":"wp","href":"https:\/\/api.w.org\/{rel}","templated":true}]}}