{"id":28276,"date":"2025-03-05T15:36:40","date_gmt":"2025-03-05T21:36:40","guid":{"rendered":"https:\/\/thepueblatimes.mx\/?p=28276"},"modified":"2025-03-05T15:36:40","modified_gmt":"2025-03-05T21:36:40","slug":"la-administracion-de-omar-munoz-otorga-un-peso-relativo-al-tema-de-la-seguridad-en-cuautlancingo","status":"publish","type":"post","link":"https:\/\/thepueblatimes.mx\/index.php\/2025\/03\/05\/la-administracion-de-omar-munoz-otorga-un-peso-relativo-al-tema-de-la-seguridad-en-cuautlancingo\/","title":{"rendered":"La administraci\u00f3n de Omar Mu\u00f1oz, otorga un peso relativo al tema de la seguridad en Cuautlancingo"},"content":{"rendered":"<p>POR FRED ESTRADA<\/p>\n<p>Mientras Cuautlancingo enfrenta un panorama complicado en materia de seguridad con un panorama complicado, el ala informativa del edil resta importancia a la informaci\u00f3n sobre el tema, sin un argumento de peso.<\/p>\n<p>Es claro que, aunque no les interese en mayor medida, el hecho de que en ese municipio se haya cometido el feminicidio de una menor de edad, pesa en el \u00e1nimo social y la percepci\u00f3n ciudadana.<\/p>\n<p>As\u00ed como que su territorio, recientemente personal de la Fiscal\u00eda General del Estado (FGE) de Puebla, la Secretar\u00eda de Marina, la Polic\u00eda Estatal y la Polic\u00eda Municipal hayan localizado un tr\u00e1iler robado y recuperado un cargamento de herramienta con un valor superior a los 118 mil d\u00f3lares.<\/p>\n<p>O el hecho de que el 31 de enero, las autoridades hayan resguardado una zona del Perif\u00e9rico con altura de Cuatro Caminos en Cuautlancingo, sitio donde desde temprana hora se report\u00f3 la presencia de paquetes pl\u00e1sticos con forma humana, en lo que termin\u00f3 por ser restos humanos.<\/p>\n<p>A fin de cuentas, estos datos solo sirven de referencia, para apreciar la inseguridad que prevalece en el municipio gobernado por Omar Mu\u00f1oz y cuyo panorama, su ala de comunicaci\u00f3n social trata de ignorar y minimizar, como si ello no fuera parte de su responsabilidad al menos moral.<\/p>\n","protected":false},"excerpt":{"rendered":"<p>POR FRED ESTRADA Mientras Cuautlancingo enfrenta un panorama complicado en materia de seguridad con un panorama complicado, el ala informativa del edil resta importancia a la informaci\u00f3n sobre el tema, sin un argumento de peso. Es claro que, aunque no les interese en mayor medida, el hecho de que en ese municipio se haya cometido&#8230;<\/p>\n","protected":false},"author":16,"featured_media":28277,"comment_status":"closed","ping_status":"closed","sticky":false,"template":"","format":"standard","meta":[],"categories":[11],"tags":[343,260,2541],"yoast_head":"<!-- This site is optimized with the Yoast SEO plugin v20.8 - https:\/\/yoast.com\/wordpress\/plugins\/seo\/ -->\n<title>La administraci\u00f3n de Omar Mu\u00f1oz, otorga un peso relativo al tema de la seguridad en Cuautlancingo - The Puebla Times<\/title>\n<meta name=\"robots\" content=\"index, follow, max-snippet:-1, max-image-preview:large, max-video-preview:-1\" \/>\n<link rel=\"canonical\" href=\"https:\/\/thepueblatimes.mx\/index.php\/2025\/03\/05\/la-administracion-de-omar-munoz-otorga-un-peso-relativo-al-tema-de-la-seguridad-en-cuautlancingo\/\" \/>\n<meta property=\"og:locale\" content=\"es_ES\" \/>\n<meta property=\"og:type\" content=\"article\" \/>\n<meta property=\"og:title\" content=\"La administraci\u00f3n de Omar Mu\u00f1oz, otorga un peso relativo al tema de la seguridad en Cuautlancingo - The Puebla Times\" \/>\n<meta property=\"og:description\" content=\"POR FRED ESTRADA Mientras Cuautlancingo enfrenta un panorama complicado en materia de seguridad con un panorama complicado, el ala informativa del edil resta importancia a la informaci\u00f3n sobre el tema, sin un argumento de peso. Es claro que, aunque no les interese en mayor medida, el hecho de que en ese municipio se haya cometido...\" \/>\n<meta property=\"og:url\" content=\"https:\/\/thepueblatimes.mx\/index.php\/2025\/03\/05\/la-administracion-de-omar-munoz-otorga-un-peso-relativo-al-tema-de-la-seguridad-en-cuautlancingo\/\" \/>\n<meta property=\"og:site_name\" content=\"The Puebla Times\" \/>\n<meta property=\"article:published_time\" content=\"2025-03-05T21:36:40+00:00\" \/>\n<meta property=\"og:image\" content=\"https:\/\/thepueblatimes.mx\/wp-content\/uploads\/2025\/03\/Omar-munoz-Seguridad-Cuautlancingo.jpg\" \/>\n\t<meta property=\"og:image:width\" content=\"653\" \/>\n\t<meta property=\"og:image:height\" content=\"443\" \/>\n\t<meta property=\"og:image:type\" content=\"image\/jpeg\" \/>\n<meta name=\"author\" content=\"Sa\u00fal Hern\u00e1ndez\" \/>\n<meta name=\"twitter:card\" content=\"summary_large_image\" \/>\n<meta name=\"twitter:label1\" content=\"Escrito por\" \/>\n\t<meta name=\"twitter:data1\" content=\"Sa\u00fal Hern\u00e1ndez\" \/>\n\t<meta name=\"twitter:label2\" content=\"Tiempo de lectura\" \/>\n\t<meta name=\"twitter:data2\" content=\"1 minuto\" \/>\n<script type=\"application\/ld+json\" class=\"yoast-schema-graph\">{\"@context\":\"https:\/\/schema.org\",\"@graph\":[{\"@type\":\"WebPage\",\"@id\":\"https:\/\/thepueblatimes.mx\/index.php\/2025\/03\/05\/la-administracion-de-omar-munoz-otorga-un-peso-relativo-al-tema-de-la-seguridad-en-cuautlancingo\/\",\"url\":\"https:\/\/thepueblatimes.mx\/index.php\/2025\/03\/05\/la-administracion-de-omar-munoz-otorga-un-peso-relativo-al-tema-de-la-seguridad-en-cuautlancingo\/\",\"name\":\"La administraci\u00f3n de Omar Mu\u00f1oz, otorga un peso relativo al tema de la seguridad en Cuautlancingo - The Puebla Times\",\"isPartOf\":{\"@id\":\"https:\/\/thepueblatimes.mx\/#website\"},\"datePublished\":\"2025-03-05T21:36:40+00:00\",\"dateModified\":\"2025-03-05T21:36:40+00:00\",\"author\":{\"@id\":\"https:\/\/thepueblatimes.mx\/#\/schema\/person\/1664894c2f65ce2c7a08d8f5f905c13c\"},\"breadcrumb\":{\"@id\":\"https:\/\/thepueblatimes.mx\/index.php\/2025\/03\/05\/la-administracion-de-omar-munoz-otorga-un-peso-relativo-al-tema-de-la-seguridad-en-cuautlancingo\/#breadcrumb\"},\"inLanguage\":\"es\",\"potentialAction\":[{\"@type\":\"ReadAction\",\"target\":[\"https:\/\/thepueblatimes.mx\/index.php\/2025\/03\/05\/la-administracion-de-omar-munoz-otorga-un-peso-relativo-al-tema-de-la-seguridad-en-cuautlancingo\/\"]}]},{\"@type\":\"BreadcrumbList\",\"@id\":\"https:\/\/thepueblatimes.mx\/index.php\/2025\/03\/05\/la-administracion-de-omar-munoz-otorga-un-peso-relativo-al-tema-de-la-seguridad-en-cuautlancingo\/#breadcrumb\",\"itemListElement\":[{\"@type\":\"ListItem\",\"position\":1,\"name\":\"Portada\",\"item\":\"https:\/\/thepueblatimes.mx\/\"},{\"@type\":\"ListItem\",\"position\":2,\"name\":\"La administraci\u00f3n de Omar Mu\u00f1oz, otorga un peso relativo al tema de la seguridad en Cuautlancingo\"}]},{\"@type\":\"WebSite\",\"@id\":\"https:\/\/thepueblatimes.mx\/#website\",\"url\":\"https:\/\/thepueblatimes.mx\/\",\"name\":\"The Puebla Times\",\"description\":\"Noticias del Estado de Puebla\",\"potentialAction\":[{\"@type\":\"SearchAction\",\"target\":{\"@type\":\"EntryPoint\",\"urlTemplate\":\"https:\/\/thepueblatimes.mx\/?s={search_term_string}\"},\"query-input\":\"required name=search_term_string\"}],\"inLanguage\":\"es\"},{\"@type\":\"Person\",\"@id\":\"https:\/\/thepueblatimes.mx\/#\/schema\/person\/1664894c2f65ce2c7a08d8f5f905c13c\",\"name\":\"Sa\u00fal Hern\u00e1ndez\",\"image\":{\"@type\":\"ImageObject\",\"inLanguage\":\"es\",\"@id\":\"https:\/\/thepueblatimes.mx\/#\/schema\/person\/image\/\",\"url\":\"https:\/\/secure.gravatar.com\/avatar\/11be338693f243309532caad8f10c930?s=96&d=mm&r=g\",\"contentUrl\":\"https:\/\/secure.gravatar.com\/avatar\/11be338693f243309532caad8f10c930?s=96&d=mm&r=g\",\"caption\":\"Sa\u00fal Hern\u00e1ndez\"},\"url\":\"https:\/\/thepueblatimes.mx\/index.php\/author\/saulhernandez\/\"}]}<\/script>\n<!-- \/ Yoast SEO plugin. -->","yoast_head_json":{"title":"La administraci\u00f3n de Omar Mu\u00f1oz, otorga un peso relativo al tema de la seguridad en Cuautlancingo - The Puebla Times","robots":{"index":"index","follow":"follow","max-snippet":"max-snippet:-1","max-image-preview":"max-image-preview:large","max-video-preview":"max-video-preview:-1"},"canonical":"https:\/\/thepueblatimes.mx\/index.php\/2025\/03\/05\/la-administracion-de-omar-munoz-otorga-un-peso-relativo-al-tema-de-la-seguridad-en-cuautlancingo\/","og_locale":"es_ES","og_type":"article","og_title":"La administraci\u00f3n de Omar Mu\u00f1oz, otorga un peso relativo al tema de la seguridad en Cuautlancingo - The Puebla Times","og_description":"POR FRED ESTRADA Mientras Cuautlancingo enfrenta un panorama complicado en materia de seguridad con un panorama complicado, el ala informativa del edil resta importancia a la informaci\u00f3n sobre el tema, sin un argumento de peso. Es claro que, aunque no les interese en mayor medida, el hecho de que en ese municipio se haya cometido...","og_url":"https:\/\/thepueblatimes.mx\/index.php\/2025\/03\/05\/la-administracion-de-omar-munoz-otorga-un-peso-relativo-al-tema-de-la-seguridad-en-cuautlancingo\/","og_site_name":"The Puebla Times","article_published_time":"2025-03-05T21:36:40+00:00","og_image":[{"width":653,"height":443,"url":"https:\/\/thepueblatimes.mx\/wp-content\/uploads\/2025\/03\/Omar-munoz-Seguridad-Cuautlancingo.jpg","type":"image\/jpeg"}],"author":"Sa\u00fal Hern\u00e1ndez","twitter_card":"summary_large_image","twitter_misc":{"Escrito por":"Sa\u00fal Hern\u00e1ndez","Tiempo de lectura":"1 minuto"},"schema":{"@context":"https:\/\/schema.org","@graph":[{"@type":"WebPage","@id":"https:\/\/thepueblatimes.mx\/index.php\/2025\/03\/05\/la-administracion-de-omar-munoz-otorga-un-peso-relativo-al-tema-de-la-seguridad-en-cuautlancingo\/","url":"https:\/\/thepueblatimes.mx\/index.php\/2025\/03\/05\/la-administracion-de-omar-munoz-otorga-un-peso-relativo-al-tema-de-la-seguridad-en-cuautlancingo\/","name":"La administraci\u00f3n de Omar Mu\u00f1oz, otorga un peso relativo al tema de la seguridad en Cuautlancingo - The Puebla Times","isPartOf":{"@id":"https:\/\/thepueblatimes.mx\/#website"},"datePublished":"2025-03-05T21:36:40+00:00","dateModified":"2025-03-05T21:36:40+00:00","author":{"@id":"https:\/\/thepueblatimes.mx\/#\/schema\/person\/1664894c2f65ce2c7a08d8f5f905c13c"},"breadcrumb":{"@id":"https:\/\/thepueblatimes.mx\/index.php\/2025\/03\/05\/la-administracion-de-omar-munoz-otorga-un-peso-relativo-al-tema-de-la-seguridad-en-cuautlancingo\/#breadcrumb"},"inLanguage":"es","potentialAction":[{"@type":"ReadAction","target":["https:\/\/thepueblatimes.mx\/index.php\/2025\/03\/05\/la-administracion-de-omar-munoz-otorga-un-peso-relativo-al-tema-de-la-seguridad-en-cuautlancingo\/"]}]},{"@type":"BreadcrumbList","@id":"https:\/\/thepueblatimes.mx\/index.php\/2025\/03\/05\/la-administracion-de-omar-munoz-otorga-un-peso-relativo-al-tema-de-la-seguridad-en-cuautlancingo\/#breadcrumb","itemListElement":[{"@type":"ListItem","position":1,"name":"Portada","item":"https:\/\/thepueblatimes.mx\/"},{"@type":"ListItem","position":2,"name":"La administraci\u00f3n de Omar Mu\u00f1oz, otorga un peso relativo al tema de la seguridad en Cuautlancingo"}]},{"@type":"WebSite","@id":"https:\/\/thepueblatimes.mx\/#website","url":"https:\/\/thepueblatimes.mx\/","name":"The Puebla Times","description":"Noticias del Estado de Puebla","potentialAction":[{"@type":"SearchAction","target":{"@type":"EntryPoint","urlTemplate":"https:\/\/thepueblatimes.mx\/?s={search_term_string}"},"query-input":"required name=search_term_string"}],"inLanguage":"es"},{"@type":"Person","@id":"https:\/\/thepueblatimes.mx\/#\/schema\/person\/1664894c2f65ce2c7a08d8f5f905c13c","name":"Sa\u00fal Hern\u00e1ndez","image":{"@type":"ImageObject","inLanguage":"es","@id":"https:\/\/thepueblatimes.mx\/#\/schema\/person\/image\/","url":"https:\/\/secure.gravatar.com\/avatar\/11be338693f243309532caad8f10c930?s=96&d=mm&r=g","contentUrl":"https:\/\/secure.gravatar.com\/avatar\/11be338693f243309532caad8f10c930?s=96&d=mm&r=g","caption":"Sa\u00fal Hern\u00e1ndez"},"url":"https:\/\/thepueblatimes.mx\/index.php\/author\/saulhernandez\/"}]}},"jetpack_featured_media_url":"https:\/\/thepueblatimes.mx\/wp-content\/uploads\/2025\/03\/Omar-munoz-Seguridad-Cuautlancingo.jpg","_links":{"self":[{"href":"https:\/\/thepueblatimes.mx\/index.php\/wp-json\/wp\/v2\/posts\/28276"}],"collection":[{"href":"https:\/\/thepueblatimes.mx\/index.php\/wp-json\/wp\/v2\/posts"}],"about":[{"href":"https:\/\/thepueblatimes.mx\/index.php\/wp-json\/wp\/v2\/types\/post"}],"author":[{"embeddable":true,"href":"https:\/\/thepueblatimes.mx\/index.php\/wp-json\/wp\/v2\/users\/16"}],"replies":[{"embeddable":true,"href":"https:\/\/thepueblatimes.mx\/index.php\/wp-json\/wp\/v2\/comments?post=28276"}],"version-history":[{"count":1,"href":"https:\/\/thepueblatimes.mx\/index.php\/wp-json\/wp\/v2\/posts\/28276\/revisions"}],"predecessor-version":[{"id":28278,"href":"https:\/\/thepueblatimes.mx\/index.php\/wp-json\/wp\/v2\/posts\/28276\/revisions\/28278"}],"wp:featuredmedia":[{"embeddable":true,"href":"https:\/\/thepueblatimes.mx\/index.php\/wp-json\/wp\/v2\/media\/28277"}],"wp:attachment":[{"href":"https:\/\/thepueblatimes.mx\/index.php\/wp-json\/wp\/v2\/media?parent=28276"}],"wp:term":[{"taxonomy":"category","embeddable":true,"href":"https:\/\/thepueblatimes.mx\/index.php\/wp-json\/wp\/v2\/categories?post=28276"},{"taxonomy":"post_tag","embeddable":true,"href":"https:\/\/thepueblatimes.mx\/index.php\/wp-json\/wp\/v2\/tags?post=28276"}],"curies":[{"name":"wp","href":"https:\/\/api.w.org\/{rel}","templated":true}]}}