{"id":28273,"date":"2025-03-05T15:30:11","date_gmt":"2025-03-05T21:30:11","guid":{"rendered":"https:\/\/thepueblatimes.mx\/?p=28273"},"modified":"2025-03-05T15:30:59","modified_gmt":"2025-03-05T21:30:59","slug":"fernando-rosales-renuncia-a-la-ssc","status":"publish","type":"post","link":"https:\/\/thepueblatimes.mx\/index.php\/2025\/03\/05\/fernando-rosales-renuncia-a-la-ssc\/","title":{"rendered":"Fernando Rosales renuncia a la SSC"},"content":{"rendered":"<p>POR FRED ESTRADA<\/p>\n<p>La salida de Fernando Rosales de la SSC, tras el asesinato de dos elementos el 1 de marzo, la manifestaci\u00f3n de personal frente a palacio municipal y la renuncia de un mando policial, sumada a su desconocimiento como interlocutor y el hecho de que Pepe Chedraui tuviera que dialogar con los polic\u00edas inconformes, estaba m\u00e1s que cantada.<\/p>\n<p>Solo era cuesti\u00f3n de tiempo para que se formalizar\u00e1 al amparo de la noche y sin posibilidad de pregunta alguna, anteponiendo el argumento de la separaci\u00f3n voluntaria para incorporarse a la SSPC.<\/p>\n<p>La renuncia de Fernando Rosales a la SSC deja abierta la puerta para que sea designado un mando militar y con ello, Pepe Chedraui terminar\u00e1 por alinearse a la estrategia dictada desde la administraci\u00f3n estatal.<\/p>\n<p>En el fondo, los resultados que deja la gesti\u00f3n de Fernando Rosales est\u00e1n sobre la mesa y abiertos al escrutinio p\u00fablico.<\/p>\n<p>Ahora solo falta que Pepe Chedraui realice la designaci\u00f3n correspondiente.<\/p>\n","protected":false},"excerpt":{"rendered":"<p>POR FRED ESTRADA La salida de Fernando Rosales de la SSC, tras el asesinato de dos elementos el 1 de marzo, la manifestaci\u00f3n de personal frente a palacio municipal y la renuncia de un mando policial, sumada a su desconocimiento como interlocutor y el hecho de que Pepe Chedraui tuviera que dialogar con los polic\u00edas&#8230;<\/p>\n","protected":false},"author":16,"featured_media":28275,"comment_status":"closed","ping_status":"closed","sticky":false,"template":"","format":"standard","meta":[],"categories":[20],"tags":[3333,3334,1278],"yoast_head":"<!-- This site is optimized with the Yoast SEO plugin v20.8 - https:\/\/yoast.com\/wordpress\/plugins\/seo\/ -->\n<title>Fernando Rosales renuncia a la SSC - The Puebla Times<\/title>\n<meta name=\"robots\" content=\"index, follow, max-snippet:-1, max-image-preview:large, max-video-preview:-1\" \/>\n<link rel=\"canonical\" href=\"https:\/\/thepueblatimes.mx\/index.php\/2025\/03\/05\/fernando-rosales-renuncia-a-la-ssc\/\" \/>\n<meta property=\"og:locale\" content=\"es_ES\" \/>\n<meta property=\"og:type\" content=\"article\" \/>\n<meta property=\"og:title\" content=\"Fernando Rosales renuncia a la SSC - The Puebla Times\" \/>\n<meta property=\"og:description\" content=\"POR FRED ESTRADA La salida de Fernando Rosales de la SSC, tras el asesinato de dos elementos el 1 de marzo, la manifestaci\u00f3n de personal frente a palacio municipal y la renuncia de un mando policial, sumada a su desconocimiento como interlocutor y el hecho de que Pepe Chedraui tuviera que dialogar con los polic\u00edas...\" \/>\n<meta property=\"og:url\" content=\"https:\/\/thepueblatimes.mx\/index.php\/2025\/03\/05\/fernando-rosales-renuncia-a-la-ssc\/\" \/>\n<meta property=\"og:site_name\" content=\"The Puebla Times\" \/>\n<meta property=\"article:published_time\" content=\"2025-03-05T21:30:11+00:00\" \/>\n<meta property=\"article:modified_time\" content=\"2025-03-05T21:30:59+00:00\" \/>\n<meta property=\"og:image\" content=\"https:\/\/thepueblatimes.mx\/wp-content\/uploads\/2025\/03\/fernando-rosales.jpg\" \/>\n\t<meta property=\"og:image:width\" content=\"850\" \/>\n\t<meta property=\"og:image:height\" content=\"550\" \/>\n\t<meta property=\"og:image:type\" content=\"image\/jpeg\" \/>\n<meta name=\"author\" content=\"Sa\u00fal Hern\u00e1ndez\" \/>\n<meta name=\"twitter:card\" content=\"summary_large_image\" \/>\n<meta name=\"twitter:label1\" content=\"Escrito por\" \/>\n\t<meta name=\"twitter:data1\" content=\"Sa\u00fal Hern\u00e1ndez\" \/>\n\t<meta name=\"twitter:label2\" content=\"Tiempo de lectura\" \/>\n\t<meta name=\"twitter:data2\" content=\"1 minuto\" \/>\n<script type=\"application\/ld+json\" class=\"yoast-schema-graph\">{\"@context\":\"https:\/\/schema.org\",\"@graph\":[{\"@type\":\"WebPage\",\"@id\":\"https:\/\/thepueblatimes.mx\/index.php\/2025\/03\/05\/fernando-rosales-renuncia-a-la-ssc\/\",\"url\":\"https:\/\/thepueblatimes.mx\/index.php\/2025\/03\/05\/fernando-rosales-renuncia-a-la-ssc\/\",\"name\":\"Fernando Rosales renuncia a la SSC - The Puebla Times\",\"isPartOf\":{\"@id\":\"https:\/\/thepueblatimes.mx\/#website\"},\"datePublished\":\"2025-03-05T21:30:11+00:00\",\"dateModified\":\"2025-03-05T21:30:59+00:00\",\"author\":{\"@id\":\"https:\/\/thepueblatimes.mx\/#\/schema\/person\/1664894c2f65ce2c7a08d8f5f905c13c\"},\"breadcrumb\":{\"@id\":\"https:\/\/thepueblatimes.mx\/index.php\/2025\/03\/05\/fernando-rosales-renuncia-a-la-ssc\/#breadcrumb\"},\"inLanguage\":\"es\",\"potentialAction\":[{\"@type\":\"ReadAction\",\"target\":[\"https:\/\/thepueblatimes.mx\/index.php\/2025\/03\/05\/fernando-rosales-renuncia-a-la-ssc\/\"]}]},{\"@type\":\"BreadcrumbList\",\"@id\":\"https:\/\/thepueblatimes.mx\/index.php\/2025\/03\/05\/fernando-rosales-renuncia-a-la-ssc\/#breadcrumb\",\"itemListElement\":[{\"@type\":\"ListItem\",\"position\":1,\"name\":\"Portada\",\"item\":\"https:\/\/thepueblatimes.mx\/\"},{\"@type\":\"ListItem\",\"position\":2,\"name\":\"Fernando Rosales renuncia a la SSC\"}]},{\"@type\":\"WebSite\",\"@id\":\"https:\/\/thepueblatimes.mx\/#website\",\"url\":\"https:\/\/thepueblatimes.mx\/\",\"name\":\"The Puebla Times\",\"description\":\"Noticias del Estado de Puebla\",\"potentialAction\":[{\"@type\":\"SearchAction\",\"target\":{\"@type\":\"EntryPoint\",\"urlTemplate\":\"https:\/\/thepueblatimes.mx\/?s={search_term_string}\"},\"query-input\":\"required name=search_term_string\"}],\"inLanguage\":\"es\"},{\"@type\":\"Person\",\"@id\":\"https:\/\/thepueblatimes.mx\/#\/schema\/person\/1664894c2f65ce2c7a08d8f5f905c13c\",\"name\":\"Sa\u00fal Hern\u00e1ndez\",\"image\":{\"@type\":\"ImageObject\",\"inLanguage\":\"es\",\"@id\":\"https:\/\/thepueblatimes.mx\/#\/schema\/person\/image\/\",\"url\":\"https:\/\/secure.gravatar.com\/avatar\/11be338693f243309532caad8f10c930?s=96&d=mm&r=g\",\"contentUrl\":\"https:\/\/secure.gravatar.com\/avatar\/11be338693f243309532caad8f10c930?s=96&d=mm&r=g\",\"caption\":\"Sa\u00fal Hern\u00e1ndez\"},\"url\":\"https:\/\/thepueblatimes.mx\/index.php\/author\/saulhernandez\/\"}]}<\/script>\n<!-- \/ Yoast SEO plugin. -->","yoast_head_json":{"title":"Fernando Rosales renuncia a la SSC - The Puebla Times","robots":{"index":"index","follow":"follow","max-snippet":"max-snippet:-1","max-image-preview":"max-image-preview:large","max-video-preview":"max-video-preview:-1"},"canonical":"https:\/\/thepueblatimes.mx\/index.php\/2025\/03\/05\/fernando-rosales-renuncia-a-la-ssc\/","og_locale":"es_ES","og_type":"article","og_title":"Fernando Rosales renuncia a la SSC - The Puebla Times","og_description":"POR FRED ESTRADA La salida de Fernando Rosales de la SSC, tras el asesinato de dos elementos el 1 de marzo, la manifestaci\u00f3n de personal frente a palacio municipal y la renuncia de un mando policial, sumada a su desconocimiento como interlocutor y el hecho de que Pepe Chedraui tuviera que dialogar con los polic\u00edas...","og_url":"https:\/\/thepueblatimes.mx\/index.php\/2025\/03\/05\/fernando-rosales-renuncia-a-la-ssc\/","og_site_name":"The Puebla Times","article_published_time":"2025-03-05T21:30:11+00:00","article_modified_time":"2025-03-05T21:30:59+00:00","og_image":[{"width":850,"height":550,"url":"https:\/\/thepueblatimes.mx\/wp-content\/uploads\/2025\/03\/fernando-rosales.jpg","type":"image\/jpeg"}],"author":"Sa\u00fal Hern\u00e1ndez","twitter_card":"summary_large_image","twitter_misc":{"Escrito por":"Sa\u00fal Hern\u00e1ndez","Tiempo de lectura":"1 minuto"},"schema":{"@context":"https:\/\/schema.org","@graph":[{"@type":"WebPage","@id":"https:\/\/thepueblatimes.mx\/index.php\/2025\/03\/05\/fernando-rosales-renuncia-a-la-ssc\/","url":"https:\/\/thepueblatimes.mx\/index.php\/2025\/03\/05\/fernando-rosales-renuncia-a-la-ssc\/","name":"Fernando Rosales renuncia a la SSC - The Puebla Times","isPartOf":{"@id":"https:\/\/thepueblatimes.mx\/#website"},"datePublished":"2025-03-05T21:30:11+00:00","dateModified":"2025-03-05T21:30:59+00:00","author":{"@id":"https:\/\/thepueblatimes.mx\/#\/schema\/person\/1664894c2f65ce2c7a08d8f5f905c13c"},"breadcrumb":{"@id":"https:\/\/thepueblatimes.mx\/index.php\/2025\/03\/05\/fernando-rosales-renuncia-a-la-ssc\/#breadcrumb"},"inLanguage":"es","potentialAction":[{"@type":"ReadAction","target":["https:\/\/thepueblatimes.mx\/index.php\/2025\/03\/05\/fernando-rosales-renuncia-a-la-ssc\/"]}]},{"@type":"BreadcrumbList","@id":"https:\/\/thepueblatimes.mx\/index.php\/2025\/03\/05\/fernando-rosales-renuncia-a-la-ssc\/#breadcrumb","itemListElement":[{"@type":"ListItem","position":1,"name":"Portada","item":"https:\/\/thepueblatimes.mx\/"},{"@type":"ListItem","position":2,"name":"Fernando Rosales renuncia a la SSC"}]},{"@type":"WebSite","@id":"https:\/\/thepueblatimes.mx\/#website","url":"https:\/\/thepueblatimes.mx\/","name":"The Puebla Times","description":"Noticias del Estado de Puebla","potentialAction":[{"@type":"SearchAction","target":{"@type":"EntryPoint","urlTemplate":"https:\/\/thepueblatimes.mx\/?s={search_term_string}"},"query-input":"required name=search_term_string"}],"inLanguage":"es"},{"@type":"Person","@id":"https:\/\/thepueblatimes.mx\/#\/schema\/person\/1664894c2f65ce2c7a08d8f5f905c13c","name":"Sa\u00fal Hern\u00e1ndez","image":{"@type":"ImageObject","inLanguage":"es","@id":"https:\/\/thepueblatimes.mx\/#\/schema\/person\/image\/","url":"https:\/\/secure.gravatar.com\/avatar\/11be338693f243309532caad8f10c930?s=96&d=mm&r=g","contentUrl":"https:\/\/secure.gravatar.com\/avatar\/11be338693f243309532caad8f10c930?s=96&d=mm&r=g","caption":"Sa\u00fal Hern\u00e1ndez"},"url":"https:\/\/thepueblatimes.mx\/index.php\/author\/saulhernandez\/"}]}},"jetpack_featured_media_url":"https:\/\/thepueblatimes.mx\/wp-content\/uploads\/2025\/03\/fernando-rosales.jpg","_links":{"self":[{"href":"https:\/\/thepueblatimes.mx\/index.php\/wp-json\/wp\/v2\/posts\/28273"}],"collection":[{"href":"https:\/\/thepueblatimes.mx\/index.php\/wp-json\/wp\/v2\/posts"}],"about":[{"href":"https:\/\/thepueblatimes.mx\/index.php\/wp-json\/wp\/v2\/types\/post"}],"author":[{"embeddable":true,"href":"https:\/\/thepueblatimes.mx\/index.php\/wp-json\/wp\/v2\/users\/16"}],"replies":[{"embeddable":true,"href":"https:\/\/thepueblatimes.mx\/index.php\/wp-json\/wp\/v2\/comments?post=28273"}],"version-history":[{"count":1,"href":"https:\/\/thepueblatimes.mx\/index.php\/wp-json\/wp\/v2\/posts\/28273\/revisions"}],"predecessor-version":[{"id":28274,"href":"https:\/\/thepueblatimes.mx\/index.php\/wp-json\/wp\/v2\/posts\/28273\/revisions\/28274"}],"wp:featuredmedia":[{"embeddable":true,"href":"https:\/\/thepueblatimes.mx\/index.php\/wp-json\/wp\/v2\/media\/28275"}],"wp:attachment":[{"href":"https:\/\/thepueblatimes.mx\/index.php\/wp-json\/wp\/v2\/media?parent=28273"}],"wp:term":[{"taxonomy":"category","embeddable":true,"href":"https:\/\/thepueblatimes.mx\/index.php\/wp-json\/wp\/v2\/categories?post=28273"},{"taxonomy":"post_tag","embeddable":true,"href":"https:\/\/thepueblatimes.mx\/index.php\/wp-json\/wp\/v2\/tags?post=28273"}],"curies":[{"name":"wp","href":"https:\/\/api.w.org\/{rel}","templated":true}]}}