{"id":28264,"date":"2025-03-05T15:05:04","date_gmt":"2025-03-05T21:05:04","guid":{"rendered":"https:\/\/thepueblatimes.mx\/?p=28264"},"modified":"2025-03-05T15:05:04","modified_gmt":"2025-03-05T21:05:04","slug":"a-destiempo-mario-riestra-niega-senalamientos-de-enriquecimiento","status":"publish","type":"post","link":"https:\/\/thepueblatimes.mx\/index.php\/2025\/03\/05\/a-destiempo-mario-riestra-niega-senalamientos-de-enriquecimiento\/","title":{"rendered":"A destiempo Mario Riestra niega se\u00f1alamientos de enriquecimiento"},"content":{"rendered":"<p>POR FRED ESTRADA<\/p>\n<p>A d\u00edas de los se\u00f1alamientos en su contra, Mario Riestra sale al paso para tratar de desmentirlos.<\/p>\n<p>En el extremo comenta que la empresa con la que se le vincula existe, pero est\u00e1 inactiva.<\/p>\n<p>Junto a Genoveva Huerta niega el enriquecimiento inexplicable de su familia, al tiempo que argumenta que la empresa que crearon y no est\u00e1 en su declaraci\u00f3n patrimonial no est\u00e1 activa.<\/p>\n<p>\u201cEsta inactiva desde el principio, nunca ha tenido actividad\u201d dijo de manera apresurada y visiblemente molesto.<\/p>\n<p>En el extremo advirti\u00f3 que las cr\u00edticas y cuestionamientos en su contra, son reflejo de que est\u00e1n haciendo bien las cosas.<\/p>\n<p>Por otra parte, neg\u00f3 haber pactado la derrota en Venustiano Carranza y Chignahuapan, y se\u00f1al\u00f3 que la alianza con el PRI no se concret\u00f3 por temas de \u00edndole nacional.<\/p>\n<p>Esto en el marco de una conferencia prensa en la que, como directivo estatal de Puebla, mantuvo su cr\u00edticas al Ayuntamiento cuya presidencia no pudo ganar en las urnas, en torno al suministro de agua y saneamiento entre otros temas.<\/p>\n","protected":false},"excerpt":{"rendered":"<p>POR FRED ESTRADA A d\u00edas de los se\u00f1alamientos en su contra, Mario Riestra sale al paso para tratar de desmentirlos. En el extremo comenta que la empresa con la que se le vincula existe, pero est\u00e1 inactiva. Junto a Genoveva Huerta niega el enriquecimiento inexplicable de su familia, al tiempo que argumenta que la empresa&#8230;<\/p>\n","protected":false},"author":16,"featured_media":28265,"comment_status":"closed","ping_status":"closed","sticky":false,"template":"","format":"standard","meta":[],"categories":[20],"tags":[3329,1721,2128],"yoast_head":"<!-- This site is optimized with the Yoast SEO plugin v20.8 - https:\/\/yoast.com\/wordpress\/plugins\/seo\/ -->\n<title>A destiempo Mario Riestra niega se\u00f1alamientos de enriquecimiento - The Puebla Times<\/title>\n<meta name=\"robots\" content=\"index, follow, max-snippet:-1, max-image-preview:large, max-video-preview:-1\" \/>\n<link rel=\"canonical\" href=\"https:\/\/thepueblatimes.mx\/index.php\/2025\/03\/05\/a-destiempo-mario-riestra-niega-senalamientos-de-enriquecimiento\/\" \/>\n<meta property=\"og:locale\" content=\"es_ES\" \/>\n<meta property=\"og:type\" content=\"article\" \/>\n<meta property=\"og:title\" content=\"A destiempo Mario Riestra niega se\u00f1alamientos de enriquecimiento - The Puebla Times\" \/>\n<meta property=\"og:description\" content=\"POR FRED ESTRADA A d\u00edas de los se\u00f1alamientos en su contra, Mario Riestra sale al paso para tratar de desmentirlos. En el extremo comenta que la empresa con la que se le vincula existe, pero est\u00e1 inactiva. Junto a Genoveva Huerta niega el enriquecimiento inexplicable de su familia, al tiempo que argumenta que la empresa...\" \/>\n<meta property=\"og:url\" content=\"https:\/\/thepueblatimes.mx\/index.php\/2025\/03\/05\/a-destiempo-mario-riestra-niega-senalamientos-de-enriquecimiento\/\" \/>\n<meta property=\"og:site_name\" content=\"The Puebla Times\" \/>\n<meta property=\"article:published_time\" content=\"2025-03-05T21:05:04+00:00\" \/>\n<meta property=\"og:image\" content=\"https:\/\/thepueblatimes.mx\/wp-content\/uploads\/2025\/03\/PORTADAS-Mario-Riestra-niega-dao-presupuestal-en-el-PAN-tras-salida-de-Augusta-Diaz-de-Rivera.webp\" \/>\n\t<meta property=\"og:image:width\" content=\"1200\" \/>\n\t<meta property=\"og:image:height\" content=\"675\" \/>\n\t<meta property=\"og:image:type\" content=\"image\/webp\" \/>\n<meta name=\"author\" content=\"Sa\u00fal Hern\u00e1ndez\" \/>\n<meta name=\"twitter:card\" content=\"summary_large_image\" \/>\n<meta name=\"twitter:label1\" content=\"Escrito por\" \/>\n\t<meta name=\"twitter:data1\" content=\"Sa\u00fal Hern\u00e1ndez\" \/>\n\t<meta name=\"twitter:label2\" content=\"Tiempo de lectura\" \/>\n\t<meta name=\"twitter:data2\" content=\"1 minuto\" \/>\n<script type=\"application\/ld+json\" class=\"yoast-schema-graph\">{\"@context\":\"https:\/\/schema.org\",\"@graph\":[{\"@type\":\"WebPage\",\"@id\":\"https:\/\/thepueblatimes.mx\/index.php\/2025\/03\/05\/a-destiempo-mario-riestra-niega-senalamientos-de-enriquecimiento\/\",\"url\":\"https:\/\/thepueblatimes.mx\/index.php\/2025\/03\/05\/a-destiempo-mario-riestra-niega-senalamientos-de-enriquecimiento\/\",\"name\":\"A destiempo Mario Riestra niega se\u00f1alamientos de enriquecimiento - The Puebla Times\",\"isPartOf\":{\"@id\":\"https:\/\/thepueblatimes.mx\/#website\"},\"datePublished\":\"2025-03-05T21:05:04+00:00\",\"dateModified\":\"2025-03-05T21:05:04+00:00\",\"author\":{\"@id\":\"https:\/\/thepueblatimes.mx\/#\/schema\/person\/1664894c2f65ce2c7a08d8f5f905c13c\"},\"breadcrumb\":{\"@id\":\"https:\/\/thepueblatimes.mx\/index.php\/2025\/03\/05\/a-destiempo-mario-riestra-niega-senalamientos-de-enriquecimiento\/#breadcrumb\"},\"inLanguage\":\"es\",\"potentialAction\":[{\"@type\":\"ReadAction\",\"target\":[\"https:\/\/thepueblatimes.mx\/index.php\/2025\/03\/05\/a-destiempo-mario-riestra-niega-senalamientos-de-enriquecimiento\/\"]}]},{\"@type\":\"BreadcrumbList\",\"@id\":\"https:\/\/thepueblatimes.mx\/index.php\/2025\/03\/05\/a-destiempo-mario-riestra-niega-senalamientos-de-enriquecimiento\/#breadcrumb\",\"itemListElement\":[{\"@type\":\"ListItem\",\"position\":1,\"name\":\"Portada\",\"item\":\"https:\/\/thepueblatimes.mx\/\"},{\"@type\":\"ListItem\",\"position\":2,\"name\":\"A destiempo Mario Riestra niega se\u00f1alamientos de enriquecimiento\"}]},{\"@type\":\"WebSite\",\"@id\":\"https:\/\/thepueblatimes.mx\/#website\",\"url\":\"https:\/\/thepueblatimes.mx\/\",\"name\":\"The Puebla Times\",\"description\":\"Noticias del Estado de Puebla\",\"potentialAction\":[{\"@type\":\"SearchAction\",\"target\":{\"@type\":\"EntryPoint\",\"urlTemplate\":\"https:\/\/thepueblatimes.mx\/?s={search_term_string}\"},\"query-input\":\"required name=search_term_string\"}],\"inLanguage\":\"es\"},{\"@type\":\"Person\",\"@id\":\"https:\/\/thepueblatimes.mx\/#\/schema\/person\/1664894c2f65ce2c7a08d8f5f905c13c\",\"name\":\"Sa\u00fal Hern\u00e1ndez\",\"image\":{\"@type\":\"ImageObject\",\"inLanguage\":\"es\",\"@id\":\"https:\/\/thepueblatimes.mx\/#\/schema\/person\/image\/\",\"url\":\"https:\/\/secure.gravatar.com\/avatar\/11be338693f243309532caad8f10c930?s=96&d=mm&r=g\",\"contentUrl\":\"https:\/\/secure.gravatar.com\/avatar\/11be338693f243309532caad8f10c930?s=96&d=mm&r=g\",\"caption\":\"Sa\u00fal Hern\u00e1ndez\"},\"url\":\"https:\/\/thepueblatimes.mx\/index.php\/author\/saulhernandez\/\"}]}<\/script>\n<!-- \/ Yoast SEO plugin. -->","yoast_head_json":{"title":"A destiempo Mario Riestra niega se\u00f1alamientos de enriquecimiento - The Puebla Times","robots":{"index":"index","follow":"follow","max-snippet":"max-snippet:-1","max-image-preview":"max-image-preview:large","max-video-preview":"max-video-preview:-1"},"canonical":"https:\/\/thepueblatimes.mx\/index.php\/2025\/03\/05\/a-destiempo-mario-riestra-niega-senalamientos-de-enriquecimiento\/","og_locale":"es_ES","og_type":"article","og_title":"A destiempo Mario Riestra niega se\u00f1alamientos de enriquecimiento - The Puebla Times","og_description":"POR FRED ESTRADA A d\u00edas de los se\u00f1alamientos en su contra, Mario Riestra sale al paso para tratar de desmentirlos. En el extremo comenta que la empresa con la que se le vincula existe, pero est\u00e1 inactiva. Junto a Genoveva Huerta niega el enriquecimiento inexplicable de su familia, al tiempo que argumenta que la empresa...","og_url":"https:\/\/thepueblatimes.mx\/index.php\/2025\/03\/05\/a-destiempo-mario-riestra-niega-senalamientos-de-enriquecimiento\/","og_site_name":"The Puebla Times","article_published_time":"2025-03-05T21:05:04+00:00","og_image":[{"width":1200,"height":675,"url":"https:\/\/thepueblatimes.mx\/wp-content\/uploads\/2025\/03\/PORTADAS-Mario-Riestra-niega-dao-presupuestal-en-el-PAN-tras-salida-de-Augusta-Diaz-de-Rivera.webp","type":"image\/webp"}],"author":"Sa\u00fal Hern\u00e1ndez","twitter_card":"summary_large_image","twitter_misc":{"Escrito por":"Sa\u00fal Hern\u00e1ndez","Tiempo de lectura":"1 minuto"},"schema":{"@context":"https:\/\/schema.org","@graph":[{"@type":"WebPage","@id":"https:\/\/thepueblatimes.mx\/index.php\/2025\/03\/05\/a-destiempo-mario-riestra-niega-senalamientos-de-enriquecimiento\/","url":"https:\/\/thepueblatimes.mx\/index.php\/2025\/03\/05\/a-destiempo-mario-riestra-niega-senalamientos-de-enriquecimiento\/","name":"A destiempo Mario Riestra niega se\u00f1alamientos de enriquecimiento - The Puebla Times","isPartOf":{"@id":"https:\/\/thepueblatimes.mx\/#website"},"datePublished":"2025-03-05T21:05:04+00:00","dateModified":"2025-03-05T21:05:04+00:00","author":{"@id":"https:\/\/thepueblatimes.mx\/#\/schema\/person\/1664894c2f65ce2c7a08d8f5f905c13c"},"breadcrumb":{"@id":"https:\/\/thepueblatimes.mx\/index.php\/2025\/03\/05\/a-destiempo-mario-riestra-niega-senalamientos-de-enriquecimiento\/#breadcrumb"},"inLanguage":"es","potentialAction":[{"@type":"ReadAction","target":["https:\/\/thepueblatimes.mx\/index.php\/2025\/03\/05\/a-destiempo-mario-riestra-niega-senalamientos-de-enriquecimiento\/"]}]},{"@type":"BreadcrumbList","@id":"https:\/\/thepueblatimes.mx\/index.php\/2025\/03\/05\/a-destiempo-mario-riestra-niega-senalamientos-de-enriquecimiento\/#breadcrumb","itemListElement":[{"@type":"ListItem","position":1,"name":"Portada","item":"https:\/\/thepueblatimes.mx\/"},{"@type":"ListItem","position":2,"name":"A destiempo Mario Riestra niega se\u00f1alamientos de enriquecimiento"}]},{"@type":"WebSite","@id":"https:\/\/thepueblatimes.mx\/#website","url":"https:\/\/thepueblatimes.mx\/","name":"The Puebla Times","description":"Noticias del Estado de Puebla","potentialAction":[{"@type":"SearchAction","target":{"@type":"EntryPoint","urlTemplate":"https:\/\/thepueblatimes.mx\/?s={search_term_string}"},"query-input":"required name=search_term_string"}],"inLanguage":"es"},{"@type":"Person","@id":"https:\/\/thepueblatimes.mx\/#\/schema\/person\/1664894c2f65ce2c7a08d8f5f905c13c","name":"Sa\u00fal Hern\u00e1ndez","image":{"@type":"ImageObject","inLanguage":"es","@id":"https:\/\/thepueblatimes.mx\/#\/schema\/person\/image\/","url":"https:\/\/secure.gravatar.com\/avatar\/11be338693f243309532caad8f10c930?s=96&d=mm&r=g","contentUrl":"https:\/\/secure.gravatar.com\/avatar\/11be338693f243309532caad8f10c930?s=96&d=mm&r=g","caption":"Sa\u00fal Hern\u00e1ndez"},"url":"https:\/\/thepueblatimes.mx\/index.php\/author\/saulhernandez\/"}]}},"jetpack_featured_media_url":"https:\/\/thepueblatimes.mx\/wp-content\/uploads\/2025\/03\/PORTADAS-Mario-Riestra-niega-dao-presupuestal-en-el-PAN-tras-salida-de-Augusta-Diaz-de-Rivera.webp","_links":{"self":[{"href":"https:\/\/thepueblatimes.mx\/index.php\/wp-json\/wp\/v2\/posts\/28264"}],"collection":[{"href":"https:\/\/thepueblatimes.mx\/index.php\/wp-json\/wp\/v2\/posts"}],"about":[{"href":"https:\/\/thepueblatimes.mx\/index.php\/wp-json\/wp\/v2\/types\/post"}],"author":[{"embeddable":true,"href":"https:\/\/thepueblatimes.mx\/index.php\/wp-json\/wp\/v2\/users\/16"}],"replies":[{"embeddable":true,"href":"https:\/\/thepueblatimes.mx\/index.php\/wp-json\/wp\/v2\/comments?post=28264"}],"version-history":[{"count":1,"href":"https:\/\/thepueblatimes.mx\/index.php\/wp-json\/wp\/v2\/posts\/28264\/revisions"}],"predecessor-version":[{"id":28266,"href":"https:\/\/thepueblatimes.mx\/index.php\/wp-json\/wp\/v2\/posts\/28264\/revisions\/28266"}],"wp:featuredmedia":[{"embeddable":true,"href":"https:\/\/thepueblatimes.mx\/index.php\/wp-json\/wp\/v2\/media\/28265"}],"wp:attachment":[{"href":"https:\/\/thepueblatimes.mx\/index.php\/wp-json\/wp\/v2\/media?parent=28264"}],"wp:term":[{"taxonomy":"category","embeddable":true,"href":"https:\/\/thepueblatimes.mx\/index.php\/wp-json\/wp\/v2\/categories?post=28264"},{"taxonomy":"post_tag","embeddable":true,"href":"https:\/\/thepueblatimes.mx\/index.php\/wp-json\/wp\/v2\/tags?post=28264"}],"curies":[{"name":"wp","href":"https:\/\/api.w.org\/{rel}","templated":true}]}}