{"id":28209,"date":"2025-03-01T11:51:40","date_gmt":"2025-03-01T17:51:40","guid":{"rendered":"https:\/\/thepueblatimes.mx\/?p=28209"},"modified":"2025-03-01T11:51:58","modified_gmt":"2025-03-01T17:51:58","slug":"mario-riestra-en-la-mira-de-la-unidad-de-inteligencia-financiera","status":"publish","type":"post","link":"https:\/\/thepueblatimes.mx\/index.php\/2025\/03\/01\/mario-riestra-en-la-mira-de-la-unidad-de-inteligencia-financiera\/","title":{"rendered":"Mario Riestra en la mira de la Unidad de Inteligencia Financiera"},"content":{"rendered":"<p>POR FRED ESTRADA<\/p>\n<p>Ante los se\u00f1alamientos de que presumiblemente, Mario Riestra, dirigente del PAN en el estado de Puebla, es investigado por la Unidad de Inteligencia Financiera (UIF), Gabriel Biestro lo llam\u00f3 a aclarar su situaci\u00f3n, en lugar de querer tapar hoyos y baches de la ciudad de Puebla, que fueron dejados por la administraci\u00f3n pasada, de extracci\u00f3n panista.<\/p>\n<p>De acuerdo a trascendidos, el l\u00edder panista es investigado por propiedades e ingresos no aclarados; en paralelo, se indaga si se desviaron recursos p\u00fablicos de los cargos que ha desempe\u00f1ado.<\/p>\n<p>El presidente de la Comisi\u00f3n de Gobernaci\u00f3n del Ayuntamiento de Puebla, Gabriel Biestro dijo que Mario Riestra debe atender los se\u00f1alamientos sobre los presuntos actos de corrupci\u00f3n cometidos por \u00e9l y su familia.<\/p>\n<p>Gabriel Biestro record\u00f3 que no es la primera vez que la familia Riestra se encuentra involucrada con este tipo de acusaciones.<br \/>\nEn consecuencia, solicit\u00f3 a la UIF contribuir a que se le d\u00e9 seguimiento al caso para evitar la impunidad.<\/p>\n<p>Biestro se\u00f1al\u00f3 que \u201cno es la primera vez que los Riestra est\u00e1n metidos en esc\u00e1ndalos de corrupci\u00f3n. (\u2026) Hoy le digo desde aqu\u00ed a Mario Riestra que aclare su situaci\u00f3n, esa que hoy la Unidad de Inteligencia Financiera est\u00e1 siguiendo, en lugar de estar queriendo tapar hoyos y baches que el gobierno municipal de su partido dej\u00f3 en nuestra ciudad\u201d.<\/p>\n<p>En 2024, en su calidad entonces de voceros de Morena en Puebla, Leobardo Rodr\u00edguez y Gabriel Biestro, acusaron a la familia Riestra de tener al menos tres propiedades en zonas del Caribe, valuadas en 12 millones 100 mil pesos.<\/p>\n<p>Por su parte, Andr\u00e9s Villegas, diputado por el distrito 15, se\u00f1al\u00f3 que Rodrigo Riestra, cuando se desempe\u00f1\u00f3 como secretario de Desarrollo Rural, fue acusado por campesinos y pobladores de robar sus tierras para donarlas a empresas fantasma.<\/p>\n<p>En esas circunstancias, se habr\u00eda interpuesto una denuncia en contra de Rodrigo Riestra, ante la Fiscal\u00eda General del Estado.<\/p>\n","protected":false},"excerpt":{"rendered":"<p>POR FRED ESTRADA Ante los se\u00f1alamientos de que presumiblemente, Mario Riestra, dirigente del PAN en el estado de Puebla, es investigado por la Unidad de Inteligencia Financiera (UIF), Gabriel Biestro lo llam\u00f3 a aclarar su situaci\u00f3n, en lugar de querer tapar hoyos y baches de la ciudad de Puebla, que fueron dejados por la administraci\u00f3n&#8230;<\/p>\n","protected":false},"author":16,"featured_media":28211,"comment_status":"closed","ping_status":"closed","sticky":false,"template":"","format":"standard","meta":[],"categories":[3],"tags":[2226,1721,2718,3312],"yoast_head":"<!-- This site is optimized with the Yoast SEO plugin v20.8 - https:\/\/yoast.com\/wordpress\/plugins\/seo\/ -->\n<title>Mario Riestra en la mira de la Unidad de Inteligencia Financiera - The Puebla Times<\/title>\n<meta name=\"robots\" content=\"index, follow, max-snippet:-1, max-image-preview:large, max-video-preview:-1\" \/>\n<link rel=\"canonical\" href=\"https:\/\/thepueblatimes.mx\/index.php\/2025\/03\/01\/mario-riestra-en-la-mira-de-la-unidad-de-inteligencia-financiera\/\" \/>\n<meta property=\"og:locale\" content=\"es_ES\" \/>\n<meta property=\"og:type\" content=\"article\" \/>\n<meta property=\"og:title\" content=\"Mario Riestra en la mira de la Unidad de Inteligencia Financiera - The Puebla Times\" \/>\n<meta property=\"og:description\" content=\"POR FRED ESTRADA Ante los se\u00f1alamientos de que presumiblemente, Mario Riestra, dirigente del PAN en el estado de Puebla, es investigado por la Unidad de Inteligencia Financiera (UIF), Gabriel Biestro lo llam\u00f3 a aclarar su situaci\u00f3n, en lugar de querer tapar hoyos y baches de la ciudad de Puebla, que fueron dejados por la administraci\u00f3n...\" \/>\n<meta property=\"og:url\" content=\"https:\/\/thepueblatimes.mx\/index.php\/2025\/03\/01\/mario-riestra-en-la-mira-de-la-unidad-de-inteligencia-financiera\/\" \/>\n<meta property=\"og:site_name\" content=\"The Puebla Times\" \/>\n<meta property=\"article:published_time\" content=\"2025-03-01T17:51:40+00:00\" \/>\n<meta property=\"article:modified_time\" content=\"2025-03-01T17:51:58+00:00\" \/>\n<meta property=\"og:image\" content=\"https:\/\/thepueblatimes.mx\/wp-content\/uploads\/2025\/03\/28-riestra.webp\" \/>\n\t<meta property=\"og:image:width\" content=\"1200\" \/>\n\t<meta property=\"og:image:height\" content=\"675\" \/>\n\t<meta property=\"og:image:type\" content=\"image\/webp\" \/>\n<meta name=\"author\" content=\"Sa\u00fal Hern\u00e1ndez\" \/>\n<meta name=\"twitter:card\" content=\"summary_large_image\" \/>\n<meta name=\"twitter:label1\" content=\"Escrito por\" \/>\n\t<meta name=\"twitter:data1\" content=\"Sa\u00fal Hern\u00e1ndez\" \/>\n\t<meta name=\"twitter:label2\" content=\"Tiempo de lectura\" \/>\n\t<meta name=\"twitter:data2\" content=\"2 minutos\" \/>\n<script type=\"application\/ld+json\" class=\"yoast-schema-graph\">{\"@context\":\"https:\/\/schema.org\",\"@graph\":[{\"@type\":\"WebPage\",\"@id\":\"https:\/\/thepueblatimes.mx\/index.php\/2025\/03\/01\/mario-riestra-en-la-mira-de-la-unidad-de-inteligencia-financiera\/\",\"url\":\"https:\/\/thepueblatimes.mx\/index.php\/2025\/03\/01\/mario-riestra-en-la-mira-de-la-unidad-de-inteligencia-financiera\/\",\"name\":\"Mario Riestra en la mira de la Unidad de Inteligencia Financiera - The Puebla Times\",\"isPartOf\":{\"@id\":\"https:\/\/thepueblatimes.mx\/#website\"},\"datePublished\":\"2025-03-01T17:51:40+00:00\",\"dateModified\":\"2025-03-01T17:51:58+00:00\",\"author\":{\"@id\":\"https:\/\/thepueblatimes.mx\/#\/schema\/person\/1664894c2f65ce2c7a08d8f5f905c13c\"},\"breadcrumb\":{\"@id\":\"https:\/\/thepueblatimes.mx\/index.php\/2025\/03\/01\/mario-riestra-en-la-mira-de-la-unidad-de-inteligencia-financiera\/#breadcrumb\"},\"inLanguage\":\"es\",\"potentialAction\":[{\"@type\":\"ReadAction\",\"target\":[\"https:\/\/thepueblatimes.mx\/index.php\/2025\/03\/01\/mario-riestra-en-la-mira-de-la-unidad-de-inteligencia-financiera\/\"]}]},{\"@type\":\"BreadcrumbList\",\"@id\":\"https:\/\/thepueblatimes.mx\/index.php\/2025\/03\/01\/mario-riestra-en-la-mira-de-la-unidad-de-inteligencia-financiera\/#breadcrumb\",\"itemListElement\":[{\"@type\":\"ListItem\",\"position\":1,\"name\":\"Portada\",\"item\":\"https:\/\/thepueblatimes.mx\/\"},{\"@type\":\"ListItem\",\"position\":2,\"name\":\"Mario Riestra en la mira de la Unidad de Inteligencia Financiera\"}]},{\"@type\":\"WebSite\",\"@id\":\"https:\/\/thepueblatimes.mx\/#website\",\"url\":\"https:\/\/thepueblatimes.mx\/\",\"name\":\"The Puebla Times\",\"description\":\"Noticias del Estado de Puebla\",\"potentialAction\":[{\"@type\":\"SearchAction\",\"target\":{\"@type\":\"EntryPoint\",\"urlTemplate\":\"https:\/\/thepueblatimes.mx\/?s={search_term_string}\"},\"query-input\":\"required name=search_term_string\"}],\"inLanguage\":\"es\"},{\"@type\":\"Person\",\"@id\":\"https:\/\/thepueblatimes.mx\/#\/schema\/person\/1664894c2f65ce2c7a08d8f5f905c13c\",\"name\":\"Sa\u00fal Hern\u00e1ndez\",\"image\":{\"@type\":\"ImageObject\",\"inLanguage\":\"es\",\"@id\":\"https:\/\/thepueblatimes.mx\/#\/schema\/person\/image\/\",\"url\":\"https:\/\/secure.gravatar.com\/avatar\/11be338693f243309532caad8f10c930?s=96&d=mm&r=g\",\"contentUrl\":\"https:\/\/secure.gravatar.com\/avatar\/11be338693f243309532caad8f10c930?s=96&d=mm&r=g\",\"caption\":\"Sa\u00fal Hern\u00e1ndez\"},\"url\":\"https:\/\/thepueblatimes.mx\/index.php\/author\/saulhernandez\/\"}]}<\/script>\n<!-- \/ Yoast SEO plugin. -->","yoast_head_json":{"title":"Mario Riestra en la mira de la Unidad de Inteligencia Financiera - The Puebla Times","robots":{"index":"index","follow":"follow","max-snippet":"max-snippet:-1","max-image-preview":"max-image-preview:large","max-video-preview":"max-video-preview:-1"},"canonical":"https:\/\/thepueblatimes.mx\/index.php\/2025\/03\/01\/mario-riestra-en-la-mira-de-la-unidad-de-inteligencia-financiera\/","og_locale":"es_ES","og_type":"article","og_title":"Mario Riestra en la mira de la Unidad de Inteligencia Financiera - The Puebla Times","og_description":"POR FRED ESTRADA Ante los se\u00f1alamientos de que presumiblemente, Mario Riestra, dirigente del PAN en el estado de Puebla, es investigado por la Unidad de Inteligencia Financiera (UIF), Gabriel Biestro lo llam\u00f3 a aclarar su situaci\u00f3n, en lugar de querer tapar hoyos y baches de la ciudad de Puebla, que fueron dejados por la administraci\u00f3n...","og_url":"https:\/\/thepueblatimes.mx\/index.php\/2025\/03\/01\/mario-riestra-en-la-mira-de-la-unidad-de-inteligencia-financiera\/","og_site_name":"The Puebla Times","article_published_time":"2025-03-01T17:51:40+00:00","article_modified_time":"2025-03-01T17:51:58+00:00","og_image":[{"width":1200,"height":675,"url":"https:\/\/thepueblatimes.mx\/wp-content\/uploads\/2025\/03\/28-riestra.webp","type":"image\/webp"}],"author":"Sa\u00fal Hern\u00e1ndez","twitter_card":"summary_large_image","twitter_misc":{"Escrito por":"Sa\u00fal Hern\u00e1ndez","Tiempo de lectura":"2 minutos"},"schema":{"@context":"https:\/\/schema.org","@graph":[{"@type":"WebPage","@id":"https:\/\/thepueblatimes.mx\/index.php\/2025\/03\/01\/mario-riestra-en-la-mira-de-la-unidad-de-inteligencia-financiera\/","url":"https:\/\/thepueblatimes.mx\/index.php\/2025\/03\/01\/mario-riestra-en-la-mira-de-la-unidad-de-inteligencia-financiera\/","name":"Mario Riestra en la mira de la Unidad de Inteligencia Financiera - The Puebla Times","isPartOf":{"@id":"https:\/\/thepueblatimes.mx\/#website"},"datePublished":"2025-03-01T17:51:40+00:00","dateModified":"2025-03-01T17:51:58+00:00","author":{"@id":"https:\/\/thepueblatimes.mx\/#\/schema\/person\/1664894c2f65ce2c7a08d8f5f905c13c"},"breadcrumb":{"@id":"https:\/\/thepueblatimes.mx\/index.php\/2025\/03\/01\/mario-riestra-en-la-mira-de-la-unidad-de-inteligencia-financiera\/#breadcrumb"},"inLanguage":"es","potentialAction":[{"@type":"ReadAction","target":["https:\/\/thepueblatimes.mx\/index.php\/2025\/03\/01\/mario-riestra-en-la-mira-de-la-unidad-de-inteligencia-financiera\/"]}]},{"@type":"BreadcrumbList","@id":"https:\/\/thepueblatimes.mx\/index.php\/2025\/03\/01\/mario-riestra-en-la-mira-de-la-unidad-de-inteligencia-financiera\/#breadcrumb","itemListElement":[{"@type":"ListItem","position":1,"name":"Portada","item":"https:\/\/thepueblatimes.mx\/"},{"@type":"ListItem","position":2,"name":"Mario Riestra en la mira de la Unidad de Inteligencia Financiera"}]},{"@type":"WebSite","@id":"https:\/\/thepueblatimes.mx\/#website","url":"https:\/\/thepueblatimes.mx\/","name":"The Puebla Times","description":"Noticias del Estado de Puebla","potentialAction":[{"@type":"SearchAction","target":{"@type":"EntryPoint","urlTemplate":"https:\/\/thepueblatimes.mx\/?s={search_term_string}"},"query-input":"required name=search_term_string"}],"inLanguage":"es"},{"@type":"Person","@id":"https:\/\/thepueblatimes.mx\/#\/schema\/person\/1664894c2f65ce2c7a08d8f5f905c13c","name":"Sa\u00fal Hern\u00e1ndez","image":{"@type":"ImageObject","inLanguage":"es","@id":"https:\/\/thepueblatimes.mx\/#\/schema\/person\/image\/","url":"https:\/\/secure.gravatar.com\/avatar\/11be338693f243309532caad8f10c930?s=96&d=mm&r=g","contentUrl":"https:\/\/secure.gravatar.com\/avatar\/11be338693f243309532caad8f10c930?s=96&d=mm&r=g","caption":"Sa\u00fal Hern\u00e1ndez"},"url":"https:\/\/thepueblatimes.mx\/index.php\/author\/saulhernandez\/"}]}},"jetpack_featured_media_url":"https:\/\/thepueblatimes.mx\/wp-content\/uploads\/2025\/03\/28-riestra.webp","_links":{"self":[{"href":"https:\/\/thepueblatimes.mx\/index.php\/wp-json\/wp\/v2\/posts\/28209"}],"collection":[{"href":"https:\/\/thepueblatimes.mx\/index.php\/wp-json\/wp\/v2\/posts"}],"about":[{"href":"https:\/\/thepueblatimes.mx\/index.php\/wp-json\/wp\/v2\/types\/post"}],"author":[{"embeddable":true,"href":"https:\/\/thepueblatimes.mx\/index.php\/wp-json\/wp\/v2\/users\/16"}],"replies":[{"embeddable":true,"href":"https:\/\/thepueblatimes.mx\/index.php\/wp-json\/wp\/v2\/comments?post=28209"}],"version-history":[{"count":1,"href":"https:\/\/thepueblatimes.mx\/index.php\/wp-json\/wp\/v2\/posts\/28209\/revisions"}],"predecessor-version":[{"id":28210,"href":"https:\/\/thepueblatimes.mx\/index.php\/wp-json\/wp\/v2\/posts\/28209\/revisions\/28210"}],"wp:featuredmedia":[{"embeddable":true,"href":"https:\/\/thepueblatimes.mx\/index.php\/wp-json\/wp\/v2\/media\/28211"}],"wp:attachment":[{"href":"https:\/\/thepueblatimes.mx\/index.php\/wp-json\/wp\/v2\/media?parent=28209"}],"wp:term":[{"taxonomy":"category","embeddable":true,"href":"https:\/\/thepueblatimes.mx\/index.php\/wp-json\/wp\/v2\/categories?post=28209"},{"taxonomy":"post_tag","embeddable":true,"href":"https:\/\/thepueblatimes.mx\/index.php\/wp-json\/wp\/v2\/tags?post=28209"}],"curies":[{"name":"wp","href":"https:\/\/api.w.org\/{rel}","templated":true}]}}