{"id":28188,"date":"2025-02-28T17:10:37","date_gmt":"2025-02-28T23:10:37","guid":{"rendered":"https:\/\/thepueblatimes.mx\/?p=28188"},"modified":"2025-02-28T17:10:56","modified_gmt":"2025-02-28T23:10:56","slug":"28188","status":"publish","type":"post","link":"https:\/\/thepueblatimes.mx\/index.php\/2025\/02\/28\/28188\/","title":{"rendered":"Gobierno de Puebla cumple con el deporte y la federaci\u00f3n"},"content":{"rendered":"<h3><em><strong>* El mandatario Alejandro Armenta y el titular de la CONADE, Rommel Pacheco, firmaron un convenio de colaboraci\u00f3n en beneficio de las y los deportistas poblanos.<\/strong><\/em><\/h3>\n<h3><em><strong>* Coordinar\u00e1n acciones para su impulso en Puebla, bajo la pol\u00edtica de la presidenta Claudia Sheinbaum.<\/strong><\/em><\/h3>\n<p>CIUDAD DE PUEBLA, Pue.- Al firmar el convenio de coordinaci\u00f3n con el titular de la Comisi\u00f3n Nacional de Cultura F\u00edsica y Deporte (CONADE), Rommel Pacheco, el gobernador Alejandro Armenta asegur\u00f3 que, alineados con la pol\u00edtica de la presidenta Claudia Sheinbaum, en Puebla fortalecer\u00e1n el deporte e impulsar\u00e1n nuevos talentos en los 217 municipios.<\/p>\n<p>El titular del ejecutivo estatal destac\u00f3 que la presencia de Rommel Pacheco es estrat\u00e9gica, ya que de esta manera se reactivan las opciones de vinculaci\u00f3n deportiva de las y los atletas poblanos, a competencias nacionales e internacionales. Adem\u00e1s, inform\u00f3 que este d\u00eda fue aprobada en el Congreso del Estado, la creaci\u00f3n de la Universidad del Deporte en Puebla, con cuatro disciplinas como f\u00fatbol, basquetbol, b\u00e9isbol y box.<\/p>\n<p>Alejandro Armenta refiri\u00f3 que el deporte es una prioridad social, ya que tambi\u00e9n atiende todos los procesos disociativos de la sociedad y es el principal eje de atenci\u00f3n para la reconstrucci\u00f3n del tejido social.<\/p>\n<p>Por su parte, el director de la CONADE, Rommel Pacheco, mencion\u00f3 que se debe trabajar en favor de las y los deportistas, con la filosof\u00eda de la presidenta Claudia Sheinbaum para transformar vidas. \u00abVamos hacer eventos nacionales e internacionales, no en un futuro, en este a\u00f1o, Puebla tambi\u00e9n ser\u00e1 sede de muchas cosas importantes\u00bb, puntualiz\u00f3.<\/p>\n<p>Asimismo, Rommel Pacheco dijo que la CONADE necesita aliados, por ello reconoci\u00f3 que en Puebla el gobernador Alejandro Armenta tiene claro que el deporte es transversal, ya que ayuda a la prevenci\u00f3n de la salud, evita vicios, ayuda a reconstruir el tejido social y se genera derrama econ\u00f3mica con eventos internacionales.<\/p>\n<p>En su mensaje, la secretaria de Deporte y Juventud, Gabriela S\u00e1nchez Saavedra, dijo que con el acuerdo se da un paso m\u00e1s en el fortalecimiento del deporte en el estado, con ello se abren nuevas oportunidades para las y los atletas poblanos, ni\u00f1as, ni\u00f1os y j\u00f3venes que sue\u00f1an con la grandeza deportiva. \u00abEste convenio representa un compromiso con el futuro de las y los deportistas, al impulsar la capacitaci\u00f3n de entrenadores y deportistas, brind\u00e1ndoles herramientas para crecer y superar sus propios l\u00edmites, tambi\u00e9n mejoraremos la infraestructura deportiva\u00bb, asever\u00f3.<\/p>\n<p>Al evento asistieron: el secretario de Gobernaci\u00f3n, Samuel Aguilar Pala; el titular de Educaci\u00f3n P\u00fablica, Manuel Viveros Narciso; el secretario de Infraestructura, Manuel Contreras de los Santos; la subsecretaria de Juventud, Alexa Espidio; El subsecretario de Fomento y Participaci\u00f3n Comunitaria, Francisco Gonz\u00e1lez Bonilla; el titular de la Subsecretar\u00eda del Deporte, Mauricio Garc\u00eda Castillo; la directora de SICOM, Natalie Hoyos L\u00f3pez; el rector de la Universidad del Deporte, Jos\u00e9 Luis S\u00e1nchez Sol\u00e1; el para atleta, Jos\u00e9 Alan Fr\u00edas Moreno y el ex futbolista Roberto Ruiz Esparza.<\/p>\n","protected":false},"excerpt":{"rendered":"<p>* El mandatario Alejandro Armenta y el titular de la CONADE, Rommel Pacheco, firmaron un convenio de colaboraci\u00f3n en beneficio de las y los deportistas poblanos. * Coordinar\u00e1n acciones para su impulso en Puebla, bajo la pol\u00edtica de la presidenta Claudia Sheinbaum. CIUDAD DE PUEBLA, Pue.- Al firmar el convenio de coordinaci\u00f3n con el titular&#8230;<\/p>\n","protected":false},"author":16,"featured_media":28189,"comment_status":"closed","ping_status":"closed","sticky":false,"template":"","format":"standard","meta":[],"categories":[3],"tags":[1651,1913,303,1273,2823],"yoast_head":"<!-- This site is optimized with the Yoast SEO plugin v20.8 - https:\/\/yoast.com\/wordpress\/plugins\/seo\/ -->\n<title>Gobierno de Puebla cumple con el deporte y la federaci\u00f3n - The Puebla Times<\/title>\n<meta name=\"robots\" content=\"index, follow, max-snippet:-1, max-image-preview:large, max-video-preview:-1\" \/>\n<link rel=\"canonical\" href=\"https:\/\/thepueblatimes.mx\/index.php\/2025\/02\/28\/28188\/\" \/>\n<meta property=\"og:locale\" content=\"es_ES\" \/>\n<meta property=\"og:type\" content=\"article\" \/>\n<meta property=\"og:title\" content=\"Gobierno de Puebla cumple con el deporte y la federaci\u00f3n - The Puebla Times\" \/>\n<meta property=\"og:description\" content=\"* El mandatario Alejandro Armenta y el titular de la CONADE, Rommel Pacheco, firmaron un convenio de colaboraci\u00f3n en beneficio de las y los deportistas poblanos. * Coordinar\u00e1n acciones para su impulso en Puebla, bajo la pol\u00edtica de la presidenta Claudia Sheinbaum. CIUDAD DE PUEBLA, Pue.- Al firmar el convenio de coordinaci\u00f3n con el titular...\" \/>\n<meta property=\"og:url\" content=\"https:\/\/thepueblatimes.mx\/index.php\/2025\/02\/28\/28188\/\" \/>\n<meta property=\"og:site_name\" content=\"The Puebla Times\" \/>\n<meta property=\"article:published_time\" content=\"2025-02-28T23:10:37+00:00\" \/>\n<meta property=\"article:modified_time\" content=\"2025-02-28T23:10:56+00:00\" \/>\n<meta property=\"og:image\" content=\"https:\/\/thepueblatimes.mx\/wp-content\/uploads\/2025\/02\/WhatsApp-Image-2025-02-28-at-16.54.13-1-scaled.jpeg\" \/>\n\t<meta property=\"og:image:width\" content=\"2560\" \/>\n\t<meta property=\"og:image:height\" content=\"1581\" \/>\n\t<meta property=\"og:image:type\" content=\"image\/jpeg\" \/>\n<meta name=\"author\" content=\"Sa\u00fal Hern\u00e1ndez\" \/>\n<meta name=\"twitter:card\" content=\"summary_large_image\" \/>\n<meta name=\"twitter:label1\" content=\"Escrito por\" \/>\n\t<meta name=\"twitter:data1\" content=\"Sa\u00fal Hern\u00e1ndez\" \/>\n\t<meta name=\"twitter:label2\" content=\"Tiempo de lectura\" \/>\n\t<meta name=\"twitter:data2\" content=\"3 minutos\" \/>\n<script type=\"application\/ld+json\" class=\"yoast-schema-graph\">{\"@context\":\"https:\/\/schema.org\",\"@graph\":[{\"@type\":\"WebPage\",\"@id\":\"https:\/\/thepueblatimes.mx\/index.php\/2025\/02\/28\/28188\/\",\"url\":\"https:\/\/thepueblatimes.mx\/index.php\/2025\/02\/28\/28188\/\",\"name\":\"Gobierno de Puebla cumple con el deporte y la federaci\u00f3n - The Puebla Times\",\"isPartOf\":{\"@id\":\"https:\/\/thepueblatimes.mx\/#website\"},\"datePublished\":\"2025-02-28T23:10:37+00:00\",\"dateModified\":\"2025-02-28T23:10:56+00:00\",\"author\":{\"@id\":\"https:\/\/thepueblatimes.mx\/#\/schema\/person\/1664894c2f65ce2c7a08d8f5f905c13c\"},\"breadcrumb\":{\"@id\":\"https:\/\/thepueblatimes.mx\/index.php\/2025\/02\/28\/28188\/#breadcrumb\"},\"inLanguage\":\"es\",\"potentialAction\":[{\"@type\":\"ReadAction\",\"target\":[\"https:\/\/thepueblatimes.mx\/index.php\/2025\/02\/28\/28188\/\"]}]},{\"@type\":\"BreadcrumbList\",\"@id\":\"https:\/\/thepueblatimes.mx\/index.php\/2025\/02\/28\/28188\/#breadcrumb\",\"itemListElement\":[{\"@type\":\"ListItem\",\"position\":1,\"name\":\"Portada\",\"item\":\"https:\/\/thepueblatimes.mx\/\"},{\"@type\":\"ListItem\",\"position\":2,\"name\":\"Gobierno de Puebla cumple con el deporte y la federaci\u00f3n\"}]},{\"@type\":\"WebSite\",\"@id\":\"https:\/\/thepueblatimes.mx\/#website\",\"url\":\"https:\/\/thepueblatimes.mx\/\",\"name\":\"The Puebla Times\",\"description\":\"Noticias del Estado de Puebla\",\"potentialAction\":[{\"@type\":\"SearchAction\",\"target\":{\"@type\":\"EntryPoint\",\"urlTemplate\":\"https:\/\/thepueblatimes.mx\/?s={search_term_string}\"},\"query-input\":\"required name=search_term_string\"}],\"inLanguage\":\"es\"},{\"@type\":\"Person\",\"@id\":\"https:\/\/thepueblatimes.mx\/#\/schema\/person\/1664894c2f65ce2c7a08d8f5f905c13c\",\"name\":\"Sa\u00fal Hern\u00e1ndez\",\"image\":{\"@type\":\"ImageObject\",\"inLanguage\":\"es\",\"@id\":\"https:\/\/thepueblatimes.mx\/#\/schema\/person\/image\/\",\"url\":\"https:\/\/secure.gravatar.com\/avatar\/11be338693f243309532caad8f10c930?s=96&d=mm&r=g\",\"contentUrl\":\"https:\/\/secure.gravatar.com\/avatar\/11be338693f243309532caad8f10c930?s=96&d=mm&r=g\",\"caption\":\"Sa\u00fal Hern\u00e1ndez\"},\"url\":\"https:\/\/thepueblatimes.mx\/index.php\/author\/saulhernandez\/\"}]}<\/script>\n<!-- \/ Yoast SEO plugin. -->","yoast_head_json":{"title":"Gobierno de Puebla cumple con el deporte y la federaci\u00f3n - The Puebla Times","robots":{"index":"index","follow":"follow","max-snippet":"max-snippet:-1","max-image-preview":"max-image-preview:large","max-video-preview":"max-video-preview:-1"},"canonical":"https:\/\/thepueblatimes.mx\/index.php\/2025\/02\/28\/28188\/","og_locale":"es_ES","og_type":"article","og_title":"Gobierno de Puebla cumple con el deporte y la federaci\u00f3n - The Puebla Times","og_description":"* El mandatario Alejandro Armenta y el titular de la CONADE, Rommel Pacheco, firmaron un convenio de colaboraci\u00f3n en beneficio de las y los deportistas poblanos. * Coordinar\u00e1n acciones para su impulso en Puebla, bajo la pol\u00edtica de la presidenta Claudia Sheinbaum. CIUDAD DE PUEBLA, Pue.- Al firmar el convenio de coordinaci\u00f3n con el titular...","og_url":"https:\/\/thepueblatimes.mx\/index.php\/2025\/02\/28\/28188\/","og_site_name":"The Puebla Times","article_published_time":"2025-02-28T23:10:37+00:00","article_modified_time":"2025-02-28T23:10:56+00:00","og_image":[{"width":2560,"height":1581,"url":"https:\/\/thepueblatimes.mx\/wp-content\/uploads\/2025\/02\/WhatsApp-Image-2025-02-28-at-16.54.13-1-scaled.jpeg","type":"image\/jpeg"}],"author":"Sa\u00fal Hern\u00e1ndez","twitter_card":"summary_large_image","twitter_misc":{"Escrito por":"Sa\u00fal Hern\u00e1ndez","Tiempo de lectura":"3 minutos"},"schema":{"@context":"https:\/\/schema.org","@graph":[{"@type":"WebPage","@id":"https:\/\/thepueblatimes.mx\/index.php\/2025\/02\/28\/28188\/","url":"https:\/\/thepueblatimes.mx\/index.php\/2025\/02\/28\/28188\/","name":"Gobierno de Puebla cumple con el deporte y la federaci\u00f3n - The Puebla Times","isPartOf":{"@id":"https:\/\/thepueblatimes.mx\/#website"},"datePublished":"2025-02-28T23:10:37+00:00","dateModified":"2025-02-28T23:10:56+00:00","author":{"@id":"https:\/\/thepueblatimes.mx\/#\/schema\/person\/1664894c2f65ce2c7a08d8f5f905c13c"},"breadcrumb":{"@id":"https:\/\/thepueblatimes.mx\/index.php\/2025\/02\/28\/28188\/#breadcrumb"},"inLanguage":"es","potentialAction":[{"@type":"ReadAction","target":["https:\/\/thepueblatimes.mx\/index.php\/2025\/02\/28\/28188\/"]}]},{"@type":"BreadcrumbList","@id":"https:\/\/thepueblatimes.mx\/index.php\/2025\/02\/28\/28188\/#breadcrumb","itemListElement":[{"@type":"ListItem","position":1,"name":"Portada","item":"https:\/\/thepueblatimes.mx\/"},{"@type":"ListItem","position":2,"name":"Gobierno de Puebla cumple con el deporte y la federaci\u00f3n"}]},{"@type":"WebSite","@id":"https:\/\/thepueblatimes.mx\/#website","url":"https:\/\/thepueblatimes.mx\/","name":"The Puebla Times","description":"Noticias del Estado de Puebla","potentialAction":[{"@type":"SearchAction","target":{"@type":"EntryPoint","urlTemplate":"https:\/\/thepueblatimes.mx\/?s={search_term_string}"},"query-input":"required name=search_term_string"}],"inLanguage":"es"},{"@type":"Person","@id":"https:\/\/thepueblatimes.mx\/#\/schema\/person\/1664894c2f65ce2c7a08d8f5f905c13c","name":"Sa\u00fal Hern\u00e1ndez","image":{"@type":"ImageObject","inLanguage":"es","@id":"https:\/\/thepueblatimes.mx\/#\/schema\/person\/image\/","url":"https:\/\/secure.gravatar.com\/avatar\/11be338693f243309532caad8f10c930?s=96&d=mm&r=g","contentUrl":"https:\/\/secure.gravatar.com\/avatar\/11be338693f243309532caad8f10c930?s=96&d=mm&r=g","caption":"Sa\u00fal Hern\u00e1ndez"},"url":"https:\/\/thepueblatimes.mx\/index.php\/author\/saulhernandez\/"}]}},"jetpack_featured_media_url":"https:\/\/thepueblatimes.mx\/wp-content\/uploads\/2025\/02\/WhatsApp-Image-2025-02-28-at-16.54.13-1-scaled.jpeg","_links":{"self":[{"href":"https:\/\/thepueblatimes.mx\/index.php\/wp-json\/wp\/v2\/posts\/28188"}],"collection":[{"href":"https:\/\/thepueblatimes.mx\/index.php\/wp-json\/wp\/v2\/posts"}],"about":[{"href":"https:\/\/thepueblatimes.mx\/index.php\/wp-json\/wp\/v2\/types\/post"}],"author":[{"embeddable":true,"href":"https:\/\/thepueblatimes.mx\/index.php\/wp-json\/wp\/v2\/users\/16"}],"replies":[{"embeddable":true,"href":"https:\/\/thepueblatimes.mx\/index.php\/wp-json\/wp\/v2\/comments?post=28188"}],"version-history":[{"count":2,"href":"https:\/\/thepueblatimes.mx\/index.php\/wp-json\/wp\/v2\/posts\/28188\/revisions"}],"predecessor-version":[{"id":28192,"href":"https:\/\/thepueblatimes.mx\/index.php\/wp-json\/wp\/v2\/posts\/28188\/revisions\/28192"}],"wp:featuredmedia":[{"embeddable":true,"href":"https:\/\/thepueblatimes.mx\/index.php\/wp-json\/wp\/v2\/media\/28189"}],"wp:attachment":[{"href":"https:\/\/thepueblatimes.mx\/index.php\/wp-json\/wp\/v2\/media?parent=28188"}],"wp:term":[{"taxonomy":"category","embeddable":true,"href":"https:\/\/thepueblatimes.mx\/index.php\/wp-json\/wp\/v2\/categories?post=28188"},{"taxonomy":"post_tag","embeddable":true,"href":"https:\/\/thepueblatimes.mx\/index.php\/wp-json\/wp\/v2\/tags?post=28188"}],"curies":[{"name":"wp","href":"https:\/\/api.w.org\/{rel}","templated":true}]}}