{"id":28167,"date":"2025-02-27T17:24:38","date_gmt":"2025-02-27T23:24:38","guid":{"rendered":"https:\/\/thepueblatimes.mx\/?p=28167"},"modified":"2025-02-27T17:24:38","modified_gmt":"2025-02-27T23:24:38","slug":"exitosas-24-jornadas-ciudadanas-del-sedif-en-el-interior-del-estado","status":"publish","type":"post","link":"https:\/\/thepueblatimes.mx\/index.php\/2025\/02\/27\/exitosas-24-jornadas-ciudadanas-del-sedif-en-el-interior-del-estado\/","title":{"rendered":"Exitosas 24 Jornadas Ciudadanas del SEDIF en el interior del estado"},"content":{"rendered":"<h3><em><strong>\u2043Los delegados llevan el mensaje de la presidenta, Ceci Arellano, de amor y humanismo a cada rinc\u00f3n de Puebla.<\/strong><\/em><\/h3>\n<div><\/div>\n<div>CIUDAD DE PUEBLA, PUE.- Con una gran participaci\u00f3n ciudadana, el Sistema Estatal DIF, bajo la direcci\u00f3n de la presidenta honoraria Ceci Arellano, llev\u00f3 a cabo en 26 municipios de la entidad las exitosas Jornadas Ciudadanas \u201cPor Amor a las Familias\u00bb.<\/div>\n<div><\/div>\n<div>De manera paralela a la jornada encabezada por la Sra. Ceci Arellano, delegados del SEDIF, en coordinaci\u00f3n con los sistemas municipales, acercaron a la poblaci\u00f3n los diversos servicios de asistencia social que ofrece la instituci\u00f3n.<\/div>\n<div><\/div>\n<div>El evento tuvo una respuesta contundente por parte de la ciudadan\u00eda, quien acudi\u00f3 a conocer y aprovechar los programas dise\u00f1ados para mejorar la calidad de vida de las familias poblanas.<\/div>\n<div><\/div>\n<div>Cabe se\u00f1alar que el DIF tiene la gran oportunidad de servirle a la gente y los delegados acudir\u00e1n a cada rinc\u00f3n del estado para acercar todos los servicios a los 217 municipios.<\/div>\n<div><\/div>\n<div>Bajo la visi\u00f3n del gobernador de Puebla Alejandro Armenta, el SEDIF ratifica su compromiso con el \u00abhumanismo y la bio\u00e9tica social\u00bb, al atender de manera prioritaria a los sectores vulnerables como adultos mayores, ni\u00f1as, ni\u00f1os y adolescentes, cuya prevenci\u00f3n y garant\u00eda a sus derechos son prioridad.<\/div>\n<div><\/div>\n<div>La presidenta honoraria del Patronato ha sido enf\u00e1tica en la necesidad de brindar atenci\u00f3n \u00abinmediata y eficaz\u00bb a la poblaci\u00f3n, al fortalecer el verdadero rostro humano del gobierno estatal, con una pol\u00edtica de asistencia social alineada a las directrices del Gobierno Federal, encabezado por la presidenta Claudia Sheinbaum, y replicada con precisi\u00f3n en Puebla por el gobernador Alejandro Armenta; el Sistema Estatal DIF trabaja con responsabilidad y compromiso para el bienestar de todas las familias poblanas.<\/div>\n","protected":false},"excerpt":{"rendered":"<p>\u2043Los delegados llevan el mensaje de la presidenta, Ceci Arellano, de amor y humanismo a cada rinc\u00f3n de Puebla. CIUDAD DE PUEBLA, PUE.- Con una gran participaci\u00f3n ciudadana, el Sistema Estatal DIF, bajo la direcci\u00f3n de la presidenta honoraria Ceci Arellano, llev\u00f3 a cabo en 26 municipios de la entidad las exitosas Jornadas Ciudadanas \u201cPor&#8230;<\/p>\n","protected":false},"author":16,"featured_media":28168,"comment_status":"closed","ping_status":"closed","sticky":false,"template":"","format":"standard","meta":[],"categories":[3],"tags":[1523,3230,3288,1341],"yoast_head":"<!-- This site is optimized with the Yoast SEO plugin v20.8 - https:\/\/yoast.com\/wordpress\/plugins\/seo\/ -->\n<title>Exitosas 24 Jornadas Ciudadanas del SEDIF en el interior del estado - The Puebla Times<\/title>\n<meta name=\"robots\" content=\"index, follow, max-snippet:-1, max-image-preview:large, max-video-preview:-1\" \/>\n<link rel=\"canonical\" href=\"https:\/\/thepueblatimes.mx\/index.php\/2025\/02\/27\/exitosas-24-jornadas-ciudadanas-del-sedif-en-el-interior-del-estado\/\" \/>\n<meta property=\"og:locale\" content=\"es_ES\" \/>\n<meta property=\"og:type\" content=\"article\" \/>\n<meta property=\"og:title\" content=\"Exitosas 24 Jornadas Ciudadanas del SEDIF en el interior del estado - The Puebla Times\" \/>\n<meta property=\"og:description\" content=\"\u2043Los delegados llevan el mensaje de la presidenta, Ceci Arellano, de amor y humanismo a cada rinc\u00f3n de Puebla. CIUDAD DE PUEBLA, PUE.- Con una gran participaci\u00f3n ciudadana, el Sistema Estatal DIF, bajo la direcci\u00f3n de la presidenta honoraria Ceci Arellano, llev\u00f3 a cabo en 26 municipios de la entidad las exitosas Jornadas Ciudadanas \u201cPor...\" \/>\n<meta property=\"og:url\" content=\"https:\/\/thepueblatimes.mx\/index.php\/2025\/02\/27\/exitosas-24-jornadas-ciudadanas-del-sedif-en-el-interior-del-estado\/\" \/>\n<meta property=\"og:site_name\" content=\"The Puebla Times\" \/>\n<meta property=\"article:published_time\" content=\"2025-02-27T23:24:38+00:00\" \/>\n<meta property=\"og:image\" content=\"https:\/\/thepueblatimes.mx\/wp-content\/uploads\/2025\/02\/WhatsApp-Image-2025-02-27-at-16.33.58-1.jpeg\" \/>\n\t<meta property=\"og:image:width\" content=\"1600\" \/>\n\t<meta property=\"og:image:height\" content=\"1200\" \/>\n\t<meta property=\"og:image:type\" content=\"image\/jpeg\" \/>\n<meta name=\"author\" content=\"Sa\u00fal Hern\u00e1ndez\" \/>\n<meta name=\"twitter:card\" content=\"summary_large_image\" \/>\n<meta name=\"twitter:label1\" content=\"Escrito por\" \/>\n\t<meta name=\"twitter:data1\" content=\"Sa\u00fal Hern\u00e1ndez\" \/>\n\t<meta name=\"twitter:label2\" content=\"Tiempo de lectura\" \/>\n\t<meta name=\"twitter:data2\" content=\"2 minutos\" \/>\n<script type=\"application\/ld+json\" class=\"yoast-schema-graph\">{\"@context\":\"https:\/\/schema.org\",\"@graph\":[{\"@type\":\"WebPage\",\"@id\":\"https:\/\/thepueblatimes.mx\/index.php\/2025\/02\/27\/exitosas-24-jornadas-ciudadanas-del-sedif-en-el-interior-del-estado\/\",\"url\":\"https:\/\/thepueblatimes.mx\/index.php\/2025\/02\/27\/exitosas-24-jornadas-ciudadanas-del-sedif-en-el-interior-del-estado\/\",\"name\":\"Exitosas 24 Jornadas Ciudadanas del SEDIF en el interior del estado - The Puebla Times\",\"isPartOf\":{\"@id\":\"https:\/\/thepueblatimes.mx\/#website\"},\"datePublished\":\"2025-02-27T23:24:38+00:00\",\"dateModified\":\"2025-02-27T23:24:38+00:00\",\"author\":{\"@id\":\"https:\/\/thepueblatimes.mx\/#\/schema\/person\/1664894c2f65ce2c7a08d8f5f905c13c\"},\"breadcrumb\":{\"@id\":\"https:\/\/thepueblatimes.mx\/index.php\/2025\/02\/27\/exitosas-24-jornadas-ciudadanas-del-sedif-en-el-interior-del-estado\/#breadcrumb\"},\"inLanguage\":\"es\",\"potentialAction\":[{\"@type\":\"ReadAction\",\"target\":[\"https:\/\/thepueblatimes.mx\/index.php\/2025\/02\/27\/exitosas-24-jornadas-ciudadanas-del-sedif-en-el-interior-del-estado\/\"]}]},{\"@type\":\"BreadcrumbList\",\"@id\":\"https:\/\/thepueblatimes.mx\/index.php\/2025\/02\/27\/exitosas-24-jornadas-ciudadanas-del-sedif-en-el-interior-del-estado\/#breadcrumb\",\"itemListElement\":[{\"@type\":\"ListItem\",\"position\":1,\"name\":\"Portada\",\"item\":\"https:\/\/thepueblatimes.mx\/\"},{\"@type\":\"ListItem\",\"position\":2,\"name\":\"Exitosas 24 Jornadas Ciudadanas del SEDIF en el interior del estado\"}]},{\"@type\":\"WebSite\",\"@id\":\"https:\/\/thepueblatimes.mx\/#website\",\"url\":\"https:\/\/thepueblatimes.mx\/\",\"name\":\"The Puebla Times\",\"description\":\"Noticias del Estado de Puebla\",\"potentialAction\":[{\"@type\":\"SearchAction\",\"target\":{\"@type\":\"EntryPoint\",\"urlTemplate\":\"https:\/\/thepueblatimes.mx\/?s={search_term_string}\"},\"query-input\":\"required name=search_term_string\"}],\"inLanguage\":\"es\"},{\"@type\":\"Person\",\"@id\":\"https:\/\/thepueblatimes.mx\/#\/schema\/person\/1664894c2f65ce2c7a08d8f5f905c13c\",\"name\":\"Sa\u00fal Hern\u00e1ndez\",\"image\":{\"@type\":\"ImageObject\",\"inLanguage\":\"es\",\"@id\":\"https:\/\/thepueblatimes.mx\/#\/schema\/person\/image\/\",\"url\":\"https:\/\/secure.gravatar.com\/avatar\/11be338693f243309532caad8f10c930?s=96&d=mm&r=g\",\"contentUrl\":\"https:\/\/secure.gravatar.com\/avatar\/11be338693f243309532caad8f10c930?s=96&d=mm&r=g\",\"caption\":\"Sa\u00fal Hern\u00e1ndez\"},\"url\":\"https:\/\/thepueblatimes.mx\/index.php\/author\/saulhernandez\/\"}]}<\/script>\n<!-- \/ Yoast SEO plugin. -->","yoast_head_json":{"title":"Exitosas 24 Jornadas Ciudadanas del SEDIF en el interior del estado - The Puebla Times","robots":{"index":"index","follow":"follow","max-snippet":"max-snippet:-1","max-image-preview":"max-image-preview:large","max-video-preview":"max-video-preview:-1"},"canonical":"https:\/\/thepueblatimes.mx\/index.php\/2025\/02\/27\/exitosas-24-jornadas-ciudadanas-del-sedif-en-el-interior-del-estado\/","og_locale":"es_ES","og_type":"article","og_title":"Exitosas 24 Jornadas Ciudadanas del SEDIF en el interior del estado - The Puebla Times","og_description":"\u2043Los delegados llevan el mensaje de la presidenta, Ceci Arellano, de amor y humanismo a cada rinc\u00f3n de Puebla. CIUDAD DE PUEBLA, PUE.- Con una gran participaci\u00f3n ciudadana, el Sistema Estatal DIF, bajo la direcci\u00f3n de la presidenta honoraria Ceci Arellano, llev\u00f3 a cabo en 26 municipios de la entidad las exitosas Jornadas Ciudadanas \u201cPor...","og_url":"https:\/\/thepueblatimes.mx\/index.php\/2025\/02\/27\/exitosas-24-jornadas-ciudadanas-del-sedif-en-el-interior-del-estado\/","og_site_name":"The Puebla Times","article_published_time":"2025-02-27T23:24:38+00:00","og_image":[{"width":1600,"height":1200,"url":"https:\/\/thepueblatimes.mx\/wp-content\/uploads\/2025\/02\/WhatsApp-Image-2025-02-27-at-16.33.58-1.jpeg","type":"image\/jpeg"}],"author":"Sa\u00fal Hern\u00e1ndez","twitter_card":"summary_large_image","twitter_misc":{"Escrito por":"Sa\u00fal Hern\u00e1ndez","Tiempo de lectura":"2 minutos"},"schema":{"@context":"https:\/\/schema.org","@graph":[{"@type":"WebPage","@id":"https:\/\/thepueblatimes.mx\/index.php\/2025\/02\/27\/exitosas-24-jornadas-ciudadanas-del-sedif-en-el-interior-del-estado\/","url":"https:\/\/thepueblatimes.mx\/index.php\/2025\/02\/27\/exitosas-24-jornadas-ciudadanas-del-sedif-en-el-interior-del-estado\/","name":"Exitosas 24 Jornadas Ciudadanas del SEDIF en el interior del estado - The Puebla Times","isPartOf":{"@id":"https:\/\/thepueblatimes.mx\/#website"},"datePublished":"2025-02-27T23:24:38+00:00","dateModified":"2025-02-27T23:24:38+00:00","author":{"@id":"https:\/\/thepueblatimes.mx\/#\/schema\/person\/1664894c2f65ce2c7a08d8f5f905c13c"},"breadcrumb":{"@id":"https:\/\/thepueblatimes.mx\/index.php\/2025\/02\/27\/exitosas-24-jornadas-ciudadanas-del-sedif-en-el-interior-del-estado\/#breadcrumb"},"inLanguage":"es","potentialAction":[{"@type":"ReadAction","target":["https:\/\/thepueblatimes.mx\/index.php\/2025\/02\/27\/exitosas-24-jornadas-ciudadanas-del-sedif-en-el-interior-del-estado\/"]}]},{"@type":"BreadcrumbList","@id":"https:\/\/thepueblatimes.mx\/index.php\/2025\/02\/27\/exitosas-24-jornadas-ciudadanas-del-sedif-en-el-interior-del-estado\/#breadcrumb","itemListElement":[{"@type":"ListItem","position":1,"name":"Portada","item":"https:\/\/thepueblatimes.mx\/"},{"@type":"ListItem","position":2,"name":"Exitosas 24 Jornadas Ciudadanas del SEDIF en el interior del estado"}]},{"@type":"WebSite","@id":"https:\/\/thepueblatimes.mx\/#website","url":"https:\/\/thepueblatimes.mx\/","name":"The Puebla Times","description":"Noticias del Estado de Puebla","potentialAction":[{"@type":"SearchAction","target":{"@type":"EntryPoint","urlTemplate":"https:\/\/thepueblatimes.mx\/?s={search_term_string}"},"query-input":"required name=search_term_string"}],"inLanguage":"es"},{"@type":"Person","@id":"https:\/\/thepueblatimes.mx\/#\/schema\/person\/1664894c2f65ce2c7a08d8f5f905c13c","name":"Sa\u00fal Hern\u00e1ndez","image":{"@type":"ImageObject","inLanguage":"es","@id":"https:\/\/thepueblatimes.mx\/#\/schema\/person\/image\/","url":"https:\/\/secure.gravatar.com\/avatar\/11be338693f243309532caad8f10c930?s=96&d=mm&r=g","contentUrl":"https:\/\/secure.gravatar.com\/avatar\/11be338693f243309532caad8f10c930?s=96&d=mm&r=g","caption":"Sa\u00fal Hern\u00e1ndez"},"url":"https:\/\/thepueblatimes.mx\/index.php\/author\/saulhernandez\/"}]}},"jetpack_featured_media_url":"https:\/\/thepueblatimes.mx\/wp-content\/uploads\/2025\/02\/WhatsApp-Image-2025-02-27-at-16.33.58-1.jpeg","_links":{"self":[{"href":"https:\/\/thepueblatimes.mx\/index.php\/wp-json\/wp\/v2\/posts\/28167"}],"collection":[{"href":"https:\/\/thepueblatimes.mx\/index.php\/wp-json\/wp\/v2\/posts"}],"about":[{"href":"https:\/\/thepueblatimes.mx\/index.php\/wp-json\/wp\/v2\/types\/post"}],"author":[{"embeddable":true,"href":"https:\/\/thepueblatimes.mx\/index.php\/wp-json\/wp\/v2\/users\/16"}],"replies":[{"embeddable":true,"href":"https:\/\/thepueblatimes.mx\/index.php\/wp-json\/wp\/v2\/comments?post=28167"}],"version-history":[{"count":1,"href":"https:\/\/thepueblatimes.mx\/index.php\/wp-json\/wp\/v2\/posts\/28167\/revisions"}],"predecessor-version":[{"id":28169,"href":"https:\/\/thepueblatimes.mx\/index.php\/wp-json\/wp\/v2\/posts\/28167\/revisions\/28169"}],"wp:featuredmedia":[{"embeddable":true,"href":"https:\/\/thepueblatimes.mx\/index.php\/wp-json\/wp\/v2\/media\/28168"}],"wp:attachment":[{"href":"https:\/\/thepueblatimes.mx\/index.php\/wp-json\/wp\/v2\/media?parent=28167"}],"wp:term":[{"taxonomy":"category","embeddable":true,"href":"https:\/\/thepueblatimes.mx\/index.php\/wp-json\/wp\/v2\/categories?post=28167"},{"taxonomy":"post_tag","embeddable":true,"href":"https:\/\/thepueblatimes.mx\/index.php\/wp-json\/wp\/v2\/tags?post=28167"}],"curies":[{"name":"wp","href":"https:\/\/api.w.org\/{rel}","templated":true}]}}