{"id":28162,"date":"2025-02-27T16:03:30","date_gmt":"2025-02-27T22:03:30","guid":{"rendered":"https:\/\/thepueblatimes.mx\/?p=28162"},"modified":"2025-02-27T16:03:30","modified_gmt":"2025-02-27T22:03:30","slug":"no-todo-es-armonia-en-san-andres-cholula","status":"publish","type":"post","link":"https:\/\/thepueblatimes.mx\/index.php\/2025\/02\/27\/no-todo-es-armonia-en-san-andres-cholula\/","title":{"rendered":"No todo es armon\u00eda en San Andr\u00e9s Cholula"},"content":{"rendered":"<p>POR FRED ESTRADA<\/p>\n<p>El relevo en la tesorer\u00eda de San Andr\u00e9s Cholula, podr\u00eda tener su origen en la necesidad de solventar las observaciones que al momento ha emitido la Auditoria Superior del Estado a las cuentas p\u00fablicas de Edmundo Tlatehui, correspondientes a los a\u00f1os 2022 y 2023.<\/p>\n<p>Aunque a\u00fan resta conocer las observaciones que corresponder\u00e1n al a\u00f1o 2024, las del bienio 22-23, superan en conjunto los 500 millones de pesos.<\/p>\n<p>Por ello, se produjo el primer relevo en el equipo de colaboradores de la presidenta municipal de San Andr\u00e9s Cholula, Guadalupe Cuautle.<\/p>\n<p>Rodolfo Hern\u00e1ndez dej\u00f3 de ser el tesorero y en su lugar llega Anal\u00ed Santos, quien ocup\u00f3 ese cargo en la administraci\u00f3n de Edmundo Tlatehui.<\/p>\n<p>Con el evidente prop\u00f3sito de tratar de solventar las observaciones y evitar afectaciones por m\u00e1s de 230 millones en 2022 y m\u00e1s de 350 millones en 2023.<\/p>\n<p>Incluso, de acuerdo a datos extra oficiales, el auditor externo del Ayuntamiento fue cambiado.<\/p>\n<p>Adem\u00e1s, trascendi\u00f3 que existe una confrontaci\u00f3n, entre el secretario de Administraci\u00f3n y el titular de Comunicaci\u00f3n Social, debido a la filtraci\u00f3n de documentos que exhiben deudas con proveedores y contratos con medios de comunicaci\u00f3n.<\/p>\n<p>Ello independientemente de que el Ayuntamiento tiene pendiente la comprobaci\u00f3n del gasto en la radial a Cacalotepec y Unidades Deportivas.<\/p>\n<p>En el trasfondo, se percibe que H\u00e9ctor Hern\u00e1ndez Sosa, sigue pesando en las decisiones y conducci\u00f3n de San Andr\u00e9s Cholula, como lo hizo con Edmundo Tlatehui, con quien fungi\u00f3 como el cerebro del Ayuntamiento.<\/p>\n","protected":false},"excerpt":{"rendered":"<p>POR FRED ESTRADA El relevo en la tesorer\u00eda de San Andr\u00e9s Cholula, podr\u00eda tener su origen en la necesidad de solventar las observaciones que al momento ha emitido la Auditoria Superior del Estado a las cuentas p\u00fablicas de Edmundo Tlatehui, correspondientes a los a\u00f1os 2022 y 2023. Aunque a\u00fan resta conocer las observaciones que corresponder\u00e1n&#8230;<\/p>\n","protected":false},"author":16,"featured_media":28164,"comment_status":"closed","ping_status":"closed","sticky":false,"template":"","format":"standard","meta":[],"categories":[15,11],"tags":[2071,1260,1683,228,3299],"yoast_head":"<!-- This site is optimized with the Yoast SEO plugin v20.8 - https:\/\/yoast.com\/wordpress\/plugins\/seo\/ -->\n<title>No todo es armon\u00eda en San Andr\u00e9s Cholula - The Puebla Times<\/title>\n<meta name=\"robots\" content=\"index, follow, max-snippet:-1, max-image-preview:large, max-video-preview:-1\" \/>\n<link rel=\"canonical\" href=\"https:\/\/thepueblatimes.mx\/index.php\/2025\/02\/27\/no-todo-es-armonia-en-san-andres-cholula\/\" \/>\n<meta property=\"og:locale\" content=\"es_ES\" \/>\n<meta property=\"og:type\" content=\"article\" \/>\n<meta property=\"og:title\" content=\"No todo es armon\u00eda en San Andr\u00e9s Cholula - The Puebla Times\" \/>\n<meta property=\"og:description\" content=\"POR FRED ESTRADA El relevo en la tesorer\u00eda de San Andr\u00e9s Cholula, podr\u00eda tener su origen en la necesidad de solventar las observaciones que al momento ha emitido la Auditoria Superior del Estado a las cuentas p\u00fablicas de Edmundo Tlatehui, correspondientes a los a\u00f1os 2022 y 2023. Aunque a\u00fan resta conocer las observaciones que corresponder\u00e1n...\" \/>\n<meta property=\"og:url\" content=\"https:\/\/thepueblatimes.mx\/index.php\/2025\/02\/27\/no-todo-es-armonia-en-san-andres-cholula\/\" \/>\n<meta property=\"og:site_name\" content=\"The Puebla Times\" \/>\n<meta property=\"article:published_time\" content=\"2025-02-27T22:03:30+00:00\" \/>\n<meta property=\"og:image\" content=\"https:\/\/thepueblatimes.mx\/wp-content\/uploads\/2025\/02\/481268223_1045119157650351_3303112936940373310_n.jpg\" \/>\n\t<meta property=\"og:image:width\" content=\"1280\" \/>\n\t<meta property=\"og:image:height\" content=\"853\" \/>\n\t<meta property=\"og:image:type\" content=\"image\/jpeg\" \/>\n<meta name=\"author\" content=\"Sa\u00fal Hern\u00e1ndez\" \/>\n<meta name=\"twitter:card\" content=\"summary_large_image\" \/>\n<meta name=\"twitter:label1\" content=\"Escrito por\" \/>\n\t<meta name=\"twitter:data1\" content=\"Sa\u00fal Hern\u00e1ndez\" \/>\n\t<meta name=\"twitter:label2\" content=\"Tiempo de lectura\" \/>\n\t<meta name=\"twitter:data2\" content=\"2 minutos\" \/>\n<script type=\"application\/ld+json\" class=\"yoast-schema-graph\">{\"@context\":\"https:\/\/schema.org\",\"@graph\":[{\"@type\":\"WebPage\",\"@id\":\"https:\/\/thepueblatimes.mx\/index.php\/2025\/02\/27\/no-todo-es-armonia-en-san-andres-cholula\/\",\"url\":\"https:\/\/thepueblatimes.mx\/index.php\/2025\/02\/27\/no-todo-es-armonia-en-san-andres-cholula\/\",\"name\":\"No todo es armon\u00eda en San Andr\u00e9s Cholula - The Puebla Times\",\"isPartOf\":{\"@id\":\"https:\/\/thepueblatimes.mx\/#website\"},\"datePublished\":\"2025-02-27T22:03:30+00:00\",\"dateModified\":\"2025-02-27T22:03:30+00:00\",\"author\":{\"@id\":\"https:\/\/thepueblatimes.mx\/#\/schema\/person\/1664894c2f65ce2c7a08d8f5f905c13c\"},\"breadcrumb\":{\"@id\":\"https:\/\/thepueblatimes.mx\/index.php\/2025\/02\/27\/no-todo-es-armonia-en-san-andres-cholula\/#breadcrumb\"},\"inLanguage\":\"es\",\"potentialAction\":[{\"@type\":\"ReadAction\",\"target\":[\"https:\/\/thepueblatimes.mx\/index.php\/2025\/02\/27\/no-todo-es-armonia-en-san-andres-cholula\/\"]}]},{\"@type\":\"BreadcrumbList\",\"@id\":\"https:\/\/thepueblatimes.mx\/index.php\/2025\/02\/27\/no-todo-es-armonia-en-san-andres-cholula\/#breadcrumb\",\"itemListElement\":[{\"@type\":\"ListItem\",\"position\":1,\"name\":\"Portada\",\"item\":\"https:\/\/thepueblatimes.mx\/\"},{\"@type\":\"ListItem\",\"position\":2,\"name\":\"No todo es armon\u00eda en San Andr\u00e9s Cholula\"}]},{\"@type\":\"WebSite\",\"@id\":\"https:\/\/thepueblatimes.mx\/#website\",\"url\":\"https:\/\/thepueblatimes.mx\/\",\"name\":\"The Puebla Times\",\"description\":\"Noticias del Estado de Puebla\",\"potentialAction\":[{\"@type\":\"SearchAction\",\"target\":{\"@type\":\"EntryPoint\",\"urlTemplate\":\"https:\/\/thepueblatimes.mx\/?s={search_term_string}\"},\"query-input\":\"required name=search_term_string\"}],\"inLanguage\":\"es\"},{\"@type\":\"Person\",\"@id\":\"https:\/\/thepueblatimes.mx\/#\/schema\/person\/1664894c2f65ce2c7a08d8f5f905c13c\",\"name\":\"Sa\u00fal Hern\u00e1ndez\",\"image\":{\"@type\":\"ImageObject\",\"inLanguage\":\"es\",\"@id\":\"https:\/\/thepueblatimes.mx\/#\/schema\/person\/image\/\",\"url\":\"https:\/\/secure.gravatar.com\/avatar\/11be338693f243309532caad8f10c930?s=96&d=mm&r=g\",\"contentUrl\":\"https:\/\/secure.gravatar.com\/avatar\/11be338693f243309532caad8f10c930?s=96&d=mm&r=g\",\"caption\":\"Sa\u00fal Hern\u00e1ndez\"},\"url\":\"https:\/\/thepueblatimes.mx\/index.php\/author\/saulhernandez\/\"}]}<\/script>\n<!-- \/ Yoast SEO plugin. -->","yoast_head_json":{"title":"No todo es armon\u00eda en San Andr\u00e9s Cholula - The Puebla Times","robots":{"index":"index","follow":"follow","max-snippet":"max-snippet:-1","max-image-preview":"max-image-preview:large","max-video-preview":"max-video-preview:-1"},"canonical":"https:\/\/thepueblatimes.mx\/index.php\/2025\/02\/27\/no-todo-es-armonia-en-san-andres-cholula\/","og_locale":"es_ES","og_type":"article","og_title":"No todo es armon\u00eda en San Andr\u00e9s Cholula - The Puebla Times","og_description":"POR FRED ESTRADA El relevo en la tesorer\u00eda de San Andr\u00e9s Cholula, podr\u00eda tener su origen en la necesidad de solventar las observaciones que al momento ha emitido la Auditoria Superior del Estado a las cuentas p\u00fablicas de Edmundo Tlatehui, correspondientes a los a\u00f1os 2022 y 2023. Aunque a\u00fan resta conocer las observaciones que corresponder\u00e1n...","og_url":"https:\/\/thepueblatimes.mx\/index.php\/2025\/02\/27\/no-todo-es-armonia-en-san-andres-cholula\/","og_site_name":"The Puebla Times","article_published_time":"2025-02-27T22:03:30+00:00","og_image":[{"width":1280,"height":853,"url":"https:\/\/thepueblatimes.mx\/wp-content\/uploads\/2025\/02\/481268223_1045119157650351_3303112936940373310_n.jpg","type":"image\/jpeg"}],"author":"Sa\u00fal Hern\u00e1ndez","twitter_card":"summary_large_image","twitter_misc":{"Escrito por":"Sa\u00fal Hern\u00e1ndez","Tiempo de lectura":"2 minutos"},"schema":{"@context":"https:\/\/schema.org","@graph":[{"@type":"WebPage","@id":"https:\/\/thepueblatimes.mx\/index.php\/2025\/02\/27\/no-todo-es-armonia-en-san-andres-cholula\/","url":"https:\/\/thepueblatimes.mx\/index.php\/2025\/02\/27\/no-todo-es-armonia-en-san-andres-cholula\/","name":"No todo es armon\u00eda en San Andr\u00e9s Cholula - The Puebla Times","isPartOf":{"@id":"https:\/\/thepueblatimes.mx\/#website"},"datePublished":"2025-02-27T22:03:30+00:00","dateModified":"2025-02-27T22:03:30+00:00","author":{"@id":"https:\/\/thepueblatimes.mx\/#\/schema\/person\/1664894c2f65ce2c7a08d8f5f905c13c"},"breadcrumb":{"@id":"https:\/\/thepueblatimes.mx\/index.php\/2025\/02\/27\/no-todo-es-armonia-en-san-andres-cholula\/#breadcrumb"},"inLanguage":"es","potentialAction":[{"@type":"ReadAction","target":["https:\/\/thepueblatimes.mx\/index.php\/2025\/02\/27\/no-todo-es-armonia-en-san-andres-cholula\/"]}]},{"@type":"BreadcrumbList","@id":"https:\/\/thepueblatimes.mx\/index.php\/2025\/02\/27\/no-todo-es-armonia-en-san-andres-cholula\/#breadcrumb","itemListElement":[{"@type":"ListItem","position":1,"name":"Portada","item":"https:\/\/thepueblatimes.mx\/"},{"@type":"ListItem","position":2,"name":"No todo es armon\u00eda en San Andr\u00e9s Cholula"}]},{"@type":"WebSite","@id":"https:\/\/thepueblatimes.mx\/#website","url":"https:\/\/thepueblatimes.mx\/","name":"The Puebla Times","description":"Noticias del Estado de Puebla","potentialAction":[{"@type":"SearchAction","target":{"@type":"EntryPoint","urlTemplate":"https:\/\/thepueblatimes.mx\/?s={search_term_string}"},"query-input":"required name=search_term_string"}],"inLanguage":"es"},{"@type":"Person","@id":"https:\/\/thepueblatimes.mx\/#\/schema\/person\/1664894c2f65ce2c7a08d8f5f905c13c","name":"Sa\u00fal Hern\u00e1ndez","image":{"@type":"ImageObject","inLanguage":"es","@id":"https:\/\/thepueblatimes.mx\/#\/schema\/person\/image\/","url":"https:\/\/secure.gravatar.com\/avatar\/11be338693f243309532caad8f10c930?s=96&d=mm&r=g","contentUrl":"https:\/\/secure.gravatar.com\/avatar\/11be338693f243309532caad8f10c930?s=96&d=mm&r=g","caption":"Sa\u00fal Hern\u00e1ndez"},"url":"https:\/\/thepueblatimes.mx\/index.php\/author\/saulhernandez\/"}]}},"jetpack_featured_media_url":"https:\/\/thepueblatimes.mx\/wp-content\/uploads\/2025\/02\/481268223_1045119157650351_3303112936940373310_n.jpg","_links":{"self":[{"href":"https:\/\/thepueblatimes.mx\/index.php\/wp-json\/wp\/v2\/posts\/28162"}],"collection":[{"href":"https:\/\/thepueblatimes.mx\/index.php\/wp-json\/wp\/v2\/posts"}],"about":[{"href":"https:\/\/thepueblatimes.mx\/index.php\/wp-json\/wp\/v2\/types\/post"}],"author":[{"embeddable":true,"href":"https:\/\/thepueblatimes.mx\/index.php\/wp-json\/wp\/v2\/users\/16"}],"replies":[{"embeddable":true,"href":"https:\/\/thepueblatimes.mx\/index.php\/wp-json\/wp\/v2\/comments?post=28162"}],"version-history":[{"count":1,"href":"https:\/\/thepueblatimes.mx\/index.php\/wp-json\/wp\/v2\/posts\/28162\/revisions"}],"predecessor-version":[{"id":28165,"href":"https:\/\/thepueblatimes.mx\/index.php\/wp-json\/wp\/v2\/posts\/28162\/revisions\/28165"}],"wp:featuredmedia":[{"embeddable":true,"href":"https:\/\/thepueblatimes.mx\/index.php\/wp-json\/wp\/v2\/media\/28164"}],"wp:attachment":[{"href":"https:\/\/thepueblatimes.mx\/index.php\/wp-json\/wp\/v2\/media?parent=28162"}],"wp:term":[{"taxonomy":"category","embeddable":true,"href":"https:\/\/thepueblatimes.mx\/index.php\/wp-json\/wp\/v2\/categories?post=28162"},{"taxonomy":"post_tag","embeddable":true,"href":"https:\/\/thepueblatimes.mx\/index.php\/wp-json\/wp\/v2\/tags?post=28162"}],"curies":[{"name":"wp","href":"https:\/\/api.w.org\/{rel}","templated":true}]}}