{"id":28125,"date":"2025-02-26T16:34:38","date_gmt":"2025-02-26T22:34:38","guid":{"rendered":"https:\/\/thepueblatimes.mx\/?p=28125"},"modified":"2025-02-26T16:35:16","modified_gmt":"2025-02-26T22:35:16","slug":"ceci-arellano-encabeza-las-jornadas-ciudadanas-por-amor-a-las-familias","status":"publish","type":"post","link":"https:\/\/thepueblatimes.mx\/index.php\/2025\/02\/26\/ceci-arellano-encabeza-las-jornadas-ciudadanas-por-amor-a-las-familias\/","title":{"rendered":"Ceci Arellano encabeza las Jornadas Ciudadanas \u00abPor Amor a las Familias\u00bb"},"content":{"rendered":"<h3><em><strong>\u2043Las puertas del SEDIF est\u00e1n abiertas para quien lo necesite, dice.<\/strong><\/em><\/h3>\n<h3><em><strong>\u2043Entrega sillas de ruedas, cheques a matrimonios y veh\u00edculos a delegadas y delegados.<\/strong><\/em><\/h3>\n<h3><\/h3>\n<div>PUEBLA, PUE. \u2013 Con el firme compromiso de atender a quienes m\u00e1s lo necesitan, el Sistema Estatal para el Desarrollo Integral de la Familia (SEDIF), dio inicio a las Jornadas Ciudadanas \u201cPor Amor a las Familias\u201d, un esfuerzo coordinado para acercar servicios de alimentaci\u00f3n, salud y asesor\u00eda jur\u00eddica, a las y los poblanos en situaci\u00f3n de vulnerabilidad.<\/div>\n<div><\/div>\n<div>Durante el acto inaugural, la presidenta honoraria del SEDIF, Ceci Arellano, reiter\u00f3 su compromiso con las familias poblanas y destac\u00f3 que estas jornadas reflejan la voluntad de un gobierno humanista encabezado por el gobernador Alejandro Armenta, cuyo objetivo es garantizar el bienestar de todas y todos.<\/div>\n<div><\/div>\n<div>\u00a0\u201cAs\u00ed como en d\u00edas pasados nos comprometimos a abrir el coraz\u00f3n a todas las familias poblanas; hoy abrimos las puertas del Sistema Estatal DIF a cada persona que lo necesite\u201d, afirm\u00f3.<\/div>\n<div><\/div>\n<div>Cabe se\u00f1alar que a la par de la ceremonia inaugural, se desarrollaron 24 jornadas simult\u00e1neas en igual n\u00famero de municipios, encabezadas por delegadas y delegados del SEDIF.<\/div>\n<div><\/div>\n<div>En el evento fueron entregados tambi\u00e9n 205 sillas de ruedas a los diputados del Congreso del estado, quienes han gestionado apoyos para habitantes de los distritos que representan, y se entregaron<\/div>\n<div>de manera simb\u00f3lica dos de los 350 cheques prometidos a las parejas que contrajeron matrimonio en la ceremonia de matrimonios colectivos del 14 de febrero, reafirmando as\u00ed el compromiso del gobierno estatal con el apoyo y fortalecimiento de las familias poblanas.<\/div>\n<div><\/div>\n<div>Antes de concluir su mensaje, Ceci Arellano invit\u00f3 a la ciudadan\u00eda a mantenerse atenta a la entrega de m\u00e1s apoyos en los pr\u00f3ximos d\u00edas y a sumar esfuerzos para continuar transformando Puebla.<\/div>\n<div><\/div>\n<div>Tambi\u00e9n la Se\u00f1ora Ceci Arellano dio el banderazo de dos camionetas de manera f\u00edsica de un total de 28, para las y los delegados que recorren todos los municipios, localidades, juntas auxiliares y colonias del estado de Puebla.<\/div>\n<div><\/div>\n<div>En su intervenci\u00f3n, el director general del DIF, Raymundo Atanacio Luna, coment\u00f3 que ejecutar\u00e1 cada programa de asistencia social de manera transversal con el gobierno de la Presidenta Claudia Sheinbaum, replicando la pol\u00edtica de apoyo social en beneficio de los m\u00e1s desprotegidos.<\/div>\n<div><\/div>\n<div>Por su parte, el presidente municipal de Puebla, Jos\u00e9 Chedraui Budib, agradeci\u00f3 el respaldo recibido por parte del SEDIF y se comprometi\u00f3 a colaborar para unir esfuerzos en beneficio de la comunidad.<\/div>\n<div><\/div>\n<div>Al evento acudieron tambi\u00e9n la presidenta del Congreso del estado de Puebla, Laura Artemisa Garc\u00eda Ch\u00e1vez; la Fiscal General del Estado de Puebla, Idamis Pastor Betancourt; el secretario de Salud, Carlos Oliver Pacheco; el secretario de Educaci\u00f3n, Manuel Narciso Viveros; el delegado de Bienestar Rodrigo Abdala Dartigues y el titular del IMSS Bienestar, Ger\u00f3nimo Lara, adem\u00e1s de diputadas y diputados locales, entre otros.<\/div>\n","protected":false},"excerpt":{"rendered":"<p>\u2043Las puertas del SEDIF est\u00e1n abiertas para quien lo necesite, dice. \u2043Entrega sillas de ruedas, cheques a matrimonios y veh\u00edculos a delegadas y delegados. PUEBLA, PUE. \u2013 Con el firme compromiso de atender a quienes m\u00e1s lo necesitan, el Sistema Estatal para el Desarrollo Integral de la Familia (SEDIF), dio inicio a las Jornadas Ciudadanas&#8230;<\/p>\n","protected":false},"author":16,"featured_media":28129,"comment_status":"closed","ping_status":"closed","sticky":false,"template":"","format":"standard","meta":[],"categories":[3],"tags":[1523,3288,3287,1341],"yoast_head":"<!-- This site is optimized with the Yoast SEO plugin v20.8 - https:\/\/yoast.com\/wordpress\/plugins\/seo\/ -->\n<title>Ceci Arellano encabeza las Jornadas Ciudadanas &quot;Por Amor a las Familias&quot; - The Puebla Times<\/title>\n<meta name=\"robots\" content=\"index, follow, max-snippet:-1, max-image-preview:large, max-video-preview:-1\" \/>\n<link rel=\"canonical\" href=\"https:\/\/thepueblatimes.mx\/index.php\/2025\/02\/26\/ceci-arellano-encabeza-las-jornadas-ciudadanas-por-amor-a-las-familias\/\" \/>\n<meta property=\"og:locale\" content=\"es_ES\" \/>\n<meta property=\"og:type\" content=\"article\" \/>\n<meta property=\"og:title\" content=\"Ceci Arellano encabeza las Jornadas Ciudadanas &quot;Por Amor a las Familias&quot; - The Puebla Times\" \/>\n<meta property=\"og:description\" content=\"\u2043Las puertas del SEDIF est\u00e1n abiertas para quien lo necesite, dice. \u2043Entrega sillas de ruedas, cheques a matrimonios y veh\u00edculos a delegadas y delegados. PUEBLA, PUE. \u2013 Con el firme compromiso de atender a quienes m\u00e1s lo necesitan, el Sistema Estatal para el Desarrollo Integral de la Familia (SEDIF), dio inicio a las Jornadas Ciudadanas...\" \/>\n<meta property=\"og:url\" content=\"https:\/\/thepueblatimes.mx\/index.php\/2025\/02\/26\/ceci-arellano-encabeza-las-jornadas-ciudadanas-por-amor-a-las-familias\/\" \/>\n<meta property=\"og:site_name\" content=\"The Puebla Times\" \/>\n<meta property=\"article:published_time\" content=\"2025-02-26T22:34:38+00:00\" \/>\n<meta property=\"article:modified_time\" content=\"2025-02-26T22:35:16+00:00\" \/>\n<meta property=\"og:image\" content=\"https:\/\/thepueblatimes.mx\/wp-content\/uploads\/2025\/02\/WhatsApp-Image-2025-02-26-at-15.50.35-1.jpeg\" \/>\n\t<meta property=\"og:image:width\" content=\"1600\" \/>\n\t<meta property=\"og:image:height\" content=\"1066\" \/>\n\t<meta property=\"og:image:type\" content=\"image\/jpeg\" \/>\n<meta name=\"author\" content=\"Sa\u00fal Hern\u00e1ndez\" \/>\n<meta name=\"twitter:card\" content=\"summary_large_image\" \/>\n<meta name=\"twitter:label1\" content=\"Escrito por\" \/>\n\t<meta name=\"twitter:data1\" content=\"Sa\u00fal Hern\u00e1ndez\" \/>\n\t<meta name=\"twitter:label2\" content=\"Tiempo de lectura\" \/>\n\t<meta name=\"twitter:data2\" content=\"3 minutos\" \/>\n<script type=\"application\/ld+json\" class=\"yoast-schema-graph\">{\"@context\":\"https:\/\/schema.org\",\"@graph\":[{\"@type\":\"WebPage\",\"@id\":\"https:\/\/thepueblatimes.mx\/index.php\/2025\/02\/26\/ceci-arellano-encabeza-las-jornadas-ciudadanas-por-amor-a-las-familias\/\",\"url\":\"https:\/\/thepueblatimes.mx\/index.php\/2025\/02\/26\/ceci-arellano-encabeza-las-jornadas-ciudadanas-por-amor-a-las-familias\/\",\"name\":\"Ceci Arellano encabeza las Jornadas Ciudadanas \\\"Por Amor a las Familias\\\" - The Puebla Times\",\"isPartOf\":{\"@id\":\"https:\/\/thepueblatimes.mx\/#website\"},\"datePublished\":\"2025-02-26T22:34:38+00:00\",\"dateModified\":\"2025-02-26T22:35:16+00:00\",\"author\":{\"@id\":\"https:\/\/thepueblatimes.mx\/#\/schema\/person\/1664894c2f65ce2c7a08d8f5f905c13c\"},\"breadcrumb\":{\"@id\":\"https:\/\/thepueblatimes.mx\/index.php\/2025\/02\/26\/ceci-arellano-encabeza-las-jornadas-ciudadanas-por-amor-a-las-familias\/#breadcrumb\"},\"inLanguage\":\"es\",\"potentialAction\":[{\"@type\":\"ReadAction\",\"target\":[\"https:\/\/thepueblatimes.mx\/index.php\/2025\/02\/26\/ceci-arellano-encabeza-las-jornadas-ciudadanas-por-amor-a-las-familias\/\"]}]},{\"@type\":\"BreadcrumbList\",\"@id\":\"https:\/\/thepueblatimes.mx\/index.php\/2025\/02\/26\/ceci-arellano-encabeza-las-jornadas-ciudadanas-por-amor-a-las-familias\/#breadcrumb\",\"itemListElement\":[{\"@type\":\"ListItem\",\"position\":1,\"name\":\"Portada\",\"item\":\"https:\/\/thepueblatimes.mx\/\"},{\"@type\":\"ListItem\",\"position\":2,\"name\":\"Ceci Arellano encabeza las Jornadas Ciudadanas \u00abPor Amor a las Familias\u00bb\"}]},{\"@type\":\"WebSite\",\"@id\":\"https:\/\/thepueblatimes.mx\/#website\",\"url\":\"https:\/\/thepueblatimes.mx\/\",\"name\":\"The Puebla Times\",\"description\":\"Noticias del Estado de Puebla\",\"potentialAction\":[{\"@type\":\"SearchAction\",\"target\":{\"@type\":\"EntryPoint\",\"urlTemplate\":\"https:\/\/thepueblatimes.mx\/?s={search_term_string}\"},\"query-input\":\"required name=search_term_string\"}],\"inLanguage\":\"es\"},{\"@type\":\"Person\",\"@id\":\"https:\/\/thepueblatimes.mx\/#\/schema\/person\/1664894c2f65ce2c7a08d8f5f905c13c\",\"name\":\"Sa\u00fal Hern\u00e1ndez\",\"image\":{\"@type\":\"ImageObject\",\"inLanguage\":\"es\",\"@id\":\"https:\/\/thepueblatimes.mx\/#\/schema\/person\/image\/\",\"url\":\"https:\/\/secure.gravatar.com\/avatar\/11be338693f243309532caad8f10c930?s=96&d=mm&r=g\",\"contentUrl\":\"https:\/\/secure.gravatar.com\/avatar\/11be338693f243309532caad8f10c930?s=96&d=mm&r=g\",\"caption\":\"Sa\u00fal Hern\u00e1ndez\"},\"url\":\"https:\/\/thepueblatimes.mx\/index.php\/author\/saulhernandez\/\"}]}<\/script>\n<!-- \/ Yoast SEO plugin. -->","yoast_head_json":{"title":"Ceci Arellano encabeza las Jornadas Ciudadanas \"Por Amor a las Familias\" - The Puebla Times","robots":{"index":"index","follow":"follow","max-snippet":"max-snippet:-1","max-image-preview":"max-image-preview:large","max-video-preview":"max-video-preview:-1"},"canonical":"https:\/\/thepueblatimes.mx\/index.php\/2025\/02\/26\/ceci-arellano-encabeza-las-jornadas-ciudadanas-por-amor-a-las-familias\/","og_locale":"es_ES","og_type":"article","og_title":"Ceci Arellano encabeza las Jornadas Ciudadanas \"Por Amor a las Familias\" - The Puebla Times","og_description":"\u2043Las puertas del SEDIF est\u00e1n abiertas para quien lo necesite, dice. \u2043Entrega sillas de ruedas, cheques a matrimonios y veh\u00edculos a delegadas y delegados. PUEBLA, PUE. \u2013 Con el firme compromiso de atender a quienes m\u00e1s lo necesitan, el Sistema Estatal para el Desarrollo Integral de la Familia (SEDIF), dio inicio a las Jornadas Ciudadanas...","og_url":"https:\/\/thepueblatimes.mx\/index.php\/2025\/02\/26\/ceci-arellano-encabeza-las-jornadas-ciudadanas-por-amor-a-las-familias\/","og_site_name":"The Puebla Times","article_published_time":"2025-02-26T22:34:38+00:00","article_modified_time":"2025-02-26T22:35:16+00:00","og_image":[{"width":1600,"height":1066,"url":"https:\/\/thepueblatimes.mx\/wp-content\/uploads\/2025\/02\/WhatsApp-Image-2025-02-26-at-15.50.35-1.jpeg","type":"image\/jpeg"}],"author":"Sa\u00fal Hern\u00e1ndez","twitter_card":"summary_large_image","twitter_misc":{"Escrito por":"Sa\u00fal Hern\u00e1ndez","Tiempo de lectura":"3 minutos"},"schema":{"@context":"https:\/\/schema.org","@graph":[{"@type":"WebPage","@id":"https:\/\/thepueblatimes.mx\/index.php\/2025\/02\/26\/ceci-arellano-encabeza-las-jornadas-ciudadanas-por-amor-a-las-familias\/","url":"https:\/\/thepueblatimes.mx\/index.php\/2025\/02\/26\/ceci-arellano-encabeza-las-jornadas-ciudadanas-por-amor-a-las-familias\/","name":"Ceci Arellano encabeza las Jornadas Ciudadanas \"Por Amor a las Familias\" - The Puebla Times","isPartOf":{"@id":"https:\/\/thepueblatimes.mx\/#website"},"datePublished":"2025-02-26T22:34:38+00:00","dateModified":"2025-02-26T22:35:16+00:00","author":{"@id":"https:\/\/thepueblatimes.mx\/#\/schema\/person\/1664894c2f65ce2c7a08d8f5f905c13c"},"breadcrumb":{"@id":"https:\/\/thepueblatimes.mx\/index.php\/2025\/02\/26\/ceci-arellano-encabeza-las-jornadas-ciudadanas-por-amor-a-las-familias\/#breadcrumb"},"inLanguage":"es","potentialAction":[{"@type":"ReadAction","target":["https:\/\/thepueblatimes.mx\/index.php\/2025\/02\/26\/ceci-arellano-encabeza-las-jornadas-ciudadanas-por-amor-a-las-familias\/"]}]},{"@type":"BreadcrumbList","@id":"https:\/\/thepueblatimes.mx\/index.php\/2025\/02\/26\/ceci-arellano-encabeza-las-jornadas-ciudadanas-por-amor-a-las-familias\/#breadcrumb","itemListElement":[{"@type":"ListItem","position":1,"name":"Portada","item":"https:\/\/thepueblatimes.mx\/"},{"@type":"ListItem","position":2,"name":"Ceci Arellano encabeza las Jornadas Ciudadanas \u00abPor Amor a las Familias\u00bb"}]},{"@type":"WebSite","@id":"https:\/\/thepueblatimes.mx\/#website","url":"https:\/\/thepueblatimes.mx\/","name":"The Puebla Times","description":"Noticias del Estado de Puebla","potentialAction":[{"@type":"SearchAction","target":{"@type":"EntryPoint","urlTemplate":"https:\/\/thepueblatimes.mx\/?s={search_term_string}"},"query-input":"required name=search_term_string"}],"inLanguage":"es"},{"@type":"Person","@id":"https:\/\/thepueblatimes.mx\/#\/schema\/person\/1664894c2f65ce2c7a08d8f5f905c13c","name":"Sa\u00fal Hern\u00e1ndez","image":{"@type":"ImageObject","inLanguage":"es","@id":"https:\/\/thepueblatimes.mx\/#\/schema\/person\/image\/","url":"https:\/\/secure.gravatar.com\/avatar\/11be338693f243309532caad8f10c930?s=96&d=mm&r=g","contentUrl":"https:\/\/secure.gravatar.com\/avatar\/11be338693f243309532caad8f10c930?s=96&d=mm&r=g","caption":"Sa\u00fal Hern\u00e1ndez"},"url":"https:\/\/thepueblatimes.mx\/index.php\/author\/saulhernandez\/"}]}},"jetpack_featured_media_url":"https:\/\/thepueblatimes.mx\/wp-content\/uploads\/2025\/02\/WhatsApp-Image-2025-02-26-at-15.50.35-1.jpeg","_links":{"self":[{"href":"https:\/\/thepueblatimes.mx\/index.php\/wp-json\/wp\/v2\/posts\/28125"}],"collection":[{"href":"https:\/\/thepueblatimes.mx\/index.php\/wp-json\/wp\/v2\/posts"}],"about":[{"href":"https:\/\/thepueblatimes.mx\/index.php\/wp-json\/wp\/v2\/types\/post"}],"author":[{"embeddable":true,"href":"https:\/\/thepueblatimes.mx\/index.php\/wp-json\/wp\/v2\/users\/16"}],"replies":[{"embeddable":true,"href":"https:\/\/thepueblatimes.mx\/index.php\/wp-json\/wp\/v2\/comments?post=28125"}],"version-history":[{"count":1,"href":"https:\/\/thepueblatimes.mx\/index.php\/wp-json\/wp\/v2\/posts\/28125\/revisions"}],"predecessor-version":[{"id":28127,"href":"https:\/\/thepueblatimes.mx\/index.php\/wp-json\/wp\/v2\/posts\/28125\/revisions\/28127"}],"wp:featuredmedia":[{"embeddable":true,"href":"https:\/\/thepueblatimes.mx\/index.php\/wp-json\/wp\/v2\/media\/28129"}],"wp:attachment":[{"href":"https:\/\/thepueblatimes.mx\/index.php\/wp-json\/wp\/v2\/media?parent=28125"}],"wp:term":[{"taxonomy":"category","embeddable":true,"href":"https:\/\/thepueblatimes.mx\/index.php\/wp-json\/wp\/v2\/categories?post=28125"},{"taxonomy":"post_tag","embeddable":true,"href":"https:\/\/thepueblatimes.mx\/index.php\/wp-json\/wp\/v2\/tags?post=28125"}],"curies":[{"name":"wp","href":"https:\/\/api.w.org\/{rel}","templated":true}]}}